{"id":107624,"date":"2026-03-05T14:23:16","date_gmt":"2026-03-05T12:23:16","guid":{"rendered":"https:\/\/kibrisdakik.com\/?p=107624"},"modified":"2026-03-05T14:23:16","modified_gmt":"2026-03-05T12:23:16","slug":"ispanya-dogu-akdenize-firkateyn-gonderiyor","status":"publish","type":"post","link":"https:\/\/kibrisdakik.com\/?p=107624","title":{"rendered":"\u0130SPANYA, DO\u011eU AKDEN\u0130Z&#039;E FIRKATEYN G\u00d6NDER\u0130YOR"},"content":{"rendered":"<p><\/p>\n<div data-text-id=\"197406\" property=\"articleBody\">\n<p>Savunma Bakanl\u0131\u011f\u0131ndan yap\u0131lan a\u00e7\u0131klamada, \u0130spanya&#8217;n\u0131n, Frans\u0131z u\u00e7ak gemisi &#8220;Charles de Gaulle&#8221; ve Yunan Donanmas\u0131na ait di\u011fer gemilerle &#8220;Cristobal Colon&#8221; f\u0131rkateynini Do\u011fu Akdeniz&#8217;e g\u00f6nderece\u011fi bildirildi.<\/p>\n<p>A\u00e7\u0131klamada, &#8220;Cristobal Colon&#8221;un Do\u011fu Akdeniz&#8217;de konu\u015fland\u0131r\u0131lmas\u0131yla \u0130spanya&#8217;n\u0131n, Avrupa Birli\u011fi&#8217;nin (AB) ve do\u011fu s\u0131n\u0131r\u0131n\u0131n savunmas\u0131na ba\u011fl\u0131l\u0131\u011f\u0131n\u0131 g\u00f6sterdi\u011fi vurguland\u0131.<\/p>\n<p>Firkateynin, Balt\u0131k Denizi&#8217;nde refakat, koruma ve ileri e\u011fitim g\u00f6revlerini yerine getirmek \u00fczere 3 Mart&#8217;ta &#8220;Charles de Gaulle Donanma Grubu&#8217;na&#8221; kat\u0131ld\u0131\u011f\u0131 ve 10 Mart&#8217;ta Girit Adas\u0131 a\u00e7\u0131klar\u0131nda olmas\u0131n\u0131n hedeflendi\u011fi bilgisi payla\u015f\u0131ld\u0131.<\/p>\n<p>D\u0131\u015fi\u015fleri Bakan\u0131 Jose Manuel Albares ve Savunma Bakan\u0131 Margarita Robles, \u0130spanyol bas\u0131n\u0131na bu sabah yapt\u0131klar\u0131 ayr\u0131 a\u00e7\u0131klamalarda, &#8220;hen\u00fcz masa \u00fczerinde tart\u0131\u015f\u0131lmasa da AB&#8217;den talep gelmesi halinde GKRY&#8217;ye askeri destek sa\u011flaman\u0131n de\u011ferlendirilece\u011fini&#8221; s\u00f6ylemi\u015fti.<\/p>\n<p>Albares, RNE radyosuna verdi\u011fi deme\u00e7te, \u0130spanya&#8217;n\u0131n daha \u00f6nce yapt\u0131\u011f\u0131 gibi, bir AB orta\u011f\u0131n\u0131 savunmak i\u00e7in askeri operasyona kat\u0131lma se\u00e7ene\u011fini de\u011ferlendirilebilece\u011fini, GKRY&#8217;ye askeri deste\u011fin de bunlardan biri olabilece\u011fini ancak \u0130ran&#8217;a y\u00f6nelik ABD ve \u0130srail&#8217;in y\u00fcr\u00fctt\u00fc\u011f\u00fc askeri operasyonun &#8220;farkl\u0131 bir konu&#8221; oldu\u011funu ifade etmi\u015fti.<\/p>\n<p>Cadena Ser radyosuna konu\u015fan Savunma Bakan\u0131 Robles ise &#8220;Unutmamak laz\u0131m ki \u0130spanya&#8217;da bakanl\u0131\u011f\u0131m\u0131z\u0131n ad\u0131 Savunma, ABD&#8217;de ise Sava\u015f. Bu nedenle, \u0130spanya&#8217;n\u0131n her zaman Avrupa Birli\u011fi&#8217;nin yan\u0131nda yer alaca\u011f\u0131n\u0131, birlikte ya\u015faman\u0131n temel ilkelerini ve bar\u0131\u015f\u0131n temel ilkelerini savunaca\u011f\u0131n\u0131 ve talep edilmesi halinde h\u00fck\u00fcmetin bunu dikkate alaca\u011f\u0131n\u0131 ve de\u011ferlendirece\u011fini s\u00f6ylemeliyim.&#8221; a\u00e7\u0131klamas\u0131nda bulunmu\u015ftu.<\/p>\n<p>\u00d6te yandan Robles, T\u00fcrkiye&#8217;de konu\u015flanm\u0131\u015f NATO hava ve f\u00fcze savunma misyonunda g\u00f6revli \u0130spanyol kuvvetlerinin, \u0130ran taraf\u0131ndan f\u0131rlat\u0131lan f\u00fczenin d\u00fc\u015f\u00fcr\u00fclmesi i\u00e7in yeterli bilgiyi sa\u011flad\u0131klar\u0131n\u0131 belirtti.<\/p>\n<\/p><\/div>\n","protected":false},"excerpt":{"rendered":"<p>Savunma Bakanl\u0131\u011f\u0131ndan yap\u0131lan a\u00e7\u0131klamada, \u0130spanya&#8217;n\u0131n, Frans\u0131z u\u00e7ak gemisi &#8220;Charles de Gaulle&#8221; ve Yunan Donanmas\u0131na ait di\u011fer gemilerle &#8220;Cristobal Colon&#8221; f\u0131rkateynini Do\u011fu Akdeniz&#8217;e g\u00f6nderece\u011fi bildirildi. A\u00e7\u0131klamada, &#8220;Cristobal Colon&#8221;un Do\u011fu Akdeniz&#8217;de konu\u015fland\u0131r\u0131lmas\u0131yla \u0130spanya&#8217;n\u0131n, Avrupa Birli\u011fi&#8217;nin (AB) ve do\u011fu s\u0131n\u0131r\u0131n\u0131n savunmas\u0131na ba\u011fl\u0131l\u0131\u011f\u0131n\u0131 g\u00f6sterdi\u011fi vurguland\u0131. Firkateynin, Balt\u0131k Denizi&#8217;nde refakat, koruma ve ileri e\u011fitim g\u00f6revlerini yerine getirmek \u00fczere 3 Mart&#8217;ta<\/p>\n","protected":false},"author":1,"featured_media":107625,"comment_status":"open","ping_status":"open","sticky":false,"template":"","format":"standard","meta":{"footnotes":""},"categories":[81],"tags":[],"class_list":["post-107624","post","type-post","status-publish","format-standard","has-post-thumbnail","hentry","category-kibris"],"yoast_head":"<!-- This site is optimized with the Yoast SEO plugin v27.4 - https:\/\/yoast.com\/product\/yoast-seo-wordpress\/ -->\n<title>\u0130SPANYA, DO\u011eU AKDEN\u0130Z&#039;E FIRKATEYN G\u00d6NDER\u0130YOR -<\/title>\n<meta name=\"robots\" content=\"index, follow, max-snippet:-1, max-image-preview:large, max-video-preview:-1\" \/>\n<link rel=\"canonical\" href=\"https:\/\/kibrisdakik.com\/?p=107624\" \/>\n<meta property=\"og:locale\" content=\"tr_TR\" \/>\n<meta property=\"og:type\" content=\"article\" \/>\n<meta property=\"og:title\" content=\"\u0130SPANYA, DO\u011eU AKDEN\u0130Z&#039;E FIRKATEYN G\u00d6NDER\u0130YOR -\" \/>\n<meta property=\"og:description\" content=\"Savunma Bakanl\u0131\u011f\u0131ndan yap\u0131lan a\u00e7\u0131klamada, \u0130spanya&#8217;n\u0131n, Frans\u0131z u\u00e7ak gemisi &#8220;Charles de Gaulle&#8221; ve Yunan Donanmas\u0131na ait di\u011fer gemilerle &#8220;Cristobal Colon&#8221; f\u0131rkateynini Do\u011fu Akdeniz&#8217;e g\u00f6nderece\u011fi bildirildi. A\u00e7\u0131klamada, &#8220;Cristobal Colon&#8221;un Do\u011fu Akdeniz&#8217;de konu\u015fland\u0131r\u0131lmas\u0131yla \u0130spanya&#8217;n\u0131n, Avrupa Birli\u011fi&#8217;nin (AB) ve do\u011fu s\u0131n\u0131r\u0131n\u0131n savunmas\u0131na ba\u011fl\u0131l\u0131\u011f\u0131n\u0131 g\u00f6sterdi\u011fi vurguland\u0131. Firkateynin, Balt\u0131k Denizi&#8217;nde refakat, koruma ve ileri e\u011fitim g\u00f6revlerini yerine getirmek \u00fczere 3 Mart&#8217;ta\" \/>\n<meta property=\"og:url\" content=\"https:\/\/kibrisdakik.com\/?p=107624\" \/>\n<meta property=\"article:published_time\" content=\"2026-03-05T12:23:16+00:00\" \/>\n<meta property=\"og:image\" content=\"https:\/\/mhahabercom.teimg.com\/crop\/1280x720\/mhahaber-com\/uploads\/2026\/03\/280-3.png\" \/>\n<meta name=\"author\" content=\"admin\" \/>\n<meta name=\"twitter:card\" content=\"summary_large_image\" \/>\n<meta name=\"twitter:label1\" content=\"Yazan:\" \/>\n\t<meta name=\"twitter:data1\" content=\"admin\" \/>\n\t<meta name=\"twitter:label2\" content=\"Tahmini okuma s\u00fcresi\" \/>\n\t<meta name=\"twitter:data2\" content=\"2 dakika\" \/>\n<script type=\"application\/ld+json\" class=\"yoast-schema-graph\">{\"@context\":\"https:\\\/\\\/schema.org\",\"@graph\":[{\"@type\":\"Article\",\"@id\":\"https:\\\/\\\/kibrisdakik.com\\\/?p=107624#article\",\"isPartOf\":{\"@id\":\"https:\\\/\\\/kibrisdakik.com\\\/?p=107624\"},\"author\":{\"name\":\"admin\",\"@id\":\"https:\\\/\\\/kibrisdakik.com\\\/#\\\/schema\\\/person\\\/9cd9d437bbb44f72b73ba127e06d8e79\"},\"headline\":\"\u0130SPANYA, DO\u011eU AKDEN\u0130Z&#039;E FIRKATEYN G\u00d6NDER\u0130YOR\",\"datePublished\":\"2026-03-05T12:23:16+00:00\",\"mainEntityOfPage\":{\"@id\":\"https:\\\/\\\/kibrisdakik.com\\\/?p=107624\"},\"wordCount\":336,\"commentCount\":0,\"image\":{\"@id\":\"https:\\\/\\\/kibrisdakik.com\\\/?p=107624#primaryimage\"},\"thumbnailUrl\":\"https:\\\/\\\/kibrisdakik.com\\\/wp-content\\\/uploads\\\/2026\\\/03\\\/280-3.png\",\"articleSection\":[\"K\u0131br\u0131s\"],\"inLanguage\":\"tr\",\"potentialAction\":[{\"@type\":\"CommentAction\",\"name\":\"Comment\",\"target\":[\"https:\\\/\\\/kibrisdakik.com\\\/?p=107624#respond\"]}]},{\"@type\":\"WebPage\",\"@id\":\"https:\\\/\\\/kibrisdakik.com\\\/?p=107624\",\"url\":\"https:\\\/\\\/kibrisdakik.com\\\/?p=107624\",\"name\":\"\u0130SPANYA, DO\u011eU AKDEN\u0130Z&#039;E FIRKATEYN G\u00d6NDER\u0130YOR -\",\"isPartOf\":{\"@id\":\"https:\\\/\\\/kibrisdakik.com\\\/#website\"},\"primaryImageOfPage\":{\"@id\":\"https:\\\/\\\/kibrisdakik.com\\\/?p=107624#primaryimage\"},\"image\":{\"@id\":\"https:\\\/\\\/kibrisdakik.com\\\/?p=107624#primaryimage\"},\"thumbnailUrl\":\"https:\\\/\\\/kibrisdakik.com\\\/wp-content\\\/uploads\\\/2026\\\/03\\\/280-3.png\",\"datePublished\":\"2026-03-05T12:23:16+00:00\",\"author\":{\"@id\":\"https:\\\/\\\/kibrisdakik.com\\\/#\\\/schema\\\/person\\\/9cd9d437bbb44f72b73ba127e06d8e79\"},\"breadcrumb\":{\"@id\":\"https:\\\/\\\/kibrisdakik.com\\\/?p=107624#breadcrumb\"},\"inLanguage\":\"tr\",\"potentialAction\":[{\"@type\":\"ReadAction\",\"target\":[\"https:\\\/\\\/kibrisdakik.com\\\/?p=107624\"]}]},{\"@type\":\"ImageObject\",\"inLanguage\":\"tr\",\"@id\":\"https:\\\/\\\/kibrisdakik.com\\\/?p=107624#primaryimage\",\"url\":\"https:\\\/\\\/kibrisdakik.com\\\/wp-content\\\/uploads\\\/2026\\\/03\\\/280-3.png\",\"contentUrl\":\"https:\\\/\\\/kibrisdakik.com\\\/wp-content\\\/uploads\\\/2026\\\/03\\\/280-3.png\",\"width\":1280,\"height\":720},{\"@type\":\"BreadcrumbList\",\"@id\":\"https:\\\/\\\/kibrisdakik.com\\\/?p=107624#breadcrumb\",\"itemListElement\":[{\"@type\":\"ListItem\",\"position\":1,\"name\":\"Home\",\"item\":\"https:\\\/\\\/kibrisdakik.com\\\/\"},{\"@type\":\"ListItem\",\"position\":2,\"name\":\"\u0130SPANYA, DO\u011eU AKDEN\u0130Z&#039;E FIRKATEYN G\u00d6NDER\u0130YOR\"}]},{\"@type\":\"WebSite\",\"@id\":\"https:\\\/\\\/kibrisdakik.com\\\/#website\",\"url\":\"https:\\\/\\\/kibrisdakik.com\\\/\",\"name\":\"\",\"description\":\"Tam vaktinde haber\",\"potentialAction\":[{\"@type\":\"SearchAction\",\"target\":{\"@type\":\"EntryPoint\",\"urlTemplate\":\"https:\\\/\\\/kibrisdakik.com\\\/?s={search_term_string}\"},\"query-input\":{\"@type\":\"PropertyValueSpecification\",\"valueRequired\":true,\"valueName\":\"search_term_string\"}}],\"inLanguage\":\"tr\"},{\"@type\":\"Person\",\"@id\":\"https:\\\/\\\/kibrisdakik.com\\\/#\\\/schema\\\/person\\\/9cd9d437bbb44f72b73ba127e06d8e79\",\"name\":\"admin\",\"image\":{\"@type\":\"ImageObject\",\"inLanguage\":\"tr\",\"@id\":\"https:\\\/\\\/secure.gravatar.com\\\/avatar\\\/ccc17943b9d660506c869530f897617f7cb1c21a4bf30023f252596d83e1f007?s=96&d=mm&r=g\",\"url\":\"https:\\\/\\\/secure.gravatar.com\\\/avatar\\\/ccc17943b9d660506c869530f897617f7cb1c21a4bf30023f252596d83e1f007?s=96&d=mm&r=g\",\"contentUrl\":\"https:\\\/\\\/secure.gravatar.com\\\/avatar\\\/ccc17943b9d660506c869530f897617f7cb1c21a4bf30023f252596d83e1f007?s=96&d=mm&r=g\",\"caption\":\"admin\"},\"sameAs\":[\"https:\\\/\\\/kibrisdakik.com\"],\"url\":\"https:\\\/\\\/kibrisdakik.com\\\/?author=1\"}]}<\/script>\n<!-- \/ Yoast SEO plugin. -->","yoast_head_json":{"title":"\u0130SPANYA, DO\u011eU AKDEN\u0130Z&#039;E FIRKATEYN G\u00d6NDER\u0130YOR -","robots":{"index":"index","follow":"follow","max-snippet":"max-snippet:-1","max-image-preview":"max-image-preview:large","max-video-preview":"max-video-preview:-1"},"canonical":"https:\/\/kibrisdakik.com\/?p=107624","og_locale":"tr_TR","og_type":"article","og_title":"\u0130SPANYA, DO\u011eU AKDEN\u0130Z&#039;E FIRKATEYN G\u00d6NDER\u0130YOR -","og_description":"Savunma Bakanl\u0131\u011f\u0131ndan yap\u0131lan a\u00e7\u0131klamada, \u0130spanya&#8217;n\u0131n, Frans\u0131z u\u00e7ak gemisi &#8220;Charles de Gaulle&#8221; ve Yunan Donanmas\u0131na ait di\u011fer gemilerle &#8220;Cristobal Colon&#8221; f\u0131rkateynini Do\u011fu Akdeniz&#8217;e g\u00f6nderece\u011fi bildirildi. A\u00e7\u0131klamada, &#8220;Cristobal Colon&#8221;un Do\u011fu Akdeniz&#8217;de konu\u015fland\u0131r\u0131lmas\u0131yla \u0130spanya&#8217;n\u0131n, Avrupa Birli\u011fi&#8217;nin (AB) ve do\u011fu s\u0131n\u0131r\u0131n\u0131n savunmas\u0131na ba\u011fl\u0131l\u0131\u011f\u0131n\u0131 g\u00f6sterdi\u011fi vurguland\u0131. Firkateynin, Balt\u0131k Denizi&#8217;nde refakat, koruma ve ileri e\u011fitim g\u00f6revlerini yerine getirmek \u00fczere 3 Mart&#8217;ta","og_url":"https:\/\/kibrisdakik.com\/?p=107624","article_published_time":"2026-03-05T12:23:16+00:00","og_image":[{"url":"https:\/\/mhahabercom.teimg.com\/crop\/1280x720\/mhahaber-com\/uploads\/2026\/03\/280-3.png","type":"","width":"","height":""}],"author":"admin","twitter_card":"summary_large_image","twitter_misc":{"Yazan:":"admin","Tahmini okuma s\u00fcresi":"2 dakika"},"schema":{"@context":"https:\/\/schema.org","@graph":[{"@type":"Article","@id":"https:\/\/kibrisdakik.com\/?p=107624#article","isPartOf":{"@id":"https:\/\/kibrisdakik.com\/?p=107624"},"author":{"name":"admin","@id":"https:\/\/kibrisdakik.com\/#\/schema\/person\/9cd9d437bbb44f72b73ba127e06d8e79"},"headline":"\u0130SPANYA, DO\u011eU AKDEN\u0130Z&#039;E FIRKATEYN G\u00d6NDER\u0130YOR","datePublished":"2026-03-05T12:23:16+00:00","mainEntityOfPage":{"@id":"https:\/\/kibrisdakik.com\/?p=107624"},"wordCount":336,"commentCount":0,"image":{"@id":"https:\/\/kibrisdakik.com\/?p=107624#primaryimage"},"thumbnailUrl":"https:\/\/kibrisdakik.com\/wp-content\/uploads\/2026\/03\/280-3.png","articleSection":["K\u0131br\u0131s"],"inLanguage":"tr","potentialAction":[{"@type":"CommentAction","name":"Comment","target":["https:\/\/kibrisdakik.com\/?p=107624#respond"]}]},{"@type":"WebPage","@id":"https:\/\/kibrisdakik.com\/?p=107624","url":"https:\/\/kibrisdakik.com\/?p=107624","name":"\u0130SPANYA, DO\u011eU AKDEN\u0130Z&#039;E FIRKATEYN G\u00d6NDER\u0130YOR -","isPartOf":{"@id":"https:\/\/kibrisdakik.com\/#website"},"primaryImageOfPage":{"@id":"https:\/\/kibrisdakik.com\/?p=107624#primaryimage"},"image":{"@id":"https:\/\/kibrisdakik.com\/?p=107624#primaryimage"},"thumbnailUrl":"https:\/\/kibrisdakik.com\/wp-content\/uploads\/2026\/03\/280-3.png","datePublished":"2026-03-05T12:23:16+00:00","author":{"@id":"https:\/\/kibrisdakik.com\/#\/schema\/person\/9cd9d437bbb44f72b73ba127e06d8e79"},"breadcrumb":{"@id":"https:\/\/kibrisdakik.com\/?p=107624#breadcrumb"},"inLanguage":"tr","potentialAction":[{"@type":"ReadAction","target":["https:\/\/kibrisdakik.com\/?p=107624"]}]},{"@type":"ImageObject","inLanguage":"tr","@id":"https:\/\/kibrisdakik.com\/?p=107624#primaryimage","url":"https:\/\/kibrisdakik.com\/wp-content\/uploads\/2026\/03\/280-3.png","contentUrl":"https:\/\/kibrisdakik.com\/wp-content\/uploads\/2026\/03\/280-3.png","width":1280,"height":720},{"@type":"BreadcrumbList","@id":"https:\/\/kibrisdakik.com\/?p=107624#breadcrumb","itemListElement":[{"@type":"ListItem","position":1,"name":"Home","item":"https:\/\/kibrisdakik.com\/"},{"@type":"ListItem","position":2,"name":"\u0130SPANYA, DO\u011eU AKDEN\u0130Z&#039;E FIRKATEYN G\u00d6NDER\u0130YOR"}]},{"@type":"WebSite","@id":"https:\/\/kibrisdakik.com\/#website","url":"https:\/\/kibrisdakik.com\/","name":"","description":"Tam vaktinde haber","potentialAction":[{"@type":"SearchAction","target":{"@type":"EntryPoint","urlTemplate":"https:\/\/kibrisdakik.com\/?s={search_term_string}"},"query-input":{"@type":"PropertyValueSpecification","valueRequired":true,"valueName":"search_term_string"}}],"inLanguage":"tr"},{"@type":"Person","@id":"https:\/\/kibrisdakik.com\/#\/schema\/person\/9cd9d437bbb44f72b73ba127e06d8e79","name":"admin","image":{"@type":"ImageObject","inLanguage":"tr","@id":"https:\/\/secure.gravatar.com\/avatar\/ccc17943b9d660506c869530f897617f7cb1c21a4bf30023f252596d83e1f007?s=96&d=mm&r=g","url":"https:\/\/secure.gravatar.com\/avatar\/ccc17943b9d660506c869530f897617f7cb1c21a4bf30023f252596d83e1f007?s=96&d=mm&r=g","contentUrl":"https:\/\/secure.gravatar.com\/avatar\/ccc17943b9d660506c869530f897617f7cb1c21a4bf30023f252596d83e1f007?s=96&d=mm&r=g","caption":"admin"},"sameAs":["https:\/\/kibrisdakik.com"],"url":"https:\/\/kibrisdakik.com\/?author=1"}]}},"_links":{"self":[{"href":"https:\/\/kibrisdakik.com\/index.php?rest_route=\/wp\/v2\/posts\/107624","targetHints":{"allow":["GET"]}}],"collection":[{"href":"https:\/\/kibrisdakik.com\/index.php?rest_route=\/wp\/v2\/posts"}],"about":[{"href":"https:\/\/kibrisdakik.com\/index.php?rest_route=\/wp\/v2\/types\/post"}],"author":[{"embeddable":true,"href":"https:\/\/kibrisdakik.com\/index.php?rest_route=\/wp\/v2\/users\/1"}],"replies":[{"embeddable":true,"href":"https:\/\/kibrisdakik.com\/index.php?rest_route=%2Fwp%2Fv2%2Fcomments&post=107624"}],"version-history":[{"count":0,"href":"https:\/\/kibrisdakik.com\/index.php?rest_route=\/wp\/v2\/posts\/107624\/revisions"}],"wp:featuredmedia":[{"embeddable":true,"href":"https:\/\/kibrisdakik.com\/index.php?rest_route=\/wp\/v2\/media\/107625"}],"wp:attachment":[{"href":"https:\/\/kibrisdakik.com\/index.php?rest_route=%2Fwp%2Fv2%2Fmedia&parent=107624"}],"wp:term":[{"taxonomy":"category","embeddable":true,"href":"https:\/\/kibrisdakik.com\/index.php?rest_route=%2Fwp%2Fv2%2Fcategories&post=107624"},{"taxonomy":"post_tag","embeddable":true,"href":"https:\/\/kibrisdakik.com\/index.php?rest_route=%2Fwp%2Fv2%2Ftags&post=107624"}],"curies":[{"name":"wp","href":"https:\/\/api.w.org\/{rel}","templated":true}]}}