{"id":107640,"date":"2026-03-05T16:38:22","date_gmt":"2026-03-05T14:38:22","guid":{"rendered":"https:\/\/kibrisdakik.com\/?p=107640"},"modified":"2026-03-05T16:38:22","modified_gmt":"2026-03-05T14:38:22","slug":"incirli-kalkanli-spor-kulubu-heyetini-kabul-etti","status":"publish","type":"post","link":"https:\/\/kibrisdakik.com\/?p=107640","title":{"rendered":"\u0130NC\u0130RL\u0130, KALKANLI SPOR KUL\u00dcB\u00dc HEYET\u0130N\u0130 KABUL ETT\u0130"},"content":{"rendered":"<p><\/p>\n<div data-text-id=\"197417\" property=\"articleBody\">\n<p>Cumhuriyet\u00e7i T\u00fcrk Partisi (CTP) Genel Ba\u015fkan\u0131 S\u0131la Usar \u0130ncirli, Kalkanl\u0131 Spor Kul\u00fcb\u00fc Y\u00f6netim Kurulu heyetini CTP Genel Merkezi\u2019nde kabul etti.<\/p>\n<p>CTP Bas\u0131n B\u00fcrosu\u2019ndan yap\u0131lan a\u00e7\u0131klamaya g\u00f6re, g\u00f6r\u00fc\u015fmede Muhittin D\u00f6nmezsoy An\u0131 Y\u00fcr\u00fcy\u00fc\u015f Yolu Projesi ele al\u0131nd\u0131.<\/p>\n<p>G\u00f6r\u00fc\u015fmede Kalkanl\u0131 Spor Kul\u00fcb\u00fc Y\u00f6netim Kurulu heyeti , \u201cGelecek Nesiller \u0130\u00e7in Yap\u0131lan\u0131yoruz\u201d projesi kapsam\u0131nda Kalkanl\u0131 futbol sahas\u0131 \u00e7evresinde yap\u0131lmas\u0131 planlanan y\u00fcr\u00fcy\u00fc\u015f yolu projesi hakk\u0131nda bilgi verdi. Kul\u00fcp y\u00f6netimi, yap\u0131lacak y\u00fcr\u00fcy\u00fc\u015f yoluna kul\u00fcbe \u00f6zveriyle ba\u015fkanl\u0131k yapm\u0131\u015f, uzun y\u0131llar futbolcu olarak forma giymi\u015f ve b\u00f6lge halk\u0131n\u0131n g\u00f6nl\u00fcnde yer edinmi\u015f Muhittin D\u00f6nmezsoy\u2019un ad\u0131n\u0131n verilece\u011fini ifade etti.<\/p>\n<p>-\u0130ncirli: &#8220;Vefa i\u00e7eren projelere deste\u011fimiz tam&#8221;<\/p>\n<p>S\u0131la Usar \u0130ncirli de projenin \u00e7ok anlaml\u0131 ve k\u0131ymetli oldu\u011funu belirterek, spora ve sporcuya oldu\u011fu kadar bu t\u00fcr vefa i\u00e7eren projelere de desteklerinin tam oldu\u011funu ifade etti.<\/p>\n<p>G\u00f6r\u00fc\u015fmede ayr\u0131ca kul\u00fcb\u00fcn \u00e7al\u0131\u015fmalar\u0131 ve b\u00f6lgedeki spor faaliyetleri hakk\u0131nda da de\u011ferlendirmelerde bulunuldu.<\/p>\n<p>Ziyaretin sonunda Kalkanl\u0131 Spor Kul\u00fcb\u00fc Y\u00f6netim Kurulu, CTP Genel Ba\u015fkan\u0131 S\u0131la Usar \u0130ncirli\u2019ye plaket takdim etti.<\/p>\n<p>Ziyarette Kalkanl\u0131 Spor Kul\u00fcb\u00fc Ba\u015fkan\u0131 Murat \u015eanyol, Asba\u015fkan Umut T\u00fcre ile y\u00f6netim kurulu \u00fcyeleri Osman K\u0131sao\u011flu, Kemal K\u0131sao\u011flu ve Fad\u0131l \u00d6za\u015f\u0131k yer ald\u0131.<\/p>\n<\/p><\/div>\n","protected":false},"excerpt":{"rendered":"<p>Cumhuriyet\u00e7i T\u00fcrk Partisi (CTP) Genel Ba\u015fkan\u0131 S\u0131la Usar \u0130ncirli, Kalkanl\u0131 Spor Kul\u00fcb\u00fc Y\u00f6netim Kurulu heyetini CTP Genel Merkezi\u2019nde kabul etti. CTP Bas\u0131n B\u00fcrosu\u2019ndan yap\u0131lan a\u00e7\u0131klamaya g\u00f6re, g\u00f6r\u00fc\u015fmede Muhittin D\u00f6nmezsoy An\u0131 Y\u00fcr\u00fcy\u00fc\u015f Yolu Projesi ele al\u0131nd\u0131. G\u00f6r\u00fc\u015fmede Kalkanl\u0131 Spor Kul\u00fcb\u00fc Y\u00f6netim Kurulu heyeti , \u201cGelecek Nesiller \u0130\u00e7in Yap\u0131lan\u0131yoruz\u201d projesi kapsam\u0131nda Kalkanl\u0131 futbol sahas\u0131 \u00e7evresinde yap\u0131lmas\u0131 planlanan<\/p>\n","protected":false},"author":1,"featured_media":107641,"comment_status":"open","ping_status":"open","sticky":false,"template":"","format":"standard","meta":{"footnotes":""},"categories":[81],"tags":[],"class_list":["post-107640","post","type-post","status-publish","format-standard","has-post-thumbnail","hentry","category-kibris"],"yoast_head":"<!-- This site is optimized with the Yoast SEO plugin v27.4 - https:\/\/yoast.com\/product\/yoast-seo-wordpress\/ -->\n<title>\u0130NC\u0130RL\u0130, KALKANLI SPOR KUL\u00dcB\u00dc HEYET\u0130N\u0130 KABUL ETT\u0130 -<\/title>\n<meta name=\"robots\" content=\"index, follow, max-snippet:-1, max-image-preview:large, max-video-preview:-1\" \/>\n<link rel=\"canonical\" href=\"https:\/\/kibrisdakik.com\/?p=107640\" \/>\n<meta property=\"og:locale\" content=\"tr_TR\" \/>\n<meta property=\"og:type\" content=\"article\" \/>\n<meta property=\"og:title\" content=\"\u0130NC\u0130RL\u0130, KALKANLI SPOR KUL\u00dcB\u00dc HEYET\u0130N\u0130 KABUL ETT\u0130 -\" \/>\n<meta property=\"og:description\" content=\"Cumhuriyet\u00e7i T\u00fcrk Partisi (CTP) Genel Ba\u015fkan\u0131 S\u0131la Usar \u0130ncirli, Kalkanl\u0131 Spor Kul\u00fcb\u00fc Y\u00f6netim Kurulu heyetini CTP Genel Merkezi\u2019nde kabul etti. CTP Bas\u0131n B\u00fcrosu\u2019ndan yap\u0131lan a\u00e7\u0131klamaya g\u00f6re, g\u00f6r\u00fc\u015fmede Muhittin D\u00f6nmezsoy An\u0131 Y\u00fcr\u00fcy\u00fc\u015f Yolu Projesi ele al\u0131nd\u0131. G\u00f6r\u00fc\u015fmede Kalkanl\u0131 Spor Kul\u00fcb\u00fc Y\u00f6netim Kurulu heyeti , \u201cGelecek Nesiller \u0130\u00e7in Yap\u0131lan\u0131yoruz\u201d projesi kapsam\u0131nda Kalkanl\u0131 futbol sahas\u0131 \u00e7evresinde yap\u0131lmas\u0131 planlanan\" \/>\n<meta property=\"og:url\" content=\"https:\/\/kibrisdakik.com\/?p=107640\" \/>\n<meta property=\"article:published_time\" content=\"2026-03-05T14:38:22+00:00\" \/>\n<meta property=\"og:image\" content=\"https:\/\/mhahabercom.teimg.com\/crop\/1280x720\/mhahaber-com\/uploads\/2026\/03\/mha-sari-beyaz-3663.png\" \/>\n<meta name=\"author\" content=\"admin\" \/>\n<meta name=\"twitter:card\" content=\"summary_large_image\" \/>\n<meta name=\"twitter:label1\" content=\"Yazan:\" \/>\n\t<meta name=\"twitter:data1\" content=\"admin\" \/>\n\t<meta name=\"twitter:label2\" content=\"Tahmini okuma s\u00fcresi\" \/>\n\t<meta name=\"twitter:data2\" content=\"1 dakika\" \/>\n<script type=\"application\/ld+json\" class=\"yoast-schema-graph\">{\"@context\":\"https:\\\/\\\/schema.org\",\"@graph\":[{\"@type\":\"Article\",\"@id\":\"https:\\\/\\\/kibrisdakik.com\\\/?p=107640#article\",\"isPartOf\":{\"@id\":\"https:\\\/\\\/kibrisdakik.com\\\/?p=107640\"},\"author\":{\"name\":\"admin\",\"@id\":\"https:\\\/\\\/kibrisdakik.com\\\/#\\\/schema\\\/person\\\/9cd9d437bbb44f72b73ba127e06d8e79\"},\"headline\":\"\u0130NC\u0130RL\u0130, KALKANLI SPOR KUL\u00dcB\u00dc HEYET\u0130N\u0130 KABUL ETT\u0130\",\"datePublished\":\"2026-03-05T14:38:22+00:00\",\"mainEntityOfPage\":{\"@id\":\"https:\\\/\\\/kibrisdakik.com\\\/?p=107640\"},\"wordCount\":265,\"commentCount\":0,\"image\":{\"@id\":\"https:\\\/\\\/kibrisdakik.com\\\/?p=107640#primaryimage\"},\"thumbnailUrl\":\"https:\\\/\\\/kibrisdakik.com\\\/wp-content\\\/uploads\\\/2026\\\/03\\\/mha-sari-beyaz-3663.png\",\"articleSection\":[\"K\u0131br\u0131s\"],\"inLanguage\":\"tr\",\"potentialAction\":[{\"@type\":\"CommentAction\",\"name\":\"Comment\",\"target\":[\"https:\\\/\\\/kibrisdakik.com\\\/?p=107640#respond\"]}]},{\"@type\":\"WebPage\",\"@id\":\"https:\\\/\\\/kibrisdakik.com\\\/?p=107640\",\"url\":\"https:\\\/\\\/kibrisdakik.com\\\/?p=107640\",\"name\":\"\u0130NC\u0130RL\u0130, KALKANLI SPOR KUL\u00dcB\u00dc HEYET\u0130N\u0130 KABUL ETT\u0130 -\",\"isPartOf\":{\"@id\":\"https:\\\/\\\/kibrisdakik.com\\\/#website\"},\"primaryImageOfPage\":{\"@id\":\"https:\\\/\\\/kibrisdakik.com\\\/?p=107640#primaryimage\"},\"image\":{\"@id\":\"https:\\\/\\\/kibrisdakik.com\\\/?p=107640#primaryimage\"},\"thumbnailUrl\":\"https:\\\/\\\/kibrisdakik.com\\\/wp-content\\\/uploads\\\/2026\\\/03\\\/mha-sari-beyaz-3663.png\",\"datePublished\":\"2026-03-05T14:38:22+00:00\",\"author\":{\"@id\":\"https:\\\/\\\/kibrisdakik.com\\\/#\\\/schema\\\/person\\\/9cd9d437bbb44f72b73ba127e06d8e79\"},\"breadcrumb\":{\"@id\":\"https:\\\/\\\/kibrisdakik.com\\\/?p=107640#breadcrumb\"},\"inLanguage\":\"tr\",\"potentialAction\":[{\"@type\":\"ReadAction\",\"target\":[\"https:\\\/\\\/kibrisdakik.com\\\/?p=107640\"]}]},{\"@type\":\"ImageObject\",\"inLanguage\":\"tr\",\"@id\":\"https:\\\/\\\/kibrisdakik.com\\\/?p=107640#primaryimage\",\"url\":\"https:\\\/\\\/kibrisdakik.com\\\/wp-content\\\/uploads\\\/2026\\\/03\\\/mha-sari-beyaz-3663.png\",\"contentUrl\":\"https:\\\/\\\/kibrisdakik.com\\\/wp-content\\\/uploads\\\/2026\\\/03\\\/mha-sari-beyaz-3663.png\",\"width\":1280,\"height\":720},{\"@type\":\"BreadcrumbList\",\"@id\":\"https:\\\/\\\/kibrisdakik.com\\\/?p=107640#breadcrumb\",\"itemListElement\":[{\"@type\":\"ListItem\",\"position\":1,\"name\":\"Home\",\"item\":\"https:\\\/\\\/kibrisdakik.com\\\/\"},{\"@type\":\"ListItem\",\"position\":2,\"name\":\"\u0130NC\u0130RL\u0130, KALKANLI SPOR KUL\u00dcB\u00dc HEYET\u0130N\u0130 KABUL ETT\u0130\"}]},{\"@type\":\"WebSite\",\"@id\":\"https:\\\/\\\/kibrisdakik.com\\\/#website\",\"url\":\"https:\\\/\\\/kibrisdakik.com\\\/\",\"name\":\"\",\"description\":\"Tam vaktinde haber\",\"potentialAction\":[{\"@type\":\"SearchAction\",\"target\":{\"@type\":\"EntryPoint\",\"urlTemplate\":\"https:\\\/\\\/kibrisdakik.com\\\/?s={search_term_string}\"},\"query-input\":{\"@type\":\"PropertyValueSpecification\",\"valueRequired\":true,\"valueName\":\"search_term_string\"}}],\"inLanguage\":\"tr\"},{\"@type\":\"Person\",\"@id\":\"https:\\\/\\\/kibrisdakik.com\\\/#\\\/schema\\\/person\\\/9cd9d437bbb44f72b73ba127e06d8e79\",\"name\":\"admin\",\"image\":{\"@type\":\"ImageObject\",\"inLanguage\":\"tr\",\"@id\":\"https:\\\/\\\/secure.gravatar.com\\\/avatar\\\/ccc17943b9d660506c869530f897617f7cb1c21a4bf30023f252596d83e1f007?s=96&d=mm&r=g\",\"url\":\"https:\\\/\\\/secure.gravatar.com\\\/avatar\\\/ccc17943b9d660506c869530f897617f7cb1c21a4bf30023f252596d83e1f007?s=96&d=mm&r=g\",\"contentUrl\":\"https:\\\/\\\/secure.gravatar.com\\\/avatar\\\/ccc17943b9d660506c869530f897617f7cb1c21a4bf30023f252596d83e1f007?s=96&d=mm&r=g\",\"caption\":\"admin\"},\"sameAs\":[\"https:\\\/\\\/kibrisdakik.com\"],\"url\":\"https:\\\/\\\/kibrisdakik.com\\\/?author=1\"}]}<\/script>\n<!-- \/ Yoast SEO plugin. -->","yoast_head_json":{"title":"\u0130NC\u0130RL\u0130, KALKANLI SPOR KUL\u00dcB\u00dc HEYET\u0130N\u0130 KABUL ETT\u0130 -","robots":{"index":"index","follow":"follow","max-snippet":"max-snippet:-1","max-image-preview":"max-image-preview:large","max-video-preview":"max-video-preview:-1"},"canonical":"https:\/\/kibrisdakik.com\/?p=107640","og_locale":"tr_TR","og_type":"article","og_title":"\u0130NC\u0130RL\u0130, KALKANLI SPOR KUL\u00dcB\u00dc HEYET\u0130N\u0130 KABUL ETT\u0130 -","og_description":"Cumhuriyet\u00e7i T\u00fcrk Partisi (CTP) Genel Ba\u015fkan\u0131 S\u0131la Usar \u0130ncirli, Kalkanl\u0131 Spor Kul\u00fcb\u00fc Y\u00f6netim Kurulu heyetini CTP Genel Merkezi\u2019nde kabul etti. CTP Bas\u0131n B\u00fcrosu\u2019ndan yap\u0131lan a\u00e7\u0131klamaya g\u00f6re, g\u00f6r\u00fc\u015fmede Muhittin D\u00f6nmezsoy An\u0131 Y\u00fcr\u00fcy\u00fc\u015f Yolu Projesi ele al\u0131nd\u0131. G\u00f6r\u00fc\u015fmede Kalkanl\u0131 Spor Kul\u00fcb\u00fc Y\u00f6netim Kurulu heyeti , \u201cGelecek Nesiller \u0130\u00e7in Yap\u0131lan\u0131yoruz\u201d projesi kapsam\u0131nda Kalkanl\u0131 futbol sahas\u0131 \u00e7evresinde yap\u0131lmas\u0131 planlanan","og_url":"https:\/\/kibrisdakik.com\/?p=107640","article_published_time":"2026-03-05T14:38:22+00:00","og_image":[{"url":"https:\/\/mhahabercom.teimg.com\/crop\/1280x720\/mhahaber-com\/uploads\/2026\/03\/mha-sari-beyaz-3663.png","type":"","width":"","height":""}],"author":"admin","twitter_card":"summary_large_image","twitter_misc":{"Yazan:":"admin","Tahmini okuma s\u00fcresi":"1 dakika"},"schema":{"@context":"https:\/\/schema.org","@graph":[{"@type":"Article","@id":"https:\/\/kibrisdakik.com\/?p=107640#article","isPartOf":{"@id":"https:\/\/kibrisdakik.com\/?p=107640"},"author":{"name":"admin","@id":"https:\/\/kibrisdakik.com\/#\/schema\/person\/9cd9d437bbb44f72b73ba127e06d8e79"},"headline":"\u0130NC\u0130RL\u0130, KALKANLI SPOR KUL\u00dcB\u00dc HEYET\u0130N\u0130 KABUL ETT\u0130","datePublished":"2026-03-05T14:38:22+00:00","mainEntityOfPage":{"@id":"https:\/\/kibrisdakik.com\/?p=107640"},"wordCount":265,"commentCount":0,"image":{"@id":"https:\/\/kibrisdakik.com\/?p=107640#primaryimage"},"thumbnailUrl":"https:\/\/kibrisdakik.com\/wp-content\/uploads\/2026\/03\/mha-sari-beyaz-3663.png","articleSection":["K\u0131br\u0131s"],"inLanguage":"tr","potentialAction":[{"@type":"CommentAction","name":"Comment","target":["https:\/\/kibrisdakik.com\/?p=107640#respond"]}]},{"@type":"WebPage","@id":"https:\/\/kibrisdakik.com\/?p=107640","url":"https:\/\/kibrisdakik.com\/?p=107640","name":"\u0130NC\u0130RL\u0130, KALKANLI SPOR KUL\u00dcB\u00dc HEYET\u0130N\u0130 KABUL ETT\u0130 -","isPartOf":{"@id":"https:\/\/kibrisdakik.com\/#website"},"primaryImageOfPage":{"@id":"https:\/\/kibrisdakik.com\/?p=107640#primaryimage"},"image":{"@id":"https:\/\/kibrisdakik.com\/?p=107640#primaryimage"},"thumbnailUrl":"https:\/\/kibrisdakik.com\/wp-content\/uploads\/2026\/03\/mha-sari-beyaz-3663.png","datePublished":"2026-03-05T14:38:22+00:00","author":{"@id":"https:\/\/kibrisdakik.com\/#\/schema\/person\/9cd9d437bbb44f72b73ba127e06d8e79"},"breadcrumb":{"@id":"https:\/\/kibrisdakik.com\/?p=107640#breadcrumb"},"inLanguage":"tr","potentialAction":[{"@type":"ReadAction","target":["https:\/\/kibrisdakik.com\/?p=107640"]}]},{"@type":"ImageObject","inLanguage":"tr","@id":"https:\/\/kibrisdakik.com\/?p=107640#primaryimage","url":"https:\/\/kibrisdakik.com\/wp-content\/uploads\/2026\/03\/mha-sari-beyaz-3663.png","contentUrl":"https:\/\/kibrisdakik.com\/wp-content\/uploads\/2026\/03\/mha-sari-beyaz-3663.png","width":1280,"height":720},{"@type":"BreadcrumbList","@id":"https:\/\/kibrisdakik.com\/?p=107640#breadcrumb","itemListElement":[{"@type":"ListItem","position":1,"name":"Home","item":"https:\/\/kibrisdakik.com\/"},{"@type":"ListItem","position":2,"name":"\u0130NC\u0130RL\u0130, KALKANLI SPOR KUL\u00dcB\u00dc HEYET\u0130N\u0130 KABUL ETT\u0130"}]},{"@type":"WebSite","@id":"https:\/\/kibrisdakik.com\/#website","url":"https:\/\/kibrisdakik.com\/","name":"","description":"Tam vaktinde haber","potentialAction":[{"@type":"SearchAction","target":{"@type":"EntryPoint","urlTemplate":"https:\/\/kibrisdakik.com\/?s={search_term_string}"},"query-input":{"@type":"PropertyValueSpecification","valueRequired":true,"valueName":"search_term_string"}}],"inLanguage":"tr"},{"@type":"Person","@id":"https:\/\/kibrisdakik.com\/#\/schema\/person\/9cd9d437bbb44f72b73ba127e06d8e79","name":"admin","image":{"@type":"ImageObject","inLanguage":"tr","@id":"https:\/\/secure.gravatar.com\/avatar\/ccc17943b9d660506c869530f897617f7cb1c21a4bf30023f252596d83e1f007?s=96&d=mm&r=g","url":"https:\/\/secure.gravatar.com\/avatar\/ccc17943b9d660506c869530f897617f7cb1c21a4bf30023f252596d83e1f007?s=96&d=mm&r=g","contentUrl":"https:\/\/secure.gravatar.com\/avatar\/ccc17943b9d660506c869530f897617f7cb1c21a4bf30023f252596d83e1f007?s=96&d=mm&r=g","caption":"admin"},"sameAs":["https:\/\/kibrisdakik.com"],"url":"https:\/\/kibrisdakik.com\/?author=1"}]}},"_links":{"self":[{"href":"https:\/\/kibrisdakik.com\/index.php?rest_route=\/wp\/v2\/posts\/107640","targetHints":{"allow":["GET"]}}],"collection":[{"href":"https:\/\/kibrisdakik.com\/index.php?rest_route=\/wp\/v2\/posts"}],"about":[{"href":"https:\/\/kibrisdakik.com\/index.php?rest_route=\/wp\/v2\/types\/post"}],"author":[{"embeddable":true,"href":"https:\/\/kibrisdakik.com\/index.php?rest_route=\/wp\/v2\/users\/1"}],"replies":[{"embeddable":true,"href":"https:\/\/kibrisdakik.com\/index.php?rest_route=%2Fwp%2Fv2%2Fcomments&post=107640"}],"version-history":[{"count":0,"href":"https:\/\/kibrisdakik.com\/index.php?rest_route=\/wp\/v2\/posts\/107640\/revisions"}],"wp:featuredmedia":[{"embeddable":true,"href":"https:\/\/kibrisdakik.com\/index.php?rest_route=\/wp\/v2\/media\/107641"}],"wp:attachment":[{"href":"https:\/\/kibrisdakik.com\/index.php?rest_route=%2Fwp%2Fv2%2Fmedia&parent=107640"}],"wp:term":[{"taxonomy":"category","embeddable":true,"href":"https:\/\/kibrisdakik.com\/index.php?rest_route=%2Fwp%2Fv2%2Fcategories&post=107640"},{"taxonomy":"post_tag","embeddable":true,"href":"https:\/\/kibrisdakik.com\/index.php?rest_route=%2Fwp%2Fv2%2Ftags&post=107640"}],"curies":[{"name":"wp","href":"https:\/\/api.w.org\/{rel}","templated":true}]}}