{"id":107648,"date":"2026-03-05T17:26:36","date_gmt":"2026-03-05T15:26:36","guid":{"rendered":"https:\/\/kibrisdakik.com\/?p=107648"},"modified":"2026-03-05T17:26:36","modified_gmt":"2026-03-05T15:26:36","slug":"ozkunt-zam-politikalari-halki-zorluyor","status":"publish","type":"post","link":"https:\/\/kibrisdakik.com\/?p=107648","title":{"rendered":"\u00d6ZKUNT: ZAM POL\u0130T\u0130KALARI HALKI ZORLUYOR"},"content":{"rendered":"<p><\/p>\n<p>Toplumcu Demokrasi Partisi (TDP) Genel Sekreteri Nevzat \u00d6zkunt, h\u00fck\u00fcmetin a\u00e7\u0131klamalar\u0131n\u0131n art\u0131k kamuoyunda g\u00fcven yaratmad\u0131\u011f\u0131n\u0131, uygulamalar\u0131n halk\u0131n ya\u015fam kalitesini olumsuz etkiledi\u011fini savundu.<\/p>\n<\/p>\n<p>TDP&#8217;den verilen bilgiye g\u00f6re, \u00d6zkunt May\u0131s TV\u2019de Meltem Sakin\u2019in konu\u011fu oldu. \u00d6zkunt programda akaryak\u0131ta yap\u0131lan zamlar, Orta Do\u011fu\u2019daki sava\u015f\u0131n K\u0131br\u0131s\u2019a etkileri, \u00f6zelle\u015ftirme politikalar\u0131, sahte diploma iddialar\u0131 ve Ektam\u2019daki i\u015f\u00e7i direni\u015fi hakk\u0131nda de\u011ferlendirmelerde bulundu.<\/p>\n<p>Akaryak\u0131t zamm\u0131na de\u011finen \u00d6zkunt, h\u00fck\u00fcmetin zam politikalar\u0131n\u0131n b\u00fct\u00e7e a\u00e7\u0131\u011f\u0131n\u0131 kapatma amac\u0131 ta\u015f\u0131d\u0131\u011f\u0131n\u0131 ileri s\u00fcrd\u00fc. \u00d6zkunt, akaryak\u0131taki art\u0131\u015f\u0131n piyasada zincirleme zamlar\u0131 beraberinde getirece\u011fini savundu.<\/p>\n<p>\u00d6zkunt, d\u00f6viz kurunun bir s\u00fcredir yatay seyretmesine ve Fiyat \u0130stikrar Fonu\u2019ndaki katk\u0131 pay\u0131n\u0131n y\u00fcksek olmas\u0131na ra\u011fmen zam yap\u0131lmas\u0131n\u0131 da ele\u015ftirdi.<\/p>\n<p>Orta Do\u011fu\u2019da ya\u015fanan geli\u015fmelere de de\u011finen \u00d6zkunt, \u0130ran\u2019a y\u00f6nelik sald\u0131r\u0131lar\u0131n b\u00f6lgede ciddi bir sava\u015f ortam\u0131 yaratt\u0131\u011f\u0131n\u0131 s\u00f6yledi.<\/p>\n<p>Adadaki \u0130ngiliz \u00fcsleri ve G\u00fcney K\u0131br\u0131s\u2019\u0131n Amerika, Fransa ve di\u011fer \u00fclkelerle yapt\u0131\u011f\u0131 askeri anla\u015fmalar\u0131n K\u0131br\u0131s\u2019\u0131 riskli bir noktaya getirdi\u011fini belirten \u00d6zkunt, \u201cAmerika ve \u0130ngiltere kendi vatanda\u015flar\u0131n\u0131 tahliye edebiliyor ama K\u0131br\u0131s halk\u0131n\u0131n gidecek ba\u015fka bir yeri yok. Bu nedenle K\u0131br\u0131s halk\u0131 ciddi bir tehlike alt\u0131nda\u201d dedi.<\/p>\n<p>T\u00fcrkiye\u2019nin de sava\u015f\u0131n i\u00e7ine \u00e7ekilmeye \u00e7al\u0131\u015f\u0131ld\u0131\u011f\u0131 y\u00f6n\u00fcnde de\u011ferlendirmeler yap\u0131ld\u0131\u011f\u0131n\u0131 ifade eden \u00d6zkunt, b\u00f6yle bir ortamda bar\u0131\u015f\u0131 savunman\u0131n \u00f6nemine dikkat \u00e7ekti.<\/p>\n<div id=\"ad_121\" data-channel=\"121\" data-advert=\"temedya\" data-rotation=\"120\" class=\"mb-3 text-center\"><\/div>\n<div id=\"ad_121_mobile\" data-channel=\"121\" data-advert=\"temedya\" data-rotation=\"120\" class=\"mb-3 text-center\"><\/div>\n<p>Cumhurba\u015fkanl\u0131\u011f\u0131 ve Ba\u015fbakanl\u0131k nezdinde baz\u0131 toplant\u0131lar yap\u0131ld\u0131\u011f\u0131n\u0131 ve Orta Do\u011fu&#8217;da ya\u015fanan sava\u015f nedeniyle \u00e7e\u015fitli tedbirlerin al\u0131nd\u0131\u011f\u0131n\u0131n a\u00e7\u0131kland\u0131\u011f\u0131n\u0131 hat\u0131rlatan \u00d6zkunt, kamuoyunun bu a\u00e7\u0131klamalardan tam anlam\u0131yla tatmin olmad\u0131\u011f\u0131n\u0131 ileri s\u00fcrd\u00fc.<\/p>\n<p>S\u0131\u011f\u0131naklar\u0131n haz\u0131r oldu\u011fu y\u00f6n\u00fcnde a\u00e7\u0131klamalar bulundu\u011funu da ifade eden \u00d6zkunt, vatanda\u015flar\u0131n olas\u0131 bir sald\u0131r\u0131 durumunda nas\u0131l hareket edece\u011fine dair daha somut bilgilere ihtiya\u00e7 duydu\u011funu dile getirdi.<\/p>\n<p>\u00d6zkunt, \u00fclkede y\u00fcr\u00fct\u00fclen \u00f6zelle\u015ftirme politikalar\u0131n\u0131 da ele\u015ftirdi. Sahte diploma iddialar\u0131na da de\u011finen \u00d6zkunt, bu konunun kamu y\u00f6netiminde ciddi bir sorun haline geldi\u011fini ifade etti.<\/p>\n<p>Kay\u0131t d\u0131\u015f\u0131 ekonominin herkes taraf\u0131ndan bilindi\u011fini ancak \u00fczerine gidilmedi\u011fini iddia eden \u00d6zkunt, adil bir vergi sistemi kurulmas\u0131 gerekti\u011fini belirtti. \u00d6zkunt, Ektam\u2019daki i\u015f\u00e7i direni\u015fine de de\u011finerek i\u015f\u00e7ilerin bir ayd\u0131r haklar\u0131 i\u00e7in m\u00fccadele etti\u011fini ancak h\u00fck\u00fcmetin gerekli ad\u0131mlar\u0131 atmad\u0131\u011f\u0131n\u0131 savundu.<\/p>\n<p>Sosyal konut projelerinin geli\u015ftirilmesinin de \u00f6nemli oldu\u011funu ifade eden \u00d6zkunt, TDP olarak toplum odakl\u0131 bir siyaset anlay\u0131\u015f\u0131 benimsediklerini vurgulad\u0131.<\/p>\n<\/p>\n<div class=\"article-source py-3 small \">\n                <\/div>\n","protected":false},"excerpt":{"rendered":"<p>Toplumcu Demokrasi Partisi (TDP) Genel Sekreteri Nevzat \u00d6zkunt, h\u00fck\u00fcmetin a\u00e7\u0131klamalar\u0131n\u0131n art\u0131k kamuoyunda g\u00fcven yaratmad\u0131\u011f\u0131n\u0131, uygulamalar\u0131n halk\u0131n ya\u015fam kalitesini olumsuz etkiledi\u011fini savundu. TDP&#8217;den verilen bilgiye g\u00f6re, \u00d6zkunt May\u0131s TV\u2019de Meltem Sakin\u2019in konu\u011fu oldu. \u00d6zkunt programda akaryak\u0131ta yap\u0131lan zamlar, Orta Do\u011fu\u2019daki sava\u015f\u0131n K\u0131br\u0131s\u2019a etkileri, \u00f6zelle\u015ftirme politikalar\u0131, sahte diploma iddialar\u0131 ve Ektam\u2019daki i\u015f\u00e7i direni\u015fi hakk\u0131nda de\u011ferlendirmelerde bulundu. Akaryak\u0131t<\/p>\n","protected":false},"author":1,"featured_media":107649,"comment_status":"open","ping_status":"open","sticky":false,"template":"","format":"standard","meta":{"footnotes":""},"categories":[81],"tags":[],"class_list":["post-107648","post","type-post","status-publish","format-standard","has-post-thumbnail","hentry","category-kibris"],"yoast_head":"<!-- This site is optimized with the Yoast SEO plugin v27.5 - https:\/\/yoast.com\/product\/yoast-seo-wordpress\/ -->\n<title>\u00d6ZKUNT: ZAM POL\u0130T\u0130KALARI HALKI ZORLUYOR -<\/title>\n<meta name=\"robots\" content=\"index, follow, max-snippet:-1, max-image-preview:large, max-video-preview:-1\" \/>\n<link rel=\"canonical\" href=\"https:\/\/kibrisdakik.com\/?p=107648\" \/>\n<meta property=\"og:locale\" content=\"tr_TR\" \/>\n<meta property=\"og:type\" content=\"article\" \/>\n<meta property=\"og:title\" content=\"\u00d6ZKUNT: ZAM POL\u0130T\u0130KALARI HALKI ZORLUYOR -\" \/>\n<meta property=\"og:description\" content=\"Toplumcu Demokrasi Partisi (TDP) Genel Sekreteri Nevzat \u00d6zkunt, h\u00fck\u00fcmetin a\u00e7\u0131klamalar\u0131n\u0131n art\u0131k kamuoyunda g\u00fcven yaratmad\u0131\u011f\u0131n\u0131, uygulamalar\u0131n halk\u0131n ya\u015fam kalitesini olumsuz etkiledi\u011fini savundu. TDP&#8217;den verilen bilgiye g\u00f6re, \u00d6zkunt May\u0131s TV\u2019de Meltem Sakin\u2019in konu\u011fu oldu. \u00d6zkunt programda akaryak\u0131ta yap\u0131lan zamlar, Orta Do\u011fu\u2019daki sava\u015f\u0131n K\u0131br\u0131s\u2019a etkileri, \u00f6zelle\u015ftirme politikalar\u0131, sahte diploma iddialar\u0131 ve Ektam\u2019daki i\u015f\u00e7i direni\u015fi hakk\u0131nda de\u011ferlendirmelerde bulundu. Akaryak\u0131t\" \/>\n<meta property=\"og:url\" content=\"https:\/\/kibrisdakik.com\/?p=107648\" \/>\n<meta property=\"article:published_time\" content=\"2026-03-05T15:26:36+00:00\" \/>\n<meta property=\"og:image\" content=\"https:\/\/mhahabercom.teimg.com\/crop\/1280x720\/mhahaber-com\/uploads\/2026\/03\/mha-sari-beyaz-3667.png\" \/>\n<meta name=\"author\" content=\"admin\" \/>\n<meta name=\"twitter:card\" content=\"summary_large_image\" \/>\n<meta name=\"twitter:label1\" content=\"Yazan:\" \/>\n\t<meta name=\"twitter:data1\" content=\"admin\" \/>\n\t<meta name=\"twitter:label2\" content=\"Tahmini okuma s\u00fcresi\" \/>\n\t<meta name=\"twitter:data2\" content=\"2 dakika\" \/>\n<script type=\"application\/ld+json\" class=\"yoast-schema-graph\">{\"@context\":\"https:\\\/\\\/schema.org\",\"@graph\":[{\"@type\":\"Article\",\"@id\":\"https:\\\/\\\/kibrisdakik.com\\\/?p=107648#article\",\"isPartOf\":{\"@id\":\"https:\\\/\\\/kibrisdakik.com\\\/?p=107648\"},\"author\":{\"name\":\"admin\",\"@id\":\"https:\\\/\\\/kibrisdakik.com\\\/#\\\/schema\\\/person\\\/9cd9d437bbb44f72b73ba127e06d8e79\"},\"headline\":\"\u00d6ZKUNT: ZAM POL\u0130T\u0130KALARI HALKI ZORLUYOR\",\"datePublished\":\"2026-03-05T15:26:36+00:00\",\"mainEntityOfPage\":{\"@id\":\"https:\\\/\\\/kibrisdakik.com\\\/?p=107648\"},\"wordCount\":487,\"commentCount\":0,\"image\":{\"@id\":\"https:\\\/\\\/kibrisdakik.com\\\/?p=107648#primaryimage\"},\"thumbnailUrl\":\"https:\\\/\\\/kibrisdakik.com\\\/wp-content\\\/uploads\\\/2026\\\/03\\\/mha-sari-beyaz-3667.png\",\"articleSection\":[\"K\u0131br\u0131s\"],\"inLanguage\":\"tr\",\"potentialAction\":[{\"@type\":\"CommentAction\",\"name\":\"Comment\",\"target\":[\"https:\\\/\\\/kibrisdakik.com\\\/?p=107648#respond\"]}]},{\"@type\":\"WebPage\",\"@id\":\"https:\\\/\\\/kibrisdakik.com\\\/?p=107648\",\"url\":\"https:\\\/\\\/kibrisdakik.com\\\/?p=107648\",\"name\":\"\u00d6ZKUNT: ZAM POL\u0130T\u0130KALARI HALKI ZORLUYOR -\",\"isPartOf\":{\"@id\":\"https:\\\/\\\/kibrisdakik.com\\\/#website\"},\"primaryImageOfPage\":{\"@id\":\"https:\\\/\\\/kibrisdakik.com\\\/?p=107648#primaryimage\"},\"image\":{\"@id\":\"https:\\\/\\\/kibrisdakik.com\\\/?p=107648#primaryimage\"},\"thumbnailUrl\":\"https:\\\/\\\/kibrisdakik.com\\\/wp-content\\\/uploads\\\/2026\\\/03\\\/mha-sari-beyaz-3667.png\",\"datePublished\":\"2026-03-05T15:26:36+00:00\",\"author\":{\"@id\":\"https:\\\/\\\/kibrisdakik.com\\\/#\\\/schema\\\/person\\\/9cd9d437bbb44f72b73ba127e06d8e79\"},\"breadcrumb\":{\"@id\":\"https:\\\/\\\/kibrisdakik.com\\\/?p=107648#breadcrumb\"},\"inLanguage\":\"tr\",\"potentialAction\":[{\"@type\":\"ReadAction\",\"target\":[\"https:\\\/\\\/kibrisdakik.com\\\/?p=107648\"]}]},{\"@type\":\"ImageObject\",\"inLanguage\":\"tr\",\"@id\":\"https:\\\/\\\/kibrisdakik.com\\\/?p=107648#primaryimage\",\"url\":\"https:\\\/\\\/kibrisdakik.com\\\/wp-content\\\/uploads\\\/2026\\\/03\\\/mha-sari-beyaz-3667.png\",\"contentUrl\":\"https:\\\/\\\/kibrisdakik.com\\\/wp-content\\\/uploads\\\/2026\\\/03\\\/mha-sari-beyaz-3667.png\",\"width\":1280,\"height\":720},{\"@type\":\"BreadcrumbList\",\"@id\":\"https:\\\/\\\/kibrisdakik.com\\\/?p=107648#breadcrumb\",\"itemListElement\":[{\"@type\":\"ListItem\",\"position\":1,\"name\":\"Home\",\"item\":\"https:\\\/\\\/kibrisdakik.com\\\/\"},{\"@type\":\"ListItem\",\"position\":2,\"name\":\"\u00d6ZKUNT: ZAM POL\u0130T\u0130KALARI HALKI ZORLUYOR\"}]},{\"@type\":\"WebSite\",\"@id\":\"https:\\\/\\\/kibrisdakik.com\\\/#website\",\"url\":\"https:\\\/\\\/kibrisdakik.com\\\/\",\"name\":\"\",\"description\":\"Tam vaktinde haber\",\"potentialAction\":[{\"@type\":\"SearchAction\",\"target\":{\"@type\":\"EntryPoint\",\"urlTemplate\":\"https:\\\/\\\/kibrisdakik.com\\\/?s={search_term_string}\"},\"query-input\":{\"@type\":\"PropertyValueSpecification\",\"valueRequired\":true,\"valueName\":\"search_term_string\"}}],\"inLanguage\":\"tr\"},{\"@type\":\"Person\",\"@id\":\"https:\\\/\\\/kibrisdakik.com\\\/#\\\/schema\\\/person\\\/9cd9d437bbb44f72b73ba127e06d8e79\",\"name\":\"admin\",\"image\":{\"@type\":\"ImageObject\",\"inLanguage\":\"tr\",\"@id\":\"https:\\\/\\\/secure.gravatar.com\\\/avatar\\\/ccc17943b9d660506c869530f897617f7cb1c21a4bf30023f252596d83e1f007?s=96&d=mm&r=g\",\"url\":\"https:\\\/\\\/secure.gravatar.com\\\/avatar\\\/ccc17943b9d660506c869530f897617f7cb1c21a4bf30023f252596d83e1f007?s=96&d=mm&r=g\",\"contentUrl\":\"https:\\\/\\\/secure.gravatar.com\\\/avatar\\\/ccc17943b9d660506c869530f897617f7cb1c21a4bf30023f252596d83e1f007?s=96&d=mm&r=g\",\"caption\":\"admin\"},\"sameAs\":[\"https:\\\/\\\/kibrisdakik.com\"],\"url\":\"https:\\\/\\\/kibrisdakik.com\\\/?author=1\"}]}<\/script>\n<!-- \/ Yoast SEO plugin. -->","yoast_head_json":{"title":"\u00d6ZKUNT: ZAM POL\u0130T\u0130KALARI HALKI ZORLUYOR -","robots":{"index":"index","follow":"follow","max-snippet":"max-snippet:-1","max-image-preview":"max-image-preview:large","max-video-preview":"max-video-preview:-1"},"canonical":"https:\/\/kibrisdakik.com\/?p=107648","og_locale":"tr_TR","og_type":"article","og_title":"\u00d6ZKUNT: ZAM POL\u0130T\u0130KALARI HALKI ZORLUYOR -","og_description":"Toplumcu Demokrasi Partisi (TDP) Genel Sekreteri Nevzat \u00d6zkunt, h\u00fck\u00fcmetin a\u00e7\u0131klamalar\u0131n\u0131n art\u0131k kamuoyunda g\u00fcven yaratmad\u0131\u011f\u0131n\u0131, uygulamalar\u0131n halk\u0131n ya\u015fam kalitesini olumsuz etkiledi\u011fini savundu. TDP&#8217;den verilen bilgiye g\u00f6re, \u00d6zkunt May\u0131s TV\u2019de Meltem Sakin\u2019in konu\u011fu oldu. \u00d6zkunt programda akaryak\u0131ta yap\u0131lan zamlar, Orta Do\u011fu\u2019daki sava\u015f\u0131n K\u0131br\u0131s\u2019a etkileri, \u00f6zelle\u015ftirme politikalar\u0131, sahte diploma iddialar\u0131 ve Ektam\u2019daki i\u015f\u00e7i direni\u015fi hakk\u0131nda de\u011ferlendirmelerde bulundu. Akaryak\u0131t","og_url":"https:\/\/kibrisdakik.com\/?p=107648","article_published_time":"2026-03-05T15:26:36+00:00","og_image":[{"url":"https:\/\/mhahabercom.teimg.com\/crop\/1280x720\/mhahaber-com\/uploads\/2026\/03\/mha-sari-beyaz-3667.png","type":"","width":"","height":""}],"author":"admin","twitter_card":"summary_large_image","twitter_misc":{"Yazan:":"admin","Tahmini okuma s\u00fcresi":"2 dakika"},"schema":{"@context":"https:\/\/schema.org","@graph":[{"@type":"Article","@id":"https:\/\/kibrisdakik.com\/?p=107648#article","isPartOf":{"@id":"https:\/\/kibrisdakik.com\/?p=107648"},"author":{"name":"admin","@id":"https:\/\/kibrisdakik.com\/#\/schema\/person\/9cd9d437bbb44f72b73ba127e06d8e79"},"headline":"\u00d6ZKUNT: ZAM POL\u0130T\u0130KALARI HALKI ZORLUYOR","datePublished":"2026-03-05T15:26:36+00:00","mainEntityOfPage":{"@id":"https:\/\/kibrisdakik.com\/?p=107648"},"wordCount":487,"commentCount":0,"image":{"@id":"https:\/\/kibrisdakik.com\/?p=107648#primaryimage"},"thumbnailUrl":"https:\/\/kibrisdakik.com\/wp-content\/uploads\/2026\/03\/mha-sari-beyaz-3667.png","articleSection":["K\u0131br\u0131s"],"inLanguage":"tr","potentialAction":[{"@type":"CommentAction","name":"Comment","target":["https:\/\/kibrisdakik.com\/?p=107648#respond"]}]},{"@type":"WebPage","@id":"https:\/\/kibrisdakik.com\/?p=107648","url":"https:\/\/kibrisdakik.com\/?p=107648","name":"\u00d6ZKUNT: ZAM POL\u0130T\u0130KALARI HALKI ZORLUYOR -","isPartOf":{"@id":"https:\/\/kibrisdakik.com\/#website"},"primaryImageOfPage":{"@id":"https:\/\/kibrisdakik.com\/?p=107648#primaryimage"},"image":{"@id":"https:\/\/kibrisdakik.com\/?p=107648#primaryimage"},"thumbnailUrl":"https:\/\/kibrisdakik.com\/wp-content\/uploads\/2026\/03\/mha-sari-beyaz-3667.png","datePublished":"2026-03-05T15:26:36+00:00","author":{"@id":"https:\/\/kibrisdakik.com\/#\/schema\/person\/9cd9d437bbb44f72b73ba127e06d8e79"},"breadcrumb":{"@id":"https:\/\/kibrisdakik.com\/?p=107648#breadcrumb"},"inLanguage":"tr","potentialAction":[{"@type":"ReadAction","target":["https:\/\/kibrisdakik.com\/?p=107648"]}]},{"@type":"ImageObject","inLanguage":"tr","@id":"https:\/\/kibrisdakik.com\/?p=107648#primaryimage","url":"https:\/\/kibrisdakik.com\/wp-content\/uploads\/2026\/03\/mha-sari-beyaz-3667.png","contentUrl":"https:\/\/kibrisdakik.com\/wp-content\/uploads\/2026\/03\/mha-sari-beyaz-3667.png","width":1280,"height":720},{"@type":"BreadcrumbList","@id":"https:\/\/kibrisdakik.com\/?p=107648#breadcrumb","itemListElement":[{"@type":"ListItem","position":1,"name":"Home","item":"https:\/\/kibrisdakik.com\/"},{"@type":"ListItem","position":2,"name":"\u00d6ZKUNT: ZAM POL\u0130T\u0130KALARI HALKI ZORLUYOR"}]},{"@type":"WebSite","@id":"https:\/\/kibrisdakik.com\/#website","url":"https:\/\/kibrisdakik.com\/","name":"","description":"Tam vaktinde haber","potentialAction":[{"@type":"SearchAction","target":{"@type":"EntryPoint","urlTemplate":"https:\/\/kibrisdakik.com\/?s={search_term_string}"},"query-input":{"@type":"PropertyValueSpecification","valueRequired":true,"valueName":"search_term_string"}}],"inLanguage":"tr"},{"@type":"Person","@id":"https:\/\/kibrisdakik.com\/#\/schema\/person\/9cd9d437bbb44f72b73ba127e06d8e79","name":"admin","image":{"@type":"ImageObject","inLanguage":"tr","@id":"https:\/\/secure.gravatar.com\/avatar\/ccc17943b9d660506c869530f897617f7cb1c21a4bf30023f252596d83e1f007?s=96&d=mm&r=g","url":"https:\/\/secure.gravatar.com\/avatar\/ccc17943b9d660506c869530f897617f7cb1c21a4bf30023f252596d83e1f007?s=96&d=mm&r=g","contentUrl":"https:\/\/secure.gravatar.com\/avatar\/ccc17943b9d660506c869530f897617f7cb1c21a4bf30023f252596d83e1f007?s=96&d=mm&r=g","caption":"admin"},"sameAs":["https:\/\/kibrisdakik.com"],"url":"https:\/\/kibrisdakik.com\/?author=1"}]}},"_links":{"self":[{"href":"https:\/\/kibrisdakik.com\/index.php?rest_route=\/wp\/v2\/posts\/107648","targetHints":{"allow":["GET"]}}],"collection":[{"href":"https:\/\/kibrisdakik.com\/index.php?rest_route=\/wp\/v2\/posts"}],"about":[{"href":"https:\/\/kibrisdakik.com\/index.php?rest_route=\/wp\/v2\/types\/post"}],"author":[{"embeddable":true,"href":"https:\/\/kibrisdakik.com\/index.php?rest_route=\/wp\/v2\/users\/1"}],"replies":[{"embeddable":true,"href":"https:\/\/kibrisdakik.com\/index.php?rest_route=%2Fwp%2Fv2%2Fcomments&post=107648"}],"version-history":[{"count":0,"href":"https:\/\/kibrisdakik.com\/index.php?rest_route=\/wp\/v2\/posts\/107648\/revisions"}],"wp:featuredmedia":[{"embeddable":true,"href":"https:\/\/kibrisdakik.com\/index.php?rest_route=\/wp\/v2\/media\/107649"}],"wp:attachment":[{"href":"https:\/\/kibrisdakik.com\/index.php?rest_route=%2Fwp%2Fv2%2Fmedia&parent=107648"}],"wp:term":[{"taxonomy":"category","embeddable":true,"href":"https:\/\/kibrisdakik.com\/index.php?rest_route=%2Fwp%2Fv2%2Fcategories&post=107648"},{"taxonomy":"post_tag","embeddable":true,"href":"https:\/\/kibrisdakik.com\/index.php?rest_route=%2Fwp%2Fv2%2Ftags&post=107648"}],"curies":[{"name":"wp","href":"https:\/\/api.w.org\/{rel}","templated":true}]}}