{"id":107684,"date":"2026-03-06T10:16:00","date_gmt":"2026-03-06T08:16:00","guid":{"rendered":"https:\/\/kibrisdakik.com\/?p=107684"},"modified":"2026-03-06T10:16:00","modified_gmt":"2026-03-06T08:16:00","slug":"ankarada-kgk-iftarinda-savas-konusuldu","status":"publish","type":"post","link":"https:\/\/kibrisdakik.com\/?p=107684","title":{"rendered":"Ankara\u2019da KGK iftar\u0131nda sava\u015f konu\u015fuldu"},"content":{"rendered":"<p><\/p>\n<div id=\"singleContent\">\n<p>K\u00fcresel Gazeteciler Konseyi (KGK) geleneksel iftar bulu\u015fmalar\u0131n\u0131n ilki Ankara\u2019da ger\u00e7ekle\u015fti.<br \/>Balgat\u2019taki KGK genel merkezi fuaye salonunda kurulan iftar sofras\u0131na Ankara\u2019da g\u00f6rev yapan KGK \u00fcyesi gazeteciler ile KGK il temsilcileri Ramazan \u00c7etin (K\u0131r\u0131kkale), Murat S\u00fcrmeli (K\u0131r\u015fehir) ve <a class=\"lar-automated-link\" href=\"https:\/\/www.kgk.org.tr\/my-profile\/?uid=370\" rel=\"nofollow\" target=\"_self\">Hac\u0131 Odaba\u015f<\/a> (\u00c7orum)\u2019\u0131n yan\u0131s\u0131ra, \u0130\u00e7i\u015fleri eski Bakan Yard\u0131mc\u0131s\u0131, AFAD kurucusu, Vali Mehmet Ersoy ile AK Parti MKYK \u00fcyesi Prof. Dr. Zakir Av\u015far, duayen gazeteci yazar ve KGK kurucu \u00fcyesi Yavuz Donat, T\u00fcrkmeneli TV genel m\u00fcd\u00fcr\u00fc Hanefi Uzun\u00e7am ve \u015eiddetle M\u00fccadele Vakf\u0131 (HEGEM) Vakf\u0131 Ba\u015fkan\u0131 Adem Solak da kat\u0131ld\u0131. Konuklara iftariyelikler ile \u00e7oban salata, mercimek \u00e7orbas\u0131, taze fasulye, kavurma pilav ve ayran ikram edildi. KGK Yayg\u0131n Medya Meclis Ba\u015fkan Vekili \u00dcnsal Karabulut\u2019un okudu\u011fu iftar duas\u0131n\u0131n ard\u0131ndan KGK Genel Ba\u015fkan\u0131 <a class=\"lar-automated-link\" href=\"https:\/\/www.kgk.org.tr\/my-profile\/?uid=391\" rel=\"nofollow\" target=\"_self\">Mehmet Ali Dim<\/a> yapt\u0131\u011f\u0131 konu\u015fmada \u00f6zellikle yak\u0131n co\u011frafyam\u0131zda cereyan eden sava\u015fa dikkat \u00e7ekerek, \u201cGazze\u2019de 200\u2019den fazla gazeteciyi katleden barbar \u0130srail bu defa da Tel Aviv\u2019de gazetecileri g\u00f6zalt\u0131na alarak g\u00f6rev yapmalar\u0131n\u0131 engellemeye \u00e7al\u0131\u015f\u0131yor. Ama ger\u00e7ekleri d\u00fcnyadan gizlemeyi ba\u015faramayacaklar. Bu sava\u015f\u0131n \u00fclkemize s\u0131\u00e7ramamas\u0131 i\u00e7in bizlere de g\u00f6rev d\u00fc\u015f\u00fcyor. Sorumlu bir gazetecilik anlay\u0131\u015f\u0131yla yakla\u015fmam\u0131z gerekiyor. \u0130ftar sofram\u0131za onur veren herkese \u00e7ok te\u015fekk\u00fcr ederim. Allah kabul etsin\u201d dedi.<br \/>\u0130ftar sonras\u0131 da \u00e7ay ve kahve e\u015fli\u011finde yap\u0131lan sohbetlerde de daha \u00e7ok sava\u015f konu\u015fuldu. T\u00fcrkiye\u2019nin izledi\u011fi politikan\u0131n do\u011frulu\u011funa vurgu yap\u0131ld\u0131 ve T\u00fcrk medyas\u0131n\u0131n bu konuda yapt\u0131\u011f\u0131 duyarl\u0131 yay\u0131nc\u0131l\u0131ktan \u00f6vg\u00fcyle bahsedildi.\n<\/p>\n<p><a href=\"https:\/\/www.kgk.org.tr\/wp-content\/uploads\/2026\/03\/WhatsApp-Image-2026-03-06-at-10.41.27.jpeg\"><img fetchpriority=\"high\" decoding=\"async\" class=\"alignnone size-medium wp-image-18572\" src=\"https:\/\/www.kgk.org.tr\/wp-content\/uploads\/2026\/03\/WhatsApp-Image-2026-03-06-at-10.41.27-500x281.jpeg\" alt=\"\" width=\"500\" height=\"281\" srcset=\"https:\/\/www.kgk.org.tr\/wp-content\/uploads\/2026\/03\/WhatsApp-Image-2026-03-06-at-10.41.27-500x281.jpeg 500w, https:\/\/www.kgk.org.tr\/wp-content\/uploads\/2026\/03\/WhatsApp-Image-2026-03-06-at-10.41.27-1024x576.jpeg 1024w, https:\/\/www.kgk.org.tr\/wp-content\/uploads\/2026\/03\/WhatsApp-Image-2026-03-06-at-10.41.27-768x432.jpeg 768w, https:\/\/www.kgk.org.tr\/wp-content\/uploads\/2026\/03\/WhatsApp-Image-2026-03-06-at-10.41.27-1536x864.jpeg 1536w, https:\/\/www.kgk.org.tr\/wp-content\/uploads\/2026\/03\/WhatsApp-Image-2026-03-06-at-10.41.27.jpeg 1600w\" sizes=\"(max-width: 500px) 100vw, 500px\"\/><\/a> <a href=\"https:\/\/www.kgk.org.tr\/wp-content\/uploads\/2026\/03\/WhatsApp-Image-2026-03-06-at-10.41.26-4.jpeg\"><img loading=\"lazy\" decoding=\"async\" class=\"alignnone size-medium wp-image-18573\" src=\"https:\/\/www.kgk.org.tr\/wp-content\/uploads\/2026\/03\/WhatsApp-Image-2026-03-06-at-10.41.26-4-500x281.jpeg\" alt=\"\" width=\"500\" height=\"281\" srcset=\"https:\/\/www.kgk.org.tr\/wp-content\/uploads\/2026\/03\/WhatsApp-Image-2026-03-06-at-10.41.26-4-500x281.jpeg 500w, https:\/\/www.kgk.org.tr\/wp-content\/uploads\/2026\/03\/WhatsApp-Image-2026-03-06-at-10.41.26-4-1024x576.jpeg 1024w, https:\/\/www.kgk.org.tr\/wp-content\/uploads\/2026\/03\/WhatsApp-Image-2026-03-06-at-10.41.26-4-768x432.jpeg 768w, https:\/\/www.kgk.org.tr\/wp-content\/uploads\/2026\/03\/WhatsApp-Image-2026-03-06-at-10.41.26-4-1536x864.jpeg 1536w, https:\/\/www.kgk.org.tr\/wp-content\/uploads\/2026\/03\/WhatsApp-Image-2026-03-06-at-10.41.26-4.jpeg 1600w\" sizes=\"auto, (max-width: 500px) 100vw, 500px\"\/><\/a> <a href=\"https:\/\/www.kgk.org.tr\/wp-content\/uploads\/2026\/03\/WhatsApp-Image-2026-03-06-at-10.41.26-3.jpeg\"><img loading=\"lazy\" decoding=\"async\" class=\"alignnone size-medium wp-image-18574\" src=\"https:\/\/www.kgk.org.tr\/wp-content\/uploads\/2026\/03\/WhatsApp-Image-2026-03-06-at-10.41.26-3-500x281.jpeg\" alt=\"\" width=\"500\" height=\"281\" srcset=\"https:\/\/www.kgk.org.tr\/wp-content\/uploads\/2026\/03\/WhatsApp-Image-2026-03-06-at-10.41.26-3-500x281.jpeg 500w, https:\/\/www.kgk.org.tr\/wp-content\/uploads\/2026\/03\/WhatsApp-Image-2026-03-06-at-10.41.26-3-1024x576.jpeg 1024w, https:\/\/www.kgk.org.tr\/wp-content\/uploads\/2026\/03\/WhatsApp-Image-2026-03-06-at-10.41.26-3-768x432.jpeg 768w, https:\/\/www.kgk.org.tr\/wp-content\/uploads\/2026\/03\/WhatsApp-Image-2026-03-06-at-10.41.26-3-1536x864.jpeg 1536w, https:\/\/www.kgk.org.tr\/wp-content\/uploads\/2026\/03\/WhatsApp-Image-2026-03-06-at-10.41.26-3.jpeg 1600w\" sizes=\"auto, (max-width: 500px) 100vw, 500px\"\/><\/a> <a href=\"https:\/\/www.kgk.org.tr\/wp-content\/uploads\/2026\/03\/WhatsApp-Image-2026-03-06-at-10.41.26-2.jpeg\"><img loading=\"lazy\" decoding=\"async\" class=\"alignnone size-medium wp-image-18575\" src=\"https:\/\/www.kgk.org.tr\/wp-content\/uploads\/2026\/03\/WhatsApp-Image-2026-03-06-at-10.41.26-2-500x345.jpeg\" alt=\"\" width=\"500\" height=\"345\" srcset=\"https:\/\/www.kgk.org.tr\/wp-content\/uploads\/2026\/03\/WhatsApp-Image-2026-03-06-at-10.41.26-2-500x345.jpeg 500w, https:\/\/www.kgk.org.tr\/wp-content\/uploads\/2026\/03\/WhatsApp-Image-2026-03-06-at-10.41.26-2-768x530.jpeg 768w, https:\/\/www.kgk.org.tr\/wp-content\/uploads\/2026\/03\/WhatsApp-Image-2026-03-06-at-10.41.26-2.jpeg 1024w\" sizes=\"auto, (max-width: 500px) 100vw, 500px\"\/><\/a> <a href=\"https:\/\/www.kgk.org.tr\/wp-content\/uploads\/2026\/03\/WhatsApp-Image-2026-03-06-at-10.41.26-1-1.jpeg\"><img loading=\"lazy\" decoding=\"async\" class=\"alignnone size-medium wp-image-18576\" src=\"https:\/\/www.kgk.org.tr\/wp-content\/uploads\/2026\/03\/WhatsApp-Image-2026-03-06-at-10.41.26-1-1-500x375.jpeg\" alt=\"\" width=\"500\" height=\"375\" srcset=\"https:\/\/www.kgk.org.tr\/wp-content\/uploads\/2026\/03\/WhatsApp-Image-2026-03-06-at-10.41.26-1-1-500x375.jpeg 500w, https:\/\/www.kgk.org.tr\/wp-content\/uploads\/2026\/03\/WhatsApp-Image-2026-03-06-at-10.41.26-1-1-1024x768.jpeg 1024w, https:\/\/www.kgk.org.tr\/wp-content\/uploads\/2026\/03\/WhatsApp-Image-2026-03-06-at-10.41.26-1-1-768x576.jpeg 768w, https:\/\/www.kgk.org.tr\/wp-content\/uploads\/2026\/03\/WhatsApp-Image-2026-03-06-at-10.41.26-1-1-1536x1152.jpeg 1536w, https:\/\/www.kgk.org.tr\/wp-content\/uploads\/2026\/03\/WhatsApp-Image-2026-03-06-at-10.41.26-1-1.jpeg 1600w\" sizes=\"auto, (max-width: 500px) 100vw, 500px\"\/><\/a><\/p>\n<\/p><\/div>\n","protected":false},"excerpt":{"rendered":"<p>K\u00fcresel Gazeteciler Konseyi (KGK) geleneksel iftar bulu\u015fmalar\u0131n\u0131n ilki Ankara\u2019da ger\u00e7ekle\u015fti.Balgat\u2019taki KGK genel merkezi fuaye salonunda kurulan iftar sofras\u0131na Ankara\u2019da g\u00f6rev yapan KGK \u00fcyesi gazeteciler ile KGK il temsilcileri Ramazan \u00c7etin (K\u0131r\u0131kkale), Murat S\u00fcrmeli (K\u0131r\u015fehir) ve Hac\u0131 Odaba\u015f (\u00c7orum)\u2019\u0131n yan\u0131s\u0131ra, \u0130\u00e7i\u015fleri eski Bakan Yard\u0131mc\u0131s\u0131, AFAD kurucusu, Vali Mehmet Ersoy ile AK Parti MKYK \u00fcyesi Prof. Dr.<\/p>\n","protected":false},"author":1,"featured_media":107685,"comment_status":"open","ping_status":"open","sticky":false,"template":"","format":"standard","meta":{"footnotes":""},"categories":[83,101],"tags":[],"class_list":["post-107684","post","type-post","status-publish","format-standard","has-post-thumbnail","hentry","category-magazin","category-manset"],"yoast_head":"<!-- This site is optimized with the Yoast SEO plugin v27.5 - https:\/\/yoast.com\/product\/yoast-seo-wordpress\/ -->\n<title>Ankara\u2019da KGK iftar\u0131nda sava\u015f konu\u015fuldu -<\/title>\n<meta name=\"robots\" content=\"index, follow, max-snippet:-1, max-image-preview:large, max-video-preview:-1\" \/>\n<link rel=\"canonical\" href=\"https:\/\/kibrisdakik.com\/?p=107684\" \/>\n<meta property=\"og:locale\" content=\"tr_TR\" \/>\n<meta property=\"og:type\" content=\"article\" \/>\n<meta property=\"og:title\" content=\"Ankara\u2019da KGK iftar\u0131nda sava\u015f konu\u015fuldu -\" \/>\n<meta property=\"og:description\" content=\"K\u00fcresel Gazeteciler Konseyi (KGK) geleneksel iftar bulu\u015fmalar\u0131n\u0131n ilki Ankara\u2019da ger\u00e7ekle\u015fti.Balgat\u2019taki KGK genel merkezi fuaye salonunda kurulan iftar sofras\u0131na Ankara\u2019da g\u00f6rev yapan KGK \u00fcyesi gazeteciler ile KGK il temsilcileri Ramazan \u00c7etin (K\u0131r\u0131kkale), Murat S\u00fcrmeli (K\u0131r\u015fehir) ve Hac\u0131 Odaba\u015f (\u00c7orum)\u2019\u0131n yan\u0131s\u0131ra, \u0130\u00e7i\u015fleri eski Bakan Yard\u0131mc\u0131s\u0131, AFAD kurucusu, Vali Mehmet Ersoy ile AK Parti MKYK \u00fcyesi Prof. Dr.\" \/>\n<meta property=\"og:url\" content=\"https:\/\/kibrisdakik.com\/?p=107684\" \/>\n<meta property=\"article:published_time\" content=\"2026-03-06T08:16:00+00:00\" \/>\n<meta name=\"author\" content=\"admin\" \/>\n<meta name=\"twitter:card\" content=\"summary_large_image\" \/>\n<meta name=\"twitter:label1\" content=\"Yazan:\" \/>\n\t<meta name=\"twitter:data1\" content=\"admin\" \/>\n\t<meta name=\"twitter:label2\" content=\"Tahmini okuma s\u00fcresi\" \/>\n\t<meta name=\"twitter:data2\" content=\"1 dakika\" \/>\n<script type=\"application\/ld+json\" class=\"yoast-schema-graph\">{\"@context\":\"https:\\\/\\\/schema.org\",\"@graph\":[{\"@type\":\"Article\",\"@id\":\"https:\\\/\\\/kibrisdakik.com\\\/?p=107684#article\",\"isPartOf\":{\"@id\":\"https:\\\/\\\/kibrisdakik.com\\\/?p=107684\"},\"author\":{\"name\":\"admin\",\"@id\":\"https:\\\/\\\/kibrisdakik.com\\\/#\\\/schema\\\/person\\\/9cd9d437bbb44f72b73ba127e06d8e79\"},\"headline\":\"Ankara\u2019da KGK iftar\u0131nda sava\u015f konu\u015fuldu\",\"datePublished\":\"2026-03-06T08:16:00+00:00\",\"mainEntityOfPage\":{\"@id\":\"https:\\\/\\\/kibrisdakik.com\\\/?p=107684\"},\"wordCount\":298,\"commentCount\":0,\"image\":{\"@id\":\"https:\\\/\\\/kibrisdakik.com\\\/?p=107684#primaryimage\"},\"thumbnailUrl\":\"https:\\\/\\\/kibrisdakik.com\\\/wp-content\\\/uploads\\\/2026\\\/03\\\/WhatsApp-Image-2026-03-06-at-10.41.27-500x281.jpeg\",\"articleSection\":[\"Magazin\",\"Man\u015fet\"],\"inLanguage\":\"tr\",\"potentialAction\":[{\"@type\":\"CommentAction\",\"name\":\"Comment\",\"target\":[\"https:\\\/\\\/kibrisdakik.com\\\/?p=107684#respond\"]}]},{\"@type\":\"WebPage\",\"@id\":\"https:\\\/\\\/kibrisdakik.com\\\/?p=107684\",\"url\":\"https:\\\/\\\/kibrisdakik.com\\\/?p=107684\",\"name\":\"Ankara\u2019da KGK iftar\u0131nda sava\u015f konu\u015fuldu -\",\"isPartOf\":{\"@id\":\"https:\\\/\\\/kibrisdakik.com\\\/#website\"},\"primaryImageOfPage\":{\"@id\":\"https:\\\/\\\/kibrisdakik.com\\\/?p=107684#primaryimage\"},\"image\":{\"@id\":\"https:\\\/\\\/kibrisdakik.com\\\/?p=107684#primaryimage\"},\"thumbnailUrl\":\"https:\\\/\\\/kibrisdakik.com\\\/wp-content\\\/uploads\\\/2026\\\/03\\\/WhatsApp-Image-2026-03-06-at-10.41.27-500x281.jpeg\",\"datePublished\":\"2026-03-06T08:16:00+00:00\",\"author\":{\"@id\":\"https:\\\/\\\/kibrisdakik.com\\\/#\\\/schema\\\/person\\\/9cd9d437bbb44f72b73ba127e06d8e79\"},\"breadcrumb\":{\"@id\":\"https:\\\/\\\/kibrisdakik.com\\\/?p=107684#breadcrumb\"},\"inLanguage\":\"tr\",\"potentialAction\":[{\"@type\":\"ReadAction\",\"target\":[\"https:\\\/\\\/kibrisdakik.com\\\/?p=107684\"]}]},{\"@type\":\"ImageObject\",\"inLanguage\":\"tr\",\"@id\":\"https:\\\/\\\/kibrisdakik.com\\\/?p=107684#primaryimage\",\"url\":\"https:\\\/\\\/kibrisdakik.com\\\/wp-content\\\/uploads\\\/2026\\\/03\\\/WhatsApp-Image-2026-03-06-at-10.41.27-500x281.jpeg\",\"contentUrl\":\"https:\\\/\\\/kibrisdakik.com\\\/wp-content\\\/uploads\\\/2026\\\/03\\\/WhatsApp-Image-2026-03-06-at-10.41.27-500x281.jpeg\",\"width\":500,\"height\":281},{\"@type\":\"BreadcrumbList\",\"@id\":\"https:\\\/\\\/kibrisdakik.com\\\/?p=107684#breadcrumb\",\"itemListElement\":[{\"@type\":\"ListItem\",\"position\":1,\"name\":\"Home\",\"item\":\"https:\\\/\\\/kibrisdakik.com\\\/\"},{\"@type\":\"ListItem\",\"position\":2,\"name\":\"Ankara\u2019da KGK iftar\u0131nda sava\u015f konu\u015fuldu\"}]},{\"@type\":\"WebSite\",\"@id\":\"https:\\\/\\\/kibrisdakik.com\\\/#website\",\"url\":\"https:\\\/\\\/kibrisdakik.com\\\/\",\"name\":\"\",\"description\":\"Tam vaktinde haber\",\"potentialAction\":[{\"@type\":\"SearchAction\",\"target\":{\"@type\":\"EntryPoint\",\"urlTemplate\":\"https:\\\/\\\/kibrisdakik.com\\\/?s={search_term_string}\"},\"query-input\":{\"@type\":\"PropertyValueSpecification\",\"valueRequired\":true,\"valueName\":\"search_term_string\"}}],\"inLanguage\":\"tr\"},{\"@type\":\"Person\",\"@id\":\"https:\\\/\\\/kibrisdakik.com\\\/#\\\/schema\\\/person\\\/9cd9d437bbb44f72b73ba127e06d8e79\",\"name\":\"admin\",\"image\":{\"@type\":\"ImageObject\",\"inLanguage\":\"tr\",\"@id\":\"https:\\\/\\\/secure.gravatar.com\\\/avatar\\\/ccc17943b9d660506c869530f897617f7cb1c21a4bf30023f252596d83e1f007?s=96&d=mm&r=g\",\"url\":\"https:\\\/\\\/secure.gravatar.com\\\/avatar\\\/ccc17943b9d660506c869530f897617f7cb1c21a4bf30023f252596d83e1f007?s=96&d=mm&r=g\",\"contentUrl\":\"https:\\\/\\\/secure.gravatar.com\\\/avatar\\\/ccc17943b9d660506c869530f897617f7cb1c21a4bf30023f252596d83e1f007?s=96&d=mm&r=g\",\"caption\":\"admin\"},\"sameAs\":[\"https:\\\/\\\/kibrisdakik.com\"],\"url\":\"https:\\\/\\\/kibrisdakik.com\\\/?author=1\"}]}<\/script>\n<!-- \/ Yoast SEO plugin. -->","yoast_head_json":{"title":"Ankara\u2019da KGK iftar\u0131nda sava\u015f konu\u015fuldu -","robots":{"index":"index","follow":"follow","max-snippet":"max-snippet:-1","max-image-preview":"max-image-preview:large","max-video-preview":"max-video-preview:-1"},"canonical":"https:\/\/kibrisdakik.com\/?p=107684","og_locale":"tr_TR","og_type":"article","og_title":"Ankara\u2019da KGK iftar\u0131nda sava\u015f konu\u015fuldu -","og_description":"K\u00fcresel Gazeteciler Konseyi (KGK) geleneksel iftar bulu\u015fmalar\u0131n\u0131n ilki Ankara\u2019da ger\u00e7ekle\u015fti.Balgat\u2019taki KGK genel merkezi fuaye salonunda kurulan iftar sofras\u0131na Ankara\u2019da g\u00f6rev yapan KGK \u00fcyesi gazeteciler ile KGK il temsilcileri Ramazan \u00c7etin (K\u0131r\u0131kkale), Murat S\u00fcrmeli (K\u0131r\u015fehir) ve Hac\u0131 Odaba\u015f (\u00c7orum)\u2019\u0131n yan\u0131s\u0131ra, \u0130\u00e7i\u015fleri eski Bakan Yard\u0131mc\u0131s\u0131, AFAD kurucusu, Vali Mehmet Ersoy ile AK Parti MKYK \u00fcyesi Prof. Dr.","og_url":"https:\/\/kibrisdakik.com\/?p=107684","article_published_time":"2026-03-06T08:16:00+00:00","author":"admin","twitter_card":"summary_large_image","twitter_misc":{"Yazan:":"admin","Tahmini okuma s\u00fcresi":"1 dakika"},"schema":{"@context":"https:\/\/schema.org","@graph":[{"@type":"Article","@id":"https:\/\/kibrisdakik.com\/?p=107684#article","isPartOf":{"@id":"https:\/\/kibrisdakik.com\/?p=107684"},"author":{"name":"admin","@id":"https:\/\/kibrisdakik.com\/#\/schema\/person\/9cd9d437bbb44f72b73ba127e06d8e79"},"headline":"Ankara\u2019da KGK iftar\u0131nda sava\u015f konu\u015fuldu","datePublished":"2026-03-06T08:16:00+00:00","mainEntityOfPage":{"@id":"https:\/\/kibrisdakik.com\/?p=107684"},"wordCount":298,"commentCount":0,"image":{"@id":"https:\/\/kibrisdakik.com\/?p=107684#primaryimage"},"thumbnailUrl":"https:\/\/kibrisdakik.com\/wp-content\/uploads\/2026\/03\/WhatsApp-Image-2026-03-06-at-10.41.27-500x281.jpeg","articleSection":["Magazin","Man\u015fet"],"inLanguage":"tr","potentialAction":[{"@type":"CommentAction","name":"Comment","target":["https:\/\/kibrisdakik.com\/?p=107684#respond"]}]},{"@type":"WebPage","@id":"https:\/\/kibrisdakik.com\/?p=107684","url":"https:\/\/kibrisdakik.com\/?p=107684","name":"Ankara\u2019da KGK iftar\u0131nda sava\u015f konu\u015fuldu -","isPartOf":{"@id":"https:\/\/kibrisdakik.com\/#website"},"primaryImageOfPage":{"@id":"https:\/\/kibrisdakik.com\/?p=107684#primaryimage"},"image":{"@id":"https:\/\/kibrisdakik.com\/?p=107684#primaryimage"},"thumbnailUrl":"https:\/\/kibrisdakik.com\/wp-content\/uploads\/2026\/03\/WhatsApp-Image-2026-03-06-at-10.41.27-500x281.jpeg","datePublished":"2026-03-06T08:16:00+00:00","author":{"@id":"https:\/\/kibrisdakik.com\/#\/schema\/person\/9cd9d437bbb44f72b73ba127e06d8e79"},"breadcrumb":{"@id":"https:\/\/kibrisdakik.com\/?p=107684#breadcrumb"},"inLanguage":"tr","potentialAction":[{"@type":"ReadAction","target":["https:\/\/kibrisdakik.com\/?p=107684"]}]},{"@type":"ImageObject","inLanguage":"tr","@id":"https:\/\/kibrisdakik.com\/?p=107684#primaryimage","url":"https:\/\/kibrisdakik.com\/wp-content\/uploads\/2026\/03\/WhatsApp-Image-2026-03-06-at-10.41.27-500x281.jpeg","contentUrl":"https:\/\/kibrisdakik.com\/wp-content\/uploads\/2026\/03\/WhatsApp-Image-2026-03-06-at-10.41.27-500x281.jpeg","width":500,"height":281},{"@type":"BreadcrumbList","@id":"https:\/\/kibrisdakik.com\/?p=107684#breadcrumb","itemListElement":[{"@type":"ListItem","position":1,"name":"Home","item":"https:\/\/kibrisdakik.com\/"},{"@type":"ListItem","position":2,"name":"Ankara\u2019da KGK iftar\u0131nda sava\u015f konu\u015fuldu"}]},{"@type":"WebSite","@id":"https:\/\/kibrisdakik.com\/#website","url":"https:\/\/kibrisdakik.com\/","name":"","description":"Tam vaktinde haber","potentialAction":[{"@type":"SearchAction","target":{"@type":"EntryPoint","urlTemplate":"https:\/\/kibrisdakik.com\/?s={search_term_string}"},"query-input":{"@type":"PropertyValueSpecification","valueRequired":true,"valueName":"search_term_string"}}],"inLanguage":"tr"},{"@type":"Person","@id":"https:\/\/kibrisdakik.com\/#\/schema\/person\/9cd9d437bbb44f72b73ba127e06d8e79","name":"admin","image":{"@type":"ImageObject","inLanguage":"tr","@id":"https:\/\/secure.gravatar.com\/avatar\/ccc17943b9d660506c869530f897617f7cb1c21a4bf30023f252596d83e1f007?s=96&d=mm&r=g","url":"https:\/\/secure.gravatar.com\/avatar\/ccc17943b9d660506c869530f897617f7cb1c21a4bf30023f252596d83e1f007?s=96&d=mm&r=g","contentUrl":"https:\/\/secure.gravatar.com\/avatar\/ccc17943b9d660506c869530f897617f7cb1c21a4bf30023f252596d83e1f007?s=96&d=mm&r=g","caption":"admin"},"sameAs":["https:\/\/kibrisdakik.com"],"url":"https:\/\/kibrisdakik.com\/?author=1"}]}},"_links":{"self":[{"href":"https:\/\/kibrisdakik.com\/index.php?rest_route=\/wp\/v2\/posts\/107684","targetHints":{"allow":["GET"]}}],"collection":[{"href":"https:\/\/kibrisdakik.com\/index.php?rest_route=\/wp\/v2\/posts"}],"about":[{"href":"https:\/\/kibrisdakik.com\/index.php?rest_route=\/wp\/v2\/types\/post"}],"author":[{"embeddable":true,"href":"https:\/\/kibrisdakik.com\/index.php?rest_route=\/wp\/v2\/users\/1"}],"replies":[{"embeddable":true,"href":"https:\/\/kibrisdakik.com\/index.php?rest_route=%2Fwp%2Fv2%2Fcomments&post=107684"}],"version-history":[{"count":0,"href":"https:\/\/kibrisdakik.com\/index.php?rest_route=\/wp\/v2\/posts\/107684\/revisions"}],"wp:featuredmedia":[{"embeddable":true,"href":"https:\/\/kibrisdakik.com\/index.php?rest_route=\/wp\/v2\/media\/107685"}],"wp:attachment":[{"href":"https:\/\/kibrisdakik.com\/index.php?rest_route=%2Fwp%2Fv2%2Fmedia&parent=107684"}],"wp:term":[{"taxonomy":"category","embeddable":true,"href":"https:\/\/kibrisdakik.com\/index.php?rest_route=%2Fwp%2Fv2%2Fcategories&post=107684"},{"taxonomy":"post_tag","embeddable":true,"href":"https:\/\/kibrisdakik.com\/index.php?rest_route=%2Fwp%2Fv2%2Ftags&post=107684"}],"curies":[{"name":"wp","href":"https:\/\/api.w.org\/{rel}","templated":true}]}}