{"id":107713,"date":"2026-03-06T15:32:18","date_gmt":"2026-03-06T13:32:18","guid":{"rendered":"https:\/\/kibrisdakik.com\/?p=107713"},"modified":"2026-03-06T15:32:18","modified_gmt":"2026-03-06T13:32:18","slug":"baf-direnisi-ve-bolge-sehitleri-icin-anma-programi-duzenlenecek","status":"publish","type":"post","link":"https:\/\/kibrisdakik.com\/?p=107713","title":{"rendered":"BAF D\u0130REN\u0130\u015e\u0130 VE B\u00d6LGE \u015eEH\u0130TLER\u0130 \u0130\u00c7\u0130N ANMA PROGRAMI D\u00dcZENLENECEK"},"content":{"rendered":"<p><\/p>\n<div data-text-id=\"197492\" property=\"articleBody\">\n<p> Baf Direni\u015fi, Malya, Ba\u011fl\u0131k\u00f6y, Gaziveren ve \u00c7aml\u0131k\u00f6y \u015eehitleri d\u00fczenlenecek anma t\u00f6renleriyle an\u0131l\u0131yor.<\/p>\n<p>\u015eehitleri Anma G\u00fcn\u00fc sebebiyle Baf Direni\u015fi, Malya, Ba\u011fl\u0131k\u00f6y, Gaziveren ve \u00c7aml\u0131k\u00f6y \u015eehitlerini anmak i\u00e7in t\u00f6renler d\u00fczenlenecek.<\/p>\n<p>-Baf Direni\u015fi<\/p>\n<p>9 Mart Baf Direni\u015fi ve \u015eehitlerini Anma G\u00fcn\u00fc sebebiyle, Yeni Gazi Baf \u015eehitleri An\u0131t\u0131 \u00f6n\u00fcnde 9 Mart Pazartesi g\u00fcn\u00fc saat 10.00\u2019da t\u00f6ren d\u00fczenlenecek.<\/p>\n<p>A\u00e7\u0131l\u0131\u015f konu\u015fmas\u0131n\u0131n ard\u0131ndan an\u0131ta \u00e7elenklerin sunulaca\u011f\u0131 t\u00f6ren, sayg\u0131 duru\u015fu, sayg\u0131 at\u0131\u015f\u0131 ve \u0130stiklal Mar\u015f\u0131\u2019n\u0131n okunmas\u0131yla devam edecek. T\u00f6rende g\u00fcn\u00fcn anlam ve \u00f6nemini belirten konu\u015fmalar yap\u0131l\u0131p, \u015fiirler okunacak.<\/p>\n<p>-Malya<\/p>\n<p>10 Mart Malya \u015eehitlerini Anma G\u00fcn\u00fc sebebiyle, Ayd\u0131nk\u00f6y&#8217;de Malya \u015eehitleri An\u0131t\u0131 \u00f6n\u00fcnde 10 Mart Sal\u0131 g\u00fcn\u00fc saat 10:30&#8217;da anma t\u00f6reni yer alacak.<\/p>\n<p>T\u00f6ren an\u0131ta \u00e7elenklerin sunulmas\u0131n\u0131n ard\u0131ndan, sayg\u0131 duru\u015fu, sayg\u0131 at\u0131\u015f\u0131 ve \u0130stiklal Mar\u015f\u0131\u2019n\u0131n okunmas\u0131yla devam edecek. Yap\u0131lacak konu\u015fma ve okunacak \u015fiirlerin ard\u0131ndan t\u00f6ren sone erecek.<\/p>\n<p>-Ba\u011fl\u0131k\u00f6y<\/p>\n<p>Ba\u011fl\u0131k\u00f6y \u015eehitleri, 13 Mart Cuma g\u00fcn\u00fc Ba\u011fl\u0131k\u00f6y \u015eehitli\u011finde an\u0131lacak. T\u00f6ren saat 10.00\u2019da an\u0131ta \u00e7elenlerin konulmas\u0131, sayg\u0131 duru\u015fu, sayg\u0131 at\u0131\u015f\u0131 ve \u0130stiklal Mar\u015f\u0131 ile ba\u015flayacak.<\/p>\n<p>\u015eehitlik \u00d6zel Defteri\u2019nin imzalanaca\u011f\u0131 t\u00f6rende, g\u00fcn\u00fcn anlam ve \u00f6nemini belirten konu\u015fmalar\u0131n ard\u0131ndan, \u015fiirler okunacak. T\u00f6rende, son olarak \u015fehit kabirlerine \u00e7i\u00e7ek b\u0131rak\u0131lacak.<\/p>\n<p>-Gaziveren ve \u00c7aml\u0131k\u00f6y<\/p>\n<p>Gaziveren ve \u00c7aml\u0131k\u00f6y \u015eehitleri anma t\u00f6reni, 19 Mart Per\u015fembe g\u00fcn\u00fc yap\u0131lacak.<\/p>\n<p>Gaziveren \u015eehitleri i\u00e7in yap\u0131lacak t\u00f6ren saat 09.00\u2019da \u015eehitler An\u0131t\u0131 \u00f6n\u00fcnde yer alacak. Ard\u0131ndan \u00c7aml\u0131k\u00f6y \u015eehitleri i\u00e7in saat 10.00\u2019da \u015eehit Emin \u0130zzet B\u00fcst\u00fc \u00f6n\u00fcnde t\u00f6ren yap\u0131lacak.<\/p>\n<p>Her iki t\u00f6rende de an\u0131ta \u00e7elenklerin sunulmas\u0131, sayg\u0131 duru\u015fu, sayg\u0131 at\u0131\u015f\u0131 ve \u0130stiklal Mar\u015f\u0131\u2019n\u0131n okunmas\u0131n\u0131n ard\u0131ndan, konu\u015fma yap\u0131lacak ve \u015fiirler okunacak.<\/p>\n<p>\u00d6\u011flen namaz\u0131ndan sonra Gaziveren, \u00c7aml\u0131k\u00f6y ve Lefke Camilerinde \u015fehitler i\u00e7in mevlit okutulacak.<\/p>\n<\/p><\/div>\n","protected":false},"excerpt":{"rendered":"<p>Baf Direni\u015fi, Malya, Ba\u011fl\u0131k\u00f6y, Gaziveren ve \u00c7aml\u0131k\u00f6y \u015eehitleri d\u00fczenlenecek anma t\u00f6renleriyle an\u0131l\u0131yor. \u015eehitleri Anma G\u00fcn\u00fc sebebiyle Baf Direni\u015fi, Malya, Ba\u011fl\u0131k\u00f6y, Gaziveren ve \u00c7aml\u0131k\u00f6y \u015eehitlerini anmak i\u00e7in t\u00f6renler d\u00fczenlenecek. -Baf Direni\u015fi 9 Mart Baf Direni\u015fi ve \u015eehitlerini Anma G\u00fcn\u00fc sebebiyle, Yeni Gazi Baf \u015eehitleri An\u0131t\u0131 \u00f6n\u00fcnde 9 Mart Pazartesi g\u00fcn\u00fc saat 10.00\u2019da t\u00f6ren d\u00fczenlenecek. A\u00e7\u0131l\u0131\u015f konu\u015fmas\u0131n\u0131n<\/p>\n","protected":false},"author":1,"featured_media":107714,"comment_status":"open","ping_status":"open","sticky":false,"template":"","format":"standard","meta":{"footnotes":""},"categories":[81],"tags":[],"class_list":["post-107713","post","type-post","status-publish","format-standard","has-post-thumbnail","hentry","category-kibris"],"yoast_head":"<!-- This site is optimized with the Yoast SEO plugin v27.5 - https:\/\/yoast.com\/product\/yoast-seo-wordpress\/ -->\n<title>BAF D\u0130REN\u0130\u015e\u0130 VE B\u00d6LGE \u015eEH\u0130TLER\u0130 \u0130\u00c7\u0130N ANMA PROGRAMI D\u00dcZENLENECEK -<\/title>\n<meta name=\"robots\" content=\"index, follow, max-snippet:-1, max-image-preview:large, max-video-preview:-1\" \/>\n<link rel=\"canonical\" href=\"https:\/\/kibrisdakik.com\/?p=107713\" \/>\n<meta property=\"og:locale\" content=\"tr_TR\" \/>\n<meta property=\"og:type\" content=\"article\" \/>\n<meta property=\"og:title\" content=\"BAF D\u0130REN\u0130\u015e\u0130 VE B\u00d6LGE \u015eEH\u0130TLER\u0130 \u0130\u00c7\u0130N ANMA PROGRAMI D\u00dcZENLENECEK -\" \/>\n<meta property=\"og:description\" content=\"Baf Direni\u015fi, Malya, Ba\u011fl\u0131k\u00f6y, Gaziveren ve \u00c7aml\u0131k\u00f6y \u015eehitleri d\u00fczenlenecek anma t\u00f6renleriyle an\u0131l\u0131yor. \u015eehitleri Anma G\u00fcn\u00fc sebebiyle Baf Direni\u015fi, Malya, Ba\u011fl\u0131k\u00f6y, Gaziveren ve \u00c7aml\u0131k\u00f6y \u015eehitlerini anmak i\u00e7in t\u00f6renler d\u00fczenlenecek. -Baf Direni\u015fi 9 Mart Baf Direni\u015fi ve \u015eehitlerini Anma G\u00fcn\u00fc sebebiyle, Yeni Gazi Baf \u015eehitleri An\u0131t\u0131 \u00f6n\u00fcnde 9 Mart Pazartesi g\u00fcn\u00fc saat 10.00\u2019da t\u00f6ren d\u00fczenlenecek. A\u00e7\u0131l\u0131\u015f konu\u015fmas\u0131n\u0131n\" \/>\n<meta property=\"og:url\" content=\"https:\/\/kibrisdakik.com\/?p=107713\" \/>\n<meta property=\"article:published_time\" content=\"2026-03-06T13:32:18+00:00\" \/>\n<meta property=\"og:image\" content=\"https:\/\/mhahabercom.teimg.com\/crop\/1280x720\/mhahaber-com\/uploads\/2026\/03\/mha-sari-beyaz-3691.png\" \/>\n<meta name=\"author\" content=\"admin\" \/>\n<meta name=\"twitter:card\" content=\"summary_large_image\" \/>\n<meta name=\"twitter:label1\" content=\"Yazan:\" \/>\n\t<meta name=\"twitter:data1\" content=\"admin\" \/>\n\t<meta name=\"twitter:label2\" content=\"Tahmini okuma s\u00fcresi\" \/>\n\t<meta name=\"twitter:data2\" content=\"2 dakika\" \/>\n<script type=\"application\/ld+json\" class=\"yoast-schema-graph\">{\"@context\":\"https:\\\/\\\/schema.org\",\"@graph\":[{\"@type\":\"Article\",\"@id\":\"https:\\\/\\\/kibrisdakik.com\\\/?p=107713#article\",\"isPartOf\":{\"@id\":\"https:\\\/\\\/kibrisdakik.com\\\/?p=107713\"},\"author\":{\"name\":\"admin\",\"@id\":\"https:\\\/\\\/kibrisdakik.com\\\/#\\\/schema\\\/person\\\/9cd9d437bbb44f72b73ba127e06d8e79\"},\"headline\":\"BAF D\u0130REN\u0130\u015e\u0130 VE B\u00d6LGE \u015eEH\u0130TLER\u0130 \u0130\u00c7\u0130N ANMA PROGRAMI D\u00dcZENLENECEK\",\"datePublished\":\"2026-03-06T13:32:18+00:00\",\"mainEntityOfPage\":{\"@id\":\"https:\\\/\\\/kibrisdakik.com\\\/?p=107713\"},\"wordCount\":379,\"commentCount\":0,\"image\":{\"@id\":\"https:\\\/\\\/kibrisdakik.com\\\/?p=107713#primaryimage\"},\"thumbnailUrl\":\"https:\\\/\\\/kibrisdakik.com\\\/wp-content\\\/uploads\\\/2026\\\/03\\\/mha-sari-beyaz-3691.png\",\"articleSection\":[\"K\u0131br\u0131s\"],\"inLanguage\":\"tr\",\"potentialAction\":[{\"@type\":\"CommentAction\",\"name\":\"Comment\",\"target\":[\"https:\\\/\\\/kibrisdakik.com\\\/?p=107713#respond\"]}]},{\"@type\":\"WebPage\",\"@id\":\"https:\\\/\\\/kibrisdakik.com\\\/?p=107713\",\"url\":\"https:\\\/\\\/kibrisdakik.com\\\/?p=107713\",\"name\":\"BAF D\u0130REN\u0130\u015e\u0130 VE B\u00d6LGE \u015eEH\u0130TLER\u0130 \u0130\u00c7\u0130N ANMA PROGRAMI D\u00dcZENLENECEK -\",\"isPartOf\":{\"@id\":\"https:\\\/\\\/kibrisdakik.com\\\/#website\"},\"primaryImageOfPage\":{\"@id\":\"https:\\\/\\\/kibrisdakik.com\\\/?p=107713#primaryimage\"},\"image\":{\"@id\":\"https:\\\/\\\/kibrisdakik.com\\\/?p=107713#primaryimage\"},\"thumbnailUrl\":\"https:\\\/\\\/kibrisdakik.com\\\/wp-content\\\/uploads\\\/2026\\\/03\\\/mha-sari-beyaz-3691.png\",\"datePublished\":\"2026-03-06T13:32:18+00:00\",\"author\":{\"@id\":\"https:\\\/\\\/kibrisdakik.com\\\/#\\\/schema\\\/person\\\/9cd9d437bbb44f72b73ba127e06d8e79\"},\"breadcrumb\":{\"@id\":\"https:\\\/\\\/kibrisdakik.com\\\/?p=107713#breadcrumb\"},\"inLanguage\":\"tr\",\"potentialAction\":[{\"@type\":\"ReadAction\",\"target\":[\"https:\\\/\\\/kibrisdakik.com\\\/?p=107713\"]}]},{\"@type\":\"ImageObject\",\"inLanguage\":\"tr\",\"@id\":\"https:\\\/\\\/kibrisdakik.com\\\/?p=107713#primaryimage\",\"url\":\"https:\\\/\\\/kibrisdakik.com\\\/wp-content\\\/uploads\\\/2026\\\/03\\\/mha-sari-beyaz-3691.png\",\"contentUrl\":\"https:\\\/\\\/kibrisdakik.com\\\/wp-content\\\/uploads\\\/2026\\\/03\\\/mha-sari-beyaz-3691.png\",\"width\":1280,\"height\":720},{\"@type\":\"BreadcrumbList\",\"@id\":\"https:\\\/\\\/kibrisdakik.com\\\/?p=107713#breadcrumb\",\"itemListElement\":[{\"@type\":\"ListItem\",\"position\":1,\"name\":\"Home\",\"item\":\"https:\\\/\\\/kibrisdakik.com\\\/\"},{\"@type\":\"ListItem\",\"position\":2,\"name\":\"BAF D\u0130REN\u0130\u015e\u0130 VE B\u00d6LGE \u015eEH\u0130TLER\u0130 \u0130\u00c7\u0130N ANMA PROGRAMI D\u00dcZENLENECEK\"}]},{\"@type\":\"WebSite\",\"@id\":\"https:\\\/\\\/kibrisdakik.com\\\/#website\",\"url\":\"https:\\\/\\\/kibrisdakik.com\\\/\",\"name\":\"\",\"description\":\"Tam vaktinde haber\",\"potentialAction\":[{\"@type\":\"SearchAction\",\"target\":{\"@type\":\"EntryPoint\",\"urlTemplate\":\"https:\\\/\\\/kibrisdakik.com\\\/?s={search_term_string}\"},\"query-input\":{\"@type\":\"PropertyValueSpecification\",\"valueRequired\":true,\"valueName\":\"search_term_string\"}}],\"inLanguage\":\"tr\"},{\"@type\":\"Person\",\"@id\":\"https:\\\/\\\/kibrisdakik.com\\\/#\\\/schema\\\/person\\\/9cd9d437bbb44f72b73ba127e06d8e79\",\"name\":\"admin\",\"image\":{\"@type\":\"ImageObject\",\"inLanguage\":\"tr\",\"@id\":\"https:\\\/\\\/secure.gravatar.com\\\/avatar\\\/ccc17943b9d660506c869530f897617f7cb1c21a4bf30023f252596d83e1f007?s=96&d=mm&r=g\",\"url\":\"https:\\\/\\\/secure.gravatar.com\\\/avatar\\\/ccc17943b9d660506c869530f897617f7cb1c21a4bf30023f252596d83e1f007?s=96&d=mm&r=g\",\"contentUrl\":\"https:\\\/\\\/secure.gravatar.com\\\/avatar\\\/ccc17943b9d660506c869530f897617f7cb1c21a4bf30023f252596d83e1f007?s=96&d=mm&r=g\",\"caption\":\"admin\"},\"sameAs\":[\"https:\\\/\\\/kibrisdakik.com\"],\"url\":\"https:\\\/\\\/kibrisdakik.com\\\/?author=1\"}]}<\/script>\n<!-- \/ Yoast SEO plugin. -->","yoast_head_json":{"title":"BAF D\u0130REN\u0130\u015e\u0130 VE B\u00d6LGE \u015eEH\u0130TLER\u0130 \u0130\u00c7\u0130N ANMA PROGRAMI D\u00dcZENLENECEK -","robots":{"index":"index","follow":"follow","max-snippet":"max-snippet:-1","max-image-preview":"max-image-preview:large","max-video-preview":"max-video-preview:-1"},"canonical":"https:\/\/kibrisdakik.com\/?p=107713","og_locale":"tr_TR","og_type":"article","og_title":"BAF D\u0130REN\u0130\u015e\u0130 VE B\u00d6LGE \u015eEH\u0130TLER\u0130 \u0130\u00c7\u0130N ANMA PROGRAMI D\u00dcZENLENECEK -","og_description":"Baf Direni\u015fi, Malya, Ba\u011fl\u0131k\u00f6y, Gaziveren ve \u00c7aml\u0131k\u00f6y \u015eehitleri d\u00fczenlenecek anma t\u00f6renleriyle an\u0131l\u0131yor. \u015eehitleri Anma G\u00fcn\u00fc sebebiyle Baf Direni\u015fi, Malya, Ba\u011fl\u0131k\u00f6y, Gaziveren ve \u00c7aml\u0131k\u00f6y \u015eehitlerini anmak i\u00e7in t\u00f6renler d\u00fczenlenecek. -Baf Direni\u015fi 9 Mart Baf Direni\u015fi ve \u015eehitlerini Anma G\u00fcn\u00fc sebebiyle, Yeni Gazi Baf \u015eehitleri An\u0131t\u0131 \u00f6n\u00fcnde 9 Mart Pazartesi g\u00fcn\u00fc saat 10.00\u2019da t\u00f6ren d\u00fczenlenecek. A\u00e7\u0131l\u0131\u015f konu\u015fmas\u0131n\u0131n","og_url":"https:\/\/kibrisdakik.com\/?p=107713","article_published_time":"2026-03-06T13:32:18+00:00","og_image":[{"url":"https:\/\/mhahabercom.teimg.com\/crop\/1280x720\/mhahaber-com\/uploads\/2026\/03\/mha-sari-beyaz-3691.png","type":"","width":"","height":""}],"author":"admin","twitter_card":"summary_large_image","twitter_misc":{"Yazan:":"admin","Tahmini okuma s\u00fcresi":"2 dakika"},"schema":{"@context":"https:\/\/schema.org","@graph":[{"@type":"Article","@id":"https:\/\/kibrisdakik.com\/?p=107713#article","isPartOf":{"@id":"https:\/\/kibrisdakik.com\/?p=107713"},"author":{"name":"admin","@id":"https:\/\/kibrisdakik.com\/#\/schema\/person\/9cd9d437bbb44f72b73ba127e06d8e79"},"headline":"BAF D\u0130REN\u0130\u015e\u0130 VE B\u00d6LGE \u015eEH\u0130TLER\u0130 \u0130\u00c7\u0130N ANMA PROGRAMI D\u00dcZENLENECEK","datePublished":"2026-03-06T13:32:18+00:00","mainEntityOfPage":{"@id":"https:\/\/kibrisdakik.com\/?p=107713"},"wordCount":379,"commentCount":0,"image":{"@id":"https:\/\/kibrisdakik.com\/?p=107713#primaryimage"},"thumbnailUrl":"https:\/\/kibrisdakik.com\/wp-content\/uploads\/2026\/03\/mha-sari-beyaz-3691.png","articleSection":["K\u0131br\u0131s"],"inLanguage":"tr","potentialAction":[{"@type":"CommentAction","name":"Comment","target":["https:\/\/kibrisdakik.com\/?p=107713#respond"]}]},{"@type":"WebPage","@id":"https:\/\/kibrisdakik.com\/?p=107713","url":"https:\/\/kibrisdakik.com\/?p=107713","name":"BAF D\u0130REN\u0130\u015e\u0130 VE B\u00d6LGE \u015eEH\u0130TLER\u0130 \u0130\u00c7\u0130N ANMA PROGRAMI D\u00dcZENLENECEK -","isPartOf":{"@id":"https:\/\/kibrisdakik.com\/#website"},"primaryImageOfPage":{"@id":"https:\/\/kibrisdakik.com\/?p=107713#primaryimage"},"image":{"@id":"https:\/\/kibrisdakik.com\/?p=107713#primaryimage"},"thumbnailUrl":"https:\/\/kibrisdakik.com\/wp-content\/uploads\/2026\/03\/mha-sari-beyaz-3691.png","datePublished":"2026-03-06T13:32:18+00:00","author":{"@id":"https:\/\/kibrisdakik.com\/#\/schema\/person\/9cd9d437bbb44f72b73ba127e06d8e79"},"breadcrumb":{"@id":"https:\/\/kibrisdakik.com\/?p=107713#breadcrumb"},"inLanguage":"tr","potentialAction":[{"@type":"ReadAction","target":["https:\/\/kibrisdakik.com\/?p=107713"]}]},{"@type":"ImageObject","inLanguage":"tr","@id":"https:\/\/kibrisdakik.com\/?p=107713#primaryimage","url":"https:\/\/kibrisdakik.com\/wp-content\/uploads\/2026\/03\/mha-sari-beyaz-3691.png","contentUrl":"https:\/\/kibrisdakik.com\/wp-content\/uploads\/2026\/03\/mha-sari-beyaz-3691.png","width":1280,"height":720},{"@type":"BreadcrumbList","@id":"https:\/\/kibrisdakik.com\/?p=107713#breadcrumb","itemListElement":[{"@type":"ListItem","position":1,"name":"Home","item":"https:\/\/kibrisdakik.com\/"},{"@type":"ListItem","position":2,"name":"BAF D\u0130REN\u0130\u015e\u0130 VE B\u00d6LGE \u015eEH\u0130TLER\u0130 \u0130\u00c7\u0130N ANMA PROGRAMI D\u00dcZENLENECEK"}]},{"@type":"WebSite","@id":"https:\/\/kibrisdakik.com\/#website","url":"https:\/\/kibrisdakik.com\/","name":"","description":"Tam vaktinde haber","potentialAction":[{"@type":"SearchAction","target":{"@type":"EntryPoint","urlTemplate":"https:\/\/kibrisdakik.com\/?s={search_term_string}"},"query-input":{"@type":"PropertyValueSpecification","valueRequired":true,"valueName":"search_term_string"}}],"inLanguage":"tr"},{"@type":"Person","@id":"https:\/\/kibrisdakik.com\/#\/schema\/person\/9cd9d437bbb44f72b73ba127e06d8e79","name":"admin","image":{"@type":"ImageObject","inLanguage":"tr","@id":"https:\/\/secure.gravatar.com\/avatar\/ccc17943b9d660506c869530f897617f7cb1c21a4bf30023f252596d83e1f007?s=96&d=mm&r=g","url":"https:\/\/secure.gravatar.com\/avatar\/ccc17943b9d660506c869530f897617f7cb1c21a4bf30023f252596d83e1f007?s=96&d=mm&r=g","contentUrl":"https:\/\/secure.gravatar.com\/avatar\/ccc17943b9d660506c869530f897617f7cb1c21a4bf30023f252596d83e1f007?s=96&d=mm&r=g","caption":"admin"},"sameAs":["https:\/\/kibrisdakik.com"],"url":"https:\/\/kibrisdakik.com\/?author=1"}]}},"_links":{"self":[{"href":"https:\/\/kibrisdakik.com\/index.php?rest_route=\/wp\/v2\/posts\/107713","targetHints":{"allow":["GET"]}}],"collection":[{"href":"https:\/\/kibrisdakik.com\/index.php?rest_route=\/wp\/v2\/posts"}],"about":[{"href":"https:\/\/kibrisdakik.com\/index.php?rest_route=\/wp\/v2\/types\/post"}],"author":[{"embeddable":true,"href":"https:\/\/kibrisdakik.com\/index.php?rest_route=\/wp\/v2\/users\/1"}],"replies":[{"embeddable":true,"href":"https:\/\/kibrisdakik.com\/index.php?rest_route=%2Fwp%2Fv2%2Fcomments&post=107713"}],"version-history":[{"count":0,"href":"https:\/\/kibrisdakik.com\/index.php?rest_route=\/wp\/v2\/posts\/107713\/revisions"}],"wp:featuredmedia":[{"embeddable":true,"href":"https:\/\/kibrisdakik.com\/index.php?rest_route=\/wp\/v2\/media\/107714"}],"wp:attachment":[{"href":"https:\/\/kibrisdakik.com\/index.php?rest_route=%2Fwp%2Fv2%2Fmedia&parent=107713"}],"wp:term":[{"taxonomy":"category","embeddable":true,"href":"https:\/\/kibrisdakik.com\/index.php?rest_route=%2Fwp%2Fv2%2Fcategories&post=107713"},{"taxonomy":"post_tag","embeddable":true,"href":"https:\/\/kibrisdakik.com\/index.php?rest_route=%2Fwp%2Fv2%2Ftags&post=107713"}],"curies":[{"name":"wp","href":"https:\/\/api.w.org\/{rel}","templated":true}]}}