{"id":107735,"date":"2026-03-06T17:32:14","date_gmt":"2026-03-06T15:32:14","guid":{"rendered":"https:\/\/kibrisdakik.com\/?p=107735"},"modified":"2026-03-06T17:32:14","modified_gmt":"2026-03-06T15:32:14","slug":"gurkut-kadinlarin-guvende-oldugu-toplum-herkes-icin-adildir","status":"publish","type":"post","link":"https:\/\/kibrisdakik.com\/?p=107735","title":{"rendered":"G\u00dcRKUT: \u201cKADINLARIN G\u00dcVENDE OLDU\u011eU TOPLUM HERKES \u0130\u00c7\u0130N AD\u0130LD\u0130R\u201d"},"content":{"rendered":"<p><\/p>\n<div data-text-id=\"197515\" property=\"articleBody\">\n<p>K\u0131br\u0131s T\u00fcrk Hekimler Sendikas\u0131 (T\u0131p-\u0130\u015f) Ba\u015fkan\u0131 \u00d6zlem G\u00fcrkut, kad\u0131nlar\u0131n e\u015fitli\u011fi, eme\u011fin g\u00fcvencesi ve insan onurunun korunmas\u0131n\u0131n birbirinden ayr\u0131 konular olmad\u0131\u011f\u0131n\u0131 kaydetti.<\/p>\n<p>Kad\u0131nlar\u0131n g\u00fcvende oldu\u011fu, eme\u011fin s\u00f6m\u00fcr\u00fclmedi\u011fi, hak arayanlar\u0131n bask\u0131 g\u00f6rmedi\u011fi bir toplumun m\u00fcmk\u00fcn oldu\u011funu vurgulayan G\u00fcrkut, bu m\u00fccadelenin yaln\u0131zca kad\u0131nlar\u0131n de\u011fil, daha adil bir toplum isteyen herkesin m\u00fccadelesi oldu\u011funa dikkat \u00e7ekti.<\/p>\n<p>G\u00fcrkut 8 Mart D\u00fcnya Emek\u00e7i Kad\u0131nlar G\u00fcn\u00fc nedeniyle yapt\u0131\u011f\u0131 a\u00e7\u0131klamada, bug\u00fcn d\u00fcnyan\u0131n bir\u00e7ok yerinde sava\u015flar s\u00fcrerken en a\u011f\u0131r bedeli yine kad\u0131nlar ve k\u0131z \u00e7ocuklar\u0131n\u0131n \u00f6dedi\u011fini belirterek, \u201cOrta Do\u011fu\u2019da ve d\u00fcnyan\u0131n farkl\u0131 co\u011frafyalar\u0131nda ya\u015fam\u0131n\u0131 yitiren, yerinden edilen, \u015fiddete maruz kalan kad\u0131nlar bize bir kez daha g\u00f6stermektedir ki bar\u0131\u015f ve adalet olmadan kad\u0131nlar\u0131n g\u00fcvenli\u011fi de \u00f6zg\u00fcrl\u00fc\u011f\u00fc de m\u00fcmk\u00fcn de\u011fildir\u201d dedi.<\/p>\n<p>\u00dclkede emek m\u00fccadelesi veren kad\u0131nlar ve erkeklerin bask\u0131larla kar\u015f\u0131 kar\u015f\u0131ya kald\u0131\u011f\u0131n\u0131 kaydeden G\u00fcrkut, kamu hekimlerinin y\u00fcr\u00fctt\u00fckleri sendikal eylemler s\u0131ras\u0131nda idare taraf\u0131ndan tehdide varan bask\u0131lara maruz kald\u0131\u011f\u0131n\u0131 ileri s\u00fcrd\u00fc.<\/p>\n<p>Kamu hekimlerinin yar\u0131dan fazlas\u0131n\u0131n ge\u00e7ici stat\u00fclerde g\u00f6rev yapt\u0131\u011f\u0131n\u0131 ve i\u015f g\u00fcvencesinden yoksun b\u0131rak\u0131ld\u0131\u011f\u0131n\u0131 ifade eden G\u00fcrkut, \u201cKad\u0131n hekimler ise hem mesleklerinin a\u011f\u0131r \u00e7al\u0131\u015fma ko\u015fullar\u0131 hem de annelik sorumluluklar\u0131 aras\u0131nda b\u0131rak\u0131lmaktad\u0131r\u201d dedi.<\/p>\n<p>G\u00fcrkut, anne hekimlerin 32 saate varan n\u00f6betler tuttu\u011funu, bebeklerini n\u00f6bet odalar\u0131nda emzirmek zorunda kald\u0131\u011f\u0131n\u0131, gebe hekimlerin do\u011fumdan k\u0131sa s\u00fcre \u00f6ncesine kadar a\u011f\u0131r \u00e7al\u0131\u015fma ko\u015fullar\u0131nda g\u00f6rev yapt\u0131\u011f\u0131n\u0131 ve uzun n\u00f6betler tuttu\u011funu kaydetti.<\/p>\n<p>-\u201cD\u00fcnyada her g\u00fcn ortalama 137 kad\u0131n, yaln\u0131zca kad\u0131n oldu\u011fu i\u00e7in ya\u015fam\u0131n\u0131 yitiriyor\u201d<\/p>\n<p>Kad\u0131nlara y\u00f6nelik \u015fiddet ve kad\u0131n cinayetlerinin, d\u00fcnyan\u0131n \u201cen a\u011f\u0131r ve en utan\u00e7 verici\u201d ger\u00e7eklerinden biri olmaya devam etti\u011fini belirten \u00d6zlem G\u00fcrkut, \u201cBirle\u015fmi\u015f Milletler verilerine g\u00f6re d\u00fcnyada her g\u00fcn ortalama 137 kad\u0131n, yaln\u0131zca kad\u0131n oldu\u011fu i\u00e7in ya\u015fam\u0131n\u0131 yitirmektedir. Milyonlarca kad\u0131n ise \u015fiddet, tehdit ve bask\u0131 alt\u0131nda ya\u015famaya zorlanmaktad\u0131r\u201d dedi.<\/p>\n<p>Kad\u0131nlar\u0131n ya\u015fam hakk\u0131n\u0131 koruyacak etkin politikalar\u0131n geli\u015ftirilmemesi, koruyucu mekanizmalar\u0131n yetersizli\u011fi ve cezas\u0131zl\u0131k k\u00fclt\u00fcr\u00fcn\u00fcn bu tabloyu daha da a\u011f\u0131rla\u015ft\u0131rd\u0131\u011f\u0131n\u0131 ifade eden G\u00fcrkut, \u201cKad\u0131n cinayetlerinin s\u0131radanla\u015ft\u0131r\u0131lmas\u0131na ve g\u00f6rmezden gelinmesine sessiz kalmak m\u00fcmk\u00fcn de\u011fildir\u201d vurgusu yapt\u0131.<\/p>\n<p>Gece kul\u00fcpleri d\u00fczeninin \u00fclkedeki bir ba\u015fka ac\u0131 ger\u00e7ek oldu\u011funu kaydeden G\u00fcrkut, \u201cBu mek\u00e2nlarda \u00e7al\u0131\u015fan kad\u0131nlar insan onuruna ayk\u0131r\u0131 ko\u015fullar alt\u0131nda \u00e7al\u0131\u015ft\u0131r\u0131lmakta, seyahat belgelerine el konulmakta ve fiilen bir s\u00f6m\u00fcr\u00fc d\u00fczeni i\u00e7inde ya\u015famaya zorlanmaktad\u0131r. Yasalar\u0131m\u0131zda fuhu\u015f yasak olmas\u0131na ra\u011fmen bu d\u00fczenin varl\u0131\u011f\u0131n\u0131 s\u00fcrd\u00fcrmesi, toplum olarak y\u00fczle\u015fmemiz gereken b\u00fcy\u00fck bir \u00e7eli\u015fkidir\u201d ifadelerini kulland\u0131.<\/p>\n<\/p><\/div>\n","protected":false},"excerpt":{"rendered":"<p>K\u0131br\u0131s T\u00fcrk Hekimler Sendikas\u0131 (T\u0131p-\u0130\u015f) Ba\u015fkan\u0131 \u00d6zlem G\u00fcrkut, kad\u0131nlar\u0131n e\u015fitli\u011fi, eme\u011fin g\u00fcvencesi ve insan onurunun korunmas\u0131n\u0131n birbirinden ayr\u0131 konular olmad\u0131\u011f\u0131n\u0131 kaydetti. Kad\u0131nlar\u0131n g\u00fcvende oldu\u011fu, eme\u011fin s\u00f6m\u00fcr\u00fclmedi\u011fi, hak arayanlar\u0131n bask\u0131 g\u00f6rmedi\u011fi bir toplumun m\u00fcmk\u00fcn oldu\u011funu vurgulayan G\u00fcrkut, bu m\u00fccadelenin yaln\u0131zca kad\u0131nlar\u0131n de\u011fil, daha adil bir toplum isteyen herkesin m\u00fccadelesi oldu\u011funa dikkat \u00e7ekti. G\u00fcrkut 8 Mart D\u00fcnya<\/p>\n","protected":false},"author":1,"featured_media":107736,"comment_status":"open","ping_status":"open","sticky":false,"template":"","format":"standard","meta":{"footnotes":""},"categories":[81],"tags":[],"class_list":["post-107735","post","type-post","status-publish","format-standard","has-post-thumbnail","hentry","category-kibris"],"yoast_head":"<!-- This site is optimized with the Yoast SEO plugin v27.5 - https:\/\/yoast.com\/product\/yoast-seo-wordpress\/ -->\n<title>G\u00dcRKUT: \u201cKADINLARIN G\u00dcVENDE OLDU\u011eU TOPLUM HERKES \u0130\u00c7\u0130N AD\u0130LD\u0130R\u201d -<\/title>\n<meta name=\"robots\" content=\"index, follow, max-snippet:-1, max-image-preview:large, max-video-preview:-1\" \/>\n<link rel=\"canonical\" href=\"https:\/\/kibrisdakik.com\/?p=107735\" \/>\n<meta property=\"og:locale\" content=\"tr_TR\" \/>\n<meta property=\"og:type\" content=\"article\" \/>\n<meta property=\"og:title\" content=\"G\u00dcRKUT: \u201cKADINLARIN G\u00dcVENDE OLDU\u011eU TOPLUM HERKES \u0130\u00c7\u0130N AD\u0130LD\u0130R\u201d -\" \/>\n<meta property=\"og:description\" content=\"K\u0131br\u0131s T\u00fcrk Hekimler Sendikas\u0131 (T\u0131p-\u0130\u015f) Ba\u015fkan\u0131 \u00d6zlem G\u00fcrkut, kad\u0131nlar\u0131n e\u015fitli\u011fi, eme\u011fin g\u00fcvencesi ve insan onurunun korunmas\u0131n\u0131n birbirinden ayr\u0131 konular olmad\u0131\u011f\u0131n\u0131 kaydetti. Kad\u0131nlar\u0131n g\u00fcvende oldu\u011fu, eme\u011fin s\u00f6m\u00fcr\u00fclmedi\u011fi, hak arayanlar\u0131n bask\u0131 g\u00f6rmedi\u011fi bir toplumun m\u00fcmk\u00fcn oldu\u011funu vurgulayan G\u00fcrkut, bu m\u00fccadelenin yaln\u0131zca kad\u0131nlar\u0131n de\u011fil, daha adil bir toplum isteyen herkesin m\u00fccadelesi oldu\u011funa dikkat \u00e7ekti. G\u00fcrkut 8 Mart D\u00fcnya\" \/>\n<meta property=\"og:url\" content=\"https:\/\/kibrisdakik.com\/?p=107735\" \/>\n<meta property=\"article:published_time\" content=\"2026-03-06T15:32:14+00:00\" \/>\n<meta property=\"og:image\" content=\"https:\/\/mhahabercom.teimg.com\/crop\/1280x720\/mhahaber-com\/uploads\/2026\/03\/mha-sari-beyaz-3701.png\" \/>\n<meta name=\"author\" content=\"admin\" \/>\n<meta name=\"twitter:card\" content=\"summary_large_image\" \/>\n<meta name=\"twitter:label1\" content=\"Yazan:\" \/>\n\t<meta name=\"twitter:data1\" content=\"admin\" \/>\n\t<meta name=\"twitter:label2\" content=\"Tahmini okuma s\u00fcresi\" \/>\n\t<meta name=\"twitter:data2\" content=\"3 dakika\" \/>\n<script type=\"application\/ld+json\" class=\"yoast-schema-graph\">{\"@context\":\"https:\\\/\\\/schema.org\",\"@graph\":[{\"@type\":\"Article\",\"@id\":\"https:\\\/\\\/kibrisdakik.com\\\/?p=107735#article\",\"isPartOf\":{\"@id\":\"https:\\\/\\\/kibrisdakik.com\\\/?p=107735\"},\"author\":{\"name\":\"admin\",\"@id\":\"https:\\\/\\\/kibrisdakik.com\\\/#\\\/schema\\\/person\\\/9cd9d437bbb44f72b73ba127e06d8e79\"},\"headline\":\"G\u00dcRKUT: \u201cKADINLARIN G\u00dcVENDE OLDU\u011eU TOPLUM HERKES \u0130\u00c7\u0130N AD\u0130LD\u0130R\u201d\",\"datePublished\":\"2026-03-06T15:32:14+00:00\",\"mainEntityOfPage\":{\"@id\":\"https:\\\/\\\/kibrisdakik.com\\\/?p=107735\"},\"wordCount\":575,\"commentCount\":0,\"image\":{\"@id\":\"https:\\\/\\\/kibrisdakik.com\\\/?p=107735#primaryimage\"},\"thumbnailUrl\":\"https:\\\/\\\/kibrisdakik.com\\\/wp-content\\\/uploads\\\/2026\\\/03\\\/mha-sari-beyaz-3701.png\",\"articleSection\":[\"K\u0131br\u0131s\"],\"inLanguage\":\"tr\",\"potentialAction\":[{\"@type\":\"CommentAction\",\"name\":\"Comment\",\"target\":[\"https:\\\/\\\/kibrisdakik.com\\\/?p=107735#respond\"]}]},{\"@type\":\"WebPage\",\"@id\":\"https:\\\/\\\/kibrisdakik.com\\\/?p=107735\",\"url\":\"https:\\\/\\\/kibrisdakik.com\\\/?p=107735\",\"name\":\"G\u00dcRKUT: \u201cKADINLARIN G\u00dcVENDE OLDU\u011eU TOPLUM HERKES \u0130\u00c7\u0130N AD\u0130LD\u0130R\u201d -\",\"isPartOf\":{\"@id\":\"https:\\\/\\\/kibrisdakik.com\\\/#website\"},\"primaryImageOfPage\":{\"@id\":\"https:\\\/\\\/kibrisdakik.com\\\/?p=107735#primaryimage\"},\"image\":{\"@id\":\"https:\\\/\\\/kibrisdakik.com\\\/?p=107735#primaryimage\"},\"thumbnailUrl\":\"https:\\\/\\\/kibrisdakik.com\\\/wp-content\\\/uploads\\\/2026\\\/03\\\/mha-sari-beyaz-3701.png\",\"datePublished\":\"2026-03-06T15:32:14+00:00\",\"author\":{\"@id\":\"https:\\\/\\\/kibrisdakik.com\\\/#\\\/schema\\\/person\\\/9cd9d437bbb44f72b73ba127e06d8e79\"},\"breadcrumb\":{\"@id\":\"https:\\\/\\\/kibrisdakik.com\\\/?p=107735#breadcrumb\"},\"inLanguage\":\"tr\",\"potentialAction\":[{\"@type\":\"ReadAction\",\"target\":[\"https:\\\/\\\/kibrisdakik.com\\\/?p=107735\"]}]},{\"@type\":\"ImageObject\",\"inLanguage\":\"tr\",\"@id\":\"https:\\\/\\\/kibrisdakik.com\\\/?p=107735#primaryimage\",\"url\":\"https:\\\/\\\/kibrisdakik.com\\\/wp-content\\\/uploads\\\/2026\\\/03\\\/mha-sari-beyaz-3701.png\",\"contentUrl\":\"https:\\\/\\\/kibrisdakik.com\\\/wp-content\\\/uploads\\\/2026\\\/03\\\/mha-sari-beyaz-3701.png\",\"width\":1280,\"height\":720},{\"@type\":\"BreadcrumbList\",\"@id\":\"https:\\\/\\\/kibrisdakik.com\\\/?p=107735#breadcrumb\",\"itemListElement\":[{\"@type\":\"ListItem\",\"position\":1,\"name\":\"Home\",\"item\":\"https:\\\/\\\/kibrisdakik.com\\\/\"},{\"@type\":\"ListItem\",\"position\":2,\"name\":\"G\u00dcRKUT: \u201cKADINLARIN G\u00dcVENDE OLDU\u011eU TOPLUM HERKES \u0130\u00c7\u0130N AD\u0130LD\u0130R\u201d\"}]},{\"@type\":\"WebSite\",\"@id\":\"https:\\\/\\\/kibrisdakik.com\\\/#website\",\"url\":\"https:\\\/\\\/kibrisdakik.com\\\/\",\"name\":\"\",\"description\":\"Tam vaktinde haber\",\"potentialAction\":[{\"@type\":\"SearchAction\",\"target\":{\"@type\":\"EntryPoint\",\"urlTemplate\":\"https:\\\/\\\/kibrisdakik.com\\\/?s={search_term_string}\"},\"query-input\":{\"@type\":\"PropertyValueSpecification\",\"valueRequired\":true,\"valueName\":\"search_term_string\"}}],\"inLanguage\":\"tr\"},{\"@type\":\"Person\",\"@id\":\"https:\\\/\\\/kibrisdakik.com\\\/#\\\/schema\\\/person\\\/9cd9d437bbb44f72b73ba127e06d8e79\",\"name\":\"admin\",\"image\":{\"@type\":\"ImageObject\",\"inLanguage\":\"tr\",\"@id\":\"https:\\\/\\\/secure.gravatar.com\\\/avatar\\\/ccc17943b9d660506c869530f897617f7cb1c21a4bf30023f252596d83e1f007?s=96&d=mm&r=g\",\"url\":\"https:\\\/\\\/secure.gravatar.com\\\/avatar\\\/ccc17943b9d660506c869530f897617f7cb1c21a4bf30023f252596d83e1f007?s=96&d=mm&r=g\",\"contentUrl\":\"https:\\\/\\\/secure.gravatar.com\\\/avatar\\\/ccc17943b9d660506c869530f897617f7cb1c21a4bf30023f252596d83e1f007?s=96&d=mm&r=g\",\"caption\":\"admin\"},\"sameAs\":[\"https:\\\/\\\/kibrisdakik.com\"],\"url\":\"https:\\\/\\\/kibrisdakik.com\\\/?author=1\"}]}<\/script>\n<!-- \/ Yoast SEO plugin. -->","yoast_head_json":{"title":"G\u00dcRKUT: \u201cKADINLARIN G\u00dcVENDE OLDU\u011eU TOPLUM HERKES \u0130\u00c7\u0130N AD\u0130LD\u0130R\u201d -","robots":{"index":"index","follow":"follow","max-snippet":"max-snippet:-1","max-image-preview":"max-image-preview:large","max-video-preview":"max-video-preview:-1"},"canonical":"https:\/\/kibrisdakik.com\/?p=107735","og_locale":"tr_TR","og_type":"article","og_title":"G\u00dcRKUT: \u201cKADINLARIN G\u00dcVENDE OLDU\u011eU TOPLUM HERKES \u0130\u00c7\u0130N AD\u0130LD\u0130R\u201d -","og_description":"K\u0131br\u0131s T\u00fcrk Hekimler Sendikas\u0131 (T\u0131p-\u0130\u015f) Ba\u015fkan\u0131 \u00d6zlem G\u00fcrkut, kad\u0131nlar\u0131n e\u015fitli\u011fi, eme\u011fin g\u00fcvencesi ve insan onurunun korunmas\u0131n\u0131n birbirinden ayr\u0131 konular olmad\u0131\u011f\u0131n\u0131 kaydetti. Kad\u0131nlar\u0131n g\u00fcvende oldu\u011fu, eme\u011fin s\u00f6m\u00fcr\u00fclmedi\u011fi, hak arayanlar\u0131n bask\u0131 g\u00f6rmedi\u011fi bir toplumun m\u00fcmk\u00fcn oldu\u011funu vurgulayan G\u00fcrkut, bu m\u00fccadelenin yaln\u0131zca kad\u0131nlar\u0131n de\u011fil, daha adil bir toplum isteyen herkesin m\u00fccadelesi oldu\u011funa dikkat \u00e7ekti. G\u00fcrkut 8 Mart D\u00fcnya","og_url":"https:\/\/kibrisdakik.com\/?p=107735","article_published_time":"2026-03-06T15:32:14+00:00","og_image":[{"url":"https:\/\/mhahabercom.teimg.com\/crop\/1280x720\/mhahaber-com\/uploads\/2026\/03\/mha-sari-beyaz-3701.png","type":"","width":"","height":""}],"author":"admin","twitter_card":"summary_large_image","twitter_misc":{"Yazan:":"admin","Tahmini okuma s\u00fcresi":"3 dakika"},"schema":{"@context":"https:\/\/schema.org","@graph":[{"@type":"Article","@id":"https:\/\/kibrisdakik.com\/?p=107735#article","isPartOf":{"@id":"https:\/\/kibrisdakik.com\/?p=107735"},"author":{"name":"admin","@id":"https:\/\/kibrisdakik.com\/#\/schema\/person\/9cd9d437bbb44f72b73ba127e06d8e79"},"headline":"G\u00dcRKUT: \u201cKADINLARIN G\u00dcVENDE OLDU\u011eU TOPLUM HERKES \u0130\u00c7\u0130N AD\u0130LD\u0130R\u201d","datePublished":"2026-03-06T15:32:14+00:00","mainEntityOfPage":{"@id":"https:\/\/kibrisdakik.com\/?p=107735"},"wordCount":575,"commentCount":0,"image":{"@id":"https:\/\/kibrisdakik.com\/?p=107735#primaryimage"},"thumbnailUrl":"https:\/\/kibrisdakik.com\/wp-content\/uploads\/2026\/03\/mha-sari-beyaz-3701.png","articleSection":["K\u0131br\u0131s"],"inLanguage":"tr","potentialAction":[{"@type":"CommentAction","name":"Comment","target":["https:\/\/kibrisdakik.com\/?p=107735#respond"]}]},{"@type":"WebPage","@id":"https:\/\/kibrisdakik.com\/?p=107735","url":"https:\/\/kibrisdakik.com\/?p=107735","name":"G\u00dcRKUT: \u201cKADINLARIN G\u00dcVENDE OLDU\u011eU TOPLUM HERKES \u0130\u00c7\u0130N AD\u0130LD\u0130R\u201d -","isPartOf":{"@id":"https:\/\/kibrisdakik.com\/#website"},"primaryImageOfPage":{"@id":"https:\/\/kibrisdakik.com\/?p=107735#primaryimage"},"image":{"@id":"https:\/\/kibrisdakik.com\/?p=107735#primaryimage"},"thumbnailUrl":"https:\/\/kibrisdakik.com\/wp-content\/uploads\/2026\/03\/mha-sari-beyaz-3701.png","datePublished":"2026-03-06T15:32:14+00:00","author":{"@id":"https:\/\/kibrisdakik.com\/#\/schema\/person\/9cd9d437bbb44f72b73ba127e06d8e79"},"breadcrumb":{"@id":"https:\/\/kibrisdakik.com\/?p=107735#breadcrumb"},"inLanguage":"tr","potentialAction":[{"@type":"ReadAction","target":["https:\/\/kibrisdakik.com\/?p=107735"]}]},{"@type":"ImageObject","inLanguage":"tr","@id":"https:\/\/kibrisdakik.com\/?p=107735#primaryimage","url":"https:\/\/kibrisdakik.com\/wp-content\/uploads\/2026\/03\/mha-sari-beyaz-3701.png","contentUrl":"https:\/\/kibrisdakik.com\/wp-content\/uploads\/2026\/03\/mha-sari-beyaz-3701.png","width":1280,"height":720},{"@type":"BreadcrumbList","@id":"https:\/\/kibrisdakik.com\/?p=107735#breadcrumb","itemListElement":[{"@type":"ListItem","position":1,"name":"Home","item":"https:\/\/kibrisdakik.com\/"},{"@type":"ListItem","position":2,"name":"G\u00dcRKUT: \u201cKADINLARIN G\u00dcVENDE OLDU\u011eU TOPLUM HERKES \u0130\u00c7\u0130N AD\u0130LD\u0130R\u201d"}]},{"@type":"WebSite","@id":"https:\/\/kibrisdakik.com\/#website","url":"https:\/\/kibrisdakik.com\/","name":"","description":"Tam vaktinde haber","potentialAction":[{"@type":"SearchAction","target":{"@type":"EntryPoint","urlTemplate":"https:\/\/kibrisdakik.com\/?s={search_term_string}"},"query-input":{"@type":"PropertyValueSpecification","valueRequired":true,"valueName":"search_term_string"}}],"inLanguage":"tr"},{"@type":"Person","@id":"https:\/\/kibrisdakik.com\/#\/schema\/person\/9cd9d437bbb44f72b73ba127e06d8e79","name":"admin","image":{"@type":"ImageObject","inLanguage":"tr","@id":"https:\/\/secure.gravatar.com\/avatar\/ccc17943b9d660506c869530f897617f7cb1c21a4bf30023f252596d83e1f007?s=96&d=mm&r=g","url":"https:\/\/secure.gravatar.com\/avatar\/ccc17943b9d660506c869530f897617f7cb1c21a4bf30023f252596d83e1f007?s=96&d=mm&r=g","contentUrl":"https:\/\/secure.gravatar.com\/avatar\/ccc17943b9d660506c869530f897617f7cb1c21a4bf30023f252596d83e1f007?s=96&d=mm&r=g","caption":"admin"},"sameAs":["https:\/\/kibrisdakik.com"],"url":"https:\/\/kibrisdakik.com\/?author=1"}]}},"_links":{"self":[{"href":"https:\/\/kibrisdakik.com\/index.php?rest_route=\/wp\/v2\/posts\/107735","targetHints":{"allow":["GET"]}}],"collection":[{"href":"https:\/\/kibrisdakik.com\/index.php?rest_route=\/wp\/v2\/posts"}],"about":[{"href":"https:\/\/kibrisdakik.com\/index.php?rest_route=\/wp\/v2\/types\/post"}],"author":[{"embeddable":true,"href":"https:\/\/kibrisdakik.com\/index.php?rest_route=\/wp\/v2\/users\/1"}],"replies":[{"embeddable":true,"href":"https:\/\/kibrisdakik.com\/index.php?rest_route=%2Fwp%2Fv2%2Fcomments&post=107735"}],"version-history":[{"count":0,"href":"https:\/\/kibrisdakik.com\/index.php?rest_route=\/wp\/v2\/posts\/107735\/revisions"}],"wp:featuredmedia":[{"embeddable":true,"href":"https:\/\/kibrisdakik.com\/index.php?rest_route=\/wp\/v2\/media\/107736"}],"wp:attachment":[{"href":"https:\/\/kibrisdakik.com\/index.php?rest_route=%2Fwp%2Fv2%2Fmedia&parent=107735"}],"wp:term":[{"taxonomy":"category","embeddable":true,"href":"https:\/\/kibrisdakik.com\/index.php?rest_route=%2Fwp%2Fv2%2Fcategories&post=107735"},{"taxonomy":"post_tag","embeddable":true,"href":"https:\/\/kibrisdakik.com\/index.php?rest_route=%2Fwp%2Fv2%2Ftags&post=107735"}],"curies":[{"name":"wp","href":"https:\/\/api.w.org\/{rel}","templated":true}]}}