{"id":107783,"date":"2026-03-07T16:14:13","date_gmt":"2026-03-07T14:14:13","guid":{"rendered":"https:\/\/kibrisdakik.com\/?p=107783"},"modified":"2026-03-07T16:14:13","modified_gmt":"2026-03-07T14:14:13","slug":"incirli-saglikta-sorunlar-dogru-planlamayla-cozulebilir","status":"publish","type":"post","link":"https:\/\/kibrisdakik.com\/?p=107783","title":{"rendered":"\u0130NC\u0130RL\u0130: SA\u011eLIKTA SORUNLAR DO\u011eRU PLANLAMAYLA \u00c7\u00d6Z\u00dcLEB\u0130L\u0130R"},"content":{"rendered":"<p><\/p>\n<div data-text-id=\"197551\" property=\"articleBody\">\n<p>Cumhuriyet\u00e7i T\u00fcrk Partisi (CTP) Genel Ba\u015fkan\u0131 S\u0131la Usar \u0130ncirli, beraberinde milletvekilleri Filiz Besim ve Ceyhun Birinci ile birlikte K\u0131br\u0131s T\u00fcrk Hekimler Sendikas\u0131\u2019n\u0131 (T\u0131p-\u0130\u015f)ziyaret etti.<\/p>\n<p>Partiden yap\u0131lan a\u00e7\u0131klamaya g\u00f6re ziyarette sa\u011fl\u0131k sekt\u00f6r\u00fcnde ya\u015fanan sorunlar, hekimlerin \u00e7al\u0131\u015fma ko\u015fullar\u0131 ve son d\u00f6nemde yap\u0131lan grevin nedenleri ele al\u0131nd\u0131.<\/p>\n<p>-\u0130ncirli<\/p>\n<p>CTP Genel Ba\u015fkan\u0131 S\u0131la Usar \u0130ncirli, konu\u015fmas\u0131nda, ge\u00e7mi\u015fte T\u0131p-\u0130\u015f Ba\u015fkanl\u0131\u011f\u0131 g\u00f6revini y\u00fcr\u00fctm\u00fc\u015f biri olarak sa\u011fl\u0131k \u00e7al\u0131\u015fanlar\u0131n\u0131n ya\u015fad\u0131\u011f\u0131 sorunlar\u0131 yak\u0131ndan bildi\u011fini ifade ederek, sa\u011fl\u0131k sisteminde ya\u015fanan bir\u00e7ok sorunun asl\u0131nda do\u011fru planlama, g\u00fc\u00e7l\u00fc bir siyasi irade ve ekip \u00e7al\u0131\u015fmas\u0131yla \u00e7\u00f6z\u00fclebilece\u011fini belirtti. \u0130ncirli, sa\u011fl\u0131k alan\u0131ndaki sorunlar\u0131n \u00e7\u00f6z\u00fcm\u00fc i\u00e7in kapsaml\u0131 \u00e7al\u0131\u015fmalar y\u00fcr\u00fctt\u00fc\u011f\u00fcn\u00fc belirterek, h\u00fck\u00fcmete gelmeleri durumunda hekimlerin \u00f6zl\u00fck haklar\u0131, sosyal g\u00fcvence ve emeklilik haklar\u0131 ba\u015fta olmak \u00fczere sa\u011fl\u0131k \u00e7al\u0131\u015fanlar\u0131n\u0131n \u00e7al\u0131\u015fma ko\u015fullar\u0131n\u0131 iyile\u015ftirecek d\u00fczenlemeleri hayata ge\u00e7irmek i\u00e7in \u00e7al\u0131\u015facaklar\u0131n\u0131 vurgulad\u0131.<\/p>\n<p>-G\u00fcrkut<\/p>\n<p>A\u00e7\u0131klamada, T\u0131p-\u0130\u015f Ba\u015fkan\u0131 \u00d6zlem G\u00fcrkut\u2019un ise CTP heyetine sendikan\u0131n i\u00e7inde bulundu\u011fu sorunlar\u0131, son g\u00fcnlerde yap\u0131lan grevin gerek\u00e7elerini ve Sa\u011fl\u0131k Bakanl\u0131\u011f\u0131 ile y\u00fcr\u00fct\u00fclen g\u00f6r\u00fc\u015fmelerde gelinen noktay\u0131 aktard\u0131\u011f\u0131 belirtildi.<\/p>\n<p>G\u00fcrkut, \u00fclkede sa\u011fl\u0131k hizmetlerine olan talebin h\u0131zla artt\u0131\u011f\u0131n\u0131, ancak bu art\u0131\u015f\u0131 kar\u015f\u0131layacak altyap\u0131 ve insan kayna\u011f\u0131n\u0131n yetersiz kald\u0131\u011f\u0131n\u0131 belirterek, bu durumun hem hastalar\u0131n hizmete eri\u015fimini zorla\u015ft\u0131rd\u0131\u011f\u0131n\u0131 hem de hekimler ile sa\u011fl\u0131k \u00e7al\u0131\u015fanlar\u0131n\u0131n a\u011f\u0131r bir i\u015f y\u00fck\u00fc alt\u0131nda \u00e7al\u0131\u015fmas\u0131na yol a\u00e7t\u0131\u011f\u0131n\u0131 ifade etti.<\/p>\n<p>A\u00e7\u0131klamada, ziyaretin, sa\u011fl\u0131k sisteminin s\u00fcrd\u00fcr\u00fclebilirli\u011fi ve toplumun nitelikli sa\u011fl\u0131k hizmetine eri\u015fimi i\u00e7in hekimlerin \u00e7al\u0131\u015fma ko\u015fullar\u0131n\u0131n iyile\u015ftirilmesi gerekti\u011fi konusunda ortak g\u00f6r\u00fc\u015f payla\u015f\u0131lmas\u0131yla tamamland\u0131\u011f\u0131 kaydedildi.<\/p>\n<\/p><\/div>\n","protected":false},"excerpt":{"rendered":"<p>Cumhuriyet\u00e7i T\u00fcrk Partisi (CTP) Genel Ba\u015fkan\u0131 S\u0131la Usar \u0130ncirli, beraberinde milletvekilleri Filiz Besim ve Ceyhun Birinci ile birlikte K\u0131br\u0131s T\u00fcrk Hekimler Sendikas\u0131\u2019n\u0131 (T\u0131p-\u0130\u015f)ziyaret etti. Partiden yap\u0131lan a\u00e7\u0131klamaya g\u00f6re ziyarette sa\u011fl\u0131k sekt\u00f6r\u00fcnde ya\u015fanan sorunlar, hekimlerin \u00e7al\u0131\u015fma ko\u015fullar\u0131 ve son d\u00f6nemde yap\u0131lan grevin nedenleri ele al\u0131nd\u0131. -\u0130ncirli CTP Genel Ba\u015fkan\u0131 S\u0131la Usar \u0130ncirli, konu\u015fmas\u0131nda, ge\u00e7mi\u015fte T\u0131p-\u0130\u015f Ba\u015fkanl\u0131\u011f\u0131<\/p>\n","protected":false},"author":1,"featured_media":107784,"comment_status":"open","ping_status":"open","sticky":false,"template":"","format":"standard","meta":{"footnotes":""},"categories":[81],"tags":[],"class_list":["post-107783","post","type-post","status-publish","format-standard","has-post-thumbnail","hentry","category-kibris"],"yoast_head":"<!-- This site is optimized with the Yoast SEO plugin v27.4 - https:\/\/yoast.com\/product\/yoast-seo-wordpress\/ -->\n<title>\u0130NC\u0130RL\u0130: SA\u011eLIKTA SORUNLAR DO\u011eRU PLANLAMAYLA \u00c7\u00d6Z\u00dcLEB\u0130L\u0130R -<\/title>\n<meta name=\"robots\" content=\"index, follow, max-snippet:-1, max-image-preview:large, max-video-preview:-1\" \/>\n<link rel=\"canonical\" href=\"https:\/\/kibrisdakik.com\/?p=107783\" \/>\n<meta property=\"og:locale\" content=\"tr_TR\" \/>\n<meta property=\"og:type\" content=\"article\" \/>\n<meta property=\"og:title\" content=\"\u0130NC\u0130RL\u0130: SA\u011eLIKTA SORUNLAR DO\u011eRU PLANLAMAYLA \u00c7\u00d6Z\u00dcLEB\u0130L\u0130R -\" \/>\n<meta property=\"og:description\" content=\"Cumhuriyet\u00e7i T\u00fcrk Partisi (CTP) Genel Ba\u015fkan\u0131 S\u0131la Usar \u0130ncirli, beraberinde milletvekilleri Filiz Besim ve Ceyhun Birinci ile birlikte K\u0131br\u0131s T\u00fcrk Hekimler Sendikas\u0131\u2019n\u0131 (T\u0131p-\u0130\u015f)ziyaret etti. Partiden yap\u0131lan a\u00e7\u0131klamaya g\u00f6re ziyarette sa\u011fl\u0131k sekt\u00f6r\u00fcnde ya\u015fanan sorunlar, hekimlerin \u00e7al\u0131\u015fma ko\u015fullar\u0131 ve son d\u00f6nemde yap\u0131lan grevin nedenleri ele al\u0131nd\u0131. -\u0130ncirli CTP Genel Ba\u015fkan\u0131 S\u0131la Usar \u0130ncirli, konu\u015fmas\u0131nda, ge\u00e7mi\u015fte T\u0131p-\u0130\u015f Ba\u015fkanl\u0131\u011f\u0131\" \/>\n<meta property=\"og:url\" content=\"https:\/\/kibrisdakik.com\/?p=107783\" \/>\n<meta property=\"article:published_time\" content=\"2026-03-07T14:14:13+00:00\" \/>\n<meta property=\"og:image\" content=\"https:\/\/mhahabercom.teimg.com\/crop\/1280x720\/mhahaber-com\/uploads\/2026\/03\/mha-sari-beyaz-3714.png\" \/>\n<meta name=\"author\" content=\"admin\" \/>\n<meta name=\"twitter:card\" content=\"summary_large_image\" \/>\n<meta name=\"twitter:label1\" content=\"Yazan:\" \/>\n\t<meta name=\"twitter:data1\" content=\"admin\" \/>\n\t<meta name=\"twitter:label2\" content=\"Tahmini okuma s\u00fcresi\" \/>\n\t<meta name=\"twitter:data2\" content=\"2 dakika\" \/>\n<script type=\"application\/ld+json\" class=\"yoast-schema-graph\">{\"@context\":\"https:\\\/\\\/schema.org\",\"@graph\":[{\"@type\":\"Article\",\"@id\":\"https:\\\/\\\/kibrisdakik.com\\\/?p=107783#article\",\"isPartOf\":{\"@id\":\"https:\\\/\\\/kibrisdakik.com\\\/?p=107783\"},\"author\":{\"name\":\"admin\",\"@id\":\"https:\\\/\\\/kibrisdakik.com\\\/#\\\/schema\\\/person\\\/9cd9d437bbb44f72b73ba127e06d8e79\"},\"headline\":\"\u0130NC\u0130RL\u0130: SA\u011eLIKTA SORUNLAR DO\u011eRU PLANLAMAYLA \u00c7\u00d6Z\u00dcLEB\u0130L\u0130R\",\"datePublished\":\"2026-03-07T14:14:13+00:00\",\"mainEntityOfPage\":{\"@id\":\"https:\\\/\\\/kibrisdakik.com\\\/?p=107783\"},\"wordCount\":372,\"commentCount\":0,\"image\":{\"@id\":\"https:\\\/\\\/kibrisdakik.com\\\/?p=107783#primaryimage\"},\"thumbnailUrl\":\"https:\\\/\\\/kibrisdakik.com\\\/wp-content\\\/uploads\\\/2026\\\/03\\\/mha-sari-beyaz-3714.png\",\"articleSection\":[\"K\u0131br\u0131s\"],\"inLanguage\":\"tr\",\"potentialAction\":[{\"@type\":\"CommentAction\",\"name\":\"Comment\",\"target\":[\"https:\\\/\\\/kibrisdakik.com\\\/?p=107783#respond\"]}]},{\"@type\":\"WebPage\",\"@id\":\"https:\\\/\\\/kibrisdakik.com\\\/?p=107783\",\"url\":\"https:\\\/\\\/kibrisdakik.com\\\/?p=107783\",\"name\":\"\u0130NC\u0130RL\u0130: SA\u011eLIKTA SORUNLAR DO\u011eRU PLANLAMAYLA \u00c7\u00d6Z\u00dcLEB\u0130L\u0130R -\",\"isPartOf\":{\"@id\":\"https:\\\/\\\/kibrisdakik.com\\\/#website\"},\"primaryImageOfPage\":{\"@id\":\"https:\\\/\\\/kibrisdakik.com\\\/?p=107783#primaryimage\"},\"image\":{\"@id\":\"https:\\\/\\\/kibrisdakik.com\\\/?p=107783#primaryimage\"},\"thumbnailUrl\":\"https:\\\/\\\/kibrisdakik.com\\\/wp-content\\\/uploads\\\/2026\\\/03\\\/mha-sari-beyaz-3714.png\",\"datePublished\":\"2026-03-07T14:14:13+00:00\",\"author\":{\"@id\":\"https:\\\/\\\/kibrisdakik.com\\\/#\\\/schema\\\/person\\\/9cd9d437bbb44f72b73ba127e06d8e79\"},\"breadcrumb\":{\"@id\":\"https:\\\/\\\/kibrisdakik.com\\\/?p=107783#breadcrumb\"},\"inLanguage\":\"tr\",\"potentialAction\":[{\"@type\":\"ReadAction\",\"target\":[\"https:\\\/\\\/kibrisdakik.com\\\/?p=107783\"]}]},{\"@type\":\"ImageObject\",\"inLanguage\":\"tr\",\"@id\":\"https:\\\/\\\/kibrisdakik.com\\\/?p=107783#primaryimage\",\"url\":\"https:\\\/\\\/kibrisdakik.com\\\/wp-content\\\/uploads\\\/2026\\\/03\\\/mha-sari-beyaz-3714.png\",\"contentUrl\":\"https:\\\/\\\/kibrisdakik.com\\\/wp-content\\\/uploads\\\/2026\\\/03\\\/mha-sari-beyaz-3714.png\",\"width\":1280,\"height\":720},{\"@type\":\"BreadcrumbList\",\"@id\":\"https:\\\/\\\/kibrisdakik.com\\\/?p=107783#breadcrumb\",\"itemListElement\":[{\"@type\":\"ListItem\",\"position\":1,\"name\":\"Home\",\"item\":\"https:\\\/\\\/kibrisdakik.com\\\/\"},{\"@type\":\"ListItem\",\"position\":2,\"name\":\"\u0130NC\u0130RL\u0130: SA\u011eLIKTA SORUNLAR DO\u011eRU PLANLAMAYLA \u00c7\u00d6Z\u00dcLEB\u0130L\u0130R\"}]},{\"@type\":\"WebSite\",\"@id\":\"https:\\\/\\\/kibrisdakik.com\\\/#website\",\"url\":\"https:\\\/\\\/kibrisdakik.com\\\/\",\"name\":\"\",\"description\":\"Tam vaktinde haber\",\"potentialAction\":[{\"@type\":\"SearchAction\",\"target\":{\"@type\":\"EntryPoint\",\"urlTemplate\":\"https:\\\/\\\/kibrisdakik.com\\\/?s={search_term_string}\"},\"query-input\":{\"@type\":\"PropertyValueSpecification\",\"valueRequired\":true,\"valueName\":\"search_term_string\"}}],\"inLanguage\":\"tr\"},{\"@type\":\"Person\",\"@id\":\"https:\\\/\\\/kibrisdakik.com\\\/#\\\/schema\\\/person\\\/9cd9d437bbb44f72b73ba127e06d8e79\",\"name\":\"admin\",\"image\":{\"@type\":\"ImageObject\",\"inLanguage\":\"tr\",\"@id\":\"https:\\\/\\\/secure.gravatar.com\\\/avatar\\\/ccc17943b9d660506c869530f897617f7cb1c21a4bf30023f252596d83e1f007?s=96&d=mm&r=g\",\"url\":\"https:\\\/\\\/secure.gravatar.com\\\/avatar\\\/ccc17943b9d660506c869530f897617f7cb1c21a4bf30023f252596d83e1f007?s=96&d=mm&r=g\",\"contentUrl\":\"https:\\\/\\\/secure.gravatar.com\\\/avatar\\\/ccc17943b9d660506c869530f897617f7cb1c21a4bf30023f252596d83e1f007?s=96&d=mm&r=g\",\"caption\":\"admin\"},\"sameAs\":[\"https:\\\/\\\/kibrisdakik.com\"],\"url\":\"https:\\\/\\\/kibrisdakik.com\\\/?author=1\"}]}<\/script>\n<!-- \/ Yoast SEO plugin. -->","yoast_head_json":{"title":"\u0130NC\u0130RL\u0130: SA\u011eLIKTA SORUNLAR DO\u011eRU PLANLAMAYLA \u00c7\u00d6Z\u00dcLEB\u0130L\u0130R -","robots":{"index":"index","follow":"follow","max-snippet":"max-snippet:-1","max-image-preview":"max-image-preview:large","max-video-preview":"max-video-preview:-1"},"canonical":"https:\/\/kibrisdakik.com\/?p=107783","og_locale":"tr_TR","og_type":"article","og_title":"\u0130NC\u0130RL\u0130: SA\u011eLIKTA SORUNLAR DO\u011eRU PLANLAMAYLA \u00c7\u00d6Z\u00dcLEB\u0130L\u0130R -","og_description":"Cumhuriyet\u00e7i T\u00fcrk Partisi (CTP) Genel Ba\u015fkan\u0131 S\u0131la Usar \u0130ncirli, beraberinde milletvekilleri Filiz Besim ve Ceyhun Birinci ile birlikte K\u0131br\u0131s T\u00fcrk Hekimler Sendikas\u0131\u2019n\u0131 (T\u0131p-\u0130\u015f)ziyaret etti. Partiden yap\u0131lan a\u00e7\u0131klamaya g\u00f6re ziyarette sa\u011fl\u0131k sekt\u00f6r\u00fcnde ya\u015fanan sorunlar, hekimlerin \u00e7al\u0131\u015fma ko\u015fullar\u0131 ve son d\u00f6nemde yap\u0131lan grevin nedenleri ele al\u0131nd\u0131. -\u0130ncirli CTP Genel Ba\u015fkan\u0131 S\u0131la Usar \u0130ncirli, konu\u015fmas\u0131nda, ge\u00e7mi\u015fte T\u0131p-\u0130\u015f Ba\u015fkanl\u0131\u011f\u0131","og_url":"https:\/\/kibrisdakik.com\/?p=107783","article_published_time":"2026-03-07T14:14:13+00:00","og_image":[{"url":"https:\/\/mhahabercom.teimg.com\/crop\/1280x720\/mhahaber-com\/uploads\/2026\/03\/mha-sari-beyaz-3714.png","type":"","width":"","height":""}],"author":"admin","twitter_card":"summary_large_image","twitter_misc":{"Yazan:":"admin","Tahmini okuma s\u00fcresi":"2 dakika"},"schema":{"@context":"https:\/\/schema.org","@graph":[{"@type":"Article","@id":"https:\/\/kibrisdakik.com\/?p=107783#article","isPartOf":{"@id":"https:\/\/kibrisdakik.com\/?p=107783"},"author":{"name":"admin","@id":"https:\/\/kibrisdakik.com\/#\/schema\/person\/9cd9d437bbb44f72b73ba127e06d8e79"},"headline":"\u0130NC\u0130RL\u0130: SA\u011eLIKTA SORUNLAR DO\u011eRU PLANLAMAYLA \u00c7\u00d6Z\u00dcLEB\u0130L\u0130R","datePublished":"2026-03-07T14:14:13+00:00","mainEntityOfPage":{"@id":"https:\/\/kibrisdakik.com\/?p=107783"},"wordCount":372,"commentCount":0,"image":{"@id":"https:\/\/kibrisdakik.com\/?p=107783#primaryimage"},"thumbnailUrl":"https:\/\/kibrisdakik.com\/wp-content\/uploads\/2026\/03\/mha-sari-beyaz-3714.png","articleSection":["K\u0131br\u0131s"],"inLanguage":"tr","potentialAction":[{"@type":"CommentAction","name":"Comment","target":["https:\/\/kibrisdakik.com\/?p=107783#respond"]}]},{"@type":"WebPage","@id":"https:\/\/kibrisdakik.com\/?p=107783","url":"https:\/\/kibrisdakik.com\/?p=107783","name":"\u0130NC\u0130RL\u0130: SA\u011eLIKTA SORUNLAR DO\u011eRU PLANLAMAYLA \u00c7\u00d6Z\u00dcLEB\u0130L\u0130R -","isPartOf":{"@id":"https:\/\/kibrisdakik.com\/#website"},"primaryImageOfPage":{"@id":"https:\/\/kibrisdakik.com\/?p=107783#primaryimage"},"image":{"@id":"https:\/\/kibrisdakik.com\/?p=107783#primaryimage"},"thumbnailUrl":"https:\/\/kibrisdakik.com\/wp-content\/uploads\/2026\/03\/mha-sari-beyaz-3714.png","datePublished":"2026-03-07T14:14:13+00:00","author":{"@id":"https:\/\/kibrisdakik.com\/#\/schema\/person\/9cd9d437bbb44f72b73ba127e06d8e79"},"breadcrumb":{"@id":"https:\/\/kibrisdakik.com\/?p=107783#breadcrumb"},"inLanguage":"tr","potentialAction":[{"@type":"ReadAction","target":["https:\/\/kibrisdakik.com\/?p=107783"]}]},{"@type":"ImageObject","inLanguage":"tr","@id":"https:\/\/kibrisdakik.com\/?p=107783#primaryimage","url":"https:\/\/kibrisdakik.com\/wp-content\/uploads\/2026\/03\/mha-sari-beyaz-3714.png","contentUrl":"https:\/\/kibrisdakik.com\/wp-content\/uploads\/2026\/03\/mha-sari-beyaz-3714.png","width":1280,"height":720},{"@type":"BreadcrumbList","@id":"https:\/\/kibrisdakik.com\/?p=107783#breadcrumb","itemListElement":[{"@type":"ListItem","position":1,"name":"Home","item":"https:\/\/kibrisdakik.com\/"},{"@type":"ListItem","position":2,"name":"\u0130NC\u0130RL\u0130: SA\u011eLIKTA SORUNLAR DO\u011eRU PLANLAMAYLA \u00c7\u00d6Z\u00dcLEB\u0130L\u0130R"}]},{"@type":"WebSite","@id":"https:\/\/kibrisdakik.com\/#website","url":"https:\/\/kibrisdakik.com\/","name":"","description":"Tam vaktinde haber","potentialAction":[{"@type":"SearchAction","target":{"@type":"EntryPoint","urlTemplate":"https:\/\/kibrisdakik.com\/?s={search_term_string}"},"query-input":{"@type":"PropertyValueSpecification","valueRequired":true,"valueName":"search_term_string"}}],"inLanguage":"tr"},{"@type":"Person","@id":"https:\/\/kibrisdakik.com\/#\/schema\/person\/9cd9d437bbb44f72b73ba127e06d8e79","name":"admin","image":{"@type":"ImageObject","inLanguage":"tr","@id":"https:\/\/secure.gravatar.com\/avatar\/ccc17943b9d660506c869530f897617f7cb1c21a4bf30023f252596d83e1f007?s=96&d=mm&r=g","url":"https:\/\/secure.gravatar.com\/avatar\/ccc17943b9d660506c869530f897617f7cb1c21a4bf30023f252596d83e1f007?s=96&d=mm&r=g","contentUrl":"https:\/\/secure.gravatar.com\/avatar\/ccc17943b9d660506c869530f897617f7cb1c21a4bf30023f252596d83e1f007?s=96&d=mm&r=g","caption":"admin"},"sameAs":["https:\/\/kibrisdakik.com"],"url":"https:\/\/kibrisdakik.com\/?author=1"}]}},"_links":{"self":[{"href":"https:\/\/kibrisdakik.com\/index.php?rest_route=\/wp\/v2\/posts\/107783","targetHints":{"allow":["GET"]}}],"collection":[{"href":"https:\/\/kibrisdakik.com\/index.php?rest_route=\/wp\/v2\/posts"}],"about":[{"href":"https:\/\/kibrisdakik.com\/index.php?rest_route=\/wp\/v2\/types\/post"}],"author":[{"embeddable":true,"href":"https:\/\/kibrisdakik.com\/index.php?rest_route=\/wp\/v2\/users\/1"}],"replies":[{"embeddable":true,"href":"https:\/\/kibrisdakik.com\/index.php?rest_route=%2Fwp%2Fv2%2Fcomments&post=107783"}],"version-history":[{"count":0,"href":"https:\/\/kibrisdakik.com\/index.php?rest_route=\/wp\/v2\/posts\/107783\/revisions"}],"wp:featuredmedia":[{"embeddable":true,"href":"https:\/\/kibrisdakik.com\/index.php?rest_route=\/wp\/v2\/media\/107784"}],"wp:attachment":[{"href":"https:\/\/kibrisdakik.com\/index.php?rest_route=%2Fwp%2Fv2%2Fmedia&parent=107783"}],"wp:term":[{"taxonomy":"category","embeddable":true,"href":"https:\/\/kibrisdakik.com\/index.php?rest_route=%2Fwp%2Fv2%2Fcategories&post=107783"},{"taxonomy":"post_tag","embeddable":true,"href":"https:\/\/kibrisdakik.com\/index.php?rest_route=%2Fwp%2Fv2%2Ftags&post=107783"}],"curies":[{"name":"wp","href":"https:\/\/api.w.org\/{rel}","templated":true}]}}