{"id":107795,"date":"2026-03-08T02:10:18","date_gmt":"2026-03-08T00:10:18","guid":{"rendered":"https:\/\/kibrisdakik.com\/?p=107795"},"modified":"2026-03-08T02:10:18","modified_gmt":"2026-03-08T00:10:18","slug":"iran-turkiyeye-fuze-attigi-iddialarini-yalanladi","status":"publish","type":"post","link":"https:\/\/kibrisdakik.com\/?p=107795","title":{"rendered":"\u0130ran, T\u00fcrkiye\u2019ye f\u00fcze att\u0131\u011f\u0131 iddialar\u0131n\u0131 yalanlad\u0131"},"content":{"rendered":"<p><\/p>\n<p>\u0130ran Silahl\u0131 Kuvvetleri, devlet medyas\u0131 arac\u0131l\u0131\u011f\u0131yla yapt\u0131\u011f\u0131 a\u00e7\u0131klamada, T\u00fcrkiye&#8217;nin egemenli\u011fine sayg\u0131 duyduklar\u0131n\u0131 ve T\u00fcrk topraklar\u0131na herhangi bir f\u00fcze f\u0131rlatmad\u0131klar\u0131n\u0131 belirtti.<\/p>\n<p>Tahran y\u00f6netimi, b\u00f6lgedeki askeri hareketlili\u011fin T\u00fcrkiye&#8217;yi hedef almad\u0131\u011f\u0131n\u0131 vurgulad\u0131.<\/p>\n<p><strong><span style=\"font-family: 'Roboto Slab', Arial, sans-serif;font-size: 1.2em\">MSB f\u00fczenin imha edildi\u011fini duyurdu<\/span><\/strong><\/p>\n<div class=\"related-news\">\n<p>Milli Savunma Bakanl\u0131\u011f\u0131 (MSB), \u0130ran&#8217;dan f\u0131rlat\u0131lan ve T\u00fcrk hava sahas\u0131na y\u00f6nelen bir balistik m\u00fchimmat\u0131n etkisiz hale getirildi\u011fini bildirdi.<\/p>\n<p>Bakanl\u0131k, s\u00f6z konusu f\u00fczenin Suriye ve Irak \u00fczerinden ge\u00e7tikten sonra Do\u011fu Akdeniz&#8217;de konu\u015flu NATO hava ve f\u00fcze savunma sistemleri taraf\u0131ndan zaman\u0131nda angaje edilerek imha edildi\u011fini a\u00e7\u0131klad\u0131.<\/p>\n<p>Bakanl\u0131ktan yap\u0131lan a\u00e7\u0131klamada, \u0130ran&#8217;dan ate\u015flenerek Irak ve Suriye hava sahas\u0131n\u0131 ge\u00e7tikten sonra T\u00fcrk hava sahas\u0131na y\u00f6neldi\u011fi saptanan balistik m\u00fchimmata, Do\u011fu Akdeniz&#8217;de konu\u015flu NATO hava ve f\u00fcze savunma unsurlar\u0131 taraf\u0131ndan zaman\u0131nda angajman sa\u011fland\u0131\u011f\u0131 belirtildi.<\/p>\n<p><\/p>\n<h6>Hatay\u2019a d\u00fc\u015fen par\u00e7alar hava savunma f\u00fczesine ait<\/h6>\n<p>S\u00f6z konusu tehdidin havada imha edilmesinin ard\u0131ndan Hatay&#8217;\u0131n D\u00f6rtyol il\u00e7esine d\u00fc\u015fen par\u00e7alara ili\u015fkin bilgi verilen a\u00e7\u0131klamada, \u015fu ifadelere yer verildi;<\/p>\n<p>Hatay ili D\u00f6rtyol il\u00e7esinde d\u00fc\u015fen m\u00fchimmat par\u00e7as\u0131n\u0131n, s\u00f6z konusu tehdidin havada imha edilmesi sonras\u0131nda \u00f6nleme yapan hava savunma m\u00fchimmat\u0131na ait oldu\u011fu tespit edilmi\u015ftir. Olayda herhangi bir can kayb\u0131 veya yaralanma s\u00f6z konusu de\u011fildir.<\/p>\n<h6>&#8220;Tehdit nereden gelirse gelsin kar\u015f\u0131l\u0131k verilecek&#8221;<\/h6>\n<p>T\u00fcrkiye&#8217;nin b\u00f6lgesel istikrar ve huzurdan yana oldu\u011funun alt\u0131 \u00e7izilen a\u00e7\u0131klamada, \u00fclkenin ve vatanda\u015flar\u0131n g\u00fcvenli\u011fini sa\u011flama konusundaki irade ve kapasitenin en \u00fcst seviyede oldu\u011fu vurguland\u0131.<\/p>\n<p>A\u00e7\u0131klamada, &#8220;Kimden ve nereden gelirse gelsin, topraklar\u0131m\u0131z\u0131n ve vatanda\u015flar\u0131m\u0131z\u0131n g\u00fcvenli\u011fini sa\u011flamaya muktediriz. Hava saham\u0131z\u0131n savunulmas\u0131na y\u00f6nelik her t\u00fcrl\u00fc ad\u0131m kararl\u0131l\u0131kla ve teredd\u00fcts\u00fcz at\u0131lacakt\u0131r. \u00dclkemize y\u00f6nelik her t\u00fcrl\u00fc hasmane tutuma kar\u015f\u0131 cevap verme hakk\u0131m\u0131z\u0131n mahfuz oldu\u011funu hat\u0131rlat\u0131yoruz.&#8221; denildi<\/p>\n<\/div>\n","protected":false},"excerpt":{"rendered":"<p>\u0130ran Silahl\u0131 Kuvvetleri, devlet medyas\u0131 arac\u0131l\u0131\u011f\u0131yla yapt\u0131\u011f\u0131 a\u00e7\u0131klamada, T\u00fcrkiye&#8217;nin egemenli\u011fine sayg\u0131 duyduklar\u0131n\u0131 ve T\u00fcrk topraklar\u0131na herhangi bir f\u00fcze f\u0131rlatmad\u0131klar\u0131n\u0131 belirtti. Tahran y\u00f6netimi, b\u00f6lgedeki askeri hareketlili\u011fin T\u00fcrkiye&#8217;yi hedef almad\u0131\u011f\u0131n\u0131 vurgulad\u0131. MSB f\u00fczenin imha edildi\u011fini duyurdu Milli Savunma Bakanl\u0131\u011f\u0131 (MSB), \u0130ran&#8217;dan f\u0131rlat\u0131lan ve T\u00fcrk hava sahas\u0131na y\u00f6nelen bir balistik m\u00fchimmat\u0131n etkisiz hale getirildi\u011fini bildirdi. Bakanl\u0131k, s\u00f6z konusu<\/p>\n","protected":false},"author":1,"featured_media":107796,"comment_status":"open","ping_status":"open","sticky":false,"template":"","format":"standard","meta":{"footnotes":""},"categories":[85],"tags":[],"class_list":["post-107795","post","type-post","status-publish","format-standard","has-post-thumbnail","hentry","category-spor"],"yoast_head":"<!-- This site is optimized with the Yoast SEO plugin v27.5 - https:\/\/yoast.com\/product\/yoast-seo-wordpress\/ -->\n<title>\u0130ran, T\u00fcrkiye\u2019ye f\u00fcze att\u0131\u011f\u0131 iddialar\u0131n\u0131 yalanlad\u0131 -<\/title>\n<meta name=\"robots\" content=\"index, follow, max-snippet:-1, max-image-preview:large, max-video-preview:-1\" \/>\n<link rel=\"canonical\" href=\"https:\/\/kibrisdakik.com\/?p=107795\" \/>\n<meta property=\"og:locale\" content=\"tr_TR\" \/>\n<meta property=\"og:type\" content=\"article\" \/>\n<meta property=\"og:title\" content=\"\u0130ran, T\u00fcrkiye\u2019ye f\u00fcze att\u0131\u011f\u0131 iddialar\u0131n\u0131 yalanlad\u0131 -\" \/>\n<meta property=\"og:description\" content=\"\u0130ran Silahl\u0131 Kuvvetleri, devlet medyas\u0131 arac\u0131l\u0131\u011f\u0131yla yapt\u0131\u011f\u0131 a\u00e7\u0131klamada, T\u00fcrkiye&#8217;nin egemenli\u011fine sayg\u0131 duyduklar\u0131n\u0131 ve T\u00fcrk topraklar\u0131na herhangi bir f\u00fcze f\u0131rlatmad\u0131klar\u0131n\u0131 belirtti. Tahran y\u00f6netimi, b\u00f6lgedeki askeri hareketlili\u011fin T\u00fcrkiye&#8217;yi hedef almad\u0131\u011f\u0131n\u0131 vurgulad\u0131. MSB f\u00fczenin imha edildi\u011fini duyurdu Milli Savunma Bakanl\u0131\u011f\u0131 (MSB), \u0130ran&#8217;dan f\u0131rlat\u0131lan ve T\u00fcrk hava sahas\u0131na y\u00f6nelen bir balistik m\u00fchimmat\u0131n etkisiz hale getirildi\u011fini bildirdi. Bakanl\u0131k, s\u00f6z konusu\" \/>\n<meta property=\"og:url\" content=\"https:\/\/kibrisdakik.com\/?p=107795\" \/>\n<meta property=\"article:published_time\" content=\"2026-03-08T00:10:18+00:00\" \/>\n<meta name=\"author\" content=\"admin\" \/>\n<meta name=\"twitter:card\" content=\"summary_large_image\" \/>\n<meta name=\"twitter:label1\" content=\"Yazan:\" \/>\n\t<meta name=\"twitter:data1\" content=\"admin\" \/>\n\t<meta name=\"twitter:label2\" content=\"Tahmini okuma s\u00fcresi\" \/>\n\t<meta name=\"twitter:data2\" content=\"2 dakika\" \/>\n<script type=\"application\/ld+json\" class=\"yoast-schema-graph\">{\"@context\":\"https:\\\/\\\/schema.org\",\"@graph\":[{\"@type\":\"Article\",\"@id\":\"https:\\\/\\\/kibrisdakik.com\\\/?p=107795#article\",\"isPartOf\":{\"@id\":\"https:\\\/\\\/kibrisdakik.com\\\/?p=107795\"},\"author\":{\"name\":\"admin\",\"@id\":\"https:\\\/\\\/kibrisdakik.com\\\/#\\\/schema\\\/person\\\/9cd9d437bbb44f72b73ba127e06d8e79\"},\"headline\":\"\u0130ran, T\u00fcrkiye\u2019ye f\u00fcze att\u0131\u011f\u0131 iddialar\u0131n\u0131 yalanlad\u0131\",\"datePublished\":\"2026-03-08T00:10:18+00:00\",\"mainEntityOfPage\":{\"@id\":\"https:\\\/\\\/kibrisdakik.com\\\/?p=107795\"},\"wordCount\":381,\"commentCount\":0,\"image\":{\"@id\":\"https:\\\/\\\/kibrisdakik.com\\\/?p=107795#primaryimage\"},\"thumbnailUrl\":\"https:\\\/\\\/kibrisdakik.com\\\/wp-content\\\/uploads\\\/2026\\\/03\\\/3s477g24.png\",\"articleSection\":[\"Spor\"],\"inLanguage\":\"tr\",\"potentialAction\":[{\"@type\":\"CommentAction\",\"name\":\"Comment\",\"target\":[\"https:\\\/\\\/kibrisdakik.com\\\/?p=107795#respond\"]}]},{\"@type\":\"WebPage\",\"@id\":\"https:\\\/\\\/kibrisdakik.com\\\/?p=107795\",\"url\":\"https:\\\/\\\/kibrisdakik.com\\\/?p=107795\",\"name\":\"\u0130ran, T\u00fcrkiye\u2019ye f\u00fcze att\u0131\u011f\u0131 iddialar\u0131n\u0131 yalanlad\u0131 -\",\"isPartOf\":{\"@id\":\"https:\\\/\\\/kibrisdakik.com\\\/#website\"},\"primaryImageOfPage\":{\"@id\":\"https:\\\/\\\/kibrisdakik.com\\\/?p=107795#primaryimage\"},\"image\":{\"@id\":\"https:\\\/\\\/kibrisdakik.com\\\/?p=107795#primaryimage\"},\"thumbnailUrl\":\"https:\\\/\\\/kibrisdakik.com\\\/wp-content\\\/uploads\\\/2026\\\/03\\\/3s477g24.png\",\"datePublished\":\"2026-03-08T00:10:18+00:00\",\"author\":{\"@id\":\"https:\\\/\\\/kibrisdakik.com\\\/#\\\/schema\\\/person\\\/9cd9d437bbb44f72b73ba127e06d8e79\"},\"breadcrumb\":{\"@id\":\"https:\\\/\\\/kibrisdakik.com\\\/?p=107795#breadcrumb\"},\"inLanguage\":\"tr\",\"potentialAction\":[{\"@type\":\"ReadAction\",\"target\":[\"https:\\\/\\\/kibrisdakik.com\\\/?p=107795\"]}]},{\"@type\":\"ImageObject\",\"inLanguage\":\"tr\",\"@id\":\"https:\\\/\\\/kibrisdakik.com\\\/?p=107795#primaryimage\",\"url\":\"https:\\\/\\\/kibrisdakik.com\\\/wp-content\\\/uploads\\\/2026\\\/03\\\/3s477g24.png\",\"contentUrl\":\"https:\\\/\\\/kibrisdakik.com\\\/wp-content\\\/uploads\\\/2026\\\/03\\\/3s477g24.png\",\"width\":640,\"height\":360},{\"@type\":\"BreadcrumbList\",\"@id\":\"https:\\\/\\\/kibrisdakik.com\\\/?p=107795#breadcrumb\",\"itemListElement\":[{\"@type\":\"ListItem\",\"position\":1,\"name\":\"Home\",\"item\":\"https:\\\/\\\/kibrisdakik.com\\\/\"},{\"@type\":\"ListItem\",\"position\":2,\"name\":\"\u0130ran, T\u00fcrkiye\u2019ye f\u00fcze att\u0131\u011f\u0131 iddialar\u0131n\u0131 yalanlad\u0131\"}]},{\"@type\":\"WebSite\",\"@id\":\"https:\\\/\\\/kibrisdakik.com\\\/#website\",\"url\":\"https:\\\/\\\/kibrisdakik.com\\\/\",\"name\":\"\",\"description\":\"Tam vaktinde haber\",\"potentialAction\":[{\"@type\":\"SearchAction\",\"target\":{\"@type\":\"EntryPoint\",\"urlTemplate\":\"https:\\\/\\\/kibrisdakik.com\\\/?s={search_term_string}\"},\"query-input\":{\"@type\":\"PropertyValueSpecification\",\"valueRequired\":true,\"valueName\":\"search_term_string\"}}],\"inLanguage\":\"tr\"},{\"@type\":\"Person\",\"@id\":\"https:\\\/\\\/kibrisdakik.com\\\/#\\\/schema\\\/person\\\/9cd9d437bbb44f72b73ba127e06d8e79\",\"name\":\"admin\",\"image\":{\"@type\":\"ImageObject\",\"inLanguage\":\"tr\",\"@id\":\"https:\\\/\\\/secure.gravatar.com\\\/avatar\\\/ccc17943b9d660506c869530f897617f7cb1c21a4bf30023f252596d83e1f007?s=96&d=mm&r=g\",\"url\":\"https:\\\/\\\/secure.gravatar.com\\\/avatar\\\/ccc17943b9d660506c869530f897617f7cb1c21a4bf30023f252596d83e1f007?s=96&d=mm&r=g\",\"contentUrl\":\"https:\\\/\\\/secure.gravatar.com\\\/avatar\\\/ccc17943b9d660506c869530f897617f7cb1c21a4bf30023f252596d83e1f007?s=96&d=mm&r=g\",\"caption\":\"admin\"},\"sameAs\":[\"https:\\\/\\\/kibrisdakik.com\"],\"url\":\"https:\\\/\\\/kibrisdakik.com\\\/?author=1\"}]}<\/script>\n<!-- \/ Yoast SEO plugin. -->","yoast_head_json":{"title":"\u0130ran, T\u00fcrkiye\u2019ye f\u00fcze att\u0131\u011f\u0131 iddialar\u0131n\u0131 yalanlad\u0131 -","robots":{"index":"index","follow":"follow","max-snippet":"max-snippet:-1","max-image-preview":"max-image-preview:large","max-video-preview":"max-video-preview:-1"},"canonical":"https:\/\/kibrisdakik.com\/?p=107795","og_locale":"tr_TR","og_type":"article","og_title":"\u0130ran, T\u00fcrkiye\u2019ye f\u00fcze att\u0131\u011f\u0131 iddialar\u0131n\u0131 yalanlad\u0131 -","og_description":"\u0130ran Silahl\u0131 Kuvvetleri, devlet medyas\u0131 arac\u0131l\u0131\u011f\u0131yla yapt\u0131\u011f\u0131 a\u00e7\u0131klamada, T\u00fcrkiye&#8217;nin egemenli\u011fine sayg\u0131 duyduklar\u0131n\u0131 ve T\u00fcrk topraklar\u0131na herhangi bir f\u00fcze f\u0131rlatmad\u0131klar\u0131n\u0131 belirtti. Tahran y\u00f6netimi, b\u00f6lgedeki askeri hareketlili\u011fin T\u00fcrkiye&#8217;yi hedef almad\u0131\u011f\u0131n\u0131 vurgulad\u0131. MSB f\u00fczenin imha edildi\u011fini duyurdu Milli Savunma Bakanl\u0131\u011f\u0131 (MSB), \u0130ran&#8217;dan f\u0131rlat\u0131lan ve T\u00fcrk hava sahas\u0131na y\u00f6nelen bir balistik m\u00fchimmat\u0131n etkisiz hale getirildi\u011fini bildirdi. Bakanl\u0131k, s\u00f6z konusu","og_url":"https:\/\/kibrisdakik.com\/?p=107795","article_published_time":"2026-03-08T00:10:18+00:00","author":"admin","twitter_card":"summary_large_image","twitter_misc":{"Yazan:":"admin","Tahmini okuma s\u00fcresi":"2 dakika"},"schema":{"@context":"https:\/\/schema.org","@graph":[{"@type":"Article","@id":"https:\/\/kibrisdakik.com\/?p=107795#article","isPartOf":{"@id":"https:\/\/kibrisdakik.com\/?p=107795"},"author":{"name":"admin","@id":"https:\/\/kibrisdakik.com\/#\/schema\/person\/9cd9d437bbb44f72b73ba127e06d8e79"},"headline":"\u0130ran, T\u00fcrkiye\u2019ye f\u00fcze att\u0131\u011f\u0131 iddialar\u0131n\u0131 yalanlad\u0131","datePublished":"2026-03-08T00:10:18+00:00","mainEntityOfPage":{"@id":"https:\/\/kibrisdakik.com\/?p=107795"},"wordCount":381,"commentCount":0,"image":{"@id":"https:\/\/kibrisdakik.com\/?p=107795#primaryimage"},"thumbnailUrl":"https:\/\/kibrisdakik.com\/wp-content\/uploads\/2026\/03\/3s477g24.png","articleSection":["Spor"],"inLanguage":"tr","potentialAction":[{"@type":"CommentAction","name":"Comment","target":["https:\/\/kibrisdakik.com\/?p=107795#respond"]}]},{"@type":"WebPage","@id":"https:\/\/kibrisdakik.com\/?p=107795","url":"https:\/\/kibrisdakik.com\/?p=107795","name":"\u0130ran, T\u00fcrkiye\u2019ye f\u00fcze att\u0131\u011f\u0131 iddialar\u0131n\u0131 yalanlad\u0131 -","isPartOf":{"@id":"https:\/\/kibrisdakik.com\/#website"},"primaryImageOfPage":{"@id":"https:\/\/kibrisdakik.com\/?p=107795#primaryimage"},"image":{"@id":"https:\/\/kibrisdakik.com\/?p=107795#primaryimage"},"thumbnailUrl":"https:\/\/kibrisdakik.com\/wp-content\/uploads\/2026\/03\/3s477g24.png","datePublished":"2026-03-08T00:10:18+00:00","author":{"@id":"https:\/\/kibrisdakik.com\/#\/schema\/person\/9cd9d437bbb44f72b73ba127e06d8e79"},"breadcrumb":{"@id":"https:\/\/kibrisdakik.com\/?p=107795#breadcrumb"},"inLanguage":"tr","potentialAction":[{"@type":"ReadAction","target":["https:\/\/kibrisdakik.com\/?p=107795"]}]},{"@type":"ImageObject","inLanguage":"tr","@id":"https:\/\/kibrisdakik.com\/?p=107795#primaryimage","url":"https:\/\/kibrisdakik.com\/wp-content\/uploads\/2026\/03\/3s477g24.png","contentUrl":"https:\/\/kibrisdakik.com\/wp-content\/uploads\/2026\/03\/3s477g24.png","width":640,"height":360},{"@type":"BreadcrumbList","@id":"https:\/\/kibrisdakik.com\/?p=107795#breadcrumb","itemListElement":[{"@type":"ListItem","position":1,"name":"Home","item":"https:\/\/kibrisdakik.com\/"},{"@type":"ListItem","position":2,"name":"\u0130ran, T\u00fcrkiye\u2019ye f\u00fcze att\u0131\u011f\u0131 iddialar\u0131n\u0131 yalanlad\u0131"}]},{"@type":"WebSite","@id":"https:\/\/kibrisdakik.com\/#website","url":"https:\/\/kibrisdakik.com\/","name":"","description":"Tam vaktinde haber","potentialAction":[{"@type":"SearchAction","target":{"@type":"EntryPoint","urlTemplate":"https:\/\/kibrisdakik.com\/?s={search_term_string}"},"query-input":{"@type":"PropertyValueSpecification","valueRequired":true,"valueName":"search_term_string"}}],"inLanguage":"tr"},{"@type":"Person","@id":"https:\/\/kibrisdakik.com\/#\/schema\/person\/9cd9d437bbb44f72b73ba127e06d8e79","name":"admin","image":{"@type":"ImageObject","inLanguage":"tr","@id":"https:\/\/secure.gravatar.com\/avatar\/ccc17943b9d660506c869530f897617f7cb1c21a4bf30023f252596d83e1f007?s=96&d=mm&r=g","url":"https:\/\/secure.gravatar.com\/avatar\/ccc17943b9d660506c869530f897617f7cb1c21a4bf30023f252596d83e1f007?s=96&d=mm&r=g","contentUrl":"https:\/\/secure.gravatar.com\/avatar\/ccc17943b9d660506c869530f897617f7cb1c21a4bf30023f252596d83e1f007?s=96&d=mm&r=g","caption":"admin"},"sameAs":["https:\/\/kibrisdakik.com"],"url":"https:\/\/kibrisdakik.com\/?author=1"}]}},"_links":{"self":[{"href":"https:\/\/kibrisdakik.com\/index.php?rest_route=\/wp\/v2\/posts\/107795","targetHints":{"allow":["GET"]}}],"collection":[{"href":"https:\/\/kibrisdakik.com\/index.php?rest_route=\/wp\/v2\/posts"}],"about":[{"href":"https:\/\/kibrisdakik.com\/index.php?rest_route=\/wp\/v2\/types\/post"}],"author":[{"embeddable":true,"href":"https:\/\/kibrisdakik.com\/index.php?rest_route=\/wp\/v2\/users\/1"}],"replies":[{"embeddable":true,"href":"https:\/\/kibrisdakik.com\/index.php?rest_route=%2Fwp%2Fv2%2Fcomments&post=107795"}],"version-history":[{"count":0,"href":"https:\/\/kibrisdakik.com\/index.php?rest_route=\/wp\/v2\/posts\/107795\/revisions"}],"wp:featuredmedia":[{"embeddable":true,"href":"https:\/\/kibrisdakik.com\/index.php?rest_route=\/wp\/v2\/media\/107796"}],"wp:attachment":[{"href":"https:\/\/kibrisdakik.com\/index.php?rest_route=%2Fwp%2Fv2%2Fmedia&parent=107795"}],"wp:term":[{"taxonomy":"category","embeddable":true,"href":"https:\/\/kibrisdakik.com\/index.php?rest_route=%2Fwp%2Fv2%2Fcategories&post=107795"},{"taxonomy":"post_tag","embeddable":true,"href":"https:\/\/kibrisdakik.com\/index.php?rest_route=%2Fwp%2Fv2%2Ftags&post=107795"}],"curies":[{"name":"wp","href":"https:\/\/api.w.org\/{rel}","templated":true}]}}