{"id":107805,"date":"2026-03-08T12:11:27","date_gmt":"2026-03-08T10:11:27","guid":{"rendered":"https:\/\/kibrisdakik.com\/?p=107805"},"modified":"2026-03-08T12:11:27","modified_gmt":"2026-03-08T10:11:27","slug":"starmer-kibristaki-saldiriya-hazirliksiz-degildik","status":"publish","type":"post","link":"https:\/\/kibrisdakik.com\/?p=107805","title":{"rendered":"Starmer: K\u0131br\u0131s\u2019taki sald\u0131r\u0131ya haz\u0131rl\u0131ks\u0131z de\u011fildik"},"content":{"rendered":"<p><\/p>\n<p>\u0130ngiltere Ba\u015fbakan\u0131 Sir Keir Starmer, Pazartesi g\u00fcn\u00fc \u0130ran yap\u0131m\u0131 bir insans\u0131z hava arac\u0131n\u0131n adadaki Akrotiri Hava \u00dcss\u00fc\u2019n\u00fcn pistine isabet etmesine ra\u011fmen, Birle\u015fik Krall\u0131k\u2019\u0131n Orta Do\u011fu\u2019da bir \u00e7at\u0131\u015fma ihtimaline ya da K\u0131br\u0131s\u2019taki \u00fcslerine y\u00f6nelik sald\u0131r\u0131lara kar\u015f\u0131 haz\u0131rl\u0131ks\u0131z olmad\u0131\u011f\u0131n\u0131 \u00c7ar\u015famba g\u00fcn\u00fc savundu.<\/p>\n<p>Starmer, \u0130ngiliz Avam Kamaras\u0131\u2019nda yapt\u0131\u011f\u0131 konu\u015fmada, \u201cBirka\u00e7 haftad\u0131r b\u00f6lgedeki kabiliyetlerimizi \u00f6nceden konu\u015fland\u0131r\u0131yoruz. Bunu yaparken Amerika Birle\u015fik Devletleri ile \u00e7ok yak\u0131n temas halindeydik\u2026 Bu kapsamda radar sistemleri, kara konu\u015flu hava savunma unsurlar\u0131, anti-drone sistemleri ve F-35 jetleri \u00f6nceden konu\u015fland\u0131r\u0131ld\u0131\u201d dedi.<\/p>\n<p>ABD ve \u0130srail\u2019in Cumartesi g\u00fcn\u00fc \u0130ran\u2019a y\u00f6nelik sald\u0131r\u0131lar\u0131n\u0131n ba\u015flamas\u0131ndan bu yana \u201cbirden fazla\u201d \u0130ngiliz F-35 ve Typhoon sava\u015f u\u00e7a\u011f\u0131n\u0131n yaln\u0131zca Orta Do\u011fu\u2019da de\u011fil, K\u0131br\u0131s genelinde de operasyon y\u00fcr\u00fctt\u00fc\u011f\u00fcn\u00fc s\u00f6yledi.<\/p>\n<p>\u201cGece boyunca ek g\u00f6revler icra edildi. Typhoon\u2019lar \u00f6zellikle Katar\u2019\u0131 savunurken, F-35\u2019ler di\u011fer b\u00f6lgesel akt\u00f6rleri savundu\u201d diyen Starmer, Sal\u0131 gecesi muhtemelen K\u0131br\u0131s\u2019tan havalanan F-35\u2019lerin \u00dcrd\u00fcn \u00fczerinde \u0130ran\u2019a ait insans\u0131z hava ara\u00e7lar\u0131n\u0131 angaje ederek d\u00fc\u015f\u00fcrd\u00fc\u011f\u00fcne at\u0131fta bulundu.<\/p>\n<p>Starmer ayr\u0131ca \u0130ngiltere\u2019nin \u201chava savunma f\u00fczelerini bug\u00fcn yeniden tedarik etti\u011fini\u201d belirtti ve Sal\u0131 gecesi yapt\u0131\u011f\u0131 duyuruyu yineleyerek iki adet AW159 Wildcat helikopterinin K\u0131br\u0131s\u2019a konu\u015fland\u0131r\u0131laca\u011f\u0131n\u0131, bu helikopterlerin \u201cbu hafta\u201d adaya ula\u015faca\u011f\u0131n\u0131 s\u00f6yledi.<\/p>\n<p>Buna ek olarak, Type 45 s\u0131n\u0131f\u0131 muhrip HMS Dragon\u2019un \u201cAkdeniz\u2019e konu\u015fland\u0131r\u0131laca\u011f\u0131n\u0131\u201d belirten Starmer, K\u0131br\u0131s d\u0131\u015f\u0131ndaki baz\u0131 \u00fcslerin ABD g\u00fc\u00e7leri taraf\u0131ndan \u0130ran f\u00fczeleri ve rampalar\u0131na y\u00f6nelik operasyonlar i\u00e7in kullan\u0131ld\u0131\u011f\u0131n\u0131 ifade etti.<\/p>\n","protected":false},"excerpt":{"rendered":"<p>\u0130ngiltere Ba\u015fbakan\u0131 Sir Keir Starmer, Pazartesi g\u00fcn\u00fc \u0130ran yap\u0131m\u0131 bir insans\u0131z hava arac\u0131n\u0131n adadaki Akrotiri Hava \u00dcss\u00fc\u2019n\u00fcn pistine isabet etmesine ra\u011fmen, Birle\u015fik Krall\u0131k\u2019\u0131n Orta Do\u011fu\u2019da bir \u00e7at\u0131\u015fma ihtimaline ya da K\u0131br\u0131s\u2019taki \u00fcslerine y\u00f6nelik sald\u0131r\u0131lara kar\u015f\u0131 haz\u0131rl\u0131ks\u0131z olmad\u0131\u011f\u0131n\u0131 \u00c7ar\u015famba g\u00fcn\u00fc savundu. Starmer, \u0130ngiliz Avam Kamaras\u0131\u2019nda yapt\u0131\u011f\u0131 konu\u015fmada, \u201cBirka\u00e7 haftad\u0131r b\u00f6lgedeki kabiliyetlerimizi \u00f6nceden konu\u015fland\u0131r\u0131yoruz. Bunu yaparken Amerika<\/p>\n","protected":false},"author":1,"featured_media":107393,"comment_status":"open","ping_status":"open","sticky":false,"template":"","format":"standard","meta":{"footnotes":""},"categories":[85],"tags":[],"class_list":["post-107805","post","type-post","status-publish","format-standard","has-post-thumbnail","hentry","category-spor"],"yoast_head":"<!-- This site is optimized with the Yoast SEO plugin v27.5 - https:\/\/yoast.com\/product\/yoast-seo-wordpress\/ -->\n<title>Starmer: K\u0131br\u0131s\u2019taki sald\u0131r\u0131ya haz\u0131rl\u0131ks\u0131z de\u011fildik -<\/title>\n<meta name=\"robots\" content=\"index, follow, max-snippet:-1, max-image-preview:large, max-video-preview:-1\" \/>\n<link rel=\"canonical\" href=\"https:\/\/kibrisdakik.com\/?p=107805\" \/>\n<meta property=\"og:locale\" content=\"tr_TR\" \/>\n<meta property=\"og:type\" content=\"article\" \/>\n<meta property=\"og:title\" content=\"Starmer: K\u0131br\u0131s\u2019taki sald\u0131r\u0131ya haz\u0131rl\u0131ks\u0131z de\u011fildik -\" \/>\n<meta property=\"og:description\" content=\"\u0130ngiltere Ba\u015fbakan\u0131 Sir Keir Starmer, Pazartesi g\u00fcn\u00fc \u0130ran yap\u0131m\u0131 bir insans\u0131z hava arac\u0131n\u0131n adadaki Akrotiri Hava \u00dcss\u00fc\u2019n\u00fcn pistine isabet etmesine ra\u011fmen, Birle\u015fik Krall\u0131k\u2019\u0131n Orta Do\u011fu\u2019da bir \u00e7at\u0131\u015fma ihtimaline ya da K\u0131br\u0131s\u2019taki \u00fcslerine y\u00f6nelik sald\u0131r\u0131lara kar\u015f\u0131 haz\u0131rl\u0131ks\u0131z olmad\u0131\u011f\u0131n\u0131 \u00c7ar\u015famba g\u00fcn\u00fc savundu. Starmer, \u0130ngiliz Avam Kamaras\u0131\u2019nda yapt\u0131\u011f\u0131 konu\u015fmada, \u201cBirka\u00e7 haftad\u0131r b\u00f6lgedeki kabiliyetlerimizi \u00f6nceden konu\u015fland\u0131r\u0131yoruz. Bunu yaparken Amerika\" \/>\n<meta property=\"og:url\" content=\"https:\/\/kibrisdakik.com\/?p=107805\" \/>\n<meta property=\"article:published_time\" content=\"2026-03-08T10:11:27+00:00\" \/>\n<meta property=\"og:image\" content=\"https:\/\/www.bimanset.com\/wp-content\/uploads\/2026\/03\/Starmer.jpg\" \/>\n<meta name=\"author\" content=\"admin\" \/>\n<meta name=\"twitter:card\" content=\"summary_large_image\" \/>\n<meta name=\"twitter:label1\" content=\"Yazan:\" \/>\n\t<meta name=\"twitter:data1\" content=\"admin\" \/>\n\t<meta name=\"twitter:label2\" content=\"Tahmini okuma s\u00fcresi\" \/>\n\t<meta name=\"twitter:data2\" content=\"2 dakika\" \/>\n<script type=\"application\/ld+json\" class=\"yoast-schema-graph\">{\"@context\":\"https:\\\/\\\/schema.org\",\"@graph\":[{\"@type\":\"Article\",\"@id\":\"https:\\\/\\\/kibrisdakik.com\\\/?p=107805#article\",\"isPartOf\":{\"@id\":\"https:\\\/\\\/kibrisdakik.com\\\/?p=107805\"},\"author\":{\"name\":\"admin\",\"@id\":\"https:\\\/\\\/kibrisdakik.com\\\/#\\\/schema\\\/person\\\/9cd9d437bbb44f72b73ba127e06d8e79\"},\"headline\":\"Starmer: K\u0131br\u0131s\u2019taki sald\u0131r\u0131ya haz\u0131rl\u0131ks\u0131z de\u011fildik\",\"datePublished\":\"2026-03-08T10:11:27+00:00\",\"mainEntityOfPage\":{\"@id\":\"https:\\\/\\\/kibrisdakik.com\\\/?p=107805\"},\"wordCount\":332,\"commentCount\":0,\"image\":{\"@id\":\"https:\\\/\\\/kibrisdakik.com\\\/?p=107805#primaryimage\"},\"thumbnailUrl\":\"https:\\\/\\\/kibrisdakik.com\\\/wp-content\\\/uploads\\\/2026\\\/03\\\/Starmer.jpg\",\"articleSection\":[\"Spor\"],\"inLanguage\":\"tr\",\"potentialAction\":[{\"@type\":\"CommentAction\",\"name\":\"Comment\",\"target\":[\"https:\\\/\\\/kibrisdakik.com\\\/?p=107805#respond\"]}]},{\"@type\":\"WebPage\",\"@id\":\"https:\\\/\\\/kibrisdakik.com\\\/?p=107805\",\"url\":\"https:\\\/\\\/kibrisdakik.com\\\/?p=107805\",\"name\":\"Starmer: K\u0131br\u0131s\u2019taki sald\u0131r\u0131ya haz\u0131rl\u0131ks\u0131z de\u011fildik -\",\"isPartOf\":{\"@id\":\"https:\\\/\\\/kibrisdakik.com\\\/#website\"},\"primaryImageOfPage\":{\"@id\":\"https:\\\/\\\/kibrisdakik.com\\\/?p=107805#primaryimage\"},\"image\":{\"@id\":\"https:\\\/\\\/kibrisdakik.com\\\/?p=107805#primaryimage\"},\"thumbnailUrl\":\"https:\\\/\\\/kibrisdakik.com\\\/wp-content\\\/uploads\\\/2026\\\/03\\\/Starmer.jpg\",\"datePublished\":\"2026-03-08T10:11:27+00:00\",\"author\":{\"@id\":\"https:\\\/\\\/kibrisdakik.com\\\/#\\\/schema\\\/person\\\/9cd9d437bbb44f72b73ba127e06d8e79\"},\"breadcrumb\":{\"@id\":\"https:\\\/\\\/kibrisdakik.com\\\/?p=107805#breadcrumb\"},\"inLanguage\":\"tr\",\"potentialAction\":[{\"@type\":\"ReadAction\",\"target\":[\"https:\\\/\\\/kibrisdakik.com\\\/?p=107805\"]}]},{\"@type\":\"ImageObject\",\"inLanguage\":\"tr\",\"@id\":\"https:\\\/\\\/kibrisdakik.com\\\/?p=107805#primaryimage\",\"url\":\"https:\\\/\\\/kibrisdakik.com\\\/wp-content\\\/uploads\\\/2026\\\/03\\\/Starmer.jpg\",\"contentUrl\":\"https:\\\/\\\/kibrisdakik.com\\\/wp-content\\\/uploads\\\/2026\\\/03\\\/Starmer.jpg\",\"width\":1024,\"height\":683},{\"@type\":\"BreadcrumbList\",\"@id\":\"https:\\\/\\\/kibrisdakik.com\\\/?p=107805#breadcrumb\",\"itemListElement\":[{\"@type\":\"ListItem\",\"position\":1,\"name\":\"Home\",\"item\":\"https:\\\/\\\/kibrisdakik.com\\\/\"},{\"@type\":\"ListItem\",\"position\":2,\"name\":\"Starmer: K\u0131br\u0131s\u2019taki sald\u0131r\u0131ya haz\u0131rl\u0131ks\u0131z de\u011fildik\"}]},{\"@type\":\"WebSite\",\"@id\":\"https:\\\/\\\/kibrisdakik.com\\\/#website\",\"url\":\"https:\\\/\\\/kibrisdakik.com\\\/\",\"name\":\"\",\"description\":\"Tam vaktinde haber\",\"potentialAction\":[{\"@type\":\"SearchAction\",\"target\":{\"@type\":\"EntryPoint\",\"urlTemplate\":\"https:\\\/\\\/kibrisdakik.com\\\/?s={search_term_string}\"},\"query-input\":{\"@type\":\"PropertyValueSpecification\",\"valueRequired\":true,\"valueName\":\"search_term_string\"}}],\"inLanguage\":\"tr\"},{\"@type\":\"Person\",\"@id\":\"https:\\\/\\\/kibrisdakik.com\\\/#\\\/schema\\\/person\\\/9cd9d437bbb44f72b73ba127e06d8e79\",\"name\":\"admin\",\"image\":{\"@type\":\"ImageObject\",\"inLanguage\":\"tr\",\"@id\":\"https:\\\/\\\/secure.gravatar.com\\\/avatar\\\/ccc17943b9d660506c869530f897617f7cb1c21a4bf30023f252596d83e1f007?s=96&d=mm&r=g\",\"url\":\"https:\\\/\\\/secure.gravatar.com\\\/avatar\\\/ccc17943b9d660506c869530f897617f7cb1c21a4bf30023f252596d83e1f007?s=96&d=mm&r=g\",\"contentUrl\":\"https:\\\/\\\/secure.gravatar.com\\\/avatar\\\/ccc17943b9d660506c869530f897617f7cb1c21a4bf30023f252596d83e1f007?s=96&d=mm&r=g\",\"caption\":\"admin\"},\"sameAs\":[\"https:\\\/\\\/kibrisdakik.com\"],\"url\":\"https:\\\/\\\/kibrisdakik.com\\\/?author=1\"}]}<\/script>\n<!-- \/ Yoast SEO plugin. -->","yoast_head_json":{"title":"Starmer: K\u0131br\u0131s\u2019taki sald\u0131r\u0131ya haz\u0131rl\u0131ks\u0131z de\u011fildik -","robots":{"index":"index","follow":"follow","max-snippet":"max-snippet:-1","max-image-preview":"max-image-preview:large","max-video-preview":"max-video-preview:-1"},"canonical":"https:\/\/kibrisdakik.com\/?p=107805","og_locale":"tr_TR","og_type":"article","og_title":"Starmer: K\u0131br\u0131s\u2019taki sald\u0131r\u0131ya haz\u0131rl\u0131ks\u0131z de\u011fildik -","og_description":"\u0130ngiltere Ba\u015fbakan\u0131 Sir Keir Starmer, Pazartesi g\u00fcn\u00fc \u0130ran yap\u0131m\u0131 bir insans\u0131z hava arac\u0131n\u0131n adadaki Akrotiri Hava \u00dcss\u00fc\u2019n\u00fcn pistine isabet etmesine ra\u011fmen, Birle\u015fik Krall\u0131k\u2019\u0131n Orta Do\u011fu\u2019da bir \u00e7at\u0131\u015fma ihtimaline ya da K\u0131br\u0131s\u2019taki \u00fcslerine y\u00f6nelik sald\u0131r\u0131lara kar\u015f\u0131 haz\u0131rl\u0131ks\u0131z olmad\u0131\u011f\u0131n\u0131 \u00c7ar\u015famba g\u00fcn\u00fc savundu. Starmer, \u0130ngiliz Avam Kamaras\u0131\u2019nda yapt\u0131\u011f\u0131 konu\u015fmada, \u201cBirka\u00e7 haftad\u0131r b\u00f6lgedeki kabiliyetlerimizi \u00f6nceden konu\u015fland\u0131r\u0131yoruz. Bunu yaparken Amerika","og_url":"https:\/\/kibrisdakik.com\/?p=107805","article_published_time":"2026-03-08T10:11:27+00:00","og_image":[{"url":"https:\/\/www.bimanset.com\/wp-content\/uploads\/2026\/03\/Starmer.jpg","type":"","width":"","height":""}],"author":"admin","twitter_card":"summary_large_image","twitter_misc":{"Yazan:":"admin","Tahmini okuma s\u00fcresi":"2 dakika"},"schema":{"@context":"https:\/\/schema.org","@graph":[{"@type":"Article","@id":"https:\/\/kibrisdakik.com\/?p=107805#article","isPartOf":{"@id":"https:\/\/kibrisdakik.com\/?p=107805"},"author":{"name":"admin","@id":"https:\/\/kibrisdakik.com\/#\/schema\/person\/9cd9d437bbb44f72b73ba127e06d8e79"},"headline":"Starmer: K\u0131br\u0131s\u2019taki sald\u0131r\u0131ya haz\u0131rl\u0131ks\u0131z de\u011fildik","datePublished":"2026-03-08T10:11:27+00:00","mainEntityOfPage":{"@id":"https:\/\/kibrisdakik.com\/?p=107805"},"wordCount":332,"commentCount":0,"image":{"@id":"https:\/\/kibrisdakik.com\/?p=107805#primaryimage"},"thumbnailUrl":"https:\/\/kibrisdakik.com\/wp-content\/uploads\/2026\/03\/Starmer.jpg","articleSection":["Spor"],"inLanguage":"tr","potentialAction":[{"@type":"CommentAction","name":"Comment","target":["https:\/\/kibrisdakik.com\/?p=107805#respond"]}]},{"@type":"WebPage","@id":"https:\/\/kibrisdakik.com\/?p=107805","url":"https:\/\/kibrisdakik.com\/?p=107805","name":"Starmer: K\u0131br\u0131s\u2019taki sald\u0131r\u0131ya haz\u0131rl\u0131ks\u0131z de\u011fildik -","isPartOf":{"@id":"https:\/\/kibrisdakik.com\/#website"},"primaryImageOfPage":{"@id":"https:\/\/kibrisdakik.com\/?p=107805#primaryimage"},"image":{"@id":"https:\/\/kibrisdakik.com\/?p=107805#primaryimage"},"thumbnailUrl":"https:\/\/kibrisdakik.com\/wp-content\/uploads\/2026\/03\/Starmer.jpg","datePublished":"2026-03-08T10:11:27+00:00","author":{"@id":"https:\/\/kibrisdakik.com\/#\/schema\/person\/9cd9d437bbb44f72b73ba127e06d8e79"},"breadcrumb":{"@id":"https:\/\/kibrisdakik.com\/?p=107805#breadcrumb"},"inLanguage":"tr","potentialAction":[{"@type":"ReadAction","target":["https:\/\/kibrisdakik.com\/?p=107805"]}]},{"@type":"ImageObject","inLanguage":"tr","@id":"https:\/\/kibrisdakik.com\/?p=107805#primaryimage","url":"https:\/\/kibrisdakik.com\/wp-content\/uploads\/2026\/03\/Starmer.jpg","contentUrl":"https:\/\/kibrisdakik.com\/wp-content\/uploads\/2026\/03\/Starmer.jpg","width":1024,"height":683},{"@type":"BreadcrumbList","@id":"https:\/\/kibrisdakik.com\/?p=107805#breadcrumb","itemListElement":[{"@type":"ListItem","position":1,"name":"Home","item":"https:\/\/kibrisdakik.com\/"},{"@type":"ListItem","position":2,"name":"Starmer: K\u0131br\u0131s\u2019taki sald\u0131r\u0131ya haz\u0131rl\u0131ks\u0131z de\u011fildik"}]},{"@type":"WebSite","@id":"https:\/\/kibrisdakik.com\/#website","url":"https:\/\/kibrisdakik.com\/","name":"","description":"Tam vaktinde haber","potentialAction":[{"@type":"SearchAction","target":{"@type":"EntryPoint","urlTemplate":"https:\/\/kibrisdakik.com\/?s={search_term_string}"},"query-input":{"@type":"PropertyValueSpecification","valueRequired":true,"valueName":"search_term_string"}}],"inLanguage":"tr"},{"@type":"Person","@id":"https:\/\/kibrisdakik.com\/#\/schema\/person\/9cd9d437bbb44f72b73ba127e06d8e79","name":"admin","image":{"@type":"ImageObject","inLanguage":"tr","@id":"https:\/\/secure.gravatar.com\/avatar\/ccc17943b9d660506c869530f897617f7cb1c21a4bf30023f252596d83e1f007?s=96&d=mm&r=g","url":"https:\/\/secure.gravatar.com\/avatar\/ccc17943b9d660506c869530f897617f7cb1c21a4bf30023f252596d83e1f007?s=96&d=mm&r=g","contentUrl":"https:\/\/secure.gravatar.com\/avatar\/ccc17943b9d660506c869530f897617f7cb1c21a4bf30023f252596d83e1f007?s=96&d=mm&r=g","caption":"admin"},"sameAs":["https:\/\/kibrisdakik.com"],"url":"https:\/\/kibrisdakik.com\/?author=1"}]}},"_links":{"self":[{"href":"https:\/\/kibrisdakik.com\/index.php?rest_route=\/wp\/v2\/posts\/107805","targetHints":{"allow":["GET"]}}],"collection":[{"href":"https:\/\/kibrisdakik.com\/index.php?rest_route=\/wp\/v2\/posts"}],"about":[{"href":"https:\/\/kibrisdakik.com\/index.php?rest_route=\/wp\/v2\/types\/post"}],"author":[{"embeddable":true,"href":"https:\/\/kibrisdakik.com\/index.php?rest_route=\/wp\/v2\/users\/1"}],"replies":[{"embeddable":true,"href":"https:\/\/kibrisdakik.com\/index.php?rest_route=%2Fwp%2Fv2%2Fcomments&post=107805"}],"version-history":[{"count":0,"href":"https:\/\/kibrisdakik.com\/index.php?rest_route=\/wp\/v2\/posts\/107805\/revisions"}],"wp:featuredmedia":[{"embeddable":true,"href":"https:\/\/kibrisdakik.com\/index.php?rest_route=\/wp\/v2\/media\/107393"}],"wp:attachment":[{"href":"https:\/\/kibrisdakik.com\/index.php?rest_route=%2Fwp%2Fv2%2Fmedia&parent=107805"}],"wp:term":[{"taxonomy":"category","embeddable":true,"href":"https:\/\/kibrisdakik.com\/index.php?rest_route=%2Fwp%2Fv2%2Fcategories&post=107805"},{"taxonomy":"post_tag","embeddable":true,"href":"https:\/\/kibrisdakik.com\/index.php?rest_route=%2Fwp%2Fv2%2Ftags&post=107805"}],"curies":[{"name":"wp","href":"https:\/\/api.w.org\/{rel}","templated":true}]}}