{"id":107920,"date":"2026-03-10T10:13:14","date_gmt":"2026-03-10T08:13:14","guid":{"rendered":"https:\/\/kibrisdakik.com\/?p=107920"},"modified":"2026-03-10T10:13:14","modified_gmt":"2026-03-10T08:13:14","slug":"ustelden-irsen-kucuk-icin-anma-mesaji","status":"publish","type":"post","link":"https:\/\/kibrisdakik.com\/?p=107920","title":{"rendered":"\u00dcSTEL\u2019DEN \u0130RSEN K\u00dc\u00c7\u00dcK \u0130\u00c7\u0130N ANMA MESAJI"},"content":{"rendered":"<p><\/p>\n<div data-text-id=\"197664\" property=\"articleBody\">\n<p>\u00dcnal \u00dcstel, merhum ba\u015fbakanlardan \u0130rsen K\u00fc\u00e7\u00fck\u2019\u00fc vefat\u0131n\u0131n 7\u2019nci y\u0131l d\u00f6n\u00fcm\u00fcnde rahmet ve sayg\u0131yla and\u0131.<\/p>\n<p>Ulusal Birlik Partisi (UBP) Genel Ba\u015fkan\u0131 ve Ba\u015fbakan \u00dcstel, yay\u0131mlad\u0131\u011f\u0131 anma mesaj\u0131nda K\u00fc\u00e7\u00fck\u2019\u00fcn K\u0131br\u0131s T\u00fcrk halk\u0131na ve devlete hizmet etmeyi hayat\u0131n\u0131n temel ilkesi haline getirdi\u011fini vurgulad\u0131.<\/p>\n<p>\u00dcstel mesaj\u0131nda, \u201cKuzey K\u0131br\u0131s T\u00fcrk Cumhuriyeti\u2019nin de\u011ferli devlet adamlar\u0131ndan, eski ba\u015fbakanlar\u0131m\u0131zdan ve Ulusal Birlik Partisi\u2019nin eski genel ba\u015fkanlar\u0131ndan \u0130rsen K\u00fc\u00e7\u00fck\u2019\u00fc vefat\u0131n\u0131n yedinci y\u0131l d\u00f6n\u00fcm\u00fcnde rahmet ve sayg\u0131yla an\u0131yorum\u201d ifadelerini kulland\u0131.<\/p>\n<p>K\u00fc\u00e7\u00fck\u2019\u00fcn g\u00f6rev ald\u0131\u011f\u0131 d\u00f6nemlerde \u00fclkenin kalk\u0131nmas\u0131, devletin g\u00fc\u00e7lenmesi ve halk\u0131n refah\u0131n\u0131n art\u0131r\u0131lmas\u0131 i\u00e7in \u00f6nemli \u00e7abalar ortaya koydu\u011funu belirten \u00dcstel, merhum liderin K\u0131br\u0131s T\u00fcrk siyasal hayat\u0131nda \u00f6nemli izler b\u0131rakt\u0131\u011f\u0131n\u0131 kaydetti.<\/p>\n<p>\u00dcstel, mesaj\u0131n\u0131n sonunda K\u00fc\u00e7\u00fck\u2019e Allah\u2019tan rahmet dileyerek ailesine, yak\u0131nlar\u0131na ve sevenlerine sab\u0131r temennisinde bulundu.<\/p>\n<\/p><\/div>\n","protected":false},"excerpt":{"rendered":"<p>\u00dcnal \u00dcstel, merhum ba\u015fbakanlardan \u0130rsen K\u00fc\u00e7\u00fck\u2019\u00fc vefat\u0131n\u0131n 7\u2019nci y\u0131l d\u00f6n\u00fcm\u00fcnde rahmet ve sayg\u0131yla and\u0131. Ulusal Birlik Partisi (UBP) Genel Ba\u015fkan\u0131 ve Ba\u015fbakan \u00dcstel, yay\u0131mlad\u0131\u011f\u0131 anma mesaj\u0131nda K\u00fc\u00e7\u00fck\u2019\u00fcn K\u0131br\u0131s T\u00fcrk halk\u0131na ve devlete hizmet etmeyi hayat\u0131n\u0131n temel ilkesi haline getirdi\u011fini vurgulad\u0131. \u00dcstel mesaj\u0131nda, \u201cKuzey K\u0131br\u0131s T\u00fcrk Cumhuriyeti\u2019nin de\u011ferli devlet adamlar\u0131ndan, eski ba\u015fbakanlar\u0131m\u0131zdan ve Ulusal Birlik Partisi\u2019nin<\/p>\n","protected":false},"author":1,"featured_media":107921,"comment_status":"open","ping_status":"open","sticky":false,"template":"","format":"standard","meta":{"footnotes":""},"categories":[81],"tags":[],"class_list":["post-107920","post","type-post","status-publish","format-standard","has-post-thumbnail","hentry","category-kibris"],"yoast_head":"<!-- This site is optimized with the Yoast SEO plugin v27.5 - https:\/\/yoast.com\/product\/yoast-seo-wordpress\/ -->\n<title>\u00dcSTEL\u2019DEN \u0130RSEN K\u00dc\u00c7\u00dcK \u0130\u00c7\u0130N ANMA MESAJI -<\/title>\n<meta name=\"robots\" content=\"index, follow, max-snippet:-1, max-image-preview:large, max-video-preview:-1\" \/>\n<link rel=\"canonical\" href=\"https:\/\/kibrisdakik.com\/?p=107920\" \/>\n<meta property=\"og:locale\" content=\"tr_TR\" \/>\n<meta property=\"og:type\" content=\"article\" \/>\n<meta property=\"og:title\" content=\"\u00dcSTEL\u2019DEN \u0130RSEN K\u00dc\u00c7\u00dcK \u0130\u00c7\u0130N ANMA MESAJI -\" \/>\n<meta property=\"og:description\" content=\"\u00dcnal \u00dcstel, merhum ba\u015fbakanlardan \u0130rsen K\u00fc\u00e7\u00fck\u2019\u00fc vefat\u0131n\u0131n 7\u2019nci y\u0131l d\u00f6n\u00fcm\u00fcnde rahmet ve sayg\u0131yla and\u0131. Ulusal Birlik Partisi (UBP) Genel Ba\u015fkan\u0131 ve Ba\u015fbakan \u00dcstel, yay\u0131mlad\u0131\u011f\u0131 anma mesaj\u0131nda K\u00fc\u00e7\u00fck\u2019\u00fcn K\u0131br\u0131s T\u00fcrk halk\u0131na ve devlete hizmet etmeyi hayat\u0131n\u0131n temel ilkesi haline getirdi\u011fini vurgulad\u0131. \u00dcstel mesaj\u0131nda, \u201cKuzey K\u0131br\u0131s T\u00fcrk Cumhuriyeti\u2019nin de\u011ferli devlet adamlar\u0131ndan, eski ba\u015fbakanlar\u0131m\u0131zdan ve Ulusal Birlik Partisi\u2019nin\" \/>\n<meta property=\"og:url\" content=\"https:\/\/kibrisdakik.com\/?p=107920\" \/>\n<meta property=\"article:published_time\" content=\"2026-03-10T08:13:14+00:00\" \/>\n<meta property=\"og:image\" content=\"https:\/\/mhahabercom.teimg.com\/crop\/1280x720\/mhahaber-com\/uploads\/2026\/03\/mha-sari-beyaz-3758.png\" \/>\n<meta name=\"author\" content=\"admin\" \/>\n<meta name=\"twitter:card\" content=\"summary_large_image\" \/>\n<meta name=\"twitter:label1\" content=\"Yazan:\" \/>\n\t<meta name=\"twitter:data1\" content=\"admin\" \/>\n\t<meta name=\"twitter:label2\" content=\"Tahmini okuma s\u00fcresi\" \/>\n\t<meta name=\"twitter:data2\" content=\"1 dakika\" \/>\n<script type=\"application\/ld+json\" class=\"yoast-schema-graph\">{\"@context\":\"https:\\\/\\\/schema.org\",\"@graph\":[{\"@type\":\"Article\",\"@id\":\"https:\\\/\\\/kibrisdakik.com\\\/?p=107920#article\",\"isPartOf\":{\"@id\":\"https:\\\/\\\/kibrisdakik.com\\\/?p=107920\"},\"author\":{\"name\":\"admin\",\"@id\":\"https:\\\/\\\/kibrisdakik.com\\\/#\\\/schema\\\/person\\\/9cd9d437bbb44f72b73ba127e06d8e79\"},\"headline\":\"\u00dcSTEL\u2019DEN \u0130RSEN K\u00dc\u00c7\u00dcK \u0130\u00c7\u0130N ANMA MESAJI\",\"datePublished\":\"2026-03-10T08:13:14+00:00\",\"mainEntityOfPage\":{\"@id\":\"https:\\\/\\\/kibrisdakik.com\\\/?p=107920\"},\"wordCount\":192,\"commentCount\":0,\"image\":{\"@id\":\"https:\\\/\\\/kibrisdakik.com\\\/?p=107920#primaryimage\"},\"thumbnailUrl\":\"https:\\\/\\\/kibrisdakik.com\\\/wp-content\\\/uploads\\\/2026\\\/03\\\/mha-sari-beyaz-3758.png\",\"articleSection\":[\"K\u0131br\u0131s\"],\"inLanguage\":\"tr\",\"potentialAction\":[{\"@type\":\"CommentAction\",\"name\":\"Comment\",\"target\":[\"https:\\\/\\\/kibrisdakik.com\\\/?p=107920#respond\"]}]},{\"@type\":\"WebPage\",\"@id\":\"https:\\\/\\\/kibrisdakik.com\\\/?p=107920\",\"url\":\"https:\\\/\\\/kibrisdakik.com\\\/?p=107920\",\"name\":\"\u00dcSTEL\u2019DEN \u0130RSEN K\u00dc\u00c7\u00dcK \u0130\u00c7\u0130N ANMA MESAJI -\",\"isPartOf\":{\"@id\":\"https:\\\/\\\/kibrisdakik.com\\\/#website\"},\"primaryImageOfPage\":{\"@id\":\"https:\\\/\\\/kibrisdakik.com\\\/?p=107920#primaryimage\"},\"image\":{\"@id\":\"https:\\\/\\\/kibrisdakik.com\\\/?p=107920#primaryimage\"},\"thumbnailUrl\":\"https:\\\/\\\/kibrisdakik.com\\\/wp-content\\\/uploads\\\/2026\\\/03\\\/mha-sari-beyaz-3758.png\",\"datePublished\":\"2026-03-10T08:13:14+00:00\",\"author\":{\"@id\":\"https:\\\/\\\/kibrisdakik.com\\\/#\\\/schema\\\/person\\\/9cd9d437bbb44f72b73ba127e06d8e79\"},\"breadcrumb\":{\"@id\":\"https:\\\/\\\/kibrisdakik.com\\\/?p=107920#breadcrumb\"},\"inLanguage\":\"tr\",\"potentialAction\":[{\"@type\":\"ReadAction\",\"target\":[\"https:\\\/\\\/kibrisdakik.com\\\/?p=107920\"]}]},{\"@type\":\"ImageObject\",\"inLanguage\":\"tr\",\"@id\":\"https:\\\/\\\/kibrisdakik.com\\\/?p=107920#primaryimage\",\"url\":\"https:\\\/\\\/kibrisdakik.com\\\/wp-content\\\/uploads\\\/2026\\\/03\\\/mha-sari-beyaz-3758.png\",\"contentUrl\":\"https:\\\/\\\/kibrisdakik.com\\\/wp-content\\\/uploads\\\/2026\\\/03\\\/mha-sari-beyaz-3758.png\",\"width\":1280,\"height\":720},{\"@type\":\"BreadcrumbList\",\"@id\":\"https:\\\/\\\/kibrisdakik.com\\\/?p=107920#breadcrumb\",\"itemListElement\":[{\"@type\":\"ListItem\",\"position\":1,\"name\":\"Home\",\"item\":\"https:\\\/\\\/kibrisdakik.com\\\/\"},{\"@type\":\"ListItem\",\"position\":2,\"name\":\"\u00dcSTEL\u2019DEN \u0130RSEN K\u00dc\u00c7\u00dcK \u0130\u00c7\u0130N ANMA MESAJI\"}]},{\"@type\":\"WebSite\",\"@id\":\"https:\\\/\\\/kibrisdakik.com\\\/#website\",\"url\":\"https:\\\/\\\/kibrisdakik.com\\\/\",\"name\":\"\",\"description\":\"Tam vaktinde haber\",\"potentialAction\":[{\"@type\":\"SearchAction\",\"target\":{\"@type\":\"EntryPoint\",\"urlTemplate\":\"https:\\\/\\\/kibrisdakik.com\\\/?s={search_term_string}\"},\"query-input\":{\"@type\":\"PropertyValueSpecification\",\"valueRequired\":true,\"valueName\":\"search_term_string\"}}],\"inLanguage\":\"tr\"},{\"@type\":\"Person\",\"@id\":\"https:\\\/\\\/kibrisdakik.com\\\/#\\\/schema\\\/person\\\/9cd9d437bbb44f72b73ba127e06d8e79\",\"name\":\"admin\",\"image\":{\"@type\":\"ImageObject\",\"inLanguage\":\"tr\",\"@id\":\"https:\\\/\\\/secure.gravatar.com\\\/avatar\\\/ccc17943b9d660506c869530f897617f7cb1c21a4bf30023f252596d83e1f007?s=96&d=mm&r=g\",\"url\":\"https:\\\/\\\/secure.gravatar.com\\\/avatar\\\/ccc17943b9d660506c869530f897617f7cb1c21a4bf30023f252596d83e1f007?s=96&d=mm&r=g\",\"contentUrl\":\"https:\\\/\\\/secure.gravatar.com\\\/avatar\\\/ccc17943b9d660506c869530f897617f7cb1c21a4bf30023f252596d83e1f007?s=96&d=mm&r=g\",\"caption\":\"admin\"},\"sameAs\":[\"https:\\\/\\\/kibrisdakik.com\"],\"url\":\"https:\\\/\\\/kibrisdakik.com\\\/?author=1\"}]}<\/script>\n<!-- \/ Yoast SEO plugin. -->","yoast_head_json":{"title":"\u00dcSTEL\u2019DEN \u0130RSEN K\u00dc\u00c7\u00dcK \u0130\u00c7\u0130N ANMA MESAJI -","robots":{"index":"index","follow":"follow","max-snippet":"max-snippet:-1","max-image-preview":"max-image-preview:large","max-video-preview":"max-video-preview:-1"},"canonical":"https:\/\/kibrisdakik.com\/?p=107920","og_locale":"tr_TR","og_type":"article","og_title":"\u00dcSTEL\u2019DEN \u0130RSEN K\u00dc\u00c7\u00dcK \u0130\u00c7\u0130N ANMA MESAJI -","og_description":"\u00dcnal \u00dcstel, merhum ba\u015fbakanlardan \u0130rsen K\u00fc\u00e7\u00fck\u2019\u00fc vefat\u0131n\u0131n 7\u2019nci y\u0131l d\u00f6n\u00fcm\u00fcnde rahmet ve sayg\u0131yla and\u0131. Ulusal Birlik Partisi (UBP) Genel Ba\u015fkan\u0131 ve Ba\u015fbakan \u00dcstel, yay\u0131mlad\u0131\u011f\u0131 anma mesaj\u0131nda K\u00fc\u00e7\u00fck\u2019\u00fcn K\u0131br\u0131s T\u00fcrk halk\u0131na ve devlete hizmet etmeyi hayat\u0131n\u0131n temel ilkesi haline getirdi\u011fini vurgulad\u0131. \u00dcstel mesaj\u0131nda, \u201cKuzey K\u0131br\u0131s T\u00fcrk Cumhuriyeti\u2019nin de\u011ferli devlet adamlar\u0131ndan, eski ba\u015fbakanlar\u0131m\u0131zdan ve Ulusal Birlik Partisi\u2019nin","og_url":"https:\/\/kibrisdakik.com\/?p=107920","article_published_time":"2026-03-10T08:13:14+00:00","og_image":[{"url":"https:\/\/mhahabercom.teimg.com\/crop\/1280x720\/mhahaber-com\/uploads\/2026\/03\/mha-sari-beyaz-3758.png","type":"","width":"","height":""}],"author":"admin","twitter_card":"summary_large_image","twitter_misc":{"Yazan:":"admin","Tahmini okuma s\u00fcresi":"1 dakika"},"schema":{"@context":"https:\/\/schema.org","@graph":[{"@type":"Article","@id":"https:\/\/kibrisdakik.com\/?p=107920#article","isPartOf":{"@id":"https:\/\/kibrisdakik.com\/?p=107920"},"author":{"name":"admin","@id":"https:\/\/kibrisdakik.com\/#\/schema\/person\/9cd9d437bbb44f72b73ba127e06d8e79"},"headline":"\u00dcSTEL\u2019DEN \u0130RSEN K\u00dc\u00c7\u00dcK \u0130\u00c7\u0130N ANMA MESAJI","datePublished":"2026-03-10T08:13:14+00:00","mainEntityOfPage":{"@id":"https:\/\/kibrisdakik.com\/?p=107920"},"wordCount":192,"commentCount":0,"image":{"@id":"https:\/\/kibrisdakik.com\/?p=107920#primaryimage"},"thumbnailUrl":"https:\/\/kibrisdakik.com\/wp-content\/uploads\/2026\/03\/mha-sari-beyaz-3758.png","articleSection":["K\u0131br\u0131s"],"inLanguage":"tr","potentialAction":[{"@type":"CommentAction","name":"Comment","target":["https:\/\/kibrisdakik.com\/?p=107920#respond"]}]},{"@type":"WebPage","@id":"https:\/\/kibrisdakik.com\/?p=107920","url":"https:\/\/kibrisdakik.com\/?p=107920","name":"\u00dcSTEL\u2019DEN \u0130RSEN K\u00dc\u00c7\u00dcK \u0130\u00c7\u0130N ANMA MESAJI -","isPartOf":{"@id":"https:\/\/kibrisdakik.com\/#website"},"primaryImageOfPage":{"@id":"https:\/\/kibrisdakik.com\/?p=107920#primaryimage"},"image":{"@id":"https:\/\/kibrisdakik.com\/?p=107920#primaryimage"},"thumbnailUrl":"https:\/\/kibrisdakik.com\/wp-content\/uploads\/2026\/03\/mha-sari-beyaz-3758.png","datePublished":"2026-03-10T08:13:14+00:00","author":{"@id":"https:\/\/kibrisdakik.com\/#\/schema\/person\/9cd9d437bbb44f72b73ba127e06d8e79"},"breadcrumb":{"@id":"https:\/\/kibrisdakik.com\/?p=107920#breadcrumb"},"inLanguage":"tr","potentialAction":[{"@type":"ReadAction","target":["https:\/\/kibrisdakik.com\/?p=107920"]}]},{"@type":"ImageObject","inLanguage":"tr","@id":"https:\/\/kibrisdakik.com\/?p=107920#primaryimage","url":"https:\/\/kibrisdakik.com\/wp-content\/uploads\/2026\/03\/mha-sari-beyaz-3758.png","contentUrl":"https:\/\/kibrisdakik.com\/wp-content\/uploads\/2026\/03\/mha-sari-beyaz-3758.png","width":1280,"height":720},{"@type":"BreadcrumbList","@id":"https:\/\/kibrisdakik.com\/?p=107920#breadcrumb","itemListElement":[{"@type":"ListItem","position":1,"name":"Home","item":"https:\/\/kibrisdakik.com\/"},{"@type":"ListItem","position":2,"name":"\u00dcSTEL\u2019DEN \u0130RSEN K\u00dc\u00c7\u00dcK \u0130\u00c7\u0130N ANMA MESAJI"}]},{"@type":"WebSite","@id":"https:\/\/kibrisdakik.com\/#website","url":"https:\/\/kibrisdakik.com\/","name":"","description":"Tam vaktinde haber","potentialAction":[{"@type":"SearchAction","target":{"@type":"EntryPoint","urlTemplate":"https:\/\/kibrisdakik.com\/?s={search_term_string}"},"query-input":{"@type":"PropertyValueSpecification","valueRequired":true,"valueName":"search_term_string"}}],"inLanguage":"tr"},{"@type":"Person","@id":"https:\/\/kibrisdakik.com\/#\/schema\/person\/9cd9d437bbb44f72b73ba127e06d8e79","name":"admin","image":{"@type":"ImageObject","inLanguage":"tr","@id":"https:\/\/secure.gravatar.com\/avatar\/ccc17943b9d660506c869530f897617f7cb1c21a4bf30023f252596d83e1f007?s=96&d=mm&r=g","url":"https:\/\/secure.gravatar.com\/avatar\/ccc17943b9d660506c869530f897617f7cb1c21a4bf30023f252596d83e1f007?s=96&d=mm&r=g","contentUrl":"https:\/\/secure.gravatar.com\/avatar\/ccc17943b9d660506c869530f897617f7cb1c21a4bf30023f252596d83e1f007?s=96&d=mm&r=g","caption":"admin"},"sameAs":["https:\/\/kibrisdakik.com"],"url":"https:\/\/kibrisdakik.com\/?author=1"}]}},"_links":{"self":[{"href":"https:\/\/kibrisdakik.com\/index.php?rest_route=\/wp\/v2\/posts\/107920","targetHints":{"allow":["GET"]}}],"collection":[{"href":"https:\/\/kibrisdakik.com\/index.php?rest_route=\/wp\/v2\/posts"}],"about":[{"href":"https:\/\/kibrisdakik.com\/index.php?rest_route=\/wp\/v2\/types\/post"}],"author":[{"embeddable":true,"href":"https:\/\/kibrisdakik.com\/index.php?rest_route=\/wp\/v2\/users\/1"}],"replies":[{"embeddable":true,"href":"https:\/\/kibrisdakik.com\/index.php?rest_route=%2Fwp%2Fv2%2Fcomments&post=107920"}],"version-history":[{"count":0,"href":"https:\/\/kibrisdakik.com\/index.php?rest_route=\/wp\/v2\/posts\/107920\/revisions"}],"wp:featuredmedia":[{"embeddable":true,"href":"https:\/\/kibrisdakik.com\/index.php?rest_route=\/wp\/v2\/media\/107921"}],"wp:attachment":[{"href":"https:\/\/kibrisdakik.com\/index.php?rest_route=%2Fwp%2Fv2%2Fmedia&parent=107920"}],"wp:term":[{"taxonomy":"category","embeddable":true,"href":"https:\/\/kibrisdakik.com\/index.php?rest_route=%2Fwp%2Fv2%2Fcategories&post=107920"},{"taxonomy":"post_tag","embeddable":true,"href":"https:\/\/kibrisdakik.com\/index.php?rest_route=%2Fwp%2Fv2%2Ftags&post=107920"}],"curies":[{"name":"wp","href":"https:\/\/api.w.org\/{rel}","templated":true}]}}