{"id":107945,"date":"2026-03-10T14:01:19","date_gmt":"2026-03-10T12:01:19","guid":{"rendered":"https:\/\/kibrisdakik.com\/?p=107945"},"modified":"2026-03-10T14:01:19","modified_gmt":"2026-03-10T12:01:19","slug":"irsen-kucuk-7nci-olum-yil-donumunde-anildi","status":"publish","type":"post","link":"https:\/\/kibrisdakik.com\/?p=107945","title":{"rendered":"\u0130RSEN K\u00dc\u00c7\u00dcK 7\u2019NC\u0130 \u00d6L\u00dcM YIL D\u00d6N\u00dcM\u00dcNDE ANILDI"},"content":{"rendered":"<div data-text-id=\"197692\" property=\"articleBody\">\n<p>Ulusal Birlik Partisi (UBP) genel ba\u015fkanlar\u0131ndan eski Ba\u015fbakan \u0130rsen K\u00fc\u00e7\u00fck, 7\u2019nci \u00f6l\u00fcm y\u0131l d\u00f6n\u00fcm\u00fcnde kabri ba\u015f\u0131nda an\u0131ld\u0131.<\/p>\n<p>Anma t\u00f6renine \u0130rsen K\u00fc\u00e7\u00fck\u2019\u00fcn ailesi, Cumhuriyet Meclisi Ba\u015fkan\u0131 Ziya \u00d6zt\u00fcrkler, Ba\u015fbakan \u00dcnal \u00dcstel, TC Lefko\u015fa B\u00fcy\u00fckel\u00e7isi Ali Murat Ba\u015f\u00e7eri, Ana Muhalefet CTP Genel Ba\u015fkan\u0131 S\u0131la Usar \u0130ncirli, baz\u0131 bakanlar, milletvekilleri ve yetkililer kat\u0131ld\u0131.<\/p>\n<p>Aile ad\u0131na Feridun Adahan, Ba\u015fbakan \u00dcnal \u00dcstel, CTP Genel Ba\u015fkan\u0131 S\u0131la Usar \u0130ncirli\u2019nin konu\u015fma yapt\u0131\u011f\u0131 t\u00f6rende, sayg\u0131 duru\u015funda bulunuldu ve \u0130stiklal Mar\u015f\u0131 okundu.<\/p>\n<p>\u0130rsen K\u00fc\u00e7\u00fck Ortaokulu \u00f6\u011frencilerinin \u015fiir okudu\u011fu t\u00f6ren, dua ve K\u00fc\u00e7\u00fck\u2019\u00fcn kabrine karanfil b\u0131rak\u0131lmas\u0131yla sona erdi.<\/p>\n<p>-\u00dcstel<\/p>\n<p>Ba\u015fbakan \u00dcnal \u00dcstel t\u00f6rende yapt\u0131\u011f\u0131 konu\u015fmada, \u00fclkesini seven \u0130rsen K\u00fc\u00e7\u00fck&#8217;\u00fcn K\u0131br\u0131s T\u00fcrk\u00fc i\u00e7in varolu\u015f m\u00fccadelesi verdi\u011fini belirtti.<img loading=\"lazy\" decoding=\"async\" height=\"1654\" src=\"https:\/\/mhahabercom.teimg.com\/mhahaber-com\/uploads\/2026\/03\/1773138226568irsen-kucuk-kabri-basinda-anildi-8-so.jpg\" width=\"2480\"\/><\/p>\n<p>K\u00fc\u00e7\u00fck\u2019\u00fcn, \u00fclkenin lokomotif sekt\u00f6rlerinden biri olan tar\u0131mda en uzun s\u00fcre bakanl\u0131k yapan ki\u015fi olarak bu alana m\u00fchr\u00fcn\u00fc, damgas\u0131n\u0131 vurdu\u011funu s\u00f6yledi.<\/p>\n<p>Tar\u0131m ve hayvanc\u0131l\u0131k alan\u0131na b\u00fcy\u00fck hizmetler veren \u0130rsen K\u00fc\u00e7\u00fck\u2019\u00fcn hayvan ihra\u00e7 eden ilk tar\u0131m bakanlar\u0131ndan oldu\u011funu da kaydeden \u00dcstel, \u201c\u0130rsen K\u00fc\u00e7\u00fck\u2019\u00fcn, Ulusal Birlik Partisi Genel Ba\u015fkanl\u0131\u011f\u0131 ve Ba\u015fbakanl\u0131k d\u00f6neminde K\u0131br\u0131s tarihinde yeni bir sayfa a\u00e7\u0131ld\u0131.\u201d dedi.<\/p>\n<p>Ba\u015fbakan \u00dcnal \u00dcstel, T\u00fcrkiye&#8217;den deniz alt\u0131 ba\u011flant\u0131yla adaya su getirilmesi projesinin ilk ad\u0131m\u0131n\u0131n K\u00fc\u00e7\u00fck\u2019\u00fcn Ba\u015fbakanl\u0131\u011f\u0131 d\u00f6neminde imzalanan protokolle at\u0131ld\u0131\u011f\u0131n\u0131, yar\u0131m kalan projelerin de kendi h\u00fck\u00fcmetleri d\u00f6neminde tamamland\u0131\u011f\u0131n\u0131 vurgulad\u0131.<\/p>\n<p>Ba\u015fbakan \u00dcstel, K\u00fc\u00e7\u00fck\u2019\u00fc sayg\u0131, minnet ve rahmetle and\u0131.<\/p>\n<p>-\u0130ncirli<\/p>\n<p>CTP Genel Ba\u015fkan\u0131 S\u0131la Usar \u0130ncirli, Erenk\u00f6y&#8217;e m\u00fccahit olarak \u00e7\u0131kan \u0130rsen K\u00fc\u00e7\u00fck&#8217;\u00fcn \u00fclkesini m\u00fcdafaa etmek i\u00e7in gen\u00e7lik y\u0131llar\u0131ndan itibaren kendini yap\u0131land\u0131rd\u0131\u011f\u0131n\u0131 s\u00f6yledi.<\/p>\n<p>\u0130ncirli, ziraat m\u00fchendisi olarak \u00fclkeye gelen K\u00fc\u00e7\u00fck&#8217;\u00fcn bu alanla ilgili \u00e7al\u0131\u015fmalar\u0131n temelini att\u0131\u011f\u0131n\u0131, bu temellerin \u00fczerine devlet kurumlar\u0131n\u0131n in\u015fa edildi\u011fini belirtti.<img loading=\"lazy\" decoding=\"async\" height=\"1654\" src=\"https:\/\/mhahabercom.teimg.com\/mhahaber-com\/uploads\/2026\/03\/1773138226569irsen-kucuk-kabri-basinda-anildi-11-so.jpg\" width=\"2480\"\/><\/p>\n<p>\u201c\u0130rsen K\u00fc\u00e7\u00fck hem siyasette hem de meslek ya\u015fam\u0131nda \u00f6nemli \u00e7al\u0131\u015fmalar yapm\u0131\u015f bir ki\u015fi olarak hat\u0131ralarda kalacak.\u201d diyen \u0130ncirli, K\u00fc\u00e7\u00fck\u2019\u00fcn, ailesine, dostlar\u0131na ve halk\u0131na d\u00fc\u015fk\u00fcn bir siyaset\u00e7i oldu\u011funu s\u00f6yledi.<\/p>\n<p>CTP Genel Ba\u015fkan\u0131 S\u0131la Usar \u0130ncirli, mesle\u011fini halk\u0131 ve \u00fclkesinin var olmas\u0131 i\u00e7in en iyi \u015fekilde y\u00fcr\u00fcten K\u00fc\u00e7\u00fck&#8217;\u00fc sayg\u0131 ve minnetle and\u0131klar\u0131n\u0131 ifade etti.<\/p>\n<p>-Adahan<\/p>\n<p>\u0130rsen K\u00fc\u00e7\u00fck\u2019\u00fcn ailesi ad\u0131na konu\u015fma yapan Feridun Adahan ise, \u0130rsen K\u00fc\u00e7\u00fck&#8217;\u00fcn geride b\u0131rakt\u0131\u011f\u0131 eserler ve topluma emanet etti\u011fi fedakarl\u0131klar\u0131n, siyaset yapanlara ve yapacak olanlara rehber olaca\u011f\u0131n\u0131 s\u00f6yledi.<\/p>\n<p>\u201c\u0130rsen K\u00fc\u00e7\u00fck, ger\u00e7ek bir vatanseverdi ve \u015fahsi \u00e7\u0131karlar\u0131n\u0131 d\u00fc\u015f\u00fcnmeden fedakarl\u0131kla hizmet etti.\u201d diyen Adahan, K\u00fc\u00e7\u00fck\u2019\u00fcn, Erenk\u00f6y M\u00fccahitler Cemiyeti&#8217;ni kurdu\u011funu, 14 y\u0131l Tar\u0131m Bakanl\u0131\u011f\u0131 yapt\u0131\u011f\u0131n\u0131 ve Ziraat M\u00fchendisleri Odas\u0131&#8217;n\u0131 kurdu\u011funu hat\u0131rlatt\u0131.<\/p>\n<p>Adahan, T\u00fcrkiye&#8217;den su getirilmesi ve \u00e7evre yolu projelerine de i\u015faret etti\u011fi konu\u015fmas\u0131nda, Ba\u015fbakan \u00dcnal \u00dcstel\u2019e de te\u015fekk\u00fcr etti.<\/p>\n<\/p><\/div>\n","protected":false},"excerpt":{"rendered":"<p>Ulusal Birlik Partisi (UBP) genel ba\u015fkanlar\u0131ndan eski Ba\u015fbakan \u0130rsen K\u00fc\u00e7\u00fck, 7\u2019nci \u00f6l\u00fcm y\u0131l d\u00f6n\u00fcm\u00fcnde kabri ba\u015f\u0131nda an\u0131ld\u0131. Anma t\u00f6renine \u0130rsen K\u00fc\u00e7\u00fck\u2019\u00fcn ailesi, Cumhuriyet Meclisi Ba\u015fkan\u0131 Ziya \u00d6zt\u00fcrkler, Ba\u015fbakan \u00dcnal \u00dcstel, TC Lefko\u015fa B\u00fcy\u00fckel\u00e7isi Ali Murat Ba\u015f\u00e7eri, Ana Muhalefet CTP Genel Ba\u015fkan\u0131 S\u0131la Usar \u0130ncirli, baz\u0131 bakanlar, milletvekilleri ve yetkililer kat\u0131ld\u0131. Aile ad\u0131na Feridun Adahan, Ba\u015fbakan<\/p>\n","protected":false},"author":1,"featured_media":107946,"comment_status":"open","ping_status":"open","sticky":false,"template":"","format":"standard","meta":{"footnotes":""},"categories":[81],"tags":[],"class_list":["post-107945","post","type-post","status-publish","format-standard","has-post-thumbnail","hentry","category-kibris"],"yoast_head":"<!-- This site is optimized with the Yoast SEO plugin v27.5 - https:\/\/yoast.com\/product\/yoast-seo-wordpress\/ -->\n<title>\u0130RSEN K\u00dc\u00c7\u00dcK 7\u2019NC\u0130 \u00d6L\u00dcM YIL D\u00d6N\u00dcM\u00dcNDE ANILDI -<\/title>\n<meta name=\"robots\" content=\"index, follow, max-snippet:-1, max-image-preview:large, max-video-preview:-1\" \/>\n<link rel=\"canonical\" href=\"https:\/\/kibrisdakik.com\/?p=107945\" \/>\n<meta property=\"og:locale\" content=\"tr_TR\" \/>\n<meta property=\"og:type\" content=\"article\" \/>\n<meta property=\"og:title\" content=\"\u0130RSEN K\u00dc\u00c7\u00dcK 7\u2019NC\u0130 \u00d6L\u00dcM YIL D\u00d6N\u00dcM\u00dcNDE ANILDI -\" \/>\n<meta property=\"og:description\" content=\"Ulusal Birlik Partisi (UBP) genel ba\u015fkanlar\u0131ndan eski Ba\u015fbakan \u0130rsen K\u00fc\u00e7\u00fck, 7\u2019nci \u00f6l\u00fcm y\u0131l d\u00f6n\u00fcm\u00fcnde kabri ba\u015f\u0131nda an\u0131ld\u0131. Anma t\u00f6renine \u0130rsen K\u00fc\u00e7\u00fck\u2019\u00fcn ailesi, Cumhuriyet Meclisi Ba\u015fkan\u0131 Ziya \u00d6zt\u00fcrkler, Ba\u015fbakan \u00dcnal \u00dcstel, TC Lefko\u015fa B\u00fcy\u00fckel\u00e7isi Ali Murat Ba\u015f\u00e7eri, Ana Muhalefet CTP Genel Ba\u015fkan\u0131 S\u0131la Usar \u0130ncirli, baz\u0131 bakanlar, milletvekilleri ve yetkililer kat\u0131ld\u0131. Aile ad\u0131na Feridun Adahan, Ba\u015fbakan\" \/>\n<meta property=\"og:url\" content=\"https:\/\/kibrisdakik.com\/?p=107945\" \/>\n<meta property=\"article:published_time\" content=\"2026-03-10T12:01:19+00:00\" \/>\n<meta property=\"og:image\" content=\"https:\/\/mhahabercom.teimg.com\/mhahaber-com\/uploads\/2026\/03\/1773138226567irsen-kucuk-kabri-basinda-anildi-6-so.jpg\" \/>\n<meta name=\"author\" content=\"admin\" \/>\n<meta name=\"twitter:card\" content=\"summary_large_image\" \/>\n<meta name=\"twitter:label1\" content=\"Yazan:\" \/>\n\t<meta name=\"twitter:data1\" content=\"admin\" \/>\n\t<meta name=\"twitter:label2\" content=\"Tahmini okuma s\u00fcresi\" \/>\n\t<meta name=\"twitter:data2\" content=\"3 dakika\" \/>\n<script type=\"application\/ld+json\" class=\"yoast-schema-graph\">{\"@context\":\"https:\\\/\\\/schema.org\",\"@graph\":[{\"@type\":\"Article\",\"@id\":\"https:\\\/\\\/kibrisdakik.com\\\/?p=107945#article\",\"isPartOf\":{\"@id\":\"https:\\\/\\\/kibrisdakik.com\\\/?p=107945\"},\"author\":{\"name\":\"admin\",\"@id\":\"https:\\\/\\\/kibrisdakik.com\\\/#\\\/schema\\\/person\\\/9cd9d437bbb44f72b73ba127e06d8e79\"},\"headline\":\"\u0130RSEN K\u00dc\u00c7\u00dcK 7\u2019NC\u0130 \u00d6L\u00dcM YIL D\u00d6N\u00dcM\u00dcNDE ANILDI\",\"datePublished\":\"2026-03-10T12:01:19+00:00\",\"mainEntityOfPage\":{\"@id\":\"https:\\\/\\\/kibrisdakik.com\\\/?p=107945\"},\"wordCount\":574,\"commentCount\":0,\"image\":{\"@id\":\"https:\\\/\\\/kibrisdakik.com\\\/?p=107945#primaryimage\"},\"thumbnailUrl\":\"https:\\\/\\\/kibrisdakik.com\\\/wp-content\\\/uploads\\\/2026\\\/03\\\/mha-sari-beyaz-3771.png\",\"articleSection\":[\"K\u0131br\u0131s\"],\"inLanguage\":\"tr\",\"potentialAction\":[{\"@type\":\"CommentAction\",\"name\":\"Comment\",\"target\":[\"https:\\\/\\\/kibrisdakik.com\\\/?p=107945#respond\"]}]},{\"@type\":\"WebPage\",\"@id\":\"https:\\\/\\\/kibrisdakik.com\\\/?p=107945\",\"url\":\"https:\\\/\\\/kibrisdakik.com\\\/?p=107945\",\"name\":\"\u0130RSEN K\u00dc\u00c7\u00dcK 7\u2019NC\u0130 \u00d6L\u00dcM YIL D\u00d6N\u00dcM\u00dcNDE ANILDI -\",\"isPartOf\":{\"@id\":\"https:\\\/\\\/kibrisdakik.com\\\/#website\"},\"primaryImageOfPage\":{\"@id\":\"https:\\\/\\\/kibrisdakik.com\\\/?p=107945#primaryimage\"},\"image\":{\"@id\":\"https:\\\/\\\/kibrisdakik.com\\\/?p=107945#primaryimage\"},\"thumbnailUrl\":\"https:\\\/\\\/kibrisdakik.com\\\/wp-content\\\/uploads\\\/2026\\\/03\\\/mha-sari-beyaz-3771.png\",\"datePublished\":\"2026-03-10T12:01:19+00:00\",\"author\":{\"@id\":\"https:\\\/\\\/kibrisdakik.com\\\/#\\\/schema\\\/person\\\/9cd9d437bbb44f72b73ba127e06d8e79\"},\"breadcrumb\":{\"@id\":\"https:\\\/\\\/kibrisdakik.com\\\/?p=107945#breadcrumb\"},\"inLanguage\":\"tr\",\"potentialAction\":[{\"@type\":\"ReadAction\",\"target\":[\"https:\\\/\\\/kibrisdakik.com\\\/?p=107945\"]}]},{\"@type\":\"ImageObject\",\"inLanguage\":\"tr\",\"@id\":\"https:\\\/\\\/kibrisdakik.com\\\/?p=107945#primaryimage\",\"url\":\"https:\\\/\\\/kibrisdakik.com\\\/wp-content\\\/uploads\\\/2026\\\/03\\\/mha-sari-beyaz-3771.png\",\"contentUrl\":\"https:\\\/\\\/kibrisdakik.com\\\/wp-content\\\/uploads\\\/2026\\\/03\\\/mha-sari-beyaz-3771.png\",\"width\":1280,\"height\":720},{\"@type\":\"BreadcrumbList\",\"@id\":\"https:\\\/\\\/kibrisdakik.com\\\/?p=107945#breadcrumb\",\"itemListElement\":[{\"@type\":\"ListItem\",\"position\":1,\"name\":\"Home\",\"item\":\"https:\\\/\\\/kibrisdakik.com\\\/\"},{\"@type\":\"ListItem\",\"position\":2,\"name\":\"\u0130RSEN K\u00dc\u00c7\u00dcK 7\u2019NC\u0130 \u00d6L\u00dcM YIL D\u00d6N\u00dcM\u00dcNDE ANILDI\"}]},{\"@type\":\"WebSite\",\"@id\":\"https:\\\/\\\/kibrisdakik.com\\\/#website\",\"url\":\"https:\\\/\\\/kibrisdakik.com\\\/\",\"name\":\"\",\"description\":\"Tam vaktinde haber\",\"potentialAction\":[{\"@type\":\"SearchAction\",\"target\":{\"@type\":\"EntryPoint\",\"urlTemplate\":\"https:\\\/\\\/kibrisdakik.com\\\/?s={search_term_string}\"},\"query-input\":{\"@type\":\"PropertyValueSpecification\",\"valueRequired\":true,\"valueName\":\"search_term_string\"}}],\"inLanguage\":\"tr\"},{\"@type\":\"Person\",\"@id\":\"https:\\\/\\\/kibrisdakik.com\\\/#\\\/schema\\\/person\\\/9cd9d437bbb44f72b73ba127e06d8e79\",\"name\":\"admin\",\"image\":{\"@type\":\"ImageObject\",\"inLanguage\":\"tr\",\"@id\":\"https:\\\/\\\/secure.gravatar.com\\\/avatar\\\/ccc17943b9d660506c869530f897617f7cb1c21a4bf30023f252596d83e1f007?s=96&d=mm&r=g\",\"url\":\"https:\\\/\\\/secure.gravatar.com\\\/avatar\\\/ccc17943b9d660506c869530f897617f7cb1c21a4bf30023f252596d83e1f007?s=96&d=mm&r=g\",\"contentUrl\":\"https:\\\/\\\/secure.gravatar.com\\\/avatar\\\/ccc17943b9d660506c869530f897617f7cb1c21a4bf30023f252596d83e1f007?s=96&d=mm&r=g\",\"caption\":\"admin\"},\"sameAs\":[\"https:\\\/\\\/kibrisdakik.com\"],\"url\":\"https:\\\/\\\/kibrisdakik.com\\\/?author=1\"}]}<\/script>\n<!-- \/ Yoast SEO plugin. -->","yoast_head_json":{"title":"\u0130RSEN K\u00dc\u00c7\u00dcK 7\u2019NC\u0130 \u00d6L\u00dcM YIL D\u00d6N\u00dcM\u00dcNDE ANILDI -","robots":{"index":"index","follow":"follow","max-snippet":"max-snippet:-1","max-image-preview":"max-image-preview:large","max-video-preview":"max-video-preview:-1"},"canonical":"https:\/\/kibrisdakik.com\/?p=107945","og_locale":"tr_TR","og_type":"article","og_title":"\u0130RSEN K\u00dc\u00c7\u00dcK 7\u2019NC\u0130 \u00d6L\u00dcM YIL D\u00d6N\u00dcM\u00dcNDE ANILDI -","og_description":"Ulusal Birlik Partisi (UBP) genel ba\u015fkanlar\u0131ndan eski Ba\u015fbakan \u0130rsen K\u00fc\u00e7\u00fck, 7\u2019nci \u00f6l\u00fcm y\u0131l d\u00f6n\u00fcm\u00fcnde kabri ba\u015f\u0131nda an\u0131ld\u0131. Anma t\u00f6renine \u0130rsen K\u00fc\u00e7\u00fck\u2019\u00fcn ailesi, Cumhuriyet Meclisi Ba\u015fkan\u0131 Ziya \u00d6zt\u00fcrkler, Ba\u015fbakan \u00dcnal \u00dcstel, TC Lefko\u015fa B\u00fcy\u00fckel\u00e7isi Ali Murat Ba\u015f\u00e7eri, Ana Muhalefet CTP Genel Ba\u015fkan\u0131 S\u0131la Usar \u0130ncirli, baz\u0131 bakanlar, milletvekilleri ve yetkililer kat\u0131ld\u0131. Aile ad\u0131na Feridun Adahan, Ba\u015fbakan","og_url":"https:\/\/kibrisdakik.com\/?p=107945","article_published_time":"2026-03-10T12:01:19+00:00","og_image":[{"url":"https:\/\/mhahabercom.teimg.com\/mhahaber-com\/uploads\/2026\/03\/1773138226567irsen-kucuk-kabri-basinda-anildi-6-so.jpg","type":"","width":"","height":""}],"author":"admin","twitter_card":"summary_large_image","twitter_misc":{"Yazan:":"admin","Tahmini okuma s\u00fcresi":"3 dakika"},"schema":{"@context":"https:\/\/schema.org","@graph":[{"@type":"Article","@id":"https:\/\/kibrisdakik.com\/?p=107945#article","isPartOf":{"@id":"https:\/\/kibrisdakik.com\/?p=107945"},"author":{"name":"admin","@id":"https:\/\/kibrisdakik.com\/#\/schema\/person\/9cd9d437bbb44f72b73ba127e06d8e79"},"headline":"\u0130RSEN K\u00dc\u00c7\u00dcK 7\u2019NC\u0130 \u00d6L\u00dcM YIL D\u00d6N\u00dcM\u00dcNDE ANILDI","datePublished":"2026-03-10T12:01:19+00:00","mainEntityOfPage":{"@id":"https:\/\/kibrisdakik.com\/?p=107945"},"wordCount":574,"commentCount":0,"image":{"@id":"https:\/\/kibrisdakik.com\/?p=107945#primaryimage"},"thumbnailUrl":"https:\/\/kibrisdakik.com\/wp-content\/uploads\/2026\/03\/mha-sari-beyaz-3771.png","articleSection":["K\u0131br\u0131s"],"inLanguage":"tr","potentialAction":[{"@type":"CommentAction","name":"Comment","target":["https:\/\/kibrisdakik.com\/?p=107945#respond"]}]},{"@type":"WebPage","@id":"https:\/\/kibrisdakik.com\/?p=107945","url":"https:\/\/kibrisdakik.com\/?p=107945","name":"\u0130RSEN K\u00dc\u00c7\u00dcK 7\u2019NC\u0130 \u00d6L\u00dcM YIL D\u00d6N\u00dcM\u00dcNDE ANILDI -","isPartOf":{"@id":"https:\/\/kibrisdakik.com\/#website"},"primaryImageOfPage":{"@id":"https:\/\/kibrisdakik.com\/?p=107945#primaryimage"},"image":{"@id":"https:\/\/kibrisdakik.com\/?p=107945#primaryimage"},"thumbnailUrl":"https:\/\/kibrisdakik.com\/wp-content\/uploads\/2026\/03\/mha-sari-beyaz-3771.png","datePublished":"2026-03-10T12:01:19+00:00","author":{"@id":"https:\/\/kibrisdakik.com\/#\/schema\/person\/9cd9d437bbb44f72b73ba127e06d8e79"},"breadcrumb":{"@id":"https:\/\/kibrisdakik.com\/?p=107945#breadcrumb"},"inLanguage":"tr","potentialAction":[{"@type":"ReadAction","target":["https:\/\/kibrisdakik.com\/?p=107945"]}]},{"@type":"ImageObject","inLanguage":"tr","@id":"https:\/\/kibrisdakik.com\/?p=107945#primaryimage","url":"https:\/\/kibrisdakik.com\/wp-content\/uploads\/2026\/03\/mha-sari-beyaz-3771.png","contentUrl":"https:\/\/kibrisdakik.com\/wp-content\/uploads\/2026\/03\/mha-sari-beyaz-3771.png","width":1280,"height":720},{"@type":"BreadcrumbList","@id":"https:\/\/kibrisdakik.com\/?p=107945#breadcrumb","itemListElement":[{"@type":"ListItem","position":1,"name":"Home","item":"https:\/\/kibrisdakik.com\/"},{"@type":"ListItem","position":2,"name":"\u0130RSEN K\u00dc\u00c7\u00dcK 7\u2019NC\u0130 \u00d6L\u00dcM YIL D\u00d6N\u00dcM\u00dcNDE ANILDI"}]},{"@type":"WebSite","@id":"https:\/\/kibrisdakik.com\/#website","url":"https:\/\/kibrisdakik.com\/","name":"","description":"Tam vaktinde haber","potentialAction":[{"@type":"SearchAction","target":{"@type":"EntryPoint","urlTemplate":"https:\/\/kibrisdakik.com\/?s={search_term_string}"},"query-input":{"@type":"PropertyValueSpecification","valueRequired":true,"valueName":"search_term_string"}}],"inLanguage":"tr"},{"@type":"Person","@id":"https:\/\/kibrisdakik.com\/#\/schema\/person\/9cd9d437bbb44f72b73ba127e06d8e79","name":"admin","image":{"@type":"ImageObject","inLanguage":"tr","@id":"https:\/\/secure.gravatar.com\/avatar\/ccc17943b9d660506c869530f897617f7cb1c21a4bf30023f252596d83e1f007?s=96&d=mm&r=g","url":"https:\/\/secure.gravatar.com\/avatar\/ccc17943b9d660506c869530f897617f7cb1c21a4bf30023f252596d83e1f007?s=96&d=mm&r=g","contentUrl":"https:\/\/secure.gravatar.com\/avatar\/ccc17943b9d660506c869530f897617f7cb1c21a4bf30023f252596d83e1f007?s=96&d=mm&r=g","caption":"admin"},"sameAs":["https:\/\/kibrisdakik.com"],"url":"https:\/\/kibrisdakik.com\/?author=1"}]}},"_links":{"self":[{"href":"https:\/\/kibrisdakik.com\/index.php?rest_route=\/wp\/v2\/posts\/107945","targetHints":{"allow":["GET"]}}],"collection":[{"href":"https:\/\/kibrisdakik.com\/index.php?rest_route=\/wp\/v2\/posts"}],"about":[{"href":"https:\/\/kibrisdakik.com\/index.php?rest_route=\/wp\/v2\/types\/post"}],"author":[{"embeddable":true,"href":"https:\/\/kibrisdakik.com\/index.php?rest_route=\/wp\/v2\/users\/1"}],"replies":[{"embeddable":true,"href":"https:\/\/kibrisdakik.com\/index.php?rest_route=%2Fwp%2Fv2%2Fcomments&post=107945"}],"version-history":[{"count":0,"href":"https:\/\/kibrisdakik.com\/index.php?rest_route=\/wp\/v2\/posts\/107945\/revisions"}],"wp:featuredmedia":[{"embeddable":true,"href":"https:\/\/kibrisdakik.com\/index.php?rest_route=\/wp\/v2\/media\/107946"}],"wp:attachment":[{"href":"https:\/\/kibrisdakik.com\/index.php?rest_route=%2Fwp%2Fv2%2Fmedia&parent=107945"}],"wp:term":[{"taxonomy":"category","embeddable":true,"href":"https:\/\/kibrisdakik.com\/index.php?rest_route=%2Fwp%2Fv2%2Fcategories&post=107945"},{"taxonomy":"post_tag","embeddable":true,"href":"https:\/\/kibrisdakik.com\/index.php?rest_route=%2Fwp%2Fv2%2Ftags&post=107945"}],"curies":[{"name":"wp","href":"https:\/\/api.w.org\/{rel}","templated":true}]}}