{"id":107962,"date":"2026-03-10T15:27:20","date_gmt":"2026-03-10T13:27:20","guid":{"rendered":"https:\/\/kibrisdakik.com\/?p=107962"},"modified":"2026-03-10T15:27:20","modified_gmt":"2026-03-10T13:27:20","slug":"zaimagaoglu-ertopraki-kabul-etti","status":"publish","type":"post","link":"https:\/\/kibrisdakik.com\/?p=107962","title":{"rendered":"ZA\u0130MA\u011eAO\u011eLU ERTOPRAK\u2019I KABUL ETT\u0130"},"content":{"rendered":"<p><\/p>\n<div data-text-id=\"197705\" property=\"articleBody\">\n<p>Ba\u015fbakan Yard\u0131mc\u0131l\u0131\u011f\u0131, Turizm, K\u00fclt\u00fcr, Gen\u00e7lik ve \u00c7evre Bakanl\u0131\u011f\u0131\u2019na ba\u011fl\u0131 K\u00fclt\u00fcr Dairesi M\u00fcd\u00fcr\u00fc \u015eirin Zaima\u011fao\u011flu, \u201cGaylemiz Gelecek\u201d isimli program yap\u0131mc\u0131s\u0131 Do\u011fu\u015f Ertoprak&#8217;\u0131 K\u00fclt\u00fcr Dairesi&#8217;nde kabul etti.<\/p>\n<p>K\u00fclt\u00fcr Dairesi\u2019nden verilen bilgiye g\u00f6re, ge\u00e7ti\u011fimiz hafta Ertoprak&#8217;\u0131n program\u0131na konuk olan Zaima\u011fao\u011flu, Ertoprak\u2019\u0131n yan\u0131 s\u0131ra programa konuk olan gen\u00e7ler \u00d6mer Mustafa Fidaner, Hasan Be\u015fok, Dilen Yang\u0131n ve Onur Kan\u00e7eliker\u2019i de misafir etti.<\/p>\n<p>G\u00f6r\u00fc\u015fmede konu\u015fan Zaima\u011fao\u011flu, Ertoprak&#8217;\u0131n kariyerinde ba\u015far\u0131lar elde etmi\u015f ki\u015fileri programlar\u0131na konuk alarak memleketi i\u00e7in d\u00fc\u015f\u00fcnen, hayal kuran ve \u00fcreten gen\u00e7lerle bulu\u015fturdu\u011funu s\u00f6yledi. Ertoprak ve beraberindeki gen\u00e7leri tebrik eden Zaima\u011fao\u011flu, K\u00fclt\u00fcr Dairesi olarak programa destek vereceklerini kaydetti.<\/p>\n<p>Zaima\u011fao\u011flu, program konuklar\u0131na hediye edilmek \u00fczere Ertoprak\u2019a k\u0131rm\u0131z\u0131 kitaplar olarak bilinen K\u00fclt\u00fcr Dairesi yay\u0131nlar\u0131ndan da bir derme hediye etti.<\/p>\n<\/p><\/div>\n","protected":false},"excerpt":{"rendered":"<p>Ba\u015fbakan Yard\u0131mc\u0131l\u0131\u011f\u0131, Turizm, K\u00fclt\u00fcr, Gen\u00e7lik ve \u00c7evre Bakanl\u0131\u011f\u0131\u2019na ba\u011fl\u0131 K\u00fclt\u00fcr Dairesi M\u00fcd\u00fcr\u00fc \u015eirin Zaima\u011fao\u011flu, \u201cGaylemiz Gelecek\u201d isimli program yap\u0131mc\u0131s\u0131 Do\u011fu\u015f Ertoprak&#8217;\u0131 K\u00fclt\u00fcr Dairesi&#8217;nde kabul etti. K\u00fclt\u00fcr Dairesi\u2019nden verilen bilgiye g\u00f6re, ge\u00e7ti\u011fimiz hafta Ertoprak&#8217;\u0131n program\u0131na konuk olan Zaima\u011fao\u011flu, Ertoprak\u2019\u0131n yan\u0131 s\u0131ra programa konuk olan gen\u00e7ler \u00d6mer Mustafa Fidaner, Hasan Be\u015fok, Dilen Yang\u0131n ve Onur Kan\u00e7eliker\u2019i de<\/p>\n","protected":false},"author":1,"featured_media":107963,"comment_status":"open","ping_status":"open","sticky":false,"template":"","format":"standard","meta":{"footnotes":""},"categories":[81],"tags":[],"class_list":["post-107962","post","type-post","status-publish","format-standard","has-post-thumbnail","hentry","category-kibris"],"yoast_head":"<!-- This site is optimized with the Yoast SEO plugin v27.5 - https:\/\/yoast.com\/product\/yoast-seo-wordpress\/ -->\n<title>ZA\u0130MA\u011eAO\u011eLU ERTOPRAK\u2019I KABUL ETT\u0130 -<\/title>\n<meta name=\"robots\" content=\"index, follow, max-snippet:-1, max-image-preview:large, max-video-preview:-1\" \/>\n<link rel=\"canonical\" href=\"https:\/\/kibrisdakik.com\/?p=107962\" \/>\n<meta property=\"og:locale\" content=\"tr_TR\" \/>\n<meta property=\"og:type\" content=\"article\" \/>\n<meta property=\"og:title\" content=\"ZA\u0130MA\u011eAO\u011eLU ERTOPRAK\u2019I KABUL ETT\u0130 -\" \/>\n<meta property=\"og:description\" content=\"Ba\u015fbakan Yard\u0131mc\u0131l\u0131\u011f\u0131, Turizm, K\u00fclt\u00fcr, Gen\u00e7lik ve \u00c7evre Bakanl\u0131\u011f\u0131\u2019na ba\u011fl\u0131 K\u00fclt\u00fcr Dairesi M\u00fcd\u00fcr\u00fc \u015eirin Zaima\u011fao\u011flu, \u201cGaylemiz Gelecek\u201d isimli program yap\u0131mc\u0131s\u0131 Do\u011fu\u015f Ertoprak&#8217;\u0131 K\u00fclt\u00fcr Dairesi&#8217;nde kabul etti. K\u00fclt\u00fcr Dairesi\u2019nden verilen bilgiye g\u00f6re, ge\u00e7ti\u011fimiz hafta Ertoprak&#8217;\u0131n program\u0131na konuk olan Zaima\u011fao\u011flu, Ertoprak\u2019\u0131n yan\u0131 s\u0131ra programa konuk olan gen\u00e7ler \u00d6mer Mustafa Fidaner, Hasan Be\u015fok, Dilen Yang\u0131n ve Onur Kan\u00e7eliker\u2019i de\" \/>\n<meta property=\"og:url\" content=\"https:\/\/kibrisdakik.com\/?p=107962\" \/>\n<meta property=\"article:published_time\" content=\"2026-03-10T13:27:20+00:00\" \/>\n<meta property=\"og:image\" content=\"https:\/\/mhahabercom.teimg.com\/crop\/1280x720\/mhahaber-com\/uploads\/2026\/03\/mha-sari-beyaz-3778.png\" \/>\n<meta name=\"author\" content=\"admin\" \/>\n<meta name=\"twitter:card\" content=\"summary_large_image\" \/>\n<meta name=\"twitter:label1\" content=\"Yazan:\" \/>\n\t<meta name=\"twitter:data1\" content=\"admin\" \/>\n\t<meta name=\"twitter:label2\" content=\"Tahmini okuma s\u00fcresi\" \/>\n\t<meta name=\"twitter:data2\" content=\"1 dakika\" \/>\n<script type=\"application\/ld+json\" class=\"yoast-schema-graph\">{\"@context\":\"https:\\\/\\\/schema.org\",\"@graph\":[{\"@type\":\"Article\",\"@id\":\"https:\\\/\\\/kibrisdakik.com\\\/?p=107962#article\",\"isPartOf\":{\"@id\":\"https:\\\/\\\/kibrisdakik.com\\\/?p=107962\"},\"author\":{\"name\":\"admin\",\"@id\":\"https:\\\/\\\/kibrisdakik.com\\\/#\\\/schema\\\/person\\\/9cd9d437bbb44f72b73ba127e06d8e79\"},\"headline\":\"ZA\u0130MA\u011eAO\u011eLU ERTOPRAK\u2019I KABUL ETT\u0130\",\"datePublished\":\"2026-03-10T13:27:20+00:00\",\"mainEntityOfPage\":{\"@id\":\"https:\\\/\\\/kibrisdakik.com\\\/?p=107962\"},\"wordCount\":187,\"commentCount\":0,\"image\":{\"@id\":\"https:\\\/\\\/kibrisdakik.com\\\/?p=107962#primaryimage\"},\"thumbnailUrl\":\"https:\\\/\\\/kibrisdakik.com\\\/wp-content\\\/uploads\\\/2026\\\/03\\\/mha-sari-beyaz-3778.png\",\"articleSection\":[\"K\u0131br\u0131s\"],\"inLanguage\":\"tr\",\"potentialAction\":[{\"@type\":\"CommentAction\",\"name\":\"Comment\",\"target\":[\"https:\\\/\\\/kibrisdakik.com\\\/?p=107962#respond\"]}]},{\"@type\":\"WebPage\",\"@id\":\"https:\\\/\\\/kibrisdakik.com\\\/?p=107962\",\"url\":\"https:\\\/\\\/kibrisdakik.com\\\/?p=107962\",\"name\":\"ZA\u0130MA\u011eAO\u011eLU ERTOPRAK\u2019I KABUL ETT\u0130 -\",\"isPartOf\":{\"@id\":\"https:\\\/\\\/kibrisdakik.com\\\/#website\"},\"primaryImageOfPage\":{\"@id\":\"https:\\\/\\\/kibrisdakik.com\\\/?p=107962#primaryimage\"},\"image\":{\"@id\":\"https:\\\/\\\/kibrisdakik.com\\\/?p=107962#primaryimage\"},\"thumbnailUrl\":\"https:\\\/\\\/kibrisdakik.com\\\/wp-content\\\/uploads\\\/2026\\\/03\\\/mha-sari-beyaz-3778.png\",\"datePublished\":\"2026-03-10T13:27:20+00:00\",\"author\":{\"@id\":\"https:\\\/\\\/kibrisdakik.com\\\/#\\\/schema\\\/person\\\/9cd9d437bbb44f72b73ba127e06d8e79\"},\"breadcrumb\":{\"@id\":\"https:\\\/\\\/kibrisdakik.com\\\/?p=107962#breadcrumb\"},\"inLanguage\":\"tr\",\"potentialAction\":[{\"@type\":\"ReadAction\",\"target\":[\"https:\\\/\\\/kibrisdakik.com\\\/?p=107962\"]}]},{\"@type\":\"ImageObject\",\"inLanguage\":\"tr\",\"@id\":\"https:\\\/\\\/kibrisdakik.com\\\/?p=107962#primaryimage\",\"url\":\"https:\\\/\\\/kibrisdakik.com\\\/wp-content\\\/uploads\\\/2026\\\/03\\\/mha-sari-beyaz-3778.png\",\"contentUrl\":\"https:\\\/\\\/kibrisdakik.com\\\/wp-content\\\/uploads\\\/2026\\\/03\\\/mha-sari-beyaz-3778.png\",\"width\":1280,\"height\":720},{\"@type\":\"BreadcrumbList\",\"@id\":\"https:\\\/\\\/kibrisdakik.com\\\/?p=107962#breadcrumb\",\"itemListElement\":[{\"@type\":\"ListItem\",\"position\":1,\"name\":\"Home\",\"item\":\"https:\\\/\\\/kibrisdakik.com\\\/\"},{\"@type\":\"ListItem\",\"position\":2,\"name\":\"ZA\u0130MA\u011eAO\u011eLU ERTOPRAK\u2019I KABUL ETT\u0130\"}]},{\"@type\":\"WebSite\",\"@id\":\"https:\\\/\\\/kibrisdakik.com\\\/#website\",\"url\":\"https:\\\/\\\/kibrisdakik.com\\\/\",\"name\":\"\",\"description\":\"Tam vaktinde haber\",\"potentialAction\":[{\"@type\":\"SearchAction\",\"target\":{\"@type\":\"EntryPoint\",\"urlTemplate\":\"https:\\\/\\\/kibrisdakik.com\\\/?s={search_term_string}\"},\"query-input\":{\"@type\":\"PropertyValueSpecification\",\"valueRequired\":true,\"valueName\":\"search_term_string\"}}],\"inLanguage\":\"tr\"},{\"@type\":\"Person\",\"@id\":\"https:\\\/\\\/kibrisdakik.com\\\/#\\\/schema\\\/person\\\/9cd9d437bbb44f72b73ba127e06d8e79\",\"name\":\"admin\",\"image\":{\"@type\":\"ImageObject\",\"inLanguage\":\"tr\",\"@id\":\"https:\\\/\\\/secure.gravatar.com\\\/avatar\\\/ccc17943b9d660506c869530f897617f7cb1c21a4bf30023f252596d83e1f007?s=96&d=mm&r=g\",\"url\":\"https:\\\/\\\/secure.gravatar.com\\\/avatar\\\/ccc17943b9d660506c869530f897617f7cb1c21a4bf30023f252596d83e1f007?s=96&d=mm&r=g\",\"contentUrl\":\"https:\\\/\\\/secure.gravatar.com\\\/avatar\\\/ccc17943b9d660506c869530f897617f7cb1c21a4bf30023f252596d83e1f007?s=96&d=mm&r=g\",\"caption\":\"admin\"},\"sameAs\":[\"https:\\\/\\\/kibrisdakik.com\"],\"url\":\"https:\\\/\\\/kibrisdakik.com\\\/?author=1\"}]}<\/script>\n<!-- \/ Yoast SEO plugin. -->","yoast_head_json":{"title":"ZA\u0130MA\u011eAO\u011eLU ERTOPRAK\u2019I KABUL ETT\u0130 -","robots":{"index":"index","follow":"follow","max-snippet":"max-snippet:-1","max-image-preview":"max-image-preview:large","max-video-preview":"max-video-preview:-1"},"canonical":"https:\/\/kibrisdakik.com\/?p=107962","og_locale":"tr_TR","og_type":"article","og_title":"ZA\u0130MA\u011eAO\u011eLU ERTOPRAK\u2019I KABUL ETT\u0130 -","og_description":"Ba\u015fbakan Yard\u0131mc\u0131l\u0131\u011f\u0131, Turizm, K\u00fclt\u00fcr, Gen\u00e7lik ve \u00c7evre Bakanl\u0131\u011f\u0131\u2019na ba\u011fl\u0131 K\u00fclt\u00fcr Dairesi M\u00fcd\u00fcr\u00fc \u015eirin Zaima\u011fao\u011flu, \u201cGaylemiz Gelecek\u201d isimli program yap\u0131mc\u0131s\u0131 Do\u011fu\u015f Ertoprak&#8217;\u0131 K\u00fclt\u00fcr Dairesi&#8217;nde kabul etti. K\u00fclt\u00fcr Dairesi\u2019nden verilen bilgiye g\u00f6re, ge\u00e7ti\u011fimiz hafta Ertoprak&#8217;\u0131n program\u0131na konuk olan Zaima\u011fao\u011flu, Ertoprak\u2019\u0131n yan\u0131 s\u0131ra programa konuk olan gen\u00e7ler \u00d6mer Mustafa Fidaner, Hasan Be\u015fok, Dilen Yang\u0131n ve Onur Kan\u00e7eliker\u2019i de","og_url":"https:\/\/kibrisdakik.com\/?p=107962","article_published_time":"2026-03-10T13:27:20+00:00","og_image":[{"url":"https:\/\/mhahabercom.teimg.com\/crop\/1280x720\/mhahaber-com\/uploads\/2026\/03\/mha-sari-beyaz-3778.png","type":"","width":"","height":""}],"author":"admin","twitter_card":"summary_large_image","twitter_misc":{"Yazan:":"admin","Tahmini okuma s\u00fcresi":"1 dakika"},"schema":{"@context":"https:\/\/schema.org","@graph":[{"@type":"Article","@id":"https:\/\/kibrisdakik.com\/?p=107962#article","isPartOf":{"@id":"https:\/\/kibrisdakik.com\/?p=107962"},"author":{"name":"admin","@id":"https:\/\/kibrisdakik.com\/#\/schema\/person\/9cd9d437bbb44f72b73ba127e06d8e79"},"headline":"ZA\u0130MA\u011eAO\u011eLU ERTOPRAK\u2019I KABUL ETT\u0130","datePublished":"2026-03-10T13:27:20+00:00","mainEntityOfPage":{"@id":"https:\/\/kibrisdakik.com\/?p=107962"},"wordCount":187,"commentCount":0,"image":{"@id":"https:\/\/kibrisdakik.com\/?p=107962#primaryimage"},"thumbnailUrl":"https:\/\/kibrisdakik.com\/wp-content\/uploads\/2026\/03\/mha-sari-beyaz-3778.png","articleSection":["K\u0131br\u0131s"],"inLanguage":"tr","potentialAction":[{"@type":"CommentAction","name":"Comment","target":["https:\/\/kibrisdakik.com\/?p=107962#respond"]}]},{"@type":"WebPage","@id":"https:\/\/kibrisdakik.com\/?p=107962","url":"https:\/\/kibrisdakik.com\/?p=107962","name":"ZA\u0130MA\u011eAO\u011eLU ERTOPRAK\u2019I KABUL ETT\u0130 -","isPartOf":{"@id":"https:\/\/kibrisdakik.com\/#website"},"primaryImageOfPage":{"@id":"https:\/\/kibrisdakik.com\/?p=107962#primaryimage"},"image":{"@id":"https:\/\/kibrisdakik.com\/?p=107962#primaryimage"},"thumbnailUrl":"https:\/\/kibrisdakik.com\/wp-content\/uploads\/2026\/03\/mha-sari-beyaz-3778.png","datePublished":"2026-03-10T13:27:20+00:00","author":{"@id":"https:\/\/kibrisdakik.com\/#\/schema\/person\/9cd9d437bbb44f72b73ba127e06d8e79"},"breadcrumb":{"@id":"https:\/\/kibrisdakik.com\/?p=107962#breadcrumb"},"inLanguage":"tr","potentialAction":[{"@type":"ReadAction","target":["https:\/\/kibrisdakik.com\/?p=107962"]}]},{"@type":"ImageObject","inLanguage":"tr","@id":"https:\/\/kibrisdakik.com\/?p=107962#primaryimage","url":"https:\/\/kibrisdakik.com\/wp-content\/uploads\/2026\/03\/mha-sari-beyaz-3778.png","contentUrl":"https:\/\/kibrisdakik.com\/wp-content\/uploads\/2026\/03\/mha-sari-beyaz-3778.png","width":1280,"height":720},{"@type":"BreadcrumbList","@id":"https:\/\/kibrisdakik.com\/?p=107962#breadcrumb","itemListElement":[{"@type":"ListItem","position":1,"name":"Home","item":"https:\/\/kibrisdakik.com\/"},{"@type":"ListItem","position":2,"name":"ZA\u0130MA\u011eAO\u011eLU ERTOPRAK\u2019I KABUL ETT\u0130"}]},{"@type":"WebSite","@id":"https:\/\/kibrisdakik.com\/#website","url":"https:\/\/kibrisdakik.com\/","name":"","description":"Tam vaktinde haber","potentialAction":[{"@type":"SearchAction","target":{"@type":"EntryPoint","urlTemplate":"https:\/\/kibrisdakik.com\/?s={search_term_string}"},"query-input":{"@type":"PropertyValueSpecification","valueRequired":true,"valueName":"search_term_string"}}],"inLanguage":"tr"},{"@type":"Person","@id":"https:\/\/kibrisdakik.com\/#\/schema\/person\/9cd9d437bbb44f72b73ba127e06d8e79","name":"admin","image":{"@type":"ImageObject","inLanguage":"tr","@id":"https:\/\/secure.gravatar.com\/avatar\/ccc17943b9d660506c869530f897617f7cb1c21a4bf30023f252596d83e1f007?s=96&d=mm&r=g","url":"https:\/\/secure.gravatar.com\/avatar\/ccc17943b9d660506c869530f897617f7cb1c21a4bf30023f252596d83e1f007?s=96&d=mm&r=g","contentUrl":"https:\/\/secure.gravatar.com\/avatar\/ccc17943b9d660506c869530f897617f7cb1c21a4bf30023f252596d83e1f007?s=96&d=mm&r=g","caption":"admin"},"sameAs":["https:\/\/kibrisdakik.com"],"url":"https:\/\/kibrisdakik.com\/?author=1"}]}},"_links":{"self":[{"href":"https:\/\/kibrisdakik.com\/index.php?rest_route=\/wp\/v2\/posts\/107962","targetHints":{"allow":["GET"]}}],"collection":[{"href":"https:\/\/kibrisdakik.com\/index.php?rest_route=\/wp\/v2\/posts"}],"about":[{"href":"https:\/\/kibrisdakik.com\/index.php?rest_route=\/wp\/v2\/types\/post"}],"author":[{"embeddable":true,"href":"https:\/\/kibrisdakik.com\/index.php?rest_route=\/wp\/v2\/users\/1"}],"replies":[{"embeddable":true,"href":"https:\/\/kibrisdakik.com\/index.php?rest_route=%2Fwp%2Fv2%2Fcomments&post=107962"}],"version-history":[{"count":0,"href":"https:\/\/kibrisdakik.com\/index.php?rest_route=\/wp\/v2\/posts\/107962\/revisions"}],"wp:featuredmedia":[{"embeddable":true,"href":"https:\/\/kibrisdakik.com\/index.php?rest_route=\/wp\/v2\/media\/107963"}],"wp:attachment":[{"href":"https:\/\/kibrisdakik.com\/index.php?rest_route=%2Fwp%2Fv2%2Fmedia&parent=107962"}],"wp:term":[{"taxonomy":"category","embeddable":true,"href":"https:\/\/kibrisdakik.com\/index.php?rest_route=%2Fwp%2Fv2%2Fcategories&post=107962"},{"taxonomy":"post_tag","embeddable":true,"href":"https:\/\/kibrisdakik.com\/index.php?rest_route=%2Fwp%2Fv2%2Ftags&post=107962"}],"curies":[{"name":"wp","href":"https:\/\/api.w.org\/{rel}","templated":true}]}}