{"id":10800,"date":"2023-07-20T13:40:22","date_gmt":"2023-07-20T13:40:22","guid":{"rendered":"https:\/\/kibrisdakik.com\/index.php\/2023\/07\/20\/basbakan-ustel-yeni-ercan-havalimani-kktcnin-geleceginin-en-onemli-mihenk-taslarindan-biridir\/"},"modified":"2023-07-20T13:40:22","modified_gmt":"2023-07-20T13:40:22","slug":"basbakan-ustel-yeni-ercan-havalimani-kktcnin-geleceginin-en-onemli-mihenk-taslarindan-biridir","status":"publish","type":"post","link":"https:\/\/kibrisdakik.com\/?p=10800","title":{"rendered":"Ba\u015fbakan \u00dcstel: Yeni Ercan Havaliman\u0131 KKTC\u2019nin gelece\u011finin en \u00f6nemli mihenk ta\u015flar\u0131ndan biridir"},"content":{"rendered":"<p><\/p>\n<div>\n<div class=\"mariselle-image-container center\">\n                <img width=\"1600\" height=\"1066\" class=\"lazy-image\" alt=\"\" decoding=\"async\" loading=\"lazy\" sizes=\"auto, (max-width: 1600px) 100vw, 1600px\" src=\"https:\/\/brtk.net\/wp-content\/uploads\/2023\/07\/20\/815978b7-a90c-49e0-807e-a29960d73062.jpg?ver=a81dcb9ab8a499eacf7be64ce35d2cab\" srcset=\"https:\/\/brtk.net\/wp-content\/uploads\/2023\/07\/20\/815978b7-a90c-49e0-807e-a29960d73062.jpg?ver=a81dcb9ab8a499eacf7be64ce35d2cab 1600w, https:\/\/brtk.net\/wp-content\/uploads\/2023\/07\/20\/815978b7-a90c-49e0-807e-a29960d73062-300x200.jpg?ver=ec61c941edbd37459327abd9381a7861 300w, https:\/\/brtk.net\/wp-content\/uploads\/2023\/07\/20\/815978b7-a90c-49e0-807e-a29960d73062-1024x682.jpg?ver=ec61c941edbd37459327abd9381a7861 1024w, https:\/\/brtk.net\/wp-content\/uploads\/2023\/07\/20\/815978b7-a90c-49e0-807e-a29960d73062-768x512.jpg?ver=ec61c941edbd37459327abd9381a7861 768w, https:\/\/brtk.net\/wp-content\/uploads\/2023\/07\/20\/815978b7-a90c-49e0-807e-a29960d73062-1536x1023.jpg?ver=3177a7a9958170c80ceda2e9ac1828e7 1536w\"\/>                            <\/div>\n<p>TC Cumhurba\u015fkan\u0131 Recep Tayyip Erdo\u011fan taraf\u0131ndan ger\u00e7ekle\u015ftirilen Yeni Ercan Havaliman\u0131 Pist ve Terminali\u2019nin a\u00e7\u0131l\u0131\u015f t\u00f6renine kat\u0131lan <a href=\"https:\/\/brtk.net\/\">KKTC<\/a> Ba\u015fbakan\u0131 \u00dcnal \u00dcstel a\u00e7\u0131l\u0131\u015f t\u00f6reninin ard\u0131ndan bir bas\u0131n a\u00e7\u0131klamas\u0131 yapt\u0131. <\/p>\n<p>A\u00e7\u0131klama \u015f\u00f6yle;<\/p>\n<p>\u2018Kuzey K\u0131br\u0131s T\u00fcrk Cumhuriyeti\u2019nde bu \u00f6zel ve anlaml\u0131 20 Temmuz g\u00fcn\u00fcnde tarihi bir olaya daha tan\u0131kl\u0131k ediyoruz.<br \/>T\u00fcrkiye Cumhuriyeti Cumhurba\u015fkan\u0131 Say\u0131n Recep Tayyip Erdo\u011fan\u2019\u0131n kat\u0131l\u0131m\u0131 ile a\u00e7\u0131l\u0131\u015f\u0131n\u0131 ger\u00e7ekle\u015ftirdi\u011fimiz yeni Ercan Havaliman\u0131, d\u00fcnyan\u0131n en geli\u015fmi\u015f \u00fclkelerinde bulunan havalimanlar\u0131n\u0131 aratmayacak modernlikte muazzam bir eser olarak hizmete giriyor.<\/p>\n<p>\u0130\u00e7inde bulundu\u011fumuz \u00e7a\u011fda, ula\u015f\u0131m ve enerji alt yap\u0131lar\u0131n\u0131n \u00e7a\u011fda\u015fl\u0131k seviyesi bir \u00fclkenin \u00e7a\u011fda\u015fl\u0131k seviyesini de belirleyen unsurlard\u0131r.<br \/>Co\u011frafyam\u0131zdaki \u00e7ok az \u00fclkede bulunan kalitede ve b\u00fcy\u00fckl\u00fckte in\u015faa edilen, t\u00fcm yeni teknolojilere sahip Yeni Ercan Devlet Havaliman\u0131, Kuzey K\u0131br\u0131s T\u00fcrk Cumhuriyeti\u2019nin gelecek yolculu\u011funun en \u00f6nemli mihenk ta\u015flar\u0131ndan biridir.<br \/>A\u00e7\u0131l\u0131\u015f\u0131 ile K\u0131br\u0131s adas\u0131n\u0131n en b\u00fcy\u00fck havaliman\u0131 haline gelen yeni Ercan Havaliman\u0131m\u0131z \u00fclkemizin d\u00fcnyaya a\u00e7\u0131lan yeni kap\u0131s\u0131 ve vitrini olarak, \u00e7a\u011fda\u015fl\u0131k seviyemizin en \u00f6nemli g\u00f6stergelerinden de biri haline d\u00f6n\u00fc\u015fecektir.<\/p>\n<p>Yeni havaliman\u0131m\u0131zla art\u0131raca\u011f\u0131m\u0131z yolcu kapasitemiz sayesinde turizmimiz \u00f6nemli bir ivme kazanacak ve \u00fclke ekonomisine \u00f6nemli katk\u0131lar sa\u011flayacakt\u0131r.<br \/>Y\u0131lda 10 milyonu a\u015fabilecek, eski yolcu kapasiyemizi \u00fc\u00e7e katlayacak Yeni Havaliman\u0131m\u0131z, bug\u00fcn ger\u00e7ekle\u015ftirdi\u011fimiz a\u00e7\u0131l\u0131\u015fla 2 bin 755 metre uzunlu\u011fundaki mevcut piste ek 3 bin 100 metrelik ikinci piste kavu\u015fmu\u015f ve her model yolcu u\u00e7a\u011f\u0131n\u0131n kullan\u0131m\u0131na uygun hale gelmi\u015ftir.<br \/>20 bin metrekarelik kapal\u0131 alan\u0131 ile  eski havaliman\u0131na g\u00f6re 6 kat daha b\u00fcy\u00fck bir alana sahip olan Yeni Ercan Devlet Havaliman\u0131m\u0131zda 9 adet k\u00f6r\u00fck, 21 adet a\u00e7\u0131k olmak \u00fczere toplam 30 u\u00e7akl\u0131k da park alan\u0131 bulunuyor.<br \/>Bu muazzam eser T\u00fcrkiye Y\u00fczy\u0131l\u0131na yara\u015f\u0131r bir eser olarak tarihteki yerini al\u0131rken, haks\u0131z ambargolardan kurtulmam\u0131z halinde enerjide olaca\u011f\u0131 gibi transit hava ula\u015f\u0131m\u0131nda da hub olmaya aday bir havaliman\u0131 \u00f6zelli\u011fi ta\u015f\u0131yacak.<\/p>\n<p>Bu vesile ile t\u00fcm d\u00fcnyaya \u00fclkemize y\u00f6nelik seyahat ambargolar\u0131n\u0131n ivedilikle kald\u0131r\u0131lmas\u0131 \u00e7a\u011fr\u0131m\u0131z\u0131 da yineliyoruz.<br \/>\u00dclkemizde ger\u00e7ekle\u015ftirilmi\u015f di\u011fer t\u00fcm b\u00fcy\u00fck projeler gibi, havaliman\u0131 projesinin ger\u00e7ekle\u015fmesinde de gerek h\u00fck\u00fcmetimizin gerekse T\u00fcrkiye Cumhuriyeti h\u00fck\u00fcmetinin ortaya koymu\u015f oldu\u011fu kararl\u0131 duru\u015fun ve siyasi iradenin izleri vard\u0131r.<br \/>Anavatan T\u00fcrkiye, ihtiya\u00e7 duydu\u011fumuz gerek uluslararas\u0131 alanda gerekse alt yap\u0131 \u00e7al\u0131\u015fmalar\u0131n\u0131n tamamlanmas\u0131 noktas\u0131nda her zaman yan\u0131m\u0131zdad\u0131r, arkam\u0131zdad\u0131r. Bu bize g\u00fc\u00e7 vermektedir.<\/p>\n<p>Bu vesile ile bir kez daha T\u00fcrkiye Cumhurba\u015fkan\u0131 Say\u0131n Recep Tayyip Erdo\u011fan\u2019a \u015fahs\u0131m ve halk\u0131m ad\u0131na te\u015fekk\u00fcrlerimi sunuyorum.<br \/>Kuzey K\u0131br\u0131s T\u00fcrk Cumhuriyeti, bir devletin ihtiya\u00e7 duydu\u011fu t\u00fcm kurumlar ve her g\u00fcn geli\u015fen alt yap\u0131s\u0131yla, d\u00fcnyan\u0131n sayg\u0131n devletleri aras\u0131nda hak etti\u011fi yeri alma yolunda emin ad\u0131mlarla ilerlemektedir.<br \/>H\u00fck\u00fcmet olarak bu geli\u015fimden ve d\u00f6n\u00fc\u015f\u00fcmden rahats\u0131z olanlara ald\u0131rmadan, kararl\u0131l\u0131kla, cesaretle, siyasi irademizle, istikrarla ve Anavatan T\u00fcrkiye\u2019nin b\u00fcy\u00fck deste\u011fi ile yolumuza devam ediyoruz.<\/p>\n<p>Hayata ge\u00e7irdi\u011fimiz su ve ger\u00e7ekle\u015ftirece\u011fimiz elektrik projemiz gibi, a\u00e7\u0131l\u0131\u015f\u0131n\u0131 yapt\u0131\u011f\u0131m\u0131z yeni havaliman\u0131 projemizle Kuzey K\u0131br\u0131s T\u00fcrk Cumhuriyeti olarak t\u00fcm d\u00fcnyaya a\u00e7\u0131k\u00e7a \u201cBiz bir devlet olarak var\u0131z, buraday\u0131z ve d\u00fcnya devletleri ailesine \u00fcye olmaya haz\u0131r\u0131z\u201d diye hayk\u0131rmaktay\u0131z.<br \/>Yeni havaliman\u0131m\u0131z\u0131n, t\u00fcm halk\u0131m\u0131za, milletimize ve \u00fclkemizi tercih edecek t\u00fcm misafirlerimize hay\u0131rl\u0131 olmas\u0131n\u0131 diliyor, herkese keyifli tatiller, iyi u\u00e7u\u015flar diliyorum.<\/p>\n<p>Bu m\u00fcstesna g\u00fcnde, 49 y\u0131l \u00f6nce 20 Temmuz Mutlu Bar\u0131\u015f Harekat\u0131\u2019nda canlar\u0131n\u0131 ortaya koyan aziz \u015fehitlerimize Allahtan rahmet, gazilerimize \u015f\u00fckranlar\u0131m\u0131 sunuyorum.\u2019<\/p>\n<\/p><\/div>\n<p><script async\n                    defer\n                    crossorigin=\"anonymous\"\n                    src=\"https:\/\/connect.facebook.net\/tr_TR\/sdk.js#xfbml=1&#038;version=v3.3\"\n            ><\/script><\/p>\n","protected":false},"excerpt":{"rendered":"<p>TC Cumhurba\u015fkan\u0131 Recep Tayyip Erdo\u011fan taraf\u0131ndan ger\u00e7ekle\u015ftirilen Yeni Ercan Havaliman\u0131 Pist ve Terminali\u2019nin a\u00e7\u0131l\u0131\u015f t\u00f6renine kat\u0131lan KKTC Ba\u015fbakan\u0131 \u00dcnal \u00dcstel a\u00e7\u0131l\u0131\u015f t\u00f6reninin ard\u0131ndan bir bas\u0131n a\u00e7\u0131klamas\u0131 yapt\u0131. A\u00e7\u0131klama \u015f\u00f6yle; \u2018Kuzey K\u0131br\u0131s T\u00fcrk Cumhuriyeti\u2019nde bu \u00f6zel ve anlaml\u0131 20 Temmuz g\u00fcn\u00fcnde tarihi bir olaya daha tan\u0131kl\u0131k ediyoruz.T\u00fcrkiye Cumhuriyeti Cumhurba\u015fkan\u0131 Say\u0131n Recep Tayyip Erdo\u011fan\u2019\u0131n kat\u0131l\u0131m\u0131 ile a\u00e7\u0131l\u0131\u015f\u0131n\u0131<\/p>\n","protected":false},"author":1,"featured_media":10801,"comment_status":"open","ping_status":"open","sticky":false,"template":"","format":"standard","meta":{"footnotes":""},"categories":[1],"tags":[],"class_list":["post-10800","post","type-post","status-publish","format-standard","has-post-thumbnail","hentry","category-gundem"],"yoast_head":"<!-- This site is optimized with the Yoast SEO plugin v27.4 - https:\/\/yoast.com\/product\/yoast-seo-wordpress\/ -->\n<title>Ba\u015fbakan \u00dcstel: Yeni Ercan Havaliman\u0131 KKTC\u2019nin gelece\u011finin en \u00f6nemli mihenk ta\u015flar\u0131ndan biridir -<\/title>\n<meta name=\"robots\" content=\"index, follow, max-snippet:-1, max-image-preview:large, max-video-preview:-1\" \/>\n<link rel=\"canonical\" href=\"https:\/\/kibrisdakik.com\/?p=10800\" \/>\n<meta property=\"og:locale\" content=\"tr_TR\" \/>\n<meta property=\"og:type\" content=\"article\" \/>\n<meta property=\"og:title\" content=\"Ba\u015fbakan \u00dcstel: Yeni Ercan Havaliman\u0131 KKTC\u2019nin gelece\u011finin en \u00f6nemli mihenk ta\u015flar\u0131ndan biridir -\" \/>\n<meta property=\"og:description\" content=\"TC Cumhurba\u015fkan\u0131 Recep Tayyip Erdo\u011fan taraf\u0131ndan ger\u00e7ekle\u015ftirilen Yeni Ercan Havaliman\u0131 Pist ve Terminali\u2019nin a\u00e7\u0131l\u0131\u015f t\u00f6renine kat\u0131lan KKTC Ba\u015fbakan\u0131 \u00dcnal \u00dcstel a\u00e7\u0131l\u0131\u015f t\u00f6reninin ard\u0131ndan bir bas\u0131n a\u00e7\u0131klamas\u0131 yapt\u0131. A\u00e7\u0131klama \u015f\u00f6yle; \u2018Kuzey K\u0131br\u0131s T\u00fcrk Cumhuriyeti\u2019nde bu \u00f6zel ve anlaml\u0131 20 Temmuz g\u00fcn\u00fcnde tarihi bir olaya daha tan\u0131kl\u0131k ediyoruz.T\u00fcrkiye Cumhuriyeti Cumhurba\u015fkan\u0131 Say\u0131n Recep Tayyip Erdo\u011fan\u2019\u0131n kat\u0131l\u0131m\u0131 ile a\u00e7\u0131l\u0131\u015f\u0131n\u0131\" \/>\n<meta property=\"og:url\" content=\"https:\/\/kibrisdakik.com\/?p=10800\" \/>\n<meta property=\"article:published_time\" content=\"2023-07-20T13:40:22+00:00\" \/>\n<meta property=\"og:image\" content=\"https:\/\/kibrisdakik.com\/wp-content\/uploads\/2023\/07\/815978b7-a90c-49e0-807e-a29960d73062-740x420.jpg\" \/>\n\t<meta property=\"og:image:width\" content=\"1600\" \/>\n\t<meta property=\"og:image:height\" content=\"1066\" \/>\n\t<meta property=\"og:image:type\" content=\"image\/jpeg\" \/>\n<meta name=\"author\" content=\"admin\" \/>\n<meta name=\"twitter:card\" content=\"summary_large_image\" \/>\n<meta name=\"twitter:label1\" content=\"Yazan:\" \/>\n\t<meta name=\"twitter:data1\" content=\"admin\" \/>\n\t<meta name=\"twitter:label2\" content=\"Tahmini okuma s\u00fcresi\" \/>\n\t<meta name=\"twitter:data2\" content=\"4 dakika\" \/>\n<script type=\"application\/ld+json\" class=\"yoast-schema-graph\">{\"@context\":\"https:\\\/\\\/schema.org\",\"@graph\":[{\"@type\":\"Article\",\"@id\":\"https:\\\/\\\/kibrisdakik.com\\\/?p=10800#article\",\"isPartOf\":{\"@id\":\"https:\\\/\\\/kibrisdakik.com\\\/?p=10800\"},\"author\":{\"name\":\"admin\",\"@id\":\"https:\\\/\\\/kibrisdakik.com\\\/#\\\/schema\\\/person\\\/9cd9d437bbb44f72b73ba127e06d8e79\"},\"headline\":\"Ba\u015fbakan \u00dcstel: Yeni Ercan Havaliman\u0131 KKTC\u2019nin gelece\u011finin en \u00f6nemli mihenk ta\u015flar\u0131ndan biridir\",\"datePublished\":\"2023-07-20T13:40:22+00:00\",\"mainEntityOfPage\":{\"@id\":\"https:\\\/\\\/kibrisdakik.com\\\/?p=10800\"},\"wordCount\":732,\"commentCount\":0,\"image\":{\"@id\":\"https:\\\/\\\/kibrisdakik.com\\\/?p=10800#primaryimage\"},\"thumbnailUrl\":\"https:\\\/\\\/kibrisdakik.com\\\/wp-content\\\/uploads\\\/2023\\\/07\\\/815978b7-a90c-49e0-807e-a29960d73062-740x420.jpg\",\"articleSection\":[\"G\u00fcndem\"],\"inLanguage\":\"tr\",\"potentialAction\":[{\"@type\":\"CommentAction\",\"name\":\"Comment\",\"target\":[\"https:\\\/\\\/kibrisdakik.com\\\/?p=10800#respond\"]}]},{\"@type\":\"WebPage\",\"@id\":\"https:\\\/\\\/kibrisdakik.com\\\/?p=10800\",\"url\":\"https:\\\/\\\/kibrisdakik.com\\\/?p=10800\",\"name\":\"Ba\u015fbakan \u00dcstel: Yeni Ercan Havaliman\u0131 KKTC\u2019nin gelece\u011finin en \u00f6nemli mihenk ta\u015flar\u0131ndan biridir -\",\"isPartOf\":{\"@id\":\"https:\\\/\\\/kibrisdakik.com\\\/#website\"},\"primaryImageOfPage\":{\"@id\":\"https:\\\/\\\/kibrisdakik.com\\\/?p=10800#primaryimage\"},\"image\":{\"@id\":\"https:\\\/\\\/kibrisdakik.com\\\/?p=10800#primaryimage\"},\"thumbnailUrl\":\"https:\\\/\\\/kibrisdakik.com\\\/wp-content\\\/uploads\\\/2023\\\/07\\\/815978b7-a90c-49e0-807e-a29960d73062-740x420.jpg\",\"datePublished\":\"2023-07-20T13:40:22+00:00\",\"author\":{\"@id\":\"https:\\\/\\\/kibrisdakik.com\\\/#\\\/schema\\\/person\\\/9cd9d437bbb44f72b73ba127e06d8e79\"},\"breadcrumb\":{\"@id\":\"https:\\\/\\\/kibrisdakik.com\\\/?p=10800#breadcrumb\"},\"inLanguage\":\"tr\",\"potentialAction\":[{\"@type\":\"ReadAction\",\"target\":[\"https:\\\/\\\/kibrisdakik.com\\\/?p=10800\"]}]},{\"@type\":\"ImageObject\",\"inLanguage\":\"tr\",\"@id\":\"https:\\\/\\\/kibrisdakik.com\\\/?p=10800#primaryimage\",\"url\":\"https:\\\/\\\/kibrisdakik.com\\\/wp-content\\\/uploads\\\/2023\\\/07\\\/815978b7-a90c-49e0-807e-a29960d73062-740x420.jpg\",\"contentUrl\":\"https:\\\/\\\/kibrisdakik.com\\\/wp-content\\\/uploads\\\/2023\\\/07\\\/815978b7-a90c-49e0-807e-a29960d73062-740x420.jpg\",\"width\":1600,\"height\":1066},{\"@type\":\"BreadcrumbList\",\"@id\":\"https:\\\/\\\/kibrisdakik.com\\\/?p=10800#breadcrumb\",\"itemListElement\":[{\"@type\":\"ListItem\",\"position\":1,\"name\":\"Home\",\"item\":\"https:\\\/\\\/kibrisdakik.com\\\/\"},{\"@type\":\"ListItem\",\"position\":2,\"name\":\"Ba\u015fbakan \u00dcstel: Yeni Ercan Havaliman\u0131 KKTC\u2019nin gelece\u011finin en \u00f6nemli mihenk ta\u015flar\u0131ndan biridir\"}]},{\"@type\":\"WebSite\",\"@id\":\"https:\\\/\\\/kibrisdakik.com\\\/#website\",\"url\":\"https:\\\/\\\/kibrisdakik.com\\\/\",\"name\":\"\",\"description\":\"Tam vaktinde haber\",\"potentialAction\":[{\"@type\":\"SearchAction\",\"target\":{\"@type\":\"EntryPoint\",\"urlTemplate\":\"https:\\\/\\\/kibrisdakik.com\\\/?s={search_term_string}\"},\"query-input\":{\"@type\":\"PropertyValueSpecification\",\"valueRequired\":true,\"valueName\":\"search_term_string\"}}],\"inLanguage\":\"tr\"},{\"@type\":\"Person\",\"@id\":\"https:\\\/\\\/kibrisdakik.com\\\/#\\\/schema\\\/person\\\/9cd9d437bbb44f72b73ba127e06d8e79\",\"name\":\"admin\",\"image\":{\"@type\":\"ImageObject\",\"inLanguage\":\"tr\",\"@id\":\"https:\\\/\\\/secure.gravatar.com\\\/avatar\\\/ccc17943b9d660506c869530f897617f7cb1c21a4bf30023f252596d83e1f007?s=96&d=mm&r=g\",\"url\":\"https:\\\/\\\/secure.gravatar.com\\\/avatar\\\/ccc17943b9d660506c869530f897617f7cb1c21a4bf30023f252596d83e1f007?s=96&d=mm&r=g\",\"contentUrl\":\"https:\\\/\\\/secure.gravatar.com\\\/avatar\\\/ccc17943b9d660506c869530f897617f7cb1c21a4bf30023f252596d83e1f007?s=96&d=mm&r=g\",\"caption\":\"admin\"},\"sameAs\":[\"https:\\\/\\\/kibrisdakik.com\"],\"url\":\"https:\\\/\\\/kibrisdakik.com\\\/?author=1\"}]}<\/script>\n<!-- \/ Yoast SEO plugin. -->","yoast_head_json":{"title":"Ba\u015fbakan \u00dcstel: Yeni Ercan Havaliman\u0131 KKTC\u2019nin gelece\u011finin en \u00f6nemli mihenk ta\u015flar\u0131ndan biridir -","robots":{"index":"index","follow":"follow","max-snippet":"max-snippet:-1","max-image-preview":"max-image-preview:large","max-video-preview":"max-video-preview:-1"},"canonical":"https:\/\/kibrisdakik.com\/?p=10800","og_locale":"tr_TR","og_type":"article","og_title":"Ba\u015fbakan \u00dcstel: Yeni Ercan Havaliman\u0131 KKTC\u2019nin gelece\u011finin en \u00f6nemli mihenk ta\u015flar\u0131ndan biridir -","og_description":"TC Cumhurba\u015fkan\u0131 Recep Tayyip Erdo\u011fan taraf\u0131ndan ger\u00e7ekle\u015ftirilen Yeni Ercan Havaliman\u0131 Pist ve Terminali\u2019nin a\u00e7\u0131l\u0131\u015f t\u00f6renine kat\u0131lan KKTC Ba\u015fbakan\u0131 \u00dcnal \u00dcstel a\u00e7\u0131l\u0131\u015f t\u00f6reninin ard\u0131ndan bir bas\u0131n a\u00e7\u0131klamas\u0131 yapt\u0131. A\u00e7\u0131klama \u015f\u00f6yle; \u2018Kuzey K\u0131br\u0131s T\u00fcrk Cumhuriyeti\u2019nde bu \u00f6zel ve anlaml\u0131 20 Temmuz g\u00fcn\u00fcnde tarihi bir olaya daha tan\u0131kl\u0131k ediyoruz.T\u00fcrkiye Cumhuriyeti Cumhurba\u015fkan\u0131 Say\u0131n Recep Tayyip Erdo\u011fan\u2019\u0131n kat\u0131l\u0131m\u0131 ile a\u00e7\u0131l\u0131\u015f\u0131n\u0131","og_url":"https:\/\/kibrisdakik.com\/?p=10800","article_published_time":"2023-07-20T13:40:22+00:00","og_image":[{"width":1600,"height":1066,"url":"https:\/\/kibrisdakik.com\/wp-content\/uploads\/2023\/07\/815978b7-a90c-49e0-807e-a29960d73062-740x420.jpg","type":"image\/jpeg"}],"author":"admin","twitter_card":"summary_large_image","twitter_misc":{"Yazan:":"admin","Tahmini okuma s\u00fcresi":"4 dakika"},"schema":{"@context":"https:\/\/schema.org","@graph":[{"@type":"Article","@id":"https:\/\/kibrisdakik.com\/?p=10800#article","isPartOf":{"@id":"https:\/\/kibrisdakik.com\/?p=10800"},"author":{"name":"admin","@id":"https:\/\/kibrisdakik.com\/#\/schema\/person\/9cd9d437bbb44f72b73ba127e06d8e79"},"headline":"Ba\u015fbakan \u00dcstel: Yeni Ercan Havaliman\u0131 KKTC\u2019nin gelece\u011finin en \u00f6nemli mihenk ta\u015flar\u0131ndan biridir","datePublished":"2023-07-20T13:40:22+00:00","mainEntityOfPage":{"@id":"https:\/\/kibrisdakik.com\/?p=10800"},"wordCount":732,"commentCount":0,"image":{"@id":"https:\/\/kibrisdakik.com\/?p=10800#primaryimage"},"thumbnailUrl":"https:\/\/kibrisdakik.com\/wp-content\/uploads\/2023\/07\/815978b7-a90c-49e0-807e-a29960d73062-740x420.jpg","articleSection":["G\u00fcndem"],"inLanguage":"tr","potentialAction":[{"@type":"CommentAction","name":"Comment","target":["https:\/\/kibrisdakik.com\/?p=10800#respond"]}]},{"@type":"WebPage","@id":"https:\/\/kibrisdakik.com\/?p=10800","url":"https:\/\/kibrisdakik.com\/?p=10800","name":"Ba\u015fbakan \u00dcstel: Yeni Ercan Havaliman\u0131 KKTC\u2019nin gelece\u011finin en \u00f6nemli mihenk ta\u015flar\u0131ndan biridir -","isPartOf":{"@id":"https:\/\/kibrisdakik.com\/#website"},"primaryImageOfPage":{"@id":"https:\/\/kibrisdakik.com\/?p=10800#primaryimage"},"image":{"@id":"https:\/\/kibrisdakik.com\/?p=10800#primaryimage"},"thumbnailUrl":"https:\/\/kibrisdakik.com\/wp-content\/uploads\/2023\/07\/815978b7-a90c-49e0-807e-a29960d73062-740x420.jpg","datePublished":"2023-07-20T13:40:22+00:00","author":{"@id":"https:\/\/kibrisdakik.com\/#\/schema\/person\/9cd9d437bbb44f72b73ba127e06d8e79"},"breadcrumb":{"@id":"https:\/\/kibrisdakik.com\/?p=10800#breadcrumb"},"inLanguage":"tr","potentialAction":[{"@type":"ReadAction","target":["https:\/\/kibrisdakik.com\/?p=10800"]}]},{"@type":"ImageObject","inLanguage":"tr","@id":"https:\/\/kibrisdakik.com\/?p=10800#primaryimage","url":"https:\/\/kibrisdakik.com\/wp-content\/uploads\/2023\/07\/815978b7-a90c-49e0-807e-a29960d73062-740x420.jpg","contentUrl":"https:\/\/kibrisdakik.com\/wp-content\/uploads\/2023\/07\/815978b7-a90c-49e0-807e-a29960d73062-740x420.jpg","width":1600,"height":1066},{"@type":"BreadcrumbList","@id":"https:\/\/kibrisdakik.com\/?p=10800#breadcrumb","itemListElement":[{"@type":"ListItem","position":1,"name":"Home","item":"https:\/\/kibrisdakik.com\/"},{"@type":"ListItem","position":2,"name":"Ba\u015fbakan \u00dcstel: Yeni Ercan Havaliman\u0131 KKTC\u2019nin gelece\u011finin en \u00f6nemli mihenk ta\u015flar\u0131ndan biridir"}]},{"@type":"WebSite","@id":"https:\/\/kibrisdakik.com\/#website","url":"https:\/\/kibrisdakik.com\/","name":"","description":"Tam vaktinde haber","potentialAction":[{"@type":"SearchAction","target":{"@type":"EntryPoint","urlTemplate":"https:\/\/kibrisdakik.com\/?s={search_term_string}"},"query-input":{"@type":"PropertyValueSpecification","valueRequired":true,"valueName":"search_term_string"}}],"inLanguage":"tr"},{"@type":"Person","@id":"https:\/\/kibrisdakik.com\/#\/schema\/person\/9cd9d437bbb44f72b73ba127e06d8e79","name":"admin","image":{"@type":"ImageObject","inLanguage":"tr","@id":"https:\/\/secure.gravatar.com\/avatar\/ccc17943b9d660506c869530f897617f7cb1c21a4bf30023f252596d83e1f007?s=96&d=mm&r=g","url":"https:\/\/secure.gravatar.com\/avatar\/ccc17943b9d660506c869530f897617f7cb1c21a4bf30023f252596d83e1f007?s=96&d=mm&r=g","contentUrl":"https:\/\/secure.gravatar.com\/avatar\/ccc17943b9d660506c869530f897617f7cb1c21a4bf30023f252596d83e1f007?s=96&d=mm&r=g","caption":"admin"},"sameAs":["https:\/\/kibrisdakik.com"],"url":"https:\/\/kibrisdakik.com\/?author=1"}]}},"_links":{"self":[{"href":"https:\/\/kibrisdakik.com\/index.php?rest_route=\/wp\/v2\/posts\/10800","targetHints":{"allow":["GET"]}}],"collection":[{"href":"https:\/\/kibrisdakik.com\/index.php?rest_route=\/wp\/v2\/posts"}],"about":[{"href":"https:\/\/kibrisdakik.com\/index.php?rest_route=\/wp\/v2\/types\/post"}],"author":[{"embeddable":true,"href":"https:\/\/kibrisdakik.com\/index.php?rest_route=\/wp\/v2\/users\/1"}],"replies":[{"embeddable":true,"href":"https:\/\/kibrisdakik.com\/index.php?rest_route=%2Fwp%2Fv2%2Fcomments&post=10800"}],"version-history":[{"count":0,"href":"https:\/\/kibrisdakik.com\/index.php?rest_route=\/wp\/v2\/posts\/10800\/revisions"}],"wp:featuredmedia":[{"embeddable":true,"href":"https:\/\/kibrisdakik.com\/index.php?rest_route=\/wp\/v2\/media\/10801"}],"wp:attachment":[{"href":"https:\/\/kibrisdakik.com\/index.php?rest_route=%2Fwp%2Fv2%2Fmedia&parent=10800"}],"wp:term":[{"taxonomy":"category","embeddable":true,"href":"https:\/\/kibrisdakik.com\/index.php?rest_route=%2Fwp%2Fv2%2Fcategories&post=10800"},{"taxonomy":"post_tag","embeddable":true,"href":"https:\/\/kibrisdakik.com\/index.php?rest_route=%2Fwp%2Fv2%2Ftags&post=10800"}],"curies":[{"name":"wp","href":"https:\/\/api.w.org\/{rel}","templated":true}]}}