{"id":108077,"date":"2026-03-12T10:37:16","date_gmt":"2026-03-12T08:37:16","guid":{"rendered":"https:\/\/kibrisdakik.com\/?p=108077"},"modified":"2026-03-12T10:37:16","modified_gmt":"2026-03-12T08:37:16","slug":"gaude-yyk-uyeleri-ogrencileri-bilgilendirdi","status":"publish","type":"post","link":"https:\/\/kibrisdakik.com\/?p=108077","title":{"rendered":"GA\u00dc&#039;DE YYK \u00dcYELER\u0130, \u00d6\u011eRENC\u0130LER\u0130 B\u0130LG\u0130LEND\u0130RD\u0130"},"content":{"rendered":"<p>K\u0131sa ad\u0131 YYK olan, Yay\u0131n Y\u00fcksek Kurulu\u2019nun Ba\u015fkan\u0131 ve Y\u00f6netim Kurulu\u2019nu temsilen iki \u00fcyesi Girne Amerikan \u00dcniversitesi (GA\u00dc) \u0130leti\u015fim Fak\u00fcltesi\u2019ni ziyaret ederek, akademisyenler ve \u00f6\u011frenciler ile bir araya geldi.<\/p>\n<\/p>\n<p>GA\u00dc Kurumsal \u0130leti\u015fim Daire Ba\u015fkanl\u0131\u011f\u0131\u2019nca verilen bilgiye g\u00f6re; Kurul Ba\u015fkan\u0131 Feyzi Hansel ile beraberindeki; YYK Koordinat\u00f6r\u00fc Yasemin Saban ve bir di\u011fer \u00fcye H\u00fcseyin G\u00fcrlek; Halen \u2018YYK \u00dcyeli\u011fi\u2019 g\u00f6revini de  s\u00fcrd\u00fcren \u0130leti\u015fim Fak\u00fcltesi Dekan\u0131 Prof. Dr. Neriman Sayg\u0131l\u0131\u2019n\u0131n davetiyle, bir seminer dersine kat\u0131larak; Kurulu\u015f ama\u00e7lar\u0131, misyon ve kurulun sorumlu oldu\u011fu yay\u0131m alan\u0131 i\u00e7erisindeki faaliyetler ile ilgili bilgi aktar\u0131m\u0131nda bulundu.<\/p>\n<p><\/p>\n<p>Hansel, \u201cYay\u0131nc\u0131l\u0131k ilkelerinin k\u00fclt\u00fcrel ba\u011flar ile ilgisini art\u0131racak i\u00e7erik \u00fcretimini destekliyoruz\u201d<\/p>\n<p><strong> <\/strong><\/p>\n<p>\u0130leti\u015fim fak\u00fcltesi mensubu bir grup akademisyen ile ilgili ders gruplar\u0131ndan \u00f6\u011frencinin kat\u0131ld\u0131\u011f\u0131 seminerde ilk s\u00f6z\u00fc alan YYK Ba\u015fkan\u0131 Feyzi Hansel; Tarihsel a\u00e7\u0131dan, kurulun ve \u00fclkemizdeki radyo ve televizyonlar\u0131n faaliyetlerini d\u00fczenlemek ve denetlemekle y\u00fck\u00fcml\u00fc bir idari kadro ile olu\u015faca\u011f\u0131, kamu kurumu olarak 1997 y\u0131l\u0131nda kuruldu\u011funu belirterek, periyodik aral\u0131klarla; Cumhurba\u015fkan\u0131 taraf\u0131ndan atanan bir \u00fcye yan\u0131nda, Cumhuriyet Meclisi\u2019nde grubu bulunan siyasi partilerin adaylar\u0131n\u0131n dahil olmas\u0131yla dokuz \u00fcyeli \u2018Kurul Y\u00f6netim Kurulu\u2019nu olu\u015fturdu\u011fu bilgisini verdi. Hansel, <strong>\u201clisans ve yay\u0131n izni vermek, yay\u0131nlar\u0131 denetlemek; Kamuoyu ara\u015ft\u0131rmalar\u0131, medya sekt\u00f6r\u00fc \u00e7al\u0131\u015fanlar\u0131na ve alan \u00f6\u011frenimi g\u00f6ren \u00f6\u011frencilere y\u00f6nelik e\u011fitim seminerleri ve staj olana\u011f\u0131 sa\u011flamak faaliyetlerimiz aras\u0131nda yer almaktad\u0131r. Yay\u0131nc\u0131l\u0131k ilkelerinin, k\u00fclt\u00fcrel ba\u011flar ile ilgisini art\u0131racak i\u00e7erik \u00fcretimini destekliyoruz. \u00d6zelikle; Kamu sa\u011fl\u0131\u011f\u0131 ve \u00e7ocuk geli\u015fimi baz\u0131nda, hedeflenen yay\u0131nc\u0131l\u0131k k\u00fclt\u00fcr\u00fcn\u00fcn yayg\u0131nla\u015fmas\u0131 \u00f6ng\u00f6r\u00fcs\u00fc ile ak\u0131ll\u0131 i\u015faretlerden, medya okur yazarl\u0131\u011f\u0131 ve kamu spotlar\u0131na kadar g\u00f6rev \u00fcstleniyoruz\u201d <\/strong>dedi.<\/p>\n<\/p>\n<p>\u201cYapt\u0131r\u0131m g\u00fcc\u00fc, bir kamu kurumunu sempatik k\u0131lm\u0131yor, ama \u00fcz\u00fcc\u00fc olan taraf\u0131 \u015fudur:\u2018Ciddiye al\u0131nmas\u0131 gereklili\u011fini\u2019 de unutma pahas\u0131na olmas\u0131\u201d<\/p>\n<p><img loading=\"lazy\" decoding=\"async\" height=\"1536\" src=\"https:\/\/mhahabercom.teimg.com\/mhahaber-com\/uploads\/2026\/03\/whatsapp-image-2026-03-12-at-111759.jpeg\" width=\"2048\" \/><\/p>\n<div id=\"ad_121\" data-channel=\"121\" data-advert=\"temedya\" data-rotation=\"120\" class=\"mb-3 text-center\"><\/div>\n<div id=\"ad_121_mobile\" data-channel=\"121\" data-advert=\"temedya\" data-rotation=\"120\" class=\"mb-3 text-center\"><\/div>\n<p>YYK Ba\u015fkan\u0131 Hansel, ortak paydada sorumlulu\u011fu olan bir kamu kurumu olarak; \u00d6zel yay\u0131n kurulu\u015flar\u0131n\u0131n ihtiya\u00e7lar\u0131n\u0131 kar\u015f\u0131lamak i\u00e7in de hassasiyetle \u00e7al\u0131\u015ft\u0131klar\u0131n\u0131 vurgulayarak; <strong>\u201cMemnun olanlar\u0131m\u0131z oldu\u011fu kadar, memnun olmayanlar da var elbette. Yapt\u0131r\u0131m g\u00fcc\u00fc, bir kamu kurumunu sempatik k\u0131lm\u0131yor, ama \u00fcz\u00fcc\u00fc olan taraf\u0131 \u015fu: \u2018Ciddiye al\u0131nmas\u0131 gereklili\u011fini\u2019 de unutma pahas\u0131na olmas\u0131, devleti temsil etti\u011finin unutulmas\u0131d\u0131r. Bu; Devlet, vatanda\u015f ve kurumlar aras\u0131 davran\u0131\u015f eti\u011finin y\u0131pranmas\u0131 sonucuna da sebebiyet verir. Oysa; Yapt\u0131r\u0131m g\u00fcc\u00fcm\u00fcz ve kullan\u0131m\u0131, bir\u00e7ok \u00fclkede rastlanmayacak hassasiyetleri de i\u00e7eriyor. \u00d6rne\u011fin, herhangi bir yay\u0131n kurulu\u015funun sorunlu say\u0131lan yay\u0131m eyleminde; \u0130lk seferinde uyar\u0131 veriyoruz. \u0130hlal, ikinci kez ger\u00e7ekle\u015firse; para cezas\u0131, nihayetinde her \u015feye ra\u011fmen bu durum devam ediyorsa da; Hukuki \u00e7areye ba\u015fvuruyoruz. Benzerlerinin aksine, \u00fclkemizde kapatma cezas\u0131, sadece mahkemeler taraf\u0131ndan takdir edilir. Kurul, keskin bir yapt\u0131r\u0131m olarak say\u0131lan, \u2018Kapatma Yetkisi\u2019ni, 2022 y\u0131l\u0131ndan KKTC Yarg\u0131s\u0131\u2019na devretmi\u015f bulunmaktad\u0131r. Mahkeme karar\u0131 olmadan, herhangi bir yay\u0131n\u0131n sonland\u0131r\u0131lmas\u0131n\u0131n acil ve uygun olmayaca\u011f\u0131 kanaatinden hareketle, b\u00f6yle bir de\u011fi\u015fiklik yapt\u0131k. Demokrasi ve hak \u00f6zg\u00fcrl\u00fc\u011f\u00fc etik, erdemli duru\u015f ve m\u00fccadele ile olur. \u00d6nemli bir nokta da; Kurul, yay\u0131n \u00f6ncesi denetleme yapmamaktad\u0131r. \u00c7\u00fcnk\u00fc, bunun ad\u0131 sans\u00fcr olur, denetim g\u00f6revi; Yay\u0131n sonras\u0131 ger\u00e7ekle\u015fir. Do\u011fru olan\u0131 da budur\u201d<\/strong> diyerek; \u2018Anayasan\u0131n \u00f6z\u00fcne\u2019 b\u00fct\u00fcn\u00fc ile ba\u011fl\u0131, demokratik, laik, sosyal ve hukuk devleti ilkelerine, anlat\u0131m \u00f6zg\u00fcrl\u00fc\u011f\u00fcne, ileti\u015fim ve yay\u0131nda \u00e7o\u011fulculuk esas\u0131na, insan haklar\u0131na dayanm\u0131\u015f, ulusal g\u00fcvenlik ihtiya\u00e7lar\u0131n\u0131 da g\u00f6zeten temalar\u0131 desteklemelerinin, kurulun ana refleks hatlar\u0131n\u0131 olu\u015fturdu\u011funu anlatt\u0131.<\/p>\n<\/p>\n<p>Saban; \u201c Medya Okur-Yazarl\u0131\u011f\u0131 Dersi konusunda, geli\u015ftirmek istedi\u011fimiz ideal program\u0131 uygulayam\u0131yoruz\u201d<\/p>\n<\/p>\n<p>Sonraki s\u00f6z\u00fc alan, ayn\u0131 zamanda \u2018Kurul Koordinat\u00f6rl\u00fc\u011f\u00fc\u2019 g\u00f6revini de y\u00fcr\u00fcten Yasemin Saban ise, \u00f6\u011frencilerin yerel medyay\u0131 takip e\u011filiminin, genel olarak k\u00fc\u00e7\u00fck bir oranda kald\u0131\u011f\u0131n\u0131n g\u00f6zlemlendi\u011fini belirterek; \u00d6zellikle T\u00fcrkiye\u2019den y\u00fcksek \u00f6\u011frenim i\u00e7in gelen \u00f6\u011frencilerin, Ada\u2019da ge\u00e7irdikleri y\u0131llar i\u00e7inde, yerel medyay\u0131 takip etmeleri konusunda tavsiyelerde bulundu. Bunun, sekt\u00f6rde g\u00f6rev almay\u0131 planlayanlar i\u00e7in uluslararas\u0131 ili\u015fkilerde \u00e7ok\u00e7a yer alan, K\u0131br\u0131s \u00fczerine \u00f6nemli bir tecr\u00fcbe ve ba\u015flang\u0131\u00e7 noktas\u0131 olu\u015fturabilece\u011fini vurgulad\u0131. Saban, erken e\u011fitim d\u00f6neminden ba\u015flayarak, \u2018medya okur- yazarl\u0131\u011f\u0131\u2019 dersine duyulan ihtiyac\u0131n, yeni medya d\u00f6neminde bir kez daha alg\u0131land\u0131\u011f\u0131n\u0131 dile getirerek, <strong>\u201cBu dersin, alan e\u011fitiminin \u00f6znesi \u2018\u0130leti\u015fim Fak\u00fclteleri\u2019 mezunlar\u0131 arac\u0131l\u0131\u011f\u0131yla verilmesini \u00f6ng\u00f6r\u00fcyoruz. Ancak bu yakla\u015f\u0131m, Milli E\u011fitim Bakanl\u0131\u011f\u0131 nezdinde kabul g\u00f6rm\u00fcyor, biz de mecburen rehberlik veya yak\u0131n alan \u00f6\u011fretmenleri \u00fczerinden, bu programa katk\u0131 sa\u011flayabiliyoruz. Ancak, bu geli\u015ftirmek istedi\u011fimiz \u2018ideal program\u0131 uygulayam\u0131yoruz\u201d anlam\u0131na da gelmektedir.\u201d<\/strong> ifadelerini kulland\u0131.<\/p>\n<\/p>\n<div class=\"article-source py-3 small \">\n                <\/div>\n","protected":false},"excerpt":{"rendered":"<p>K\u0131sa ad\u0131 YYK olan, Yay\u0131n Y\u00fcksek Kurulu\u2019nun Ba\u015fkan\u0131 ve Y\u00f6netim Kurulu\u2019nu temsilen iki \u00fcyesi Girne Amerikan \u00dcniversitesi (GA\u00dc) \u0130leti\u015fim Fak\u00fcltesi\u2019ni ziyaret ederek, akademisyenler ve \u00f6\u011frenciler ile bir araya geldi. GA\u00dc Kurumsal \u0130leti\u015fim Daire Ba\u015fkanl\u0131\u011f\u0131\u2019nca verilen bilgiye g\u00f6re; Kurul Ba\u015fkan\u0131 Feyzi Hansel ile beraberindeki; YYK Koordinat\u00f6r\u00fc Yasemin Saban ve bir di\u011fer \u00fcye H\u00fcseyin G\u00fcrlek; Halen \u2018YYK<\/p>\n","protected":false},"author":1,"featured_media":108078,"comment_status":"open","ping_status":"open","sticky":false,"template":"","format":"standard","meta":{"footnotes":""},"categories":[81],"tags":[],"class_list":["post-108077","post","type-post","status-publish","format-standard","has-post-thumbnail","hentry","category-kibris"],"yoast_head":"<!-- This site is optimized with the Yoast SEO plugin v27.4 - https:\/\/yoast.com\/product\/yoast-seo-wordpress\/ -->\n<title>GA\u00dc&#039;DE YYK \u00dcYELER\u0130, \u00d6\u011eRENC\u0130LER\u0130 B\u0130LG\u0130LEND\u0130RD\u0130 -<\/title>\n<meta name=\"robots\" content=\"index, follow, max-snippet:-1, max-image-preview:large, max-video-preview:-1\" \/>\n<link rel=\"canonical\" href=\"https:\/\/kibrisdakik.com\/?p=108077\" \/>\n<meta property=\"og:locale\" content=\"tr_TR\" \/>\n<meta property=\"og:type\" content=\"article\" \/>\n<meta property=\"og:title\" content=\"GA\u00dc&#039;DE YYK \u00dcYELER\u0130, \u00d6\u011eRENC\u0130LER\u0130 B\u0130LG\u0130LEND\u0130RD\u0130 -\" \/>\n<meta property=\"og:description\" content=\"K\u0131sa ad\u0131 YYK olan, Yay\u0131n Y\u00fcksek Kurulu\u2019nun Ba\u015fkan\u0131 ve Y\u00f6netim Kurulu\u2019nu temsilen iki \u00fcyesi Girne Amerikan \u00dcniversitesi (GA\u00dc) \u0130leti\u015fim Fak\u00fcltesi\u2019ni ziyaret ederek, akademisyenler ve \u00f6\u011frenciler ile bir araya geldi. GA\u00dc Kurumsal \u0130leti\u015fim Daire Ba\u015fkanl\u0131\u011f\u0131\u2019nca verilen bilgiye g\u00f6re; Kurul Ba\u015fkan\u0131 Feyzi Hansel ile beraberindeki; YYK Koordinat\u00f6r\u00fc Yasemin Saban ve bir di\u011fer \u00fcye H\u00fcseyin G\u00fcrlek; Halen \u2018YYK\" \/>\n<meta property=\"og:url\" content=\"https:\/\/kibrisdakik.com\/?p=108077\" \/>\n<meta property=\"article:published_time\" content=\"2026-03-12T08:37:16+00:00\" \/>\n<meta property=\"og:image\" content=\"https:\/\/mhahabercom.teimg.com\/mhahaber-com\/uploads\/2026\/03\/whatsapp-image-2026-03-12-at-111751.jpeg\" \/>\n<meta name=\"author\" content=\"admin\" \/>\n<meta name=\"twitter:card\" content=\"summary_large_image\" \/>\n<meta name=\"twitter:label1\" content=\"Yazan:\" \/>\n\t<meta name=\"twitter:data1\" content=\"admin\" \/>\n\t<meta name=\"twitter:label2\" content=\"Tahmini okuma s\u00fcresi\" \/>\n\t<meta name=\"twitter:data2\" content=\"4 dakika\" \/>\n<script type=\"application\/ld+json\" class=\"yoast-schema-graph\">{\"@context\":\"https:\\\/\\\/schema.org\",\"@graph\":[{\"@type\":\"Article\",\"@id\":\"https:\\\/\\\/kibrisdakik.com\\\/?p=108077#article\",\"isPartOf\":{\"@id\":\"https:\\\/\\\/kibrisdakik.com\\\/?p=108077\"},\"author\":{\"name\":\"admin\",\"@id\":\"https:\\\/\\\/kibrisdakik.com\\\/#\\\/schema\\\/person\\\/9cd9d437bbb44f72b73ba127e06d8e79\"},\"headline\":\"GA\u00dc&#039;DE YYK \u00dcYELER\u0130, \u00d6\u011eRENC\u0130LER\u0130 B\u0130LG\u0130LEND\u0130RD\u0130\",\"datePublished\":\"2026-03-12T08:37:16+00:00\",\"mainEntityOfPage\":{\"@id\":\"https:\\\/\\\/kibrisdakik.com\\\/?p=108077\"},\"wordCount\":890,\"commentCount\":0,\"image\":{\"@id\":\"https:\\\/\\\/kibrisdakik.com\\\/?p=108077#primaryimage\"},\"thumbnailUrl\":\"https:\\\/\\\/kibrisdakik.com\\\/wp-content\\\/uploads\\\/2026\\\/03\\\/mha-sari-beyaz-3822.png\",\"articleSection\":[\"K\u0131br\u0131s\"],\"inLanguage\":\"tr\",\"potentialAction\":[{\"@type\":\"CommentAction\",\"name\":\"Comment\",\"target\":[\"https:\\\/\\\/kibrisdakik.com\\\/?p=108077#respond\"]}]},{\"@type\":\"WebPage\",\"@id\":\"https:\\\/\\\/kibrisdakik.com\\\/?p=108077\",\"url\":\"https:\\\/\\\/kibrisdakik.com\\\/?p=108077\",\"name\":\"GA\u00dc&#039;DE YYK \u00dcYELER\u0130, \u00d6\u011eRENC\u0130LER\u0130 B\u0130LG\u0130LEND\u0130RD\u0130 -\",\"isPartOf\":{\"@id\":\"https:\\\/\\\/kibrisdakik.com\\\/#website\"},\"primaryImageOfPage\":{\"@id\":\"https:\\\/\\\/kibrisdakik.com\\\/?p=108077#primaryimage\"},\"image\":{\"@id\":\"https:\\\/\\\/kibrisdakik.com\\\/?p=108077#primaryimage\"},\"thumbnailUrl\":\"https:\\\/\\\/kibrisdakik.com\\\/wp-content\\\/uploads\\\/2026\\\/03\\\/mha-sari-beyaz-3822.png\",\"datePublished\":\"2026-03-12T08:37:16+00:00\",\"author\":{\"@id\":\"https:\\\/\\\/kibrisdakik.com\\\/#\\\/schema\\\/person\\\/9cd9d437bbb44f72b73ba127e06d8e79\"},\"breadcrumb\":{\"@id\":\"https:\\\/\\\/kibrisdakik.com\\\/?p=108077#breadcrumb\"},\"inLanguage\":\"tr\",\"potentialAction\":[{\"@type\":\"ReadAction\",\"target\":[\"https:\\\/\\\/kibrisdakik.com\\\/?p=108077\"]}]},{\"@type\":\"ImageObject\",\"inLanguage\":\"tr\",\"@id\":\"https:\\\/\\\/kibrisdakik.com\\\/?p=108077#primaryimage\",\"url\":\"https:\\\/\\\/kibrisdakik.com\\\/wp-content\\\/uploads\\\/2026\\\/03\\\/mha-sari-beyaz-3822.png\",\"contentUrl\":\"https:\\\/\\\/kibrisdakik.com\\\/wp-content\\\/uploads\\\/2026\\\/03\\\/mha-sari-beyaz-3822.png\",\"width\":1280,\"height\":720},{\"@type\":\"BreadcrumbList\",\"@id\":\"https:\\\/\\\/kibrisdakik.com\\\/?p=108077#breadcrumb\",\"itemListElement\":[{\"@type\":\"ListItem\",\"position\":1,\"name\":\"Home\",\"item\":\"https:\\\/\\\/kibrisdakik.com\\\/\"},{\"@type\":\"ListItem\",\"position\":2,\"name\":\"GA\u00dc&#039;DE YYK \u00dcYELER\u0130, \u00d6\u011eRENC\u0130LER\u0130 B\u0130LG\u0130LEND\u0130RD\u0130\"}]},{\"@type\":\"WebSite\",\"@id\":\"https:\\\/\\\/kibrisdakik.com\\\/#website\",\"url\":\"https:\\\/\\\/kibrisdakik.com\\\/\",\"name\":\"\",\"description\":\"Tam vaktinde haber\",\"potentialAction\":[{\"@type\":\"SearchAction\",\"target\":{\"@type\":\"EntryPoint\",\"urlTemplate\":\"https:\\\/\\\/kibrisdakik.com\\\/?s={search_term_string}\"},\"query-input\":{\"@type\":\"PropertyValueSpecification\",\"valueRequired\":true,\"valueName\":\"search_term_string\"}}],\"inLanguage\":\"tr\"},{\"@type\":\"Person\",\"@id\":\"https:\\\/\\\/kibrisdakik.com\\\/#\\\/schema\\\/person\\\/9cd9d437bbb44f72b73ba127e06d8e79\",\"name\":\"admin\",\"image\":{\"@type\":\"ImageObject\",\"inLanguage\":\"tr\",\"@id\":\"https:\\\/\\\/secure.gravatar.com\\\/avatar\\\/ccc17943b9d660506c869530f897617f7cb1c21a4bf30023f252596d83e1f007?s=96&d=mm&r=g\",\"url\":\"https:\\\/\\\/secure.gravatar.com\\\/avatar\\\/ccc17943b9d660506c869530f897617f7cb1c21a4bf30023f252596d83e1f007?s=96&d=mm&r=g\",\"contentUrl\":\"https:\\\/\\\/secure.gravatar.com\\\/avatar\\\/ccc17943b9d660506c869530f897617f7cb1c21a4bf30023f252596d83e1f007?s=96&d=mm&r=g\",\"caption\":\"admin\"},\"sameAs\":[\"https:\\\/\\\/kibrisdakik.com\"],\"url\":\"https:\\\/\\\/kibrisdakik.com\\\/?author=1\"}]}<\/script>\n<!-- \/ Yoast SEO plugin. -->","yoast_head_json":{"title":"GA\u00dc&#039;DE YYK \u00dcYELER\u0130, \u00d6\u011eRENC\u0130LER\u0130 B\u0130LG\u0130LEND\u0130RD\u0130 -","robots":{"index":"index","follow":"follow","max-snippet":"max-snippet:-1","max-image-preview":"max-image-preview:large","max-video-preview":"max-video-preview:-1"},"canonical":"https:\/\/kibrisdakik.com\/?p=108077","og_locale":"tr_TR","og_type":"article","og_title":"GA\u00dc&#039;DE YYK \u00dcYELER\u0130, \u00d6\u011eRENC\u0130LER\u0130 B\u0130LG\u0130LEND\u0130RD\u0130 -","og_description":"K\u0131sa ad\u0131 YYK olan, Yay\u0131n Y\u00fcksek Kurulu\u2019nun Ba\u015fkan\u0131 ve Y\u00f6netim Kurulu\u2019nu temsilen iki \u00fcyesi Girne Amerikan \u00dcniversitesi (GA\u00dc) \u0130leti\u015fim Fak\u00fcltesi\u2019ni ziyaret ederek, akademisyenler ve \u00f6\u011frenciler ile bir araya geldi. GA\u00dc Kurumsal \u0130leti\u015fim Daire Ba\u015fkanl\u0131\u011f\u0131\u2019nca verilen bilgiye g\u00f6re; Kurul Ba\u015fkan\u0131 Feyzi Hansel ile beraberindeki; YYK Koordinat\u00f6r\u00fc Yasemin Saban ve bir di\u011fer \u00fcye H\u00fcseyin G\u00fcrlek; Halen \u2018YYK","og_url":"https:\/\/kibrisdakik.com\/?p=108077","article_published_time":"2026-03-12T08:37:16+00:00","og_image":[{"url":"https:\/\/mhahabercom.teimg.com\/mhahaber-com\/uploads\/2026\/03\/whatsapp-image-2026-03-12-at-111751.jpeg","type":"","width":"","height":""}],"author":"admin","twitter_card":"summary_large_image","twitter_misc":{"Yazan:":"admin","Tahmini okuma s\u00fcresi":"4 dakika"},"schema":{"@context":"https:\/\/schema.org","@graph":[{"@type":"Article","@id":"https:\/\/kibrisdakik.com\/?p=108077#article","isPartOf":{"@id":"https:\/\/kibrisdakik.com\/?p=108077"},"author":{"name":"admin","@id":"https:\/\/kibrisdakik.com\/#\/schema\/person\/9cd9d437bbb44f72b73ba127e06d8e79"},"headline":"GA\u00dc&#039;DE YYK \u00dcYELER\u0130, \u00d6\u011eRENC\u0130LER\u0130 B\u0130LG\u0130LEND\u0130RD\u0130","datePublished":"2026-03-12T08:37:16+00:00","mainEntityOfPage":{"@id":"https:\/\/kibrisdakik.com\/?p=108077"},"wordCount":890,"commentCount":0,"image":{"@id":"https:\/\/kibrisdakik.com\/?p=108077#primaryimage"},"thumbnailUrl":"https:\/\/kibrisdakik.com\/wp-content\/uploads\/2026\/03\/mha-sari-beyaz-3822.png","articleSection":["K\u0131br\u0131s"],"inLanguage":"tr","potentialAction":[{"@type":"CommentAction","name":"Comment","target":["https:\/\/kibrisdakik.com\/?p=108077#respond"]}]},{"@type":"WebPage","@id":"https:\/\/kibrisdakik.com\/?p=108077","url":"https:\/\/kibrisdakik.com\/?p=108077","name":"GA\u00dc&#039;DE YYK \u00dcYELER\u0130, \u00d6\u011eRENC\u0130LER\u0130 B\u0130LG\u0130LEND\u0130RD\u0130 -","isPartOf":{"@id":"https:\/\/kibrisdakik.com\/#website"},"primaryImageOfPage":{"@id":"https:\/\/kibrisdakik.com\/?p=108077#primaryimage"},"image":{"@id":"https:\/\/kibrisdakik.com\/?p=108077#primaryimage"},"thumbnailUrl":"https:\/\/kibrisdakik.com\/wp-content\/uploads\/2026\/03\/mha-sari-beyaz-3822.png","datePublished":"2026-03-12T08:37:16+00:00","author":{"@id":"https:\/\/kibrisdakik.com\/#\/schema\/person\/9cd9d437bbb44f72b73ba127e06d8e79"},"breadcrumb":{"@id":"https:\/\/kibrisdakik.com\/?p=108077#breadcrumb"},"inLanguage":"tr","potentialAction":[{"@type":"ReadAction","target":["https:\/\/kibrisdakik.com\/?p=108077"]}]},{"@type":"ImageObject","inLanguage":"tr","@id":"https:\/\/kibrisdakik.com\/?p=108077#primaryimage","url":"https:\/\/kibrisdakik.com\/wp-content\/uploads\/2026\/03\/mha-sari-beyaz-3822.png","contentUrl":"https:\/\/kibrisdakik.com\/wp-content\/uploads\/2026\/03\/mha-sari-beyaz-3822.png","width":1280,"height":720},{"@type":"BreadcrumbList","@id":"https:\/\/kibrisdakik.com\/?p=108077#breadcrumb","itemListElement":[{"@type":"ListItem","position":1,"name":"Home","item":"https:\/\/kibrisdakik.com\/"},{"@type":"ListItem","position":2,"name":"GA\u00dc&#039;DE YYK \u00dcYELER\u0130, \u00d6\u011eRENC\u0130LER\u0130 B\u0130LG\u0130LEND\u0130RD\u0130"}]},{"@type":"WebSite","@id":"https:\/\/kibrisdakik.com\/#website","url":"https:\/\/kibrisdakik.com\/","name":"","description":"Tam vaktinde haber","potentialAction":[{"@type":"SearchAction","target":{"@type":"EntryPoint","urlTemplate":"https:\/\/kibrisdakik.com\/?s={search_term_string}"},"query-input":{"@type":"PropertyValueSpecification","valueRequired":true,"valueName":"search_term_string"}}],"inLanguage":"tr"},{"@type":"Person","@id":"https:\/\/kibrisdakik.com\/#\/schema\/person\/9cd9d437bbb44f72b73ba127e06d8e79","name":"admin","image":{"@type":"ImageObject","inLanguage":"tr","@id":"https:\/\/secure.gravatar.com\/avatar\/ccc17943b9d660506c869530f897617f7cb1c21a4bf30023f252596d83e1f007?s=96&d=mm&r=g","url":"https:\/\/secure.gravatar.com\/avatar\/ccc17943b9d660506c869530f897617f7cb1c21a4bf30023f252596d83e1f007?s=96&d=mm&r=g","contentUrl":"https:\/\/secure.gravatar.com\/avatar\/ccc17943b9d660506c869530f897617f7cb1c21a4bf30023f252596d83e1f007?s=96&d=mm&r=g","caption":"admin"},"sameAs":["https:\/\/kibrisdakik.com"],"url":"https:\/\/kibrisdakik.com\/?author=1"}]}},"_links":{"self":[{"href":"https:\/\/kibrisdakik.com\/index.php?rest_route=\/wp\/v2\/posts\/108077","targetHints":{"allow":["GET"]}}],"collection":[{"href":"https:\/\/kibrisdakik.com\/index.php?rest_route=\/wp\/v2\/posts"}],"about":[{"href":"https:\/\/kibrisdakik.com\/index.php?rest_route=\/wp\/v2\/types\/post"}],"author":[{"embeddable":true,"href":"https:\/\/kibrisdakik.com\/index.php?rest_route=\/wp\/v2\/users\/1"}],"replies":[{"embeddable":true,"href":"https:\/\/kibrisdakik.com\/index.php?rest_route=%2Fwp%2Fv2%2Fcomments&post=108077"}],"version-history":[{"count":0,"href":"https:\/\/kibrisdakik.com\/index.php?rest_route=\/wp\/v2\/posts\/108077\/revisions"}],"wp:featuredmedia":[{"embeddable":true,"href":"https:\/\/kibrisdakik.com\/index.php?rest_route=\/wp\/v2\/media\/108078"}],"wp:attachment":[{"href":"https:\/\/kibrisdakik.com\/index.php?rest_route=%2Fwp%2Fv2%2Fmedia&parent=108077"}],"wp:term":[{"taxonomy":"category","embeddable":true,"href":"https:\/\/kibrisdakik.com\/index.php?rest_route=%2Fwp%2Fv2%2Fcategories&post=108077"},{"taxonomy":"post_tag","embeddable":true,"href":"https:\/\/kibrisdakik.com\/index.php?rest_route=%2Fwp%2Fv2%2Ftags&post=108077"}],"curies":[{"name":"wp","href":"https:\/\/api.w.org\/{rel}","templated":true}]}}