{"id":108089,"date":"2026-03-12T12:11:05","date_gmt":"2026-03-12T10:11:05","guid":{"rendered":"https:\/\/kibrisdakik.com\/?p=108089"},"modified":"2026-03-12T12:11:05","modified_gmt":"2026-03-12T10:11:05","slug":"emek-is-sendikasinin-talepleri-mahkemede","status":"publish","type":"post","link":"https:\/\/kibrisdakik.com\/?p=108089","title":{"rendered":"EMEK-\u0130\u015e SEND\u0130KASI\u2019NIN TALEPLER\u0130 MAHKEMEDE"},"content":{"rendered":"<p><\/p>\n<div data-text-id=\"197824\" property=\"articleBody\">\n<p>Devrimci \u0130\u015f\u00e7i Sendikalar\u0131 Federasyonu\u2019na ba\u011fl\u0131 Emek-\u0130\u015f Sendikas\u0131\u2019n\u0131n, Ektam K\u0131br\u0131s Ltd. b\u00fcnyesinde ba\u015flatt\u0131\u011f\u0131 s\u00fcresiz grev devam ederken, \u201csendikal\u0131 \u00e7al\u0131\u015fmak istedikleri\u201d gerek\u00e7esiyle i\u015ften durdurulan 39 emek\u00e7iyle ilgili al\u0131nan &#8220;ara emri&#8221; kapsam\u0131nda bug\u00fcn mahkemede i\u015fveren taraf\u0131 dinlendi.<\/p>\n<p>Lefko\u015fa Kaza Mahkemesi\u2019nde g\u00f6r\u00fclen duru\u015fmada, davac\u0131 Emek-\u0130\u015f Sendikas\u0131\u2019n\u0131 temsilen Av. Eda A\u015fan ile Av. Serkan Mesuto\u011flu haz\u0131r bulundu.<\/p>\n<p>Bir \u00f6nceki celsede, Ektam K\u0131br\u0131s Ltd.\u2019nin 6 \u015eubat\u2019ta toplu \u015fekilde i\u015ften bir ay sonra durdurulacaklar\u0131n\u0131 bildirdi\u011fi 37 ki\u015fi ile i\u015ften derhal durduruldu\u011fu belirtilen 2 ki\u015fi olmak \u00fczere toplam 39 emek\u00e7i i\u00e7in ara emri al\u0131nm\u0131\u015ft\u0131.<\/p>\n<p>Bug\u00fcnk\u00fc duru\u015fmada ise, Ektam K\u0131br\u0131s Ltd. Direkt\u00f6r\u00fc Yusuf G\u00fc\u00e7l\u00fc tan\u0131k olarak dinlendi.<\/p>\n<p>G\u00fc\u00e7l\u00fc, \u015firkete yeni direkt\u00f6r olarak atand\u0131\u011f\u0131n\u0131 belirterek, 6 \u015eubat\u2019ta i\u015flerine son verildi\u011fi a\u00e7\u0131klanan 39 \u00e7al\u0131\u015fanla ilgili karar\u0131n geri \u00e7ekildi\u011fini ve bu durumun \u00c7al\u0131\u015fma ve Sosyal G\u00fcvenlik Bakanl\u0131\u011f\u0131\u2019na da bildirildi\u011fini s\u00f6yledi.<\/p>\n<p>Bu geli\u015fmenin ard\u0131ndan i\u015f\u00e7i taraf\u0131n\u0131 temsilen konu\u015fan Av. Eda A\u015fan da, bug\u00fcn itibar\u0131yla hem toplu g\u00f6r\u00fc\u015fmeye hem de Toplu \u0130\u015f S\u00f6zle\u015fmesi imzalamaya haz\u0131r olduklar\u0131n\u0131 ifade etti.<\/p>\n<p>Mahkeme, davay\u0131 bu \u00e7er\u00e7evede yar\u0131na erteledi.<\/p>\n<\/p><\/div>\n","protected":false},"excerpt":{"rendered":"<p>Devrimci \u0130\u015f\u00e7i Sendikalar\u0131 Federasyonu\u2019na ba\u011fl\u0131 Emek-\u0130\u015f Sendikas\u0131\u2019n\u0131n, Ektam K\u0131br\u0131s Ltd. b\u00fcnyesinde ba\u015flatt\u0131\u011f\u0131 s\u00fcresiz grev devam ederken, \u201csendikal\u0131 \u00e7al\u0131\u015fmak istedikleri\u201d gerek\u00e7esiyle i\u015ften durdurulan 39 emek\u00e7iyle ilgili al\u0131nan &#8220;ara emri&#8221; kapsam\u0131nda bug\u00fcn mahkemede i\u015fveren taraf\u0131 dinlendi. Lefko\u015fa Kaza Mahkemesi\u2019nde g\u00f6r\u00fclen duru\u015fmada, davac\u0131 Emek-\u0130\u015f Sendikas\u0131\u2019n\u0131 temsilen Av. Eda A\u015fan ile Av. Serkan Mesuto\u011flu haz\u0131r bulundu. Bir \u00f6nceki celsede,<\/p>\n","protected":false},"author":1,"featured_media":108090,"comment_status":"open","ping_status":"open","sticky":false,"template":"","format":"standard","meta":{"footnotes":""},"categories":[81],"tags":[],"class_list":["post-108089","post","type-post","status-publish","format-standard","has-post-thumbnail","hentry","category-kibris"],"yoast_head":"<!-- This site is optimized with the Yoast SEO plugin v27.5 - https:\/\/yoast.com\/product\/yoast-seo-wordpress\/ -->\n<title>EMEK-\u0130\u015e SEND\u0130KASI\u2019NIN TALEPLER\u0130 MAHKEMEDE -<\/title>\n<meta name=\"robots\" content=\"index, follow, max-snippet:-1, max-image-preview:large, max-video-preview:-1\" \/>\n<link rel=\"canonical\" href=\"https:\/\/kibrisdakik.com\/?p=108089\" \/>\n<meta property=\"og:locale\" content=\"tr_TR\" \/>\n<meta property=\"og:type\" content=\"article\" \/>\n<meta property=\"og:title\" content=\"EMEK-\u0130\u015e SEND\u0130KASI\u2019NIN TALEPLER\u0130 MAHKEMEDE -\" \/>\n<meta property=\"og:description\" content=\"Devrimci \u0130\u015f\u00e7i Sendikalar\u0131 Federasyonu\u2019na ba\u011fl\u0131 Emek-\u0130\u015f Sendikas\u0131\u2019n\u0131n, Ektam K\u0131br\u0131s Ltd. b\u00fcnyesinde ba\u015flatt\u0131\u011f\u0131 s\u00fcresiz grev devam ederken, \u201csendikal\u0131 \u00e7al\u0131\u015fmak istedikleri\u201d gerek\u00e7esiyle i\u015ften durdurulan 39 emek\u00e7iyle ilgili al\u0131nan &#8220;ara emri&#8221; kapsam\u0131nda bug\u00fcn mahkemede i\u015fveren taraf\u0131 dinlendi. Lefko\u015fa Kaza Mahkemesi\u2019nde g\u00f6r\u00fclen duru\u015fmada, davac\u0131 Emek-\u0130\u015f Sendikas\u0131\u2019n\u0131 temsilen Av. Eda A\u015fan ile Av. Serkan Mesuto\u011flu haz\u0131r bulundu. Bir \u00f6nceki celsede,\" \/>\n<meta property=\"og:url\" content=\"https:\/\/kibrisdakik.com\/?p=108089\" \/>\n<meta property=\"article:published_time\" content=\"2026-03-12T10:11:05+00:00\" \/>\n<meta property=\"og:image\" content=\"https:\/\/mhahabercom.teimg.com\/crop\/1280x720\/mhahaber-com\/uploads\/2026\/03\/mha-sari-beyaz-3828.png\" \/>\n<meta name=\"author\" content=\"admin\" \/>\n<meta name=\"twitter:card\" content=\"summary_large_image\" \/>\n<meta name=\"twitter:label1\" content=\"Yazan:\" \/>\n\t<meta name=\"twitter:data1\" content=\"admin\" \/>\n\t<meta name=\"twitter:label2\" content=\"Tahmini okuma s\u00fcresi\" \/>\n\t<meta name=\"twitter:data2\" content=\"1 dakika\" \/>\n<script type=\"application\/ld+json\" class=\"yoast-schema-graph\">{\"@context\":\"https:\\\/\\\/schema.org\",\"@graph\":[{\"@type\":\"Article\",\"@id\":\"https:\\\/\\\/kibrisdakik.com\\\/?p=108089#article\",\"isPartOf\":{\"@id\":\"https:\\\/\\\/kibrisdakik.com\\\/?p=108089\"},\"author\":{\"name\":\"admin\",\"@id\":\"https:\\\/\\\/kibrisdakik.com\\\/#\\\/schema\\\/person\\\/9cd9d437bbb44f72b73ba127e06d8e79\"},\"headline\":\"EMEK-\u0130\u015e SEND\u0130KASI\u2019NIN TALEPLER\u0130 MAHKEMEDE\",\"datePublished\":\"2026-03-12T10:11:05+00:00\",\"mainEntityOfPage\":{\"@id\":\"https:\\\/\\\/kibrisdakik.com\\\/?p=108089\"},\"wordCount\":237,\"commentCount\":0,\"image\":{\"@id\":\"https:\\\/\\\/kibrisdakik.com\\\/?p=108089#primaryimage\"},\"thumbnailUrl\":\"https:\\\/\\\/kibrisdakik.com\\\/wp-content\\\/uploads\\\/2026\\\/03\\\/mha-sari-beyaz-3828.png\",\"articleSection\":[\"K\u0131br\u0131s\"],\"inLanguage\":\"tr\",\"potentialAction\":[{\"@type\":\"CommentAction\",\"name\":\"Comment\",\"target\":[\"https:\\\/\\\/kibrisdakik.com\\\/?p=108089#respond\"]}]},{\"@type\":\"WebPage\",\"@id\":\"https:\\\/\\\/kibrisdakik.com\\\/?p=108089\",\"url\":\"https:\\\/\\\/kibrisdakik.com\\\/?p=108089\",\"name\":\"EMEK-\u0130\u015e SEND\u0130KASI\u2019NIN TALEPLER\u0130 MAHKEMEDE -\",\"isPartOf\":{\"@id\":\"https:\\\/\\\/kibrisdakik.com\\\/#website\"},\"primaryImageOfPage\":{\"@id\":\"https:\\\/\\\/kibrisdakik.com\\\/?p=108089#primaryimage\"},\"image\":{\"@id\":\"https:\\\/\\\/kibrisdakik.com\\\/?p=108089#primaryimage\"},\"thumbnailUrl\":\"https:\\\/\\\/kibrisdakik.com\\\/wp-content\\\/uploads\\\/2026\\\/03\\\/mha-sari-beyaz-3828.png\",\"datePublished\":\"2026-03-12T10:11:05+00:00\",\"author\":{\"@id\":\"https:\\\/\\\/kibrisdakik.com\\\/#\\\/schema\\\/person\\\/9cd9d437bbb44f72b73ba127e06d8e79\"},\"breadcrumb\":{\"@id\":\"https:\\\/\\\/kibrisdakik.com\\\/?p=108089#breadcrumb\"},\"inLanguage\":\"tr\",\"potentialAction\":[{\"@type\":\"ReadAction\",\"target\":[\"https:\\\/\\\/kibrisdakik.com\\\/?p=108089\"]}]},{\"@type\":\"ImageObject\",\"inLanguage\":\"tr\",\"@id\":\"https:\\\/\\\/kibrisdakik.com\\\/?p=108089#primaryimage\",\"url\":\"https:\\\/\\\/kibrisdakik.com\\\/wp-content\\\/uploads\\\/2026\\\/03\\\/mha-sari-beyaz-3828.png\",\"contentUrl\":\"https:\\\/\\\/kibrisdakik.com\\\/wp-content\\\/uploads\\\/2026\\\/03\\\/mha-sari-beyaz-3828.png\",\"width\":1280,\"height\":720},{\"@type\":\"BreadcrumbList\",\"@id\":\"https:\\\/\\\/kibrisdakik.com\\\/?p=108089#breadcrumb\",\"itemListElement\":[{\"@type\":\"ListItem\",\"position\":1,\"name\":\"Home\",\"item\":\"https:\\\/\\\/kibrisdakik.com\\\/\"},{\"@type\":\"ListItem\",\"position\":2,\"name\":\"EMEK-\u0130\u015e SEND\u0130KASI\u2019NIN TALEPLER\u0130 MAHKEMEDE\"}]},{\"@type\":\"WebSite\",\"@id\":\"https:\\\/\\\/kibrisdakik.com\\\/#website\",\"url\":\"https:\\\/\\\/kibrisdakik.com\\\/\",\"name\":\"\",\"description\":\"Tam vaktinde haber\",\"potentialAction\":[{\"@type\":\"SearchAction\",\"target\":{\"@type\":\"EntryPoint\",\"urlTemplate\":\"https:\\\/\\\/kibrisdakik.com\\\/?s={search_term_string}\"},\"query-input\":{\"@type\":\"PropertyValueSpecification\",\"valueRequired\":true,\"valueName\":\"search_term_string\"}}],\"inLanguage\":\"tr\"},{\"@type\":\"Person\",\"@id\":\"https:\\\/\\\/kibrisdakik.com\\\/#\\\/schema\\\/person\\\/9cd9d437bbb44f72b73ba127e06d8e79\",\"name\":\"admin\",\"image\":{\"@type\":\"ImageObject\",\"inLanguage\":\"tr\",\"@id\":\"https:\\\/\\\/secure.gravatar.com\\\/avatar\\\/ccc17943b9d660506c869530f897617f7cb1c21a4bf30023f252596d83e1f007?s=96&d=mm&r=g\",\"url\":\"https:\\\/\\\/secure.gravatar.com\\\/avatar\\\/ccc17943b9d660506c869530f897617f7cb1c21a4bf30023f252596d83e1f007?s=96&d=mm&r=g\",\"contentUrl\":\"https:\\\/\\\/secure.gravatar.com\\\/avatar\\\/ccc17943b9d660506c869530f897617f7cb1c21a4bf30023f252596d83e1f007?s=96&d=mm&r=g\",\"caption\":\"admin\"},\"sameAs\":[\"https:\\\/\\\/kibrisdakik.com\"],\"url\":\"https:\\\/\\\/kibrisdakik.com\\\/?author=1\"}]}<\/script>\n<!-- \/ Yoast SEO plugin. -->","yoast_head_json":{"title":"EMEK-\u0130\u015e SEND\u0130KASI\u2019NIN TALEPLER\u0130 MAHKEMEDE -","robots":{"index":"index","follow":"follow","max-snippet":"max-snippet:-1","max-image-preview":"max-image-preview:large","max-video-preview":"max-video-preview:-1"},"canonical":"https:\/\/kibrisdakik.com\/?p=108089","og_locale":"tr_TR","og_type":"article","og_title":"EMEK-\u0130\u015e SEND\u0130KASI\u2019NIN TALEPLER\u0130 MAHKEMEDE -","og_description":"Devrimci \u0130\u015f\u00e7i Sendikalar\u0131 Federasyonu\u2019na ba\u011fl\u0131 Emek-\u0130\u015f Sendikas\u0131\u2019n\u0131n, Ektam K\u0131br\u0131s Ltd. b\u00fcnyesinde ba\u015flatt\u0131\u011f\u0131 s\u00fcresiz grev devam ederken, \u201csendikal\u0131 \u00e7al\u0131\u015fmak istedikleri\u201d gerek\u00e7esiyle i\u015ften durdurulan 39 emek\u00e7iyle ilgili al\u0131nan &#8220;ara emri&#8221; kapsam\u0131nda bug\u00fcn mahkemede i\u015fveren taraf\u0131 dinlendi. Lefko\u015fa Kaza Mahkemesi\u2019nde g\u00f6r\u00fclen duru\u015fmada, davac\u0131 Emek-\u0130\u015f Sendikas\u0131\u2019n\u0131 temsilen Av. Eda A\u015fan ile Av. Serkan Mesuto\u011flu haz\u0131r bulundu. Bir \u00f6nceki celsede,","og_url":"https:\/\/kibrisdakik.com\/?p=108089","article_published_time":"2026-03-12T10:11:05+00:00","og_image":[{"url":"https:\/\/mhahabercom.teimg.com\/crop\/1280x720\/mhahaber-com\/uploads\/2026\/03\/mha-sari-beyaz-3828.png","type":"","width":"","height":""}],"author":"admin","twitter_card":"summary_large_image","twitter_misc":{"Yazan:":"admin","Tahmini okuma s\u00fcresi":"1 dakika"},"schema":{"@context":"https:\/\/schema.org","@graph":[{"@type":"Article","@id":"https:\/\/kibrisdakik.com\/?p=108089#article","isPartOf":{"@id":"https:\/\/kibrisdakik.com\/?p=108089"},"author":{"name":"admin","@id":"https:\/\/kibrisdakik.com\/#\/schema\/person\/9cd9d437bbb44f72b73ba127e06d8e79"},"headline":"EMEK-\u0130\u015e SEND\u0130KASI\u2019NIN TALEPLER\u0130 MAHKEMEDE","datePublished":"2026-03-12T10:11:05+00:00","mainEntityOfPage":{"@id":"https:\/\/kibrisdakik.com\/?p=108089"},"wordCount":237,"commentCount":0,"image":{"@id":"https:\/\/kibrisdakik.com\/?p=108089#primaryimage"},"thumbnailUrl":"https:\/\/kibrisdakik.com\/wp-content\/uploads\/2026\/03\/mha-sari-beyaz-3828.png","articleSection":["K\u0131br\u0131s"],"inLanguage":"tr","potentialAction":[{"@type":"CommentAction","name":"Comment","target":["https:\/\/kibrisdakik.com\/?p=108089#respond"]}]},{"@type":"WebPage","@id":"https:\/\/kibrisdakik.com\/?p=108089","url":"https:\/\/kibrisdakik.com\/?p=108089","name":"EMEK-\u0130\u015e SEND\u0130KASI\u2019NIN TALEPLER\u0130 MAHKEMEDE -","isPartOf":{"@id":"https:\/\/kibrisdakik.com\/#website"},"primaryImageOfPage":{"@id":"https:\/\/kibrisdakik.com\/?p=108089#primaryimage"},"image":{"@id":"https:\/\/kibrisdakik.com\/?p=108089#primaryimage"},"thumbnailUrl":"https:\/\/kibrisdakik.com\/wp-content\/uploads\/2026\/03\/mha-sari-beyaz-3828.png","datePublished":"2026-03-12T10:11:05+00:00","author":{"@id":"https:\/\/kibrisdakik.com\/#\/schema\/person\/9cd9d437bbb44f72b73ba127e06d8e79"},"breadcrumb":{"@id":"https:\/\/kibrisdakik.com\/?p=108089#breadcrumb"},"inLanguage":"tr","potentialAction":[{"@type":"ReadAction","target":["https:\/\/kibrisdakik.com\/?p=108089"]}]},{"@type":"ImageObject","inLanguage":"tr","@id":"https:\/\/kibrisdakik.com\/?p=108089#primaryimage","url":"https:\/\/kibrisdakik.com\/wp-content\/uploads\/2026\/03\/mha-sari-beyaz-3828.png","contentUrl":"https:\/\/kibrisdakik.com\/wp-content\/uploads\/2026\/03\/mha-sari-beyaz-3828.png","width":1280,"height":720},{"@type":"BreadcrumbList","@id":"https:\/\/kibrisdakik.com\/?p=108089#breadcrumb","itemListElement":[{"@type":"ListItem","position":1,"name":"Home","item":"https:\/\/kibrisdakik.com\/"},{"@type":"ListItem","position":2,"name":"EMEK-\u0130\u015e SEND\u0130KASI\u2019NIN TALEPLER\u0130 MAHKEMEDE"}]},{"@type":"WebSite","@id":"https:\/\/kibrisdakik.com\/#website","url":"https:\/\/kibrisdakik.com\/","name":"","description":"Tam vaktinde haber","potentialAction":[{"@type":"SearchAction","target":{"@type":"EntryPoint","urlTemplate":"https:\/\/kibrisdakik.com\/?s={search_term_string}"},"query-input":{"@type":"PropertyValueSpecification","valueRequired":true,"valueName":"search_term_string"}}],"inLanguage":"tr"},{"@type":"Person","@id":"https:\/\/kibrisdakik.com\/#\/schema\/person\/9cd9d437bbb44f72b73ba127e06d8e79","name":"admin","image":{"@type":"ImageObject","inLanguage":"tr","@id":"https:\/\/secure.gravatar.com\/avatar\/ccc17943b9d660506c869530f897617f7cb1c21a4bf30023f252596d83e1f007?s=96&d=mm&r=g","url":"https:\/\/secure.gravatar.com\/avatar\/ccc17943b9d660506c869530f897617f7cb1c21a4bf30023f252596d83e1f007?s=96&d=mm&r=g","contentUrl":"https:\/\/secure.gravatar.com\/avatar\/ccc17943b9d660506c869530f897617f7cb1c21a4bf30023f252596d83e1f007?s=96&d=mm&r=g","caption":"admin"},"sameAs":["https:\/\/kibrisdakik.com"],"url":"https:\/\/kibrisdakik.com\/?author=1"}]}},"_links":{"self":[{"href":"https:\/\/kibrisdakik.com\/index.php?rest_route=\/wp\/v2\/posts\/108089","targetHints":{"allow":["GET"]}}],"collection":[{"href":"https:\/\/kibrisdakik.com\/index.php?rest_route=\/wp\/v2\/posts"}],"about":[{"href":"https:\/\/kibrisdakik.com\/index.php?rest_route=\/wp\/v2\/types\/post"}],"author":[{"embeddable":true,"href":"https:\/\/kibrisdakik.com\/index.php?rest_route=\/wp\/v2\/users\/1"}],"replies":[{"embeddable":true,"href":"https:\/\/kibrisdakik.com\/index.php?rest_route=%2Fwp%2Fv2%2Fcomments&post=108089"}],"version-history":[{"count":0,"href":"https:\/\/kibrisdakik.com\/index.php?rest_route=\/wp\/v2\/posts\/108089\/revisions"}],"wp:featuredmedia":[{"embeddable":true,"href":"https:\/\/kibrisdakik.com\/index.php?rest_route=\/wp\/v2\/media\/108090"}],"wp:attachment":[{"href":"https:\/\/kibrisdakik.com\/index.php?rest_route=%2Fwp%2Fv2%2Fmedia&parent=108089"}],"wp:term":[{"taxonomy":"category","embeddable":true,"href":"https:\/\/kibrisdakik.com\/index.php?rest_route=%2Fwp%2Fv2%2Fcategories&post=108089"},{"taxonomy":"post_tag","embeddable":true,"href":"https:\/\/kibrisdakik.com\/index.php?rest_route=%2Fwp%2Fv2%2Ftags&post=108089"}],"curies":[{"name":"wp","href":"https:\/\/api.w.org\/{rel}","templated":true}]}}