{"id":108115,"date":"2026-03-12T16:03:15","date_gmt":"2026-03-12T14:03:15","guid":{"rendered":"https:\/\/kibrisdakik.com\/?p=108115"},"modified":"2026-03-12T16:03:15","modified_gmt":"2026-03-12T14:03:15","slug":"metin-atan-artan-akaryakit-fiyatlari-zincirleme-zamlari-getirecek","status":"publish","type":"post","link":"https:\/\/kibrisdakik.com\/?p=108115","title":{"rendered":"MET\u0130N ATAN: ARTAN AKARYAKIT F\u0130YATLARI Z\u0130NC\u0130RLEME ZAMLARI GET\u0130RECEK"},"content":{"rendered":"<p><\/p>\n<p>Kamu G\u00f6revlileri Sendikas\u0131 (KAMUSEN) Ba\u015fkan\u0131 Metin Atan, son d\u00f6nemde pe\u015f pe\u015fe yap\u0131lan akaryak\u0131t zamlar\u0131na tepki g\u00f6sterdi.<\/p>\n<p>Atan yaz\u0131l\u0131 a\u00e7\u0131klamas\u0131nda, al\u0131nan kararlar\u0131n \u00e7al\u0131\u015fanlar\u0131n ve dar gelirli kesimlerin zaten zay\u0131flayan al\u0131m g\u00fcc\u00fcn\u00fc tamamen \u00e7\u00f6kme noktas\u0131na getirdi\u011fini belirterek h\u00fck\u00fcmeti ele\u015ftirdi.<\/p>\n<p>Yap\u0131lan zamlar\u0131n yaln\u0131zca akaryak\u0131t fiyatlar\u0131n\u0131 art\u0131rmakla kalmad\u0131\u011f\u0131n\u0131 kaydeden Atan, bunun zincirleme \u015fekilde t\u00fcm \u00fcr\u00fcn ve hizmetlere yeni zamlar getirece\u011fini s\u00f6yledi. Elektrik \u00fcretiminde kullan\u0131lan yak\u0131t maliyetlerinin artmas\u0131yla birlikte elektrik zamm\u0131n\u0131n da ka\u00e7\u0131n\u0131lmaz hale gelebilece\u011fini ifade eden Atan, vatanda\u015f\u0131n her ge\u00e7en g\u00fcn daha da a\u011f\u0131rla\u015fan bir ekonomik y\u00fck\u00fcn alt\u0131na itildi\u011fini s\u00f6yledi.<\/p>\n<p>D\u00fcnyada sava\u015f ortam\u0131n\u0131n h\u00e2kim oldu\u011fu, b\u00f6lgedeki gerilimlerin turizmi ve ekonomiyi do\u011frudan etkiledi\u011fi bir d\u00f6nemde b\u00f6ylesi kararlar\u0131n i\u015fletmeleri de zor durumda b\u0131rakaca\u011f\u0131n\u0131 belirten Atan, \u00f6zellikle k\u00fc\u00e7\u00fck esnaf ve turizm sekt\u00f6r\u00fcndeki i\u015fletmelerin ciddi zarar g\u00f6rebilece\u011fi uyar\u0131s\u0131nda bulundu.<\/p>\n<p>H\u00fck\u00fcmetin vatanda\u015f\u0131n\u0131 korumas\u0131 gerekirken zam \u00fcst\u00fcne zam yaparak toplumun ekonomik dengesini bozdu\u011funu savunan Atan, bu politikalar\u0131n yaln\u0131zca ekonomik de\u011fil, sosyal sonu\u00e7lar da do\u011furaca\u011f\u0131n\u0131 vurgulad\u0131.<\/p>\n<div id=\"ad_121\" data-channel=\"121\" data-advert=\"temedya\" data-rotation=\"120\" class=\"mb-3 text-center\"><\/div>\n<div id=\"ad_121_mobile\" data-channel=\"121\" data-advert=\"temedya\" data-rotation=\"120\" class=\"mb-3 text-center\"><\/div>\n<p>\u201c\u0130nsanlar\u0131m\u0131z\u0131n sabr\u0131 t\u00fckeniyor.\u201d diyen Atan, \u00e7al\u0131\u015fanlar\u0131n, emeklilerin ve dar gelirli kesimlerin ya\u015fam m\u00fccadelesi verdi\u011fini belirterek, \u201cVatanda\u015f\u0131n cebinde para kalmad\u0131. Al\u0131m g\u00fcc\u00fc eridi, ge\u00e7im derdi her eve girdi. B\u00f6ylesi bir d\u00f6nemde h\u00fck\u00fcmetin g\u00f6revi halk\u0131n\u0131 korumakt\u0131r. Ancak bug\u00fcn yap\u0131lanlar bunun tam tersidir. Zam \u00fcst\u00fcne zam yaparak insanlar\u0131n ya\u015fam dengesini bozuyorsunuz. Bu tablo toplumsal sorunlar\u0131 da beraberinde getirecektir.\u201d ifadelerini kulland\u0131.<\/p>\n<p>Metin Atan, \u00e7al\u0131\u015fanlar\u0131n ve dar gelirli kesimlerin korunmas\u0131 i\u00e7in acil ekonomik tedbirler al\u0131nmas\u0131 \u00e7a\u011fr\u0131s\u0131nda da bulundu.<\/p>\n<\/p>\n<div class=\"article-source py-3 small \">\n                <\/div>\n","protected":false},"excerpt":{"rendered":"<p>Kamu G\u00f6revlileri Sendikas\u0131 (KAMUSEN) Ba\u015fkan\u0131 Metin Atan, son d\u00f6nemde pe\u015f pe\u015fe yap\u0131lan akaryak\u0131t zamlar\u0131na tepki g\u00f6sterdi. Atan yaz\u0131l\u0131 a\u00e7\u0131klamas\u0131nda, al\u0131nan kararlar\u0131n \u00e7al\u0131\u015fanlar\u0131n ve dar gelirli kesimlerin zaten zay\u0131flayan al\u0131m g\u00fcc\u00fcn\u00fc tamamen \u00e7\u00f6kme noktas\u0131na getirdi\u011fini belirterek h\u00fck\u00fcmeti ele\u015ftirdi. Yap\u0131lan zamlar\u0131n yaln\u0131zca akaryak\u0131t fiyatlar\u0131n\u0131 art\u0131rmakla kalmad\u0131\u011f\u0131n\u0131 kaydeden Atan, bunun zincirleme \u015fekilde t\u00fcm \u00fcr\u00fcn ve hizmetlere yeni zamlar<\/p>\n","protected":false},"author":1,"featured_media":108116,"comment_status":"open","ping_status":"open","sticky":false,"template":"","format":"standard","meta":{"footnotes":""},"categories":[81],"tags":[],"class_list":["post-108115","post","type-post","status-publish","format-standard","has-post-thumbnail","hentry","category-kibris"],"yoast_head":"<!-- This site is optimized with the Yoast SEO plugin v27.5 - https:\/\/yoast.com\/product\/yoast-seo-wordpress\/ -->\n<title>MET\u0130N ATAN: ARTAN AKARYAKIT F\u0130YATLARI Z\u0130NC\u0130RLEME ZAMLARI GET\u0130RECEK -<\/title>\n<meta name=\"robots\" content=\"index, follow, max-snippet:-1, max-image-preview:large, max-video-preview:-1\" \/>\n<link rel=\"canonical\" href=\"https:\/\/kibrisdakik.com\/?p=108115\" \/>\n<meta property=\"og:locale\" content=\"tr_TR\" \/>\n<meta property=\"og:type\" content=\"article\" \/>\n<meta property=\"og:title\" content=\"MET\u0130N ATAN: ARTAN AKARYAKIT F\u0130YATLARI Z\u0130NC\u0130RLEME ZAMLARI GET\u0130RECEK -\" \/>\n<meta property=\"og:description\" content=\"Kamu G\u00f6revlileri Sendikas\u0131 (KAMUSEN) Ba\u015fkan\u0131 Metin Atan, son d\u00f6nemde pe\u015f pe\u015fe yap\u0131lan akaryak\u0131t zamlar\u0131na tepki g\u00f6sterdi. Atan yaz\u0131l\u0131 a\u00e7\u0131klamas\u0131nda, al\u0131nan kararlar\u0131n \u00e7al\u0131\u015fanlar\u0131n ve dar gelirli kesimlerin zaten zay\u0131flayan al\u0131m g\u00fcc\u00fcn\u00fc tamamen \u00e7\u00f6kme noktas\u0131na getirdi\u011fini belirterek h\u00fck\u00fcmeti ele\u015ftirdi. Yap\u0131lan zamlar\u0131n yaln\u0131zca akaryak\u0131t fiyatlar\u0131n\u0131 art\u0131rmakla kalmad\u0131\u011f\u0131n\u0131 kaydeden Atan, bunun zincirleme \u015fekilde t\u00fcm \u00fcr\u00fcn ve hizmetlere yeni zamlar\" \/>\n<meta property=\"og:url\" content=\"https:\/\/kibrisdakik.com\/?p=108115\" \/>\n<meta property=\"article:published_time\" content=\"2026-03-12T14:03:15+00:00\" \/>\n<meta property=\"og:image\" content=\"https:\/\/mhahabercom.teimg.com\/crop\/1280x720\/mhahaber-com\/uploads\/2026\/03\/mha-sari-beyaz-3841.png\" \/>\n<meta name=\"author\" content=\"admin\" \/>\n<meta name=\"twitter:card\" content=\"summary_large_image\" \/>\n<meta name=\"twitter:label1\" content=\"Yazan:\" \/>\n\t<meta name=\"twitter:data1\" content=\"admin\" \/>\n\t<meta name=\"twitter:label2\" content=\"Tahmini okuma s\u00fcresi\" \/>\n\t<meta name=\"twitter:data2\" content=\"2 dakika\" \/>\n<script type=\"application\/ld+json\" class=\"yoast-schema-graph\">{\"@context\":\"https:\\\/\\\/schema.org\",\"@graph\":[{\"@type\":\"Article\",\"@id\":\"https:\\\/\\\/kibrisdakik.com\\\/?p=108115#article\",\"isPartOf\":{\"@id\":\"https:\\\/\\\/kibrisdakik.com\\\/?p=108115\"},\"author\":{\"name\":\"admin\",\"@id\":\"https:\\\/\\\/kibrisdakik.com\\\/#\\\/schema\\\/person\\\/9cd9d437bbb44f72b73ba127e06d8e79\"},\"headline\":\"MET\u0130N ATAN: ARTAN AKARYAKIT F\u0130YATLARI Z\u0130NC\u0130RLEME ZAMLARI GET\u0130RECEK\",\"datePublished\":\"2026-03-12T14:03:15+00:00\",\"mainEntityOfPage\":{\"@id\":\"https:\\\/\\\/kibrisdakik.com\\\/?p=108115\"},\"wordCount\":349,\"commentCount\":0,\"image\":{\"@id\":\"https:\\\/\\\/kibrisdakik.com\\\/?p=108115#primaryimage\"},\"thumbnailUrl\":\"https:\\\/\\\/kibrisdakik.com\\\/wp-content\\\/uploads\\\/2026\\\/03\\\/mha-sari-beyaz-3841.png\",\"articleSection\":[\"K\u0131br\u0131s\"],\"inLanguage\":\"tr\",\"potentialAction\":[{\"@type\":\"CommentAction\",\"name\":\"Comment\",\"target\":[\"https:\\\/\\\/kibrisdakik.com\\\/?p=108115#respond\"]}]},{\"@type\":\"WebPage\",\"@id\":\"https:\\\/\\\/kibrisdakik.com\\\/?p=108115\",\"url\":\"https:\\\/\\\/kibrisdakik.com\\\/?p=108115\",\"name\":\"MET\u0130N ATAN: ARTAN AKARYAKIT F\u0130YATLARI Z\u0130NC\u0130RLEME ZAMLARI GET\u0130RECEK -\",\"isPartOf\":{\"@id\":\"https:\\\/\\\/kibrisdakik.com\\\/#website\"},\"primaryImageOfPage\":{\"@id\":\"https:\\\/\\\/kibrisdakik.com\\\/?p=108115#primaryimage\"},\"image\":{\"@id\":\"https:\\\/\\\/kibrisdakik.com\\\/?p=108115#primaryimage\"},\"thumbnailUrl\":\"https:\\\/\\\/kibrisdakik.com\\\/wp-content\\\/uploads\\\/2026\\\/03\\\/mha-sari-beyaz-3841.png\",\"datePublished\":\"2026-03-12T14:03:15+00:00\",\"author\":{\"@id\":\"https:\\\/\\\/kibrisdakik.com\\\/#\\\/schema\\\/person\\\/9cd9d437bbb44f72b73ba127e06d8e79\"},\"breadcrumb\":{\"@id\":\"https:\\\/\\\/kibrisdakik.com\\\/?p=108115#breadcrumb\"},\"inLanguage\":\"tr\",\"potentialAction\":[{\"@type\":\"ReadAction\",\"target\":[\"https:\\\/\\\/kibrisdakik.com\\\/?p=108115\"]}]},{\"@type\":\"ImageObject\",\"inLanguage\":\"tr\",\"@id\":\"https:\\\/\\\/kibrisdakik.com\\\/?p=108115#primaryimage\",\"url\":\"https:\\\/\\\/kibrisdakik.com\\\/wp-content\\\/uploads\\\/2026\\\/03\\\/mha-sari-beyaz-3841.png\",\"contentUrl\":\"https:\\\/\\\/kibrisdakik.com\\\/wp-content\\\/uploads\\\/2026\\\/03\\\/mha-sari-beyaz-3841.png\",\"width\":1280,\"height\":720},{\"@type\":\"BreadcrumbList\",\"@id\":\"https:\\\/\\\/kibrisdakik.com\\\/?p=108115#breadcrumb\",\"itemListElement\":[{\"@type\":\"ListItem\",\"position\":1,\"name\":\"Home\",\"item\":\"https:\\\/\\\/kibrisdakik.com\\\/\"},{\"@type\":\"ListItem\",\"position\":2,\"name\":\"MET\u0130N ATAN: ARTAN AKARYAKIT F\u0130YATLARI Z\u0130NC\u0130RLEME ZAMLARI GET\u0130RECEK\"}]},{\"@type\":\"WebSite\",\"@id\":\"https:\\\/\\\/kibrisdakik.com\\\/#website\",\"url\":\"https:\\\/\\\/kibrisdakik.com\\\/\",\"name\":\"\",\"description\":\"Tam vaktinde haber\",\"potentialAction\":[{\"@type\":\"SearchAction\",\"target\":{\"@type\":\"EntryPoint\",\"urlTemplate\":\"https:\\\/\\\/kibrisdakik.com\\\/?s={search_term_string}\"},\"query-input\":{\"@type\":\"PropertyValueSpecification\",\"valueRequired\":true,\"valueName\":\"search_term_string\"}}],\"inLanguage\":\"tr\"},{\"@type\":\"Person\",\"@id\":\"https:\\\/\\\/kibrisdakik.com\\\/#\\\/schema\\\/person\\\/9cd9d437bbb44f72b73ba127e06d8e79\",\"name\":\"admin\",\"image\":{\"@type\":\"ImageObject\",\"inLanguage\":\"tr\",\"@id\":\"https:\\\/\\\/secure.gravatar.com\\\/avatar\\\/ccc17943b9d660506c869530f897617f7cb1c21a4bf30023f252596d83e1f007?s=96&d=mm&r=g\",\"url\":\"https:\\\/\\\/secure.gravatar.com\\\/avatar\\\/ccc17943b9d660506c869530f897617f7cb1c21a4bf30023f252596d83e1f007?s=96&d=mm&r=g\",\"contentUrl\":\"https:\\\/\\\/secure.gravatar.com\\\/avatar\\\/ccc17943b9d660506c869530f897617f7cb1c21a4bf30023f252596d83e1f007?s=96&d=mm&r=g\",\"caption\":\"admin\"},\"sameAs\":[\"https:\\\/\\\/kibrisdakik.com\"],\"url\":\"https:\\\/\\\/kibrisdakik.com\\\/?author=1\"}]}<\/script>\n<!-- \/ Yoast SEO plugin. -->","yoast_head_json":{"title":"MET\u0130N ATAN: ARTAN AKARYAKIT F\u0130YATLARI Z\u0130NC\u0130RLEME ZAMLARI GET\u0130RECEK -","robots":{"index":"index","follow":"follow","max-snippet":"max-snippet:-1","max-image-preview":"max-image-preview:large","max-video-preview":"max-video-preview:-1"},"canonical":"https:\/\/kibrisdakik.com\/?p=108115","og_locale":"tr_TR","og_type":"article","og_title":"MET\u0130N ATAN: ARTAN AKARYAKIT F\u0130YATLARI Z\u0130NC\u0130RLEME ZAMLARI GET\u0130RECEK -","og_description":"Kamu G\u00f6revlileri Sendikas\u0131 (KAMUSEN) Ba\u015fkan\u0131 Metin Atan, son d\u00f6nemde pe\u015f pe\u015fe yap\u0131lan akaryak\u0131t zamlar\u0131na tepki g\u00f6sterdi. Atan yaz\u0131l\u0131 a\u00e7\u0131klamas\u0131nda, al\u0131nan kararlar\u0131n \u00e7al\u0131\u015fanlar\u0131n ve dar gelirli kesimlerin zaten zay\u0131flayan al\u0131m g\u00fcc\u00fcn\u00fc tamamen \u00e7\u00f6kme noktas\u0131na getirdi\u011fini belirterek h\u00fck\u00fcmeti ele\u015ftirdi. Yap\u0131lan zamlar\u0131n yaln\u0131zca akaryak\u0131t fiyatlar\u0131n\u0131 art\u0131rmakla kalmad\u0131\u011f\u0131n\u0131 kaydeden Atan, bunun zincirleme \u015fekilde t\u00fcm \u00fcr\u00fcn ve hizmetlere yeni zamlar","og_url":"https:\/\/kibrisdakik.com\/?p=108115","article_published_time":"2026-03-12T14:03:15+00:00","og_image":[{"url":"https:\/\/mhahabercom.teimg.com\/crop\/1280x720\/mhahaber-com\/uploads\/2026\/03\/mha-sari-beyaz-3841.png","type":"","width":"","height":""}],"author":"admin","twitter_card":"summary_large_image","twitter_misc":{"Yazan:":"admin","Tahmini okuma s\u00fcresi":"2 dakika"},"schema":{"@context":"https:\/\/schema.org","@graph":[{"@type":"Article","@id":"https:\/\/kibrisdakik.com\/?p=108115#article","isPartOf":{"@id":"https:\/\/kibrisdakik.com\/?p=108115"},"author":{"name":"admin","@id":"https:\/\/kibrisdakik.com\/#\/schema\/person\/9cd9d437bbb44f72b73ba127e06d8e79"},"headline":"MET\u0130N ATAN: ARTAN AKARYAKIT F\u0130YATLARI Z\u0130NC\u0130RLEME ZAMLARI GET\u0130RECEK","datePublished":"2026-03-12T14:03:15+00:00","mainEntityOfPage":{"@id":"https:\/\/kibrisdakik.com\/?p=108115"},"wordCount":349,"commentCount":0,"image":{"@id":"https:\/\/kibrisdakik.com\/?p=108115#primaryimage"},"thumbnailUrl":"https:\/\/kibrisdakik.com\/wp-content\/uploads\/2026\/03\/mha-sari-beyaz-3841.png","articleSection":["K\u0131br\u0131s"],"inLanguage":"tr","potentialAction":[{"@type":"CommentAction","name":"Comment","target":["https:\/\/kibrisdakik.com\/?p=108115#respond"]}]},{"@type":"WebPage","@id":"https:\/\/kibrisdakik.com\/?p=108115","url":"https:\/\/kibrisdakik.com\/?p=108115","name":"MET\u0130N ATAN: ARTAN AKARYAKIT F\u0130YATLARI Z\u0130NC\u0130RLEME ZAMLARI GET\u0130RECEK -","isPartOf":{"@id":"https:\/\/kibrisdakik.com\/#website"},"primaryImageOfPage":{"@id":"https:\/\/kibrisdakik.com\/?p=108115#primaryimage"},"image":{"@id":"https:\/\/kibrisdakik.com\/?p=108115#primaryimage"},"thumbnailUrl":"https:\/\/kibrisdakik.com\/wp-content\/uploads\/2026\/03\/mha-sari-beyaz-3841.png","datePublished":"2026-03-12T14:03:15+00:00","author":{"@id":"https:\/\/kibrisdakik.com\/#\/schema\/person\/9cd9d437bbb44f72b73ba127e06d8e79"},"breadcrumb":{"@id":"https:\/\/kibrisdakik.com\/?p=108115#breadcrumb"},"inLanguage":"tr","potentialAction":[{"@type":"ReadAction","target":["https:\/\/kibrisdakik.com\/?p=108115"]}]},{"@type":"ImageObject","inLanguage":"tr","@id":"https:\/\/kibrisdakik.com\/?p=108115#primaryimage","url":"https:\/\/kibrisdakik.com\/wp-content\/uploads\/2026\/03\/mha-sari-beyaz-3841.png","contentUrl":"https:\/\/kibrisdakik.com\/wp-content\/uploads\/2026\/03\/mha-sari-beyaz-3841.png","width":1280,"height":720},{"@type":"BreadcrumbList","@id":"https:\/\/kibrisdakik.com\/?p=108115#breadcrumb","itemListElement":[{"@type":"ListItem","position":1,"name":"Home","item":"https:\/\/kibrisdakik.com\/"},{"@type":"ListItem","position":2,"name":"MET\u0130N ATAN: ARTAN AKARYAKIT F\u0130YATLARI Z\u0130NC\u0130RLEME ZAMLARI GET\u0130RECEK"}]},{"@type":"WebSite","@id":"https:\/\/kibrisdakik.com\/#website","url":"https:\/\/kibrisdakik.com\/","name":"","description":"Tam vaktinde haber","potentialAction":[{"@type":"SearchAction","target":{"@type":"EntryPoint","urlTemplate":"https:\/\/kibrisdakik.com\/?s={search_term_string}"},"query-input":{"@type":"PropertyValueSpecification","valueRequired":true,"valueName":"search_term_string"}}],"inLanguage":"tr"},{"@type":"Person","@id":"https:\/\/kibrisdakik.com\/#\/schema\/person\/9cd9d437bbb44f72b73ba127e06d8e79","name":"admin","image":{"@type":"ImageObject","inLanguage":"tr","@id":"https:\/\/secure.gravatar.com\/avatar\/ccc17943b9d660506c869530f897617f7cb1c21a4bf30023f252596d83e1f007?s=96&d=mm&r=g","url":"https:\/\/secure.gravatar.com\/avatar\/ccc17943b9d660506c869530f897617f7cb1c21a4bf30023f252596d83e1f007?s=96&d=mm&r=g","contentUrl":"https:\/\/secure.gravatar.com\/avatar\/ccc17943b9d660506c869530f897617f7cb1c21a4bf30023f252596d83e1f007?s=96&d=mm&r=g","caption":"admin"},"sameAs":["https:\/\/kibrisdakik.com"],"url":"https:\/\/kibrisdakik.com\/?author=1"}]}},"_links":{"self":[{"href":"https:\/\/kibrisdakik.com\/index.php?rest_route=\/wp\/v2\/posts\/108115","targetHints":{"allow":["GET"]}}],"collection":[{"href":"https:\/\/kibrisdakik.com\/index.php?rest_route=\/wp\/v2\/posts"}],"about":[{"href":"https:\/\/kibrisdakik.com\/index.php?rest_route=\/wp\/v2\/types\/post"}],"author":[{"embeddable":true,"href":"https:\/\/kibrisdakik.com\/index.php?rest_route=\/wp\/v2\/users\/1"}],"replies":[{"embeddable":true,"href":"https:\/\/kibrisdakik.com\/index.php?rest_route=%2Fwp%2Fv2%2Fcomments&post=108115"}],"version-history":[{"count":0,"href":"https:\/\/kibrisdakik.com\/index.php?rest_route=\/wp\/v2\/posts\/108115\/revisions"}],"wp:featuredmedia":[{"embeddable":true,"href":"https:\/\/kibrisdakik.com\/index.php?rest_route=\/wp\/v2\/media\/108116"}],"wp:attachment":[{"href":"https:\/\/kibrisdakik.com\/index.php?rest_route=%2Fwp%2Fv2%2Fmedia&parent=108115"}],"wp:term":[{"taxonomy":"category","embeddable":true,"href":"https:\/\/kibrisdakik.com\/index.php?rest_route=%2Fwp%2Fv2%2Fcategories&post=108115"},{"taxonomy":"post_tag","embeddable":true,"href":"https:\/\/kibrisdakik.com\/index.php?rest_route=%2Fwp%2Fv2%2Ftags&post=108115"}],"curies":[{"name":"wp","href":"https:\/\/api.w.org\/{rel}","templated":true}]}}