{"id":108118,"date":"2026-03-12T16:22:42","date_gmt":"2026-03-12T14:22:42","guid":{"rendered":"https:\/\/kibrisdakik.com\/?p=108118"},"modified":"2026-03-12T16:22:42","modified_gmt":"2026-03-12T14:22:42","slug":"orta-dogudaki-savastan-kacis-bedeli-145-bin-dolar","status":"publish","type":"post","link":"https:\/\/kibrisdakik.com\/?p=108118","title":{"rendered":"Orta Do\u011fu\u2019daki sava\u015ftan ka\u00e7\u0131\u015f bedeli: 145 bin dolar!"},"content":{"rendered":"<p><\/p>\n<p>ABD-\u0130srail-\u0130ran \u00e7at\u0131\u015fmas\u0131yla birlikte Orta Do\u011fu\u2019dan \u00f6zel jet talebi h\u0131zla artt\u0131.<\/p>\n<p>Zengin yolcular, kapanan hava sahalar\u0131 ve iptal edilen seferler nedeniyle b\u00f6lgeden ka\u00e7mak i\u00e7in y\u00fczbinlerce dolar \u00f6demeye ba\u015flad\u0131. \u0130stanbul&#8217;a \u00f6zel jetle u\u00e7u\u015flar\u0131n bedeli y\u00fczde 142 art\u0131\u015fla 145 bin dolara kadar y\u00fckseldi.<\/p>\n<p>ABD-\u0130srail koalisyonu ile\u00a0\u0130ran\u00a0aras\u0131nda 28 \u015eubat&#8217;ta patlak veren sava\u015f, Orta Do\u011fu&#8217;da havac\u0131l\u0131k sekt\u00f6r\u00fcn\u00fc Covid-19 pandemisinden bu yana g\u00f6r\u00fclen en derin krizin i\u00e7ine s\u00fcr\u00fckledi. Art arda gelen f\u00fcze ve dron sald\u0131r\u0131lar\u0131 nedeniyle hava sahalar\u0131n\u0131n kapanmas\u0131 ticari u\u00e7u\u015flar\u0131 durma noktas\u0131na getirirken, b\u00f6lgeden \u00e7\u0131kman\u0131n tek yolu adeta bir servet \u00f6demekten ge\u00e7iyor.<\/p>\n<p><em><strong>CNN International&#8217;\u0131n haberine g\u00f6re<\/strong><\/em>\u00a0on binlerce yolcu havalimanlar\u0131nda \u00e7aresizce bekleyi\u015fini s\u00fcrd\u00fcr\u00fcrken; baz\u0131 havayolu \u015firketleri s\u0131n\u0131rl\u0131 say\u0131da rotay\u0131 yeniden a\u00e7maya \u00e7al\u0131\u015f\u0131yor. Bu ba\u011flamda &#8220;derin ceplere&#8221; sahip olanlar, bu kaostan s\u0131yr\u0131lman\u0131n yolunu \u00e7oktan buldu:<\/p>\n<p><em><strong>\u00d6zel jet kiralamak.<\/strong><\/em><\/p>\n<h6>G\u00fcnl\u00fck u\u00e7u\u015f say\u0131s\u0131nda art\u0131\u015f<\/h6>\n<p>\u00d6zel havac\u0131l\u0131k \u015firketi AirX&#8217;in ba\u015fkan\u0131 ve kurucusu John Matthews, CNN&#8217;e yapt\u0131\u011f\u0131 a\u00e7\u0131klamada durumu \u015fu s\u00f6zlerle \u00f6zetliyor:<\/p>\n<p><em><strong>&#8220;B\u00f6lgenin bir\u00e7ok noktas\u0131nda ticari u\u00e7u\u015f programlar\u0131 belirsizle\u015fti\u011fi veya tamamen iptal edildi\u011fi i\u00e7in \u00f6zel charter u\u00e7u\u015flar\u0131na olan talep son g\u00fcnlerde inan\u0131lmaz bir h\u0131zla artt\u0131.&#8221;<\/strong><\/em><\/p>\n<p>Bu talep patlamas\u0131n\u0131n ard\u0131nda sadece bireysel ka\u00e7\u0131\u015flar yatm\u0131yor. Matthews; ultra zengin ailelerin, \u00fcst d\u00fczey y\u00f6neticilerini tahliye eden \u00e7ok uluslu \u015firketlerin ve hatta spor tak\u0131mlar\u0131 ile turne ekiplerinin toplu halde b\u00f6lgeden \u00e7\u0131kmaya \u00e7al\u0131\u015ft\u0131\u011f\u0131n\u0131 belirtiyor.<\/p>\n<p><em><strong>Rakamlar da bu pani\u011fi do\u011fruluyor. \u00d6zel charter firmas\u0131 SHY Aviation&#8217;\u0131n CEO&#8217;su Bernardus Vorster&#8217;a g\u00f6re; normal \u015fartlarda Umman&#8217;\u0131n ba\u015fkenti Maskat, Dubai ve Suudi Arabistan&#8217;\u0131n ba\u015fkenti Riyad&#8217;dan g\u00fcnde ortalama 10 ila 15 \u00f6zel jet havalan\u0131rken, bu say\u0131 ge\u00e7ti\u011fimiz \u00e7ar\u015famba g\u00fcn\u00fc tam 98&#8217;e f\u0131rlad\u0131.<\/strong><\/em><\/p>\n<h6>\u0130stanbul&#8217;a 5 saatlik u\u00e7u\u015f 145 bin dolar<\/h6>\n<p>Artan talep, s\u0131n\u0131rl\u0131 say\u0131daki u\u00e7ak ve f\u0131rlayan sigorta maliyetleri, bilet fiyatlar\u0131nda astronomik art\u0131\u015flara neden oldu.<\/p>\n<p><em><strong>Fiyatlar\u0131 as\u0131l yukar\u0131 \u00e7eken etken ise jetlerin tahliye sonras\u0131 b\u00f6lgeye &#8220;bo\u015f&#8221; d\u00f6nmek zorunda kalmas\u0131.<\/strong><\/em>\u00a0Bu durum, m\u00fc\u015fterilerin gidi\u015f-d\u00f6n\u00fc\u015f masraf\u0131n\u0131n tamam\u0131n\u0131 tek bir u\u00e7u\u015f i\u00e7in \u00f6demesi anlam\u0131na geliyor.<\/p>\n<p><em><strong>Vorster&#8217;\u0131n payla\u015ft\u0131\u011f\u0131 \u00e7arp\u0131c\u0131 bir \u00f6rnek, krizin mali boyutunu g\u00f6zler \u00f6n\u00fcne seriyor:<\/strong><\/em><\/p>\n<p>12 ki\u015filik bir grup ve k\u00f6pekleri, Maskat&#8217;tan \u0130stanbul&#8217;a yapt\u0131klar\u0131 5 saatlik bir u\u00e7u\u015f i\u00e7in tam 145 bin dolar \u00f6dedi. Krizden \u00f6nce ayn\u0131 u\u00e7u\u015fun maliyeti 60 bin dolar civar\u0131ndayd\u0131.\u00a0<em><strong>Bu da fiyatlar\u0131n tam y\u00fczde 142 oran\u0131nda artt\u0131\u011f\u0131n\u0131 g\u00f6steriyor.<\/strong><\/em><\/p>\n<p>Ba\u015flang\u0131\u00e7ta hava sahas\u0131n\u0131n daha g\u00fcvenli ve \u00f6ng\u00f6r\u00fclebilir olmas\u0131 nedeniyle Maskat ve Riyad \u00e7\u0131k\u0131\u015fl\u0131 u\u00e7u\u015flar tercih edilirken, b\u00f6lgedeki yabanc\u0131 n\u00fcfusun yo\u011funlu\u011fu sebebiyle son g\u00fcnlerde Dubai en pop\u00fcler \u00e7\u0131k\u0131\u015f noktas\u0131 haline geldi.<\/p>\n<p><em><strong>Vorster, co\u011frafi yak\u0131nl\u0131\u011f\u0131 nedeniyle \u0130stanbul&#8217;un en \u00e7ok tercih edilen var\u0131\u015f noktas\u0131 oldu\u011funu; Atina ve Mumbai&#8217;nin de onu takip etti\u011fini vurguluyor.<\/strong><\/em><\/p>\n","protected":false},"excerpt":{"rendered":"<p>ABD-\u0130srail-\u0130ran \u00e7at\u0131\u015fmas\u0131yla birlikte Orta Do\u011fu\u2019dan \u00f6zel jet talebi h\u0131zla artt\u0131. Zengin yolcular, kapanan hava sahalar\u0131 ve iptal edilen seferler nedeniyle b\u00f6lgeden ka\u00e7mak i\u00e7in y\u00fczbinlerce dolar \u00f6demeye ba\u015flad\u0131. \u0130stanbul&#8217;a \u00f6zel jetle u\u00e7u\u015flar\u0131n bedeli y\u00fczde 142 art\u0131\u015fla 145 bin dolara kadar y\u00fckseldi. ABD-\u0130srail koalisyonu ile\u00a0\u0130ran\u00a0aras\u0131nda 28 \u015eubat&#8217;ta patlak veren sava\u015f, Orta Do\u011fu&#8217;da havac\u0131l\u0131k sekt\u00f6r\u00fcn\u00fc Covid-19 pandemisinden bu<\/p>\n","protected":false},"author":1,"featured_media":108119,"comment_status":"open","ping_status":"open","sticky":false,"template":"","format":"standard","meta":{"footnotes":""},"categories":[85],"tags":[],"class_list":["post-108118","post","type-post","status-publish","format-standard","has-post-thumbnail","hentry","category-spor"],"yoast_head":"<!-- This site is optimized with the Yoast SEO plugin v27.5 - https:\/\/yoast.com\/product\/yoast-seo-wordpress\/ -->\n<title>Orta Do\u011fu\u2019daki sava\u015ftan ka\u00e7\u0131\u015f bedeli: 145 bin dolar! -<\/title>\n<meta name=\"robots\" content=\"index, follow, max-snippet:-1, max-image-preview:large, max-video-preview:-1\" \/>\n<link rel=\"canonical\" href=\"https:\/\/kibrisdakik.com\/?p=108118\" \/>\n<meta property=\"og:locale\" content=\"tr_TR\" \/>\n<meta property=\"og:type\" content=\"article\" \/>\n<meta property=\"og:title\" content=\"Orta Do\u011fu\u2019daki sava\u015ftan ka\u00e7\u0131\u015f bedeli: 145 bin dolar! -\" \/>\n<meta property=\"og:description\" content=\"ABD-\u0130srail-\u0130ran \u00e7at\u0131\u015fmas\u0131yla birlikte Orta Do\u011fu\u2019dan \u00f6zel jet talebi h\u0131zla artt\u0131. Zengin yolcular, kapanan hava sahalar\u0131 ve iptal edilen seferler nedeniyle b\u00f6lgeden ka\u00e7mak i\u00e7in y\u00fczbinlerce dolar \u00f6demeye ba\u015flad\u0131. \u0130stanbul&#8217;a \u00f6zel jetle u\u00e7u\u015flar\u0131n bedeli y\u00fczde 142 art\u0131\u015fla 145 bin dolara kadar y\u00fckseldi. ABD-\u0130srail koalisyonu ile\u00a0\u0130ran\u00a0aras\u0131nda 28 \u015eubat&#8217;ta patlak veren sava\u015f, Orta Do\u011fu&#8217;da havac\u0131l\u0131k sekt\u00f6r\u00fcn\u00fc Covid-19 pandemisinden bu\" \/>\n<meta property=\"og:url\" content=\"https:\/\/kibrisdakik.com\/?p=108118\" \/>\n<meta property=\"article:published_time\" content=\"2026-03-12T14:22:42+00:00\" \/>\n<meta property=\"og:image\" content=\"https:\/\/www.bimanset.com\/wp-content\/uploads\/2026\/03\/istanbula-ucusun-bedeli-145-bin-dolar-zenginlerin-orta-dogudaki-savastan-kacisi-lrnn.jpg\" \/>\n<meta name=\"author\" content=\"admin\" \/>\n<meta name=\"twitter:card\" content=\"summary_large_image\" \/>\n<meta name=\"twitter:label1\" content=\"Yazan:\" \/>\n\t<meta name=\"twitter:data1\" content=\"admin\" \/>\n\t<meta name=\"twitter:label2\" content=\"Tahmini okuma s\u00fcresi\" \/>\n\t<meta name=\"twitter:data2\" content=\"3 dakika\" \/>\n<script type=\"application\/ld+json\" class=\"yoast-schema-graph\">{\"@context\":\"https:\\\/\\\/schema.org\",\"@graph\":[{\"@type\":\"Article\",\"@id\":\"https:\\\/\\\/kibrisdakik.com\\\/?p=108118#article\",\"isPartOf\":{\"@id\":\"https:\\\/\\\/kibrisdakik.com\\\/?p=108118\"},\"author\":{\"name\":\"admin\",\"@id\":\"https:\\\/\\\/kibrisdakik.com\\\/#\\\/schema\\\/person\\\/9cd9d437bbb44f72b73ba127e06d8e79\"},\"headline\":\"Orta Do\u011fu\u2019daki sava\u015ftan ka\u00e7\u0131\u015f bedeli: 145 bin dolar!\",\"datePublished\":\"2026-03-12T14:22:42+00:00\",\"mainEntityOfPage\":{\"@id\":\"https:\\\/\\\/kibrisdakik.com\\\/?p=108118\"},\"wordCount\":564,\"commentCount\":0,\"image\":{\"@id\":\"https:\\\/\\\/kibrisdakik.com\\\/?p=108118#primaryimage\"},\"thumbnailUrl\":\"https:\\\/\\\/kibrisdakik.com\\\/wp-content\\\/uploads\\\/2026\\\/03\\\/istanbula-ucusun-bedeli-145-bin-dolar-zenginlerin-orta-dogudaki-savastan-kacisi-lrnn.jpg\",\"articleSection\":[\"Spor\"],\"inLanguage\":\"tr\",\"potentialAction\":[{\"@type\":\"CommentAction\",\"name\":\"Comment\",\"target\":[\"https:\\\/\\\/kibrisdakik.com\\\/?p=108118#respond\"]}]},{\"@type\":\"WebPage\",\"@id\":\"https:\\\/\\\/kibrisdakik.com\\\/?p=108118\",\"url\":\"https:\\\/\\\/kibrisdakik.com\\\/?p=108118\",\"name\":\"Orta Do\u011fu\u2019daki sava\u015ftan ka\u00e7\u0131\u015f bedeli: 145 bin dolar! -\",\"isPartOf\":{\"@id\":\"https:\\\/\\\/kibrisdakik.com\\\/#website\"},\"primaryImageOfPage\":{\"@id\":\"https:\\\/\\\/kibrisdakik.com\\\/?p=108118#primaryimage\"},\"image\":{\"@id\":\"https:\\\/\\\/kibrisdakik.com\\\/?p=108118#primaryimage\"},\"thumbnailUrl\":\"https:\\\/\\\/kibrisdakik.com\\\/wp-content\\\/uploads\\\/2026\\\/03\\\/istanbula-ucusun-bedeli-145-bin-dolar-zenginlerin-orta-dogudaki-savastan-kacisi-lrnn.jpg\",\"datePublished\":\"2026-03-12T14:22:42+00:00\",\"author\":{\"@id\":\"https:\\\/\\\/kibrisdakik.com\\\/#\\\/schema\\\/person\\\/9cd9d437bbb44f72b73ba127e06d8e79\"},\"breadcrumb\":{\"@id\":\"https:\\\/\\\/kibrisdakik.com\\\/?p=108118#breadcrumb\"},\"inLanguage\":\"tr\",\"potentialAction\":[{\"@type\":\"ReadAction\",\"target\":[\"https:\\\/\\\/kibrisdakik.com\\\/?p=108118\"]}]},{\"@type\":\"ImageObject\",\"inLanguage\":\"tr\",\"@id\":\"https:\\\/\\\/kibrisdakik.com\\\/?p=108118#primaryimage\",\"url\":\"https:\\\/\\\/kibrisdakik.com\\\/wp-content\\\/uploads\\\/2026\\\/03\\\/istanbula-ucusun-bedeli-145-bin-dolar-zenginlerin-orta-dogudaki-savastan-kacisi-lrnn.jpg\",\"contentUrl\":\"https:\\\/\\\/kibrisdakik.com\\\/wp-content\\\/uploads\\\/2026\\\/03\\\/istanbula-ucusun-bedeli-145-bin-dolar-zenginlerin-orta-dogudaki-savastan-kacisi-lrnn.jpg\",\"width\":1280,\"height\":720},{\"@type\":\"BreadcrumbList\",\"@id\":\"https:\\\/\\\/kibrisdakik.com\\\/?p=108118#breadcrumb\",\"itemListElement\":[{\"@type\":\"ListItem\",\"position\":1,\"name\":\"Home\",\"item\":\"https:\\\/\\\/kibrisdakik.com\\\/\"},{\"@type\":\"ListItem\",\"position\":2,\"name\":\"Orta Do\u011fu\u2019daki sava\u015ftan ka\u00e7\u0131\u015f bedeli: 145 bin dolar!\"}]},{\"@type\":\"WebSite\",\"@id\":\"https:\\\/\\\/kibrisdakik.com\\\/#website\",\"url\":\"https:\\\/\\\/kibrisdakik.com\\\/\",\"name\":\"\",\"description\":\"Tam vaktinde haber\",\"potentialAction\":[{\"@type\":\"SearchAction\",\"target\":{\"@type\":\"EntryPoint\",\"urlTemplate\":\"https:\\\/\\\/kibrisdakik.com\\\/?s={search_term_string}\"},\"query-input\":{\"@type\":\"PropertyValueSpecification\",\"valueRequired\":true,\"valueName\":\"search_term_string\"}}],\"inLanguage\":\"tr\"},{\"@type\":\"Person\",\"@id\":\"https:\\\/\\\/kibrisdakik.com\\\/#\\\/schema\\\/person\\\/9cd9d437bbb44f72b73ba127e06d8e79\",\"name\":\"admin\",\"image\":{\"@type\":\"ImageObject\",\"inLanguage\":\"tr\",\"@id\":\"https:\\\/\\\/secure.gravatar.com\\\/avatar\\\/ccc17943b9d660506c869530f897617f7cb1c21a4bf30023f252596d83e1f007?s=96&d=mm&r=g\",\"url\":\"https:\\\/\\\/secure.gravatar.com\\\/avatar\\\/ccc17943b9d660506c869530f897617f7cb1c21a4bf30023f252596d83e1f007?s=96&d=mm&r=g\",\"contentUrl\":\"https:\\\/\\\/secure.gravatar.com\\\/avatar\\\/ccc17943b9d660506c869530f897617f7cb1c21a4bf30023f252596d83e1f007?s=96&d=mm&r=g\",\"caption\":\"admin\"},\"sameAs\":[\"https:\\\/\\\/kibrisdakik.com\"],\"url\":\"https:\\\/\\\/kibrisdakik.com\\\/?author=1\"}]}<\/script>\n<!-- \/ Yoast SEO plugin. -->","yoast_head_json":{"title":"Orta Do\u011fu\u2019daki sava\u015ftan ka\u00e7\u0131\u015f bedeli: 145 bin dolar! -","robots":{"index":"index","follow":"follow","max-snippet":"max-snippet:-1","max-image-preview":"max-image-preview:large","max-video-preview":"max-video-preview:-1"},"canonical":"https:\/\/kibrisdakik.com\/?p=108118","og_locale":"tr_TR","og_type":"article","og_title":"Orta Do\u011fu\u2019daki sava\u015ftan ka\u00e7\u0131\u015f bedeli: 145 bin dolar! -","og_description":"ABD-\u0130srail-\u0130ran \u00e7at\u0131\u015fmas\u0131yla birlikte Orta Do\u011fu\u2019dan \u00f6zel jet talebi h\u0131zla artt\u0131. Zengin yolcular, kapanan hava sahalar\u0131 ve iptal edilen seferler nedeniyle b\u00f6lgeden ka\u00e7mak i\u00e7in y\u00fczbinlerce dolar \u00f6demeye ba\u015flad\u0131. \u0130stanbul&#8217;a \u00f6zel jetle u\u00e7u\u015flar\u0131n bedeli y\u00fczde 142 art\u0131\u015fla 145 bin dolara kadar y\u00fckseldi. ABD-\u0130srail koalisyonu ile\u00a0\u0130ran\u00a0aras\u0131nda 28 \u015eubat&#8217;ta patlak veren sava\u015f, Orta Do\u011fu&#8217;da havac\u0131l\u0131k sekt\u00f6r\u00fcn\u00fc Covid-19 pandemisinden bu","og_url":"https:\/\/kibrisdakik.com\/?p=108118","article_published_time":"2026-03-12T14:22:42+00:00","og_image":[{"url":"https:\/\/www.bimanset.com\/wp-content\/uploads\/2026\/03\/istanbula-ucusun-bedeli-145-bin-dolar-zenginlerin-orta-dogudaki-savastan-kacisi-lrnn.jpg","type":"","width":"","height":""}],"author":"admin","twitter_card":"summary_large_image","twitter_misc":{"Yazan:":"admin","Tahmini okuma s\u00fcresi":"3 dakika"},"schema":{"@context":"https:\/\/schema.org","@graph":[{"@type":"Article","@id":"https:\/\/kibrisdakik.com\/?p=108118#article","isPartOf":{"@id":"https:\/\/kibrisdakik.com\/?p=108118"},"author":{"name":"admin","@id":"https:\/\/kibrisdakik.com\/#\/schema\/person\/9cd9d437bbb44f72b73ba127e06d8e79"},"headline":"Orta Do\u011fu\u2019daki sava\u015ftan ka\u00e7\u0131\u015f bedeli: 145 bin dolar!","datePublished":"2026-03-12T14:22:42+00:00","mainEntityOfPage":{"@id":"https:\/\/kibrisdakik.com\/?p=108118"},"wordCount":564,"commentCount":0,"image":{"@id":"https:\/\/kibrisdakik.com\/?p=108118#primaryimage"},"thumbnailUrl":"https:\/\/kibrisdakik.com\/wp-content\/uploads\/2026\/03\/istanbula-ucusun-bedeli-145-bin-dolar-zenginlerin-orta-dogudaki-savastan-kacisi-lrnn.jpg","articleSection":["Spor"],"inLanguage":"tr","potentialAction":[{"@type":"CommentAction","name":"Comment","target":["https:\/\/kibrisdakik.com\/?p=108118#respond"]}]},{"@type":"WebPage","@id":"https:\/\/kibrisdakik.com\/?p=108118","url":"https:\/\/kibrisdakik.com\/?p=108118","name":"Orta Do\u011fu\u2019daki sava\u015ftan ka\u00e7\u0131\u015f bedeli: 145 bin dolar! -","isPartOf":{"@id":"https:\/\/kibrisdakik.com\/#website"},"primaryImageOfPage":{"@id":"https:\/\/kibrisdakik.com\/?p=108118#primaryimage"},"image":{"@id":"https:\/\/kibrisdakik.com\/?p=108118#primaryimage"},"thumbnailUrl":"https:\/\/kibrisdakik.com\/wp-content\/uploads\/2026\/03\/istanbula-ucusun-bedeli-145-bin-dolar-zenginlerin-orta-dogudaki-savastan-kacisi-lrnn.jpg","datePublished":"2026-03-12T14:22:42+00:00","author":{"@id":"https:\/\/kibrisdakik.com\/#\/schema\/person\/9cd9d437bbb44f72b73ba127e06d8e79"},"breadcrumb":{"@id":"https:\/\/kibrisdakik.com\/?p=108118#breadcrumb"},"inLanguage":"tr","potentialAction":[{"@type":"ReadAction","target":["https:\/\/kibrisdakik.com\/?p=108118"]}]},{"@type":"ImageObject","inLanguage":"tr","@id":"https:\/\/kibrisdakik.com\/?p=108118#primaryimage","url":"https:\/\/kibrisdakik.com\/wp-content\/uploads\/2026\/03\/istanbula-ucusun-bedeli-145-bin-dolar-zenginlerin-orta-dogudaki-savastan-kacisi-lrnn.jpg","contentUrl":"https:\/\/kibrisdakik.com\/wp-content\/uploads\/2026\/03\/istanbula-ucusun-bedeli-145-bin-dolar-zenginlerin-orta-dogudaki-savastan-kacisi-lrnn.jpg","width":1280,"height":720},{"@type":"BreadcrumbList","@id":"https:\/\/kibrisdakik.com\/?p=108118#breadcrumb","itemListElement":[{"@type":"ListItem","position":1,"name":"Home","item":"https:\/\/kibrisdakik.com\/"},{"@type":"ListItem","position":2,"name":"Orta Do\u011fu\u2019daki sava\u015ftan ka\u00e7\u0131\u015f bedeli: 145 bin dolar!"}]},{"@type":"WebSite","@id":"https:\/\/kibrisdakik.com\/#website","url":"https:\/\/kibrisdakik.com\/","name":"","description":"Tam vaktinde haber","potentialAction":[{"@type":"SearchAction","target":{"@type":"EntryPoint","urlTemplate":"https:\/\/kibrisdakik.com\/?s={search_term_string}"},"query-input":{"@type":"PropertyValueSpecification","valueRequired":true,"valueName":"search_term_string"}}],"inLanguage":"tr"},{"@type":"Person","@id":"https:\/\/kibrisdakik.com\/#\/schema\/person\/9cd9d437bbb44f72b73ba127e06d8e79","name":"admin","image":{"@type":"ImageObject","inLanguage":"tr","@id":"https:\/\/secure.gravatar.com\/avatar\/ccc17943b9d660506c869530f897617f7cb1c21a4bf30023f252596d83e1f007?s=96&d=mm&r=g","url":"https:\/\/secure.gravatar.com\/avatar\/ccc17943b9d660506c869530f897617f7cb1c21a4bf30023f252596d83e1f007?s=96&d=mm&r=g","contentUrl":"https:\/\/secure.gravatar.com\/avatar\/ccc17943b9d660506c869530f897617f7cb1c21a4bf30023f252596d83e1f007?s=96&d=mm&r=g","caption":"admin"},"sameAs":["https:\/\/kibrisdakik.com"],"url":"https:\/\/kibrisdakik.com\/?author=1"}]}},"_links":{"self":[{"href":"https:\/\/kibrisdakik.com\/index.php?rest_route=\/wp\/v2\/posts\/108118","targetHints":{"allow":["GET"]}}],"collection":[{"href":"https:\/\/kibrisdakik.com\/index.php?rest_route=\/wp\/v2\/posts"}],"about":[{"href":"https:\/\/kibrisdakik.com\/index.php?rest_route=\/wp\/v2\/types\/post"}],"author":[{"embeddable":true,"href":"https:\/\/kibrisdakik.com\/index.php?rest_route=\/wp\/v2\/users\/1"}],"replies":[{"embeddable":true,"href":"https:\/\/kibrisdakik.com\/index.php?rest_route=%2Fwp%2Fv2%2Fcomments&post=108118"}],"version-history":[{"count":0,"href":"https:\/\/kibrisdakik.com\/index.php?rest_route=\/wp\/v2\/posts\/108118\/revisions"}],"wp:featuredmedia":[{"embeddable":true,"href":"https:\/\/kibrisdakik.com\/index.php?rest_route=\/wp\/v2\/media\/108119"}],"wp:attachment":[{"href":"https:\/\/kibrisdakik.com\/index.php?rest_route=%2Fwp%2Fv2%2Fmedia&parent=108118"}],"wp:term":[{"taxonomy":"category","embeddable":true,"href":"https:\/\/kibrisdakik.com\/index.php?rest_route=%2Fwp%2Fv2%2Fcategories&post=108118"},{"taxonomy":"post_tag","embeddable":true,"href":"https:\/\/kibrisdakik.com\/index.php?rest_route=%2Fwp%2Fv2%2Ftags&post=108118"}],"curies":[{"name":"wp","href":"https:\/\/api.w.org\/{rel}","templated":true}]}}