{"id":108223,"date":"2026-03-13T16:11:14","date_gmt":"2026-03-13T14:11:14","guid":{"rendered":"https:\/\/kibrisdakik.com\/?p=108223"},"modified":"2026-03-13T16:11:14","modified_gmt":"2026-03-13T14:11:14","slug":"medya-etik-kurulu-bthkyi-kunyesiz-yayinlarla-ilgili-gerekli-yasal-girisimi-yapmaya-cagirdi","status":"publish","type":"post","link":"https:\/\/kibrisdakik.com\/?p=108223","title":{"rendered":"MEDYA ET\u0130K KURULU, BTHK\u2019YI K\u00dcNYES\u0130Z YAYINLARLA \u0130LG\u0130L\u0130 GEREKL\u0130 YASAL G\u0130R\u0130\u015e\u0130M\u0130 YAPMAYA \u00c7A\u011eIRDI"},"content":{"rendered":"<p><\/p>\n<div data-text-id=\"197935\" property=\"articleBody\">\n<p>Medya Etik Kurulu, Bilgi Teknolojileri ve Haberle\u015fme Kurumu\u2019nu (BTHK) k\u00fcnyesiz yay\u0131nlarla ilgili gerekli yasal giri\u015fimleri yapmaya \u00e7a\u011f\u0131rd\u0131.<\/p>\n<p>Medya Etik Kurulu, Lapta Alsancak \u00c7aml\u0131bel Belediyesi taraf\u0131ndan iletilen ba\u015fvuru \u00fczerine, \u201cX Man\u015fet\u201din \u00f6n sayfa tasar\u0131m\u0131nda Belediye Ba\u015fkan\u0131 F\u0131rat Ataser\u2019i konu alan haberle ilgili \u015fikayeti de\u011ferlendirdi.<\/p>\n<p>Kurulun a\u00e7\u0131klamas\u0131nda, Lapta Alsancak \u00c7aml\u0131bel Belediye Ba\u015fkan\u0131 F\u0131rat Ataser\u2019i konu alan X Man\u015fet\u2019in kamuya a\u00e7\u0131k ve eri\u015filebilir k\u00fcnyesi bulunmad\u0131\u011f\u0131na da dikkat \u00e7ekti.<\/p>\n<p>Ataser ile ilgili haberin, gazetecili\u011fin temel ilkeleri olan do\u011fruluk, tarafs\u0131zl\u0131k ve kar\u015f\u0131 g\u00f6r\u00fc\u015fe yer verme y\u00fck\u00fcml\u00fcl\u00fckleri bak\u0131m\u0131ndan \u00f6nemli eksiklikler i\u00e7erdi\u011fi, buradaki iddialar\u0131n haberin muhatab\u0131 olan ki\u015fi ve kuruma y\u00f6neltilmedi\u011fi, kar\u015f\u0131 taraf\u0131n g\u00f6r\u00fc\u015f\u00fcne ba\u015fvurulmad\u0131\u011f\u0131 kaydedildi.<\/p>\n<p>\u0130ddialar\u0131n muhatab\u0131na sorulmas\u0131 ve yan\u0131t hakk\u0131 tan\u0131nmas\u0131n\u0131n gazetecili\u011fin temel gerekliliklerinden biri oldu\u011fu belirtilen a\u00e7\u0131klamada, \u015fu de\u011ferlendirmeye yer verildi:<\/p>\n<p>\u201cBu haliyle s\u00f6z konusu yay\u0131n, kamuoyunun olay\u0131n t\u00fcm y\u00f6nleriyle bilgilendirilmesine katk\u0131 sunmak yerine iddialar\u0131n magazinsel bir i\u00e7erik bi\u00e7iminde sunulmas\u0131ndan ibaret kalmaktad\u0131r. Bu yakla\u015f\u0131m, sorumlu gazetecilik anlay\u0131\u015f\u0131 ve meslek ilkeleriyle ba\u011fda\u015fmamaktad\u0131r.\u201d<\/p>\n<p>Bir di\u011fer \u00f6nemli hususun da ilgili yay\u0131n organ\u0131n\u0131n kamuya a\u00e7\u0131k ve eri\u015filebilir k\u00fcnyesi bulunmamas\u0131 oldu\u011fu kaydedilen Medya Etik Kurulu a\u00e7\u0131klamas\u0131nda, \u201cYay\u0131n\u0131n kim taraf\u0131ndan yay\u0131mland\u0131\u011f\u0131, sorumlu yaz\u0131 i\u015fleri m\u00fcd\u00fcr\u00fc ya da yay\u0131n sahibine ili\u015fkin bilgilerin bulunmamas\u0131, bas\u0131n faaliyetlerinde \u015feffafl\u0131k ve hesap verebilirlik ilkeleri a\u00e7\u0131s\u0131ndan ciddi bir sorun te\u015fkil ediyor\u201d denildi.<\/p>\n<p>Son d\u00f6nemde Medya Etik Kurulu\u2019na k\u00fcnyesi bulunmayan veya sorumlu ki\u015fi bilgisi i\u00e7ermeyen yay\u0131nlarla ilgili gelen \u015fikayetlerde belirgin art\u0131\u015f oldu\u011fu ifade edilen a\u00e7\u0131klamada, bu t\u00fcr yay\u0131nlar\u0131n d\u00fczenlenmesi ve denetlenmesinin Medya Etik Kurulu\u2019nun g\u00f6rev ve yetki alan\u0131n\u0131n \u00f6tesinde yasal \u00e7er\u00e7evede de\u011ferlendirilmesi gerekti\u011fi belirtildi.<\/p>\n<p>Kurul, Bilgi Teknolojileri ve Haberle\u015fme Kurumu\u2019nu (BTHK) k\u00fcnyesiz yay\u0131nlarla ilgili artan \u015fikayetleri dikkate alarak, yasal yetki ve sorumluluklar\u0131 kapsam\u0131nda gerekli giri\u015fimleri yapmaya \u00e7a\u011f\u0131rd\u0131.<\/p>\n<\/p><\/div>\n","protected":false},"excerpt":{"rendered":"<p>Medya Etik Kurulu, Bilgi Teknolojileri ve Haberle\u015fme Kurumu\u2019nu (BTHK) k\u00fcnyesiz yay\u0131nlarla ilgili gerekli yasal giri\u015fimleri yapmaya \u00e7a\u011f\u0131rd\u0131. Medya Etik Kurulu, Lapta Alsancak \u00c7aml\u0131bel Belediyesi taraf\u0131ndan iletilen ba\u015fvuru \u00fczerine, \u201cX Man\u015fet\u201din \u00f6n sayfa tasar\u0131m\u0131nda Belediye Ba\u015fkan\u0131 F\u0131rat Ataser\u2019i konu alan haberle ilgili \u015fikayeti de\u011ferlendirdi. Kurulun a\u00e7\u0131klamas\u0131nda, Lapta Alsancak \u00c7aml\u0131bel Belediye Ba\u015fkan\u0131 F\u0131rat Ataser\u2019i konu alan X<\/p>\n","protected":false},"author":1,"featured_media":108224,"comment_status":"open","ping_status":"open","sticky":false,"template":"","format":"standard","meta":{"footnotes":""},"categories":[81],"tags":[],"class_list":["post-108223","post","type-post","status-publish","format-standard","has-post-thumbnail","hentry","category-kibris"],"yoast_head":"<!-- This site is optimized with the Yoast SEO plugin v27.5 - https:\/\/yoast.com\/product\/yoast-seo-wordpress\/ -->\n<title>MEDYA ET\u0130K KURULU, BTHK\u2019YI K\u00dcNYES\u0130Z YAYINLARLA \u0130LG\u0130L\u0130 GEREKL\u0130 YASAL G\u0130R\u0130\u015e\u0130M\u0130 YAPMAYA \u00c7A\u011eIRDI -<\/title>\n<meta name=\"robots\" content=\"index, follow, max-snippet:-1, max-image-preview:large, max-video-preview:-1\" \/>\n<link rel=\"canonical\" href=\"https:\/\/kibrisdakik.com\/?p=108223\" \/>\n<meta property=\"og:locale\" content=\"tr_TR\" \/>\n<meta property=\"og:type\" content=\"article\" \/>\n<meta property=\"og:title\" content=\"MEDYA ET\u0130K KURULU, BTHK\u2019YI K\u00dcNYES\u0130Z YAYINLARLA \u0130LG\u0130L\u0130 GEREKL\u0130 YASAL G\u0130R\u0130\u015e\u0130M\u0130 YAPMAYA \u00c7A\u011eIRDI -\" \/>\n<meta property=\"og:description\" content=\"Medya Etik Kurulu, Bilgi Teknolojileri ve Haberle\u015fme Kurumu\u2019nu (BTHK) k\u00fcnyesiz yay\u0131nlarla ilgili gerekli yasal giri\u015fimleri yapmaya \u00e7a\u011f\u0131rd\u0131. Medya Etik Kurulu, Lapta Alsancak \u00c7aml\u0131bel Belediyesi taraf\u0131ndan iletilen ba\u015fvuru \u00fczerine, \u201cX Man\u015fet\u201din \u00f6n sayfa tasar\u0131m\u0131nda Belediye Ba\u015fkan\u0131 F\u0131rat Ataser\u2019i konu alan haberle ilgili \u015fikayeti de\u011ferlendirdi. Kurulun a\u00e7\u0131klamas\u0131nda, Lapta Alsancak \u00c7aml\u0131bel Belediye Ba\u015fkan\u0131 F\u0131rat Ataser\u2019i konu alan X\" \/>\n<meta property=\"og:url\" content=\"https:\/\/kibrisdakik.com\/?p=108223\" \/>\n<meta property=\"article:published_time\" content=\"2026-03-13T14:11:14+00:00\" \/>\n<meta property=\"og:image\" content=\"https:\/\/mhahabercom.teimg.com\/crop\/1280x720\/mhahaber-com\/uploads\/2026\/03\/mha-sari-beyaz-3875.png\" \/>\n<meta name=\"author\" content=\"admin\" \/>\n<meta name=\"twitter:card\" content=\"summary_large_image\" \/>\n<meta name=\"twitter:label1\" content=\"Yazan:\" \/>\n\t<meta name=\"twitter:data1\" content=\"admin\" \/>\n\t<meta name=\"twitter:label2\" content=\"Tahmini okuma s\u00fcresi\" \/>\n\t<meta name=\"twitter:data2\" content=\"2 dakika\" \/>\n<script type=\"application\/ld+json\" class=\"yoast-schema-graph\">{\"@context\":\"https:\\\/\\\/schema.org\",\"@graph\":[{\"@type\":\"Article\",\"@id\":\"https:\\\/\\\/kibrisdakik.com\\\/?p=108223#article\",\"isPartOf\":{\"@id\":\"https:\\\/\\\/kibrisdakik.com\\\/?p=108223\"},\"author\":{\"name\":\"admin\",\"@id\":\"https:\\\/\\\/kibrisdakik.com\\\/#\\\/schema\\\/person\\\/9cd9d437bbb44f72b73ba127e06d8e79\"},\"headline\":\"MEDYA ET\u0130K KURULU, BTHK\u2019YI K\u00dcNYES\u0130Z YAYINLARLA \u0130LG\u0130L\u0130 GEREKL\u0130 YASAL G\u0130R\u0130\u015e\u0130M\u0130 YAPMAYA \u00c7A\u011eIRDI\",\"datePublished\":\"2026-03-13T14:11:14+00:00\",\"mainEntityOfPage\":{\"@id\":\"https:\\\/\\\/kibrisdakik.com\\\/?p=108223\"},\"wordCount\":405,\"commentCount\":0,\"image\":{\"@id\":\"https:\\\/\\\/kibrisdakik.com\\\/?p=108223#primaryimage\"},\"thumbnailUrl\":\"https:\\\/\\\/kibrisdakik.com\\\/wp-content\\\/uploads\\\/2026\\\/03\\\/mha-sari-beyaz-3875.png\",\"articleSection\":[\"K\u0131br\u0131s\"],\"inLanguage\":\"tr\",\"potentialAction\":[{\"@type\":\"CommentAction\",\"name\":\"Comment\",\"target\":[\"https:\\\/\\\/kibrisdakik.com\\\/?p=108223#respond\"]}]},{\"@type\":\"WebPage\",\"@id\":\"https:\\\/\\\/kibrisdakik.com\\\/?p=108223\",\"url\":\"https:\\\/\\\/kibrisdakik.com\\\/?p=108223\",\"name\":\"MEDYA ET\u0130K KURULU, BTHK\u2019YI K\u00dcNYES\u0130Z YAYINLARLA \u0130LG\u0130L\u0130 GEREKL\u0130 YASAL G\u0130R\u0130\u015e\u0130M\u0130 YAPMAYA \u00c7A\u011eIRDI -\",\"isPartOf\":{\"@id\":\"https:\\\/\\\/kibrisdakik.com\\\/#website\"},\"primaryImageOfPage\":{\"@id\":\"https:\\\/\\\/kibrisdakik.com\\\/?p=108223#primaryimage\"},\"image\":{\"@id\":\"https:\\\/\\\/kibrisdakik.com\\\/?p=108223#primaryimage\"},\"thumbnailUrl\":\"https:\\\/\\\/kibrisdakik.com\\\/wp-content\\\/uploads\\\/2026\\\/03\\\/mha-sari-beyaz-3875.png\",\"datePublished\":\"2026-03-13T14:11:14+00:00\",\"author\":{\"@id\":\"https:\\\/\\\/kibrisdakik.com\\\/#\\\/schema\\\/person\\\/9cd9d437bbb44f72b73ba127e06d8e79\"},\"breadcrumb\":{\"@id\":\"https:\\\/\\\/kibrisdakik.com\\\/?p=108223#breadcrumb\"},\"inLanguage\":\"tr\",\"potentialAction\":[{\"@type\":\"ReadAction\",\"target\":[\"https:\\\/\\\/kibrisdakik.com\\\/?p=108223\"]}]},{\"@type\":\"ImageObject\",\"inLanguage\":\"tr\",\"@id\":\"https:\\\/\\\/kibrisdakik.com\\\/?p=108223#primaryimage\",\"url\":\"https:\\\/\\\/kibrisdakik.com\\\/wp-content\\\/uploads\\\/2026\\\/03\\\/mha-sari-beyaz-3875.png\",\"contentUrl\":\"https:\\\/\\\/kibrisdakik.com\\\/wp-content\\\/uploads\\\/2026\\\/03\\\/mha-sari-beyaz-3875.png\",\"width\":1280,\"height\":720},{\"@type\":\"BreadcrumbList\",\"@id\":\"https:\\\/\\\/kibrisdakik.com\\\/?p=108223#breadcrumb\",\"itemListElement\":[{\"@type\":\"ListItem\",\"position\":1,\"name\":\"Home\",\"item\":\"https:\\\/\\\/kibrisdakik.com\\\/\"},{\"@type\":\"ListItem\",\"position\":2,\"name\":\"MEDYA ET\u0130K KURULU, BTHK\u2019YI K\u00dcNYES\u0130Z YAYINLARLA \u0130LG\u0130L\u0130 GEREKL\u0130 YASAL G\u0130R\u0130\u015e\u0130M\u0130 YAPMAYA \u00c7A\u011eIRDI\"}]},{\"@type\":\"WebSite\",\"@id\":\"https:\\\/\\\/kibrisdakik.com\\\/#website\",\"url\":\"https:\\\/\\\/kibrisdakik.com\\\/\",\"name\":\"\",\"description\":\"Tam vaktinde haber\",\"potentialAction\":[{\"@type\":\"SearchAction\",\"target\":{\"@type\":\"EntryPoint\",\"urlTemplate\":\"https:\\\/\\\/kibrisdakik.com\\\/?s={search_term_string}\"},\"query-input\":{\"@type\":\"PropertyValueSpecification\",\"valueRequired\":true,\"valueName\":\"search_term_string\"}}],\"inLanguage\":\"tr\"},{\"@type\":\"Person\",\"@id\":\"https:\\\/\\\/kibrisdakik.com\\\/#\\\/schema\\\/person\\\/9cd9d437bbb44f72b73ba127e06d8e79\",\"name\":\"admin\",\"image\":{\"@type\":\"ImageObject\",\"inLanguage\":\"tr\",\"@id\":\"https:\\\/\\\/secure.gravatar.com\\\/avatar\\\/ccc17943b9d660506c869530f897617f7cb1c21a4bf30023f252596d83e1f007?s=96&d=mm&r=g\",\"url\":\"https:\\\/\\\/secure.gravatar.com\\\/avatar\\\/ccc17943b9d660506c869530f897617f7cb1c21a4bf30023f252596d83e1f007?s=96&d=mm&r=g\",\"contentUrl\":\"https:\\\/\\\/secure.gravatar.com\\\/avatar\\\/ccc17943b9d660506c869530f897617f7cb1c21a4bf30023f252596d83e1f007?s=96&d=mm&r=g\",\"caption\":\"admin\"},\"sameAs\":[\"https:\\\/\\\/kibrisdakik.com\"],\"url\":\"https:\\\/\\\/kibrisdakik.com\\\/?author=1\"}]}<\/script>\n<!-- \/ Yoast SEO plugin. -->","yoast_head_json":{"title":"MEDYA ET\u0130K KURULU, BTHK\u2019YI K\u00dcNYES\u0130Z YAYINLARLA \u0130LG\u0130L\u0130 GEREKL\u0130 YASAL G\u0130R\u0130\u015e\u0130M\u0130 YAPMAYA \u00c7A\u011eIRDI -","robots":{"index":"index","follow":"follow","max-snippet":"max-snippet:-1","max-image-preview":"max-image-preview:large","max-video-preview":"max-video-preview:-1"},"canonical":"https:\/\/kibrisdakik.com\/?p=108223","og_locale":"tr_TR","og_type":"article","og_title":"MEDYA ET\u0130K KURULU, BTHK\u2019YI K\u00dcNYES\u0130Z YAYINLARLA \u0130LG\u0130L\u0130 GEREKL\u0130 YASAL G\u0130R\u0130\u015e\u0130M\u0130 YAPMAYA \u00c7A\u011eIRDI -","og_description":"Medya Etik Kurulu, Bilgi Teknolojileri ve Haberle\u015fme Kurumu\u2019nu (BTHK) k\u00fcnyesiz yay\u0131nlarla ilgili gerekli yasal giri\u015fimleri yapmaya \u00e7a\u011f\u0131rd\u0131. Medya Etik Kurulu, Lapta Alsancak \u00c7aml\u0131bel Belediyesi taraf\u0131ndan iletilen ba\u015fvuru \u00fczerine, \u201cX Man\u015fet\u201din \u00f6n sayfa tasar\u0131m\u0131nda Belediye Ba\u015fkan\u0131 F\u0131rat Ataser\u2019i konu alan haberle ilgili \u015fikayeti de\u011ferlendirdi. Kurulun a\u00e7\u0131klamas\u0131nda, Lapta Alsancak \u00c7aml\u0131bel Belediye Ba\u015fkan\u0131 F\u0131rat Ataser\u2019i konu alan X","og_url":"https:\/\/kibrisdakik.com\/?p=108223","article_published_time":"2026-03-13T14:11:14+00:00","og_image":[{"url":"https:\/\/mhahabercom.teimg.com\/crop\/1280x720\/mhahaber-com\/uploads\/2026\/03\/mha-sari-beyaz-3875.png","type":"","width":"","height":""}],"author":"admin","twitter_card":"summary_large_image","twitter_misc":{"Yazan:":"admin","Tahmini okuma s\u00fcresi":"2 dakika"},"schema":{"@context":"https:\/\/schema.org","@graph":[{"@type":"Article","@id":"https:\/\/kibrisdakik.com\/?p=108223#article","isPartOf":{"@id":"https:\/\/kibrisdakik.com\/?p=108223"},"author":{"name":"admin","@id":"https:\/\/kibrisdakik.com\/#\/schema\/person\/9cd9d437bbb44f72b73ba127e06d8e79"},"headline":"MEDYA ET\u0130K KURULU, BTHK\u2019YI K\u00dcNYES\u0130Z YAYINLARLA \u0130LG\u0130L\u0130 GEREKL\u0130 YASAL G\u0130R\u0130\u015e\u0130M\u0130 YAPMAYA \u00c7A\u011eIRDI","datePublished":"2026-03-13T14:11:14+00:00","mainEntityOfPage":{"@id":"https:\/\/kibrisdakik.com\/?p=108223"},"wordCount":405,"commentCount":0,"image":{"@id":"https:\/\/kibrisdakik.com\/?p=108223#primaryimage"},"thumbnailUrl":"https:\/\/kibrisdakik.com\/wp-content\/uploads\/2026\/03\/mha-sari-beyaz-3875.png","articleSection":["K\u0131br\u0131s"],"inLanguage":"tr","potentialAction":[{"@type":"CommentAction","name":"Comment","target":["https:\/\/kibrisdakik.com\/?p=108223#respond"]}]},{"@type":"WebPage","@id":"https:\/\/kibrisdakik.com\/?p=108223","url":"https:\/\/kibrisdakik.com\/?p=108223","name":"MEDYA ET\u0130K KURULU, BTHK\u2019YI K\u00dcNYES\u0130Z YAYINLARLA \u0130LG\u0130L\u0130 GEREKL\u0130 YASAL G\u0130R\u0130\u015e\u0130M\u0130 YAPMAYA \u00c7A\u011eIRDI -","isPartOf":{"@id":"https:\/\/kibrisdakik.com\/#website"},"primaryImageOfPage":{"@id":"https:\/\/kibrisdakik.com\/?p=108223#primaryimage"},"image":{"@id":"https:\/\/kibrisdakik.com\/?p=108223#primaryimage"},"thumbnailUrl":"https:\/\/kibrisdakik.com\/wp-content\/uploads\/2026\/03\/mha-sari-beyaz-3875.png","datePublished":"2026-03-13T14:11:14+00:00","author":{"@id":"https:\/\/kibrisdakik.com\/#\/schema\/person\/9cd9d437bbb44f72b73ba127e06d8e79"},"breadcrumb":{"@id":"https:\/\/kibrisdakik.com\/?p=108223#breadcrumb"},"inLanguage":"tr","potentialAction":[{"@type":"ReadAction","target":["https:\/\/kibrisdakik.com\/?p=108223"]}]},{"@type":"ImageObject","inLanguage":"tr","@id":"https:\/\/kibrisdakik.com\/?p=108223#primaryimage","url":"https:\/\/kibrisdakik.com\/wp-content\/uploads\/2026\/03\/mha-sari-beyaz-3875.png","contentUrl":"https:\/\/kibrisdakik.com\/wp-content\/uploads\/2026\/03\/mha-sari-beyaz-3875.png","width":1280,"height":720},{"@type":"BreadcrumbList","@id":"https:\/\/kibrisdakik.com\/?p=108223#breadcrumb","itemListElement":[{"@type":"ListItem","position":1,"name":"Home","item":"https:\/\/kibrisdakik.com\/"},{"@type":"ListItem","position":2,"name":"MEDYA ET\u0130K KURULU, BTHK\u2019YI K\u00dcNYES\u0130Z YAYINLARLA \u0130LG\u0130L\u0130 GEREKL\u0130 YASAL G\u0130R\u0130\u015e\u0130M\u0130 YAPMAYA \u00c7A\u011eIRDI"}]},{"@type":"WebSite","@id":"https:\/\/kibrisdakik.com\/#website","url":"https:\/\/kibrisdakik.com\/","name":"","description":"Tam vaktinde haber","potentialAction":[{"@type":"SearchAction","target":{"@type":"EntryPoint","urlTemplate":"https:\/\/kibrisdakik.com\/?s={search_term_string}"},"query-input":{"@type":"PropertyValueSpecification","valueRequired":true,"valueName":"search_term_string"}}],"inLanguage":"tr"},{"@type":"Person","@id":"https:\/\/kibrisdakik.com\/#\/schema\/person\/9cd9d437bbb44f72b73ba127e06d8e79","name":"admin","image":{"@type":"ImageObject","inLanguage":"tr","@id":"https:\/\/secure.gravatar.com\/avatar\/ccc17943b9d660506c869530f897617f7cb1c21a4bf30023f252596d83e1f007?s=96&d=mm&r=g","url":"https:\/\/secure.gravatar.com\/avatar\/ccc17943b9d660506c869530f897617f7cb1c21a4bf30023f252596d83e1f007?s=96&d=mm&r=g","contentUrl":"https:\/\/secure.gravatar.com\/avatar\/ccc17943b9d660506c869530f897617f7cb1c21a4bf30023f252596d83e1f007?s=96&d=mm&r=g","caption":"admin"},"sameAs":["https:\/\/kibrisdakik.com"],"url":"https:\/\/kibrisdakik.com\/?author=1"}]}},"_links":{"self":[{"href":"https:\/\/kibrisdakik.com\/index.php?rest_route=\/wp\/v2\/posts\/108223","targetHints":{"allow":["GET"]}}],"collection":[{"href":"https:\/\/kibrisdakik.com\/index.php?rest_route=\/wp\/v2\/posts"}],"about":[{"href":"https:\/\/kibrisdakik.com\/index.php?rest_route=\/wp\/v2\/types\/post"}],"author":[{"embeddable":true,"href":"https:\/\/kibrisdakik.com\/index.php?rest_route=\/wp\/v2\/users\/1"}],"replies":[{"embeddable":true,"href":"https:\/\/kibrisdakik.com\/index.php?rest_route=%2Fwp%2Fv2%2Fcomments&post=108223"}],"version-history":[{"count":0,"href":"https:\/\/kibrisdakik.com\/index.php?rest_route=\/wp\/v2\/posts\/108223\/revisions"}],"wp:featuredmedia":[{"embeddable":true,"href":"https:\/\/kibrisdakik.com\/index.php?rest_route=\/wp\/v2\/media\/108224"}],"wp:attachment":[{"href":"https:\/\/kibrisdakik.com\/index.php?rest_route=%2Fwp%2Fv2%2Fmedia&parent=108223"}],"wp:term":[{"taxonomy":"category","embeddable":true,"href":"https:\/\/kibrisdakik.com\/index.php?rest_route=%2Fwp%2Fv2%2Fcategories&post=108223"},{"taxonomy":"post_tag","embeddable":true,"href":"https:\/\/kibrisdakik.com\/index.php?rest_route=%2Fwp%2Fv2%2Ftags&post=108223"}],"curies":[{"name":"wp","href":"https:\/\/api.w.org\/{rel}","templated":true}]}}