{"id":108229,"date":"2026-03-13T16:59:24","date_gmt":"2026-03-13T14:59:24","guid":{"rendered":"https:\/\/kibrisdakik.com\/?p=108229"},"modified":"2026-03-13T16:59:24","modified_gmt":"2026-03-13T14:59:24","slug":"dincyurek-saglik-calisanlarinin-calisma-kosullari-iyilestirilecek","status":"publish","type":"post","link":"https:\/\/kibrisdakik.com\/?p=108229","title":{"rendered":"D\u0130N\u00c7Y\u00dcREK: \u201cSA\u011eLIK \u00c7ALI\u015eANLARININ \u00c7ALI\u015eMA KO\u015eULLARI \u0130Y\u0130LE\u015eT\u0130R\u0130LECEK\u201d"},"content":{"rendered":"<p><\/p>\n<p>Sa\u011fl\u0131k Bakan\u0131 Hakan Din\u00e7y\u00fcrek, sa\u011fl\u0131k \u00e7al\u0131\u015fanlar\u0131n\u0131n gece g\u00fcnd\u00fcz demeden y\u00fcr\u00fctt\u00fc\u011f\u00fc \u00e7al\u0131\u015fmalar\u0131n, sa\u011fl\u0131kl\u0131 bir toplumun en \u00f6nemli g\u00fcvencesi oldu\u011funu vurgulayarak, t\u00fcm sa\u011fl\u0131k \u00e7al\u0131\u015fanlar\u0131n\u0131n 14 Mart T\u0131p Bayram\u0131&#8217;n\u0131 kutlad\u0131.<\/p>\n<p>Din\u00e7y\u00fcrek yay\u0131mlad\u0131\u011f\u0131 mesajda, sa\u011fl\u0131\u011f\u0131n insan hayat\u0131n\u0131n en temel haklar\u0131ndan biri oldu\u011funu belirterek, hekimler ve t\u00fcm sa\u011fl\u0131k \u00e7al\u0131\u015fanlar\u0131n\u0131n toplum sa\u011fl\u0131\u011f\u0131n\u0131 korumak ve geli\u015ftirmek i\u00e7in b\u00fcy\u00fck bir \u00f6zveriyle g\u00f6rev yapt\u0131\u011f\u0131n\u0131 ifade etti.<\/p>\n<div id=\"ad_121\" data-channel=\"121\" data-advert=\"temedya\" data-rotation=\"120\" class=\"mb-3 text-center\"><\/div>\n<div id=\"ad_121_mobile\" data-channel=\"121\" data-advert=\"temedya\" data-rotation=\"120\" class=\"mb-3 text-center\"><\/div>\n<p>Toplumun en zor ve kritik anlar\u0131nda b\u00fcy\u00fck bir sorumluluk \u00fcstlenen sa\u011fl\u0131k \u00e7al\u0131\u015fanlar\u0131n\u0131n, insan hayat\u0131n\u0131 merkeze alan kutsal bir g\u00f6revi yerine getirdi\u011fini belirten Din\u00e7y\u00fcrek, sa\u011fl\u0131k \u00e7al\u0131\u015fanlar\u0131n\u0131n emek ve fedak\u00e2rl\u0131\u011f\u0131n\u0131n her zaman takdir edildi\u011fini kaydetti.<\/p>\n<p>Sa\u011fl\u0131k \u00e7al\u0131\u015fanlar\u0131n\u0131n daha iyi \u00e7al\u0131\u015fma ko\u015fullar\u0131na sahip olmas\u0131 i\u00e7in gerekli ad\u0131mlar\u0131n at\u0131lmaya devam edece\u011fini ifade eden Din\u00e7y\u00fcrek, ba\u015fta hekimler olmak \u00fczere t\u00fcm sa\u011fl\u0131k \u00e7al\u0131\u015fanlar\u0131n\u0131n 14 Mart T\u0131p Bayram\u0131\u2019n\u0131 kutlad\u0131, meslek hayatlar\u0131nda sa\u011fl\u0131k, ba\u015far\u0131 ve mutluluk diledi.<\/p>\n<\/p>\n<div class=\"article-source py-3 small \">\n                <\/div>\n","protected":false},"excerpt":{"rendered":"<p>Sa\u011fl\u0131k Bakan\u0131 Hakan Din\u00e7y\u00fcrek, sa\u011fl\u0131k \u00e7al\u0131\u015fanlar\u0131n\u0131n gece g\u00fcnd\u00fcz demeden y\u00fcr\u00fctt\u00fc\u011f\u00fc \u00e7al\u0131\u015fmalar\u0131n, sa\u011fl\u0131kl\u0131 bir toplumun en \u00f6nemli g\u00fcvencesi oldu\u011funu vurgulayarak, t\u00fcm sa\u011fl\u0131k \u00e7al\u0131\u015fanlar\u0131n\u0131n 14 Mart T\u0131p Bayram\u0131&#8217;n\u0131 kutlad\u0131. Din\u00e7y\u00fcrek yay\u0131mlad\u0131\u011f\u0131 mesajda, sa\u011fl\u0131\u011f\u0131n insan hayat\u0131n\u0131n en temel haklar\u0131ndan biri oldu\u011funu belirterek, hekimler ve t\u00fcm sa\u011fl\u0131k \u00e7al\u0131\u015fanlar\u0131n\u0131n toplum sa\u011fl\u0131\u011f\u0131n\u0131 korumak ve geli\u015ftirmek i\u00e7in b\u00fcy\u00fck bir \u00f6zveriyle g\u00f6rev yapt\u0131\u011f\u0131n\u0131<\/p>\n","protected":false},"author":1,"featured_media":108230,"comment_status":"open","ping_status":"open","sticky":false,"template":"","format":"standard","meta":{"footnotes":""},"categories":[81],"tags":[],"class_list":["post-108229","post","type-post","status-publish","format-standard","has-post-thumbnail","hentry","category-kibris"],"yoast_head":"<!-- This site is optimized with the Yoast SEO plugin v27.5 - https:\/\/yoast.com\/product\/yoast-seo-wordpress\/ -->\n<title>D\u0130N\u00c7Y\u00dcREK: \u201cSA\u011eLIK \u00c7ALI\u015eANLARININ \u00c7ALI\u015eMA KO\u015eULLARI \u0130Y\u0130LE\u015eT\u0130R\u0130LECEK\u201d -<\/title>\n<meta name=\"robots\" content=\"index, follow, max-snippet:-1, max-image-preview:large, max-video-preview:-1\" \/>\n<link rel=\"canonical\" href=\"https:\/\/kibrisdakik.com\/?p=108229\" \/>\n<meta property=\"og:locale\" content=\"tr_TR\" \/>\n<meta property=\"og:type\" content=\"article\" \/>\n<meta property=\"og:title\" content=\"D\u0130N\u00c7Y\u00dcREK: \u201cSA\u011eLIK \u00c7ALI\u015eANLARININ \u00c7ALI\u015eMA KO\u015eULLARI \u0130Y\u0130LE\u015eT\u0130R\u0130LECEK\u201d -\" \/>\n<meta property=\"og:description\" content=\"Sa\u011fl\u0131k Bakan\u0131 Hakan Din\u00e7y\u00fcrek, sa\u011fl\u0131k \u00e7al\u0131\u015fanlar\u0131n\u0131n gece g\u00fcnd\u00fcz demeden y\u00fcr\u00fctt\u00fc\u011f\u00fc \u00e7al\u0131\u015fmalar\u0131n, sa\u011fl\u0131kl\u0131 bir toplumun en \u00f6nemli g\u00fcvencesi oldu\u011funu vurgulayarak, t\u00fcm sa\u011fl\u0131k \u00e7al\u0131\u015fanlar\u0131n\u0131n 14 Mart T\u0131p Bayram\u0131&#8217;n\u0131 kutlad\u0131. Din\u00e7y\u00fcrek yay\u0131mlad\u0131\u011f\u0131 mesajda, sa\u011fl\u0131\u011f\u0131n insan hayat\u0131n\u0131n en temel haklar\u0131ndan biri oldu\u011funu belirterek, hekimler ve t\u00fcm sa\u011fl\u0131k \u00e7al\u0131\u015fanlar\u0131n\u0131n toplum sa\u011fl\u0131\u011f\u0131n\u0131 korumak ve geli\u015ftirmek i\u00e7in b\u00fcy\u00fck bir \u00f6zveriyle g\u00f6rev yapt\u0131\u011f\u0131n\u0131\" \/>\n<meta property=\"og:url\" content=\"https:\/\/kibrisdakik.com\/?p=108229\" \/>\n<meta property=\"article:published_time\" content=\"2026-03-13T14:59:24+00:00\" \/>\n<meta property=\"og:image\" content=\"https:\/\/mhahabercom.teimg.com\/crop\/1280x720\/mhahaber-com\/uploads\/2026\/03\/mha-sari-beyaz-3878.png\" \/>\n<meta name=\"author\" content=\"admin\" \/>\n<meta name=\"twitter:card\" content=\"summary_large_image\" \/>\n<meta name=\"twitter:label1\" content=\"Yazan:\" \/>\n\t<meta name=\"twitter:data1\" content=\"admin\" \/>\n\t<meta name=\"twitter:label2\" content=\"Tahmini okuma s\u00fcresi\" \/>\n\t<meta name=\"twitter:data2\" content=\"1 dakika\" \/>\n<script type=\"application\/ld+json\" class=\"yoast-schema-graph\">{\"@context\":\"https:\\\/\\\/schema.org\",\"@graph\":[{\"@type\":\"Article\",\"@id\":\"https:\\\/\\\/kibrisdakik.com\\\/?p=108229#article\",\"isPartOf\":{\"@id\":\"https:\\\/\\\/kibrisdakik.com\\\/?p=108229\"},\"author\":{\"name\":\"admin\",\"@id\":\"https:\\\/\\\/kibrisdakik.com\\\/#\\\/schema\\\/person\\\/9cd9d437bbb44f72b73ba127e06d8e79\"},\"headline\":\"D\u0130N\u00c7Y\u00dcREK: \u201cSA\u011eLIK \u00c7ALI\u015eANLARININ \u00c7ALI\u015eMA KO\u015eULLARI \u0130Y\u0130LE\u015eT\u0130R\u0130LECEK\u201d\",\"datePublished\":\"2026-03-13T14:59:24+00:00\",\"mainEntityOfPage\":{\"@id\":\"https:\\\/\\\/kibrisdakik.com\\\/?p=108229\"},\"wordCount\":241,\"commentCount\":0,\"image\":{\"@id\":\"https:\\\/\\\/kibrisdakik.com\\\/?p=108229#primaryimage\"},\"thumbnailUrl\":\"https:\\\/\\\/kibrisdakik.com\\\/wp-content\\\/uploads\\\/2026\\\/03\\\/mha-sari-beyaz-3878.png\",\"articleSection\":[\"K\u0131br\u0131s\"],\"inLanguage\":\"tr\",\"potentialAction\":[{\"@type\":\"CommentAction\",\"name\":\"Comment\",\"target\":[\"https:\\\/\\\/kibrisdakik.com\\\/?p=108229#respond\"]}]},{\"@type\":\"WebPage\",\"@id\":\"https:\\\/\\\/kibrisdakik.com\\\/?p=108229\",\"url\":\"https:\\\/\\\/kibrisdakik.com\\\/?p=108229\",\"name\":\"D\u0130N\u00c7Y\u00dcREK: \u201cSA\u011eLIK \u00c7ALI\u015eANLARININ \u00c7ALI\u015eMA KO\u015eULLARI \u0130Y\u0130LE\u015eT\u0130R\u0130LECEK\u201d -\",\"isPartOf\":{\"@id\":\"https:\\\/\\\/kibrisdakik.com\\\/#website\"},\"primaryImageOfPage\":{\"@id\":\"https:\\\/\\\/kibrisdakik.com\\\/?p=108229#primaryimage\"},\"image\":{\"@id\":\"https:\\\/\\\/kibrisdakik.com\\\/?p=108229#primaryimage\"},\"thumbnailUrl\":\"https:\\\/\\\/kibrisdakik.com\\\/wp-content\\\/uploads\\\/2026\\\/03\\\/mha-sari-beyaz-3878.png\",\"datePublished\":\"2026-03-13T14:59:24+00:00\",\"author\":{\"@id\":\"https:\\\/\\\/kibrisdakik.com\\\/#\\\/schema\\\/person\\\/9cd9d437bbb44f72b73ba127e06d8e79\"},\"breadcrumb\":{\"@id\":\"https:\\\/\\\/kibrisdakik.com\\\/?p=108229#breadcrumb\"},\"inLanguage\":\"tr\",\"potentialAction\":[{\"@type\":\"ReadAction\",\"target\":[\"https:\\\/\\\/kibrisdakik.com\\\/?p=108229\"]}]},{\"@type\":\"ImageObject\",\"inLanguage\":\"tr\",\"@id\":\"https:\\\/\\\/kibrisdakik.com\\\/?p=108229#primaryimage\",\"url\":\"https:\\\/\\\/kibrisdakik.com\\\/wp-content\\\/uploads\\\/2026\\\/03\\\/mha-sari-beyaz-3878.png\",\"contentUrl\":\"https:\\\/\\\/kibrisdakik.com\\\/wp-content\\\/uploads\\\/2026\\\/03\\\/mha-sari-beyaz-3878.png\",\"width\":1280,\"height\":720},{\"@type\":\"BreadcrumbList\",\"@id\":\"https:\\\/\\\/kibrisdakik.com\\\/?p=108229#breadcrumb\",\"itemListElement\":[{\"@type\":\"ListItem\",\"position\":1,\"name\":\"Home\",\"item\":\"https:\\\/\\\/kibrisdakik.com\\\/\"},{\"@type\":\"ListItem\",\"position\":2,\"name\":\"D\u0130N\u00c7Y\u00dcREK: \u201cSA\u011eLIK \u00c7ALI\u015eANLARININ \u00c7ALI\u015eMA KO\u015eULLARI \u0130Y\u0130LE\u015eT\u0130R\u0130LECEK\u201d\"}]},{\"@type\":\"WebSite\",\"@id\":\"https:\\\/\\\/kibrisdakik.com\\\/#website\",\"url\":\"https:\\\/\\\/kibrisdakik.com\\\/\",\"name\":\"\",\"description\":\"Tam vaktinde haber\",\"potentialAction\":[{\"@type\":\"SearchAction\",\"target\":{\"@type\":\"EntryPoint\",\"urlTemplate\":\"https:\\\/\\\/kibrisdakik.com\\\/?s={search_term_string}\"},\"query-input\":{\"@type\":\"PropertyValueSpecification\",\"valueRequired\":true,\"valueName\":\"search_term_string\"}}],\"inLanguage\":\"tr\"},{\"@type\":\"Person\",\"@id\":\"https:\\\/\\\/kibrisdakik.com\\\/#\\\/schema\\\/person\\\/9cd9d437bbb44f72b73ba127e06d8e79\",\"name\":\"admin\",\"image\":{\"@type\":\"ImageObject\",\"inLanguage\":\"tr\",\"@id\":\"https:\\\/\\\/secure.gravatar.com\\\/avatar\\\/ccc17943b9d660506c869530f897617f7cb1c21a4bf30023f252596d83e1f007?s=96&d=mm&r=g\",\"url\":\"https:\\\/\\\/secure.gravatar.com\\\/avatar\\\/ccc17943b9d660506c869530f897617f7cb1c21a4bf30023f252596d83e1f007?s=96&d=mm&r=g\",\"contentUrl\":\"https:\\\/\\\/secure.gravatar.com\\\/avatar\\\/ccc17943b9d660506c869530f897617f7cb1c21a4bf30023f252596d83e1f007?s=96&d=mm&r=g\",\"caption\":\"admin\"},\"sameAs\":[\"https:\\\/\\\/kibrisdakik.com\"],\"url\":\"https:\\\/\\\/kibrisdakik.com\\\/?author=1\"}]}<\/script>\n<!-- \/ Yoast SEO plugin. -->","yoast_head_json":{"title":"D\u0130N\u00c7Y\u00dcREK: \u201cSA\u011eLIK \u00c7ALI\u015eANLARININ \u00c7ALI\u015eMA KO\u015eULLARI \u0130Y\u0130LE\u015eT\u0130R\u0130LECEK\u201d -","robots":{"index":"index","follow":"follow","max-snippet":"max-snippet:-1","max-image-preview":"max-image-preview:large","max-video-preview":"max-video-preview:-1"},"canonical":"https:\/\/kibrisdakik.com\/?p=108229","og_locale":"tr_TR","og_type":"article","og_title":"D\u0130N\u00c7Y\u00dcREK: \u201cSA\u011eLIK \u00c7ALI\u015eANLARININ \u00c7ALI\u015eMA KO\u015eULLARI \u0130Y\u0130LE\u015eT\u0130R\u0130LECEK\u201d -","og_description":"Sa\u011fl\u0131k Bakan\u0131 Hakan Din\u00e7y\u00fcrek, sa\u011fl\u0131k \u00e7al\u0131\u015fanlar\u0131n\u0131n gece g\u00fcnd\u00fcz demeden y\u00fcr\u00fctt\u00fc\u011f\u00fc \u00e7al\u0131\u015fmalar\u0131n, sa\u011fl\u0131kl\u0131 bir toplumun en \u00f6nemli g\u00fcvencesi oldu\u011funu vurgulayarak, t\u00fcm sa\u011fl\u0131k \u00e7al\u0131\u015fanlar\u0131n\u0131n 14 Mart T\u0131p Bayram\u0131&#8217;n\u0131 kutlad\u0131. Din\u00e7y\u00fcrek yay\u0131mlad\u0131\u011f\u0131 mesajda, sa\u011fl\u0131\u011f\u0131n insan hayat\u0131n\u0131n en temel haklar\u0131ndan biri oldu\u011funu belirterek, hekimler ve t\u00fcm sa\u011fl\u0131k \u00e7al\u0131\u015fanlar\u0131n\u0131n toplum sa\u011fl\u0131\u011f\u0131n\u0131 korumak ve geli\u015ftirmek i\u00e7in b\u00fcy\u00fck bir \u00f6zveriyle g\u00f6rev yapt\u0131\u011f\u0131n\u0131","og_url":"https:\/\/kibrisdakik.com\/?p=108229","article_published_time":"2026-03-13T14:59:24+00:00","og_image":[{"url":"https:\/\/mhahabercom.teimg.com\/crop\/1280x720\/mhahaber-com\/uploads\/2026\/03\/mha-sari-beyaz-3878.png","type":"","width":"","height":""}],"author":"admin","twitter_card":"summary_large_image","twitter_misc":{"Yazan:":"admin","Tahmini okuma s\u00fcresi":"1 dakika"},"schema":{"@context":"https:\/\/schema.org","@graph":[{"@type":"Article","@id":"https:\/\/kibrisdakik.com\/?p=108229#article","isPartOf":{"@id":"https:\/\/kibrisdakik.com\/?p=108229"},"author":{"name":"admin","@id":"https:\/\/kibrisdakik.com\/#\/schema\/person\/9cd9d437bbb44f72b73ba127e06d8e79"},"headline":"D\u0130N\u00c7Y\u00dcREK: \u201cSA\u011eLIK \u00c7ALI\u015eANLARININ \u00c7ALI\u015eMA KO\u015eULLARI \u0130Y\u0130LE\u015eT\u0130R\u0130LECEK\u201d","datePublished":"2026-03-13T14:59:24+00:00","mainEntityOfPage":{"@id":"https:\/\/kibrisdakik.com\/?p=108229"},"wordCount":241,"commentCount":0,"image":{"@id":"https:\/\/kibrisdakik.com\/?p=108229#primaryimage"},"thumbnailUrl":"https:\/\/kibrisdakik.com\/wp-content\/uploads\/2026\/03\/mha-sari-beyaz-3878.png","articleSection":["K\u0131br\u0131s"],"inLanguage":"tr","potentialAction":[{"@type":"CommentAction","name":"Comment","target":["https:\/\/kibrisdakik.com\/?p=108229#respond"]}]},{"@type":"WebPage","@id":"https:\/\/kibrisdakik.com\/?p=108229","url":"https:\/\/kibrisdakik.com\/?p=108229","name":"D\u0130N\u00c7Y\u00dcREK: \u201cSA\u011eLIK \u00c7ALI\u015eANLARININ \u00c7ALI\u015eMA KO\u015eULLARI \u0130Y\u0130LE\u015eT\u0130R\u0130LECEK\u201d -","isPartOf":{"@id":"https:\/\/kibrisdakik.com\/#website"},"primaryImageOfPage":{"@id":"https:\/\/kibrisdakik.com\/?p=108229#primaryimage"},"image":{"@id":"https:\/\/kibrisdakik.com\/?p=108229#primaryimage"},"thumbnailUrl":"https:\/\/kibrisdakik.com\/wp-content\/uploads\/2026\/03\/mha-sari-beyaz-3878.png","datePublished":"2026-03-13T14:59:24+00:00","author":{"@id":"https:\/\/kibrisdakik.com\/#\/schema\/person\/9cd9d437bbb44f72b73ba127e06d8e79"},"breadcrumb":{"@id":"https:\/\/kibrisdakik.com\/?p=108229#breadcrumb"},"inLanguage":"tr","potentialAction":[{"@type":"ReadAction","target":["https:\/\/kibrisdakik.com\/?p=108229"]}]},{"@type":"ImageObject","inLanguage":"tr","@id":"https:\/\/kibrisdakik.com\/?p=108229#primaryimage","url":"https:\/\/kibrisdakik.com\/wp-content\/uploads\/2026\/03\/mha-sari-beyaz-3878.png","contentUrl":"https:\/\/kibrisdakik.com\/wp-content\/uploads\/2026\/03\/mha-sari-beyaz-3878.png","width":1280,"height":720},{"@type":"BreadcrumbList","@id":"https:\/\/kibrisdakik.com\/?p=108229#breadcrumb","itemListElement":[{"@type":"ListItem","position":1,"name":"Home","item":"https:\/\/kibrisdakik.com\/"},{"@type":"ListItem","position":2,"name":"D\u0130N\u00c7Y\u00dcREK: \u201cSA\u011eLIK \u00c7ALI\u015eANLARININ \u00c7ALI\u015eMA KO\u015eULLARI \u0130Y\u0130LE\u015eT\u0130R\u0130LECEK\u201d"}]},{"@type":"WebSite","@id":"https:\/\/kibrisdakik.com\/#website","url":"https:\/\/kibrisdakik.com\/","name":"","description":"Tam vaktinde haber","potentialAction":[{"@type":"SearchAction","target":{"@type":"EntryPoint","urlTemplate":"https:\/\/kibrisdakik.com\/?s={search_term_string}"},"query-input":{"@type":"PropertyValueSpecification","valueRequired":true,"valueName":"search_term_string"}}],"inLanguage":"tr"},{"@type":"Person","@id":"https:\/\/kibrisdakik.com\/#\/schema\/person\/9cd9d437bbb44f72b73ba127e06d8e79","name":"admin","image":{"@type":"ImageObject","inLanguage":"tr","@id":"https:\/\/secure.gravatar.com\/avatar\/ccc17943b9d660506c869530f897617f7cb1c21a4bf30023f252596d83e1f007?s=96&d=mm&r=g","url":"https:\/\/secure.gravatar.com\/avatar\/ccc17943b9d660506c869530f897617f7cb1c21a4bf30023f252596d83e1f007?s=96&d=mm&r=g","contentUrl":"https:\/\/secure.gravatar.com\/avatar\/ccc17943b9d660506c869530f897617f7cb1c21a4bf30023f252596d83e1f007?s=96&d=mm&r=g","caption":"admin"},"sameAs":["https:\/\/kibrisdakik.com"],"url":"https:\/\/kibrisdakik.com\/?author=1"}]}},"_links":{"self":[{"href":"https:\/\/kibrisdakik.com\/index.php?rest_route=\/wp\/v2\/posts\/108229","targetHints":{"allow":["GET"]}}],"collection":[{"href":"https:\/\/kibrisdakik.com\/index.php?rest_route=\/wp\/v2\/posts"}],"about":[{"href":"https:\/\/kibrisdakik.com\/index.php?rest_route=\/wp\/v2\/types\/post"}],"author":[{"embeddable":true,"href":"https:\/\/kibrisdakik.com\/index.php?rest_route=\/wp\/v2\/users\/1"}],"replies":[{"embeddable":true,"href":"https:\/\/kibrisdakik.com\/index.php?rest_route=%2Fwp%2Fv2%2Fcomments&post=108229"}],"version-history":[{"count":0,"href":"https:\/\/kibrisdakik.com\/index.php?rest_route=\/wp\/v2\/posts\/108229\/revisions"}],"wp:featuredmedia":[{"embeddable":true,"href":"https:\/\/kibrisdakik.com\/index.php?rest_route=\/wp\/v2\/media\/108230"}],"wp:attachment":[{"href":"https:\/\/kibrisdakik.com\/index.php?rest_route=%2Fwp%2Fv2%2Fmedia&parent=108229"}],"wp:term":[{"taxonomy":"category","embeddable":true,"href":"https:\/\/kibrisdakik.com\/index.php?rest_route=%2Fwp%2Fv2%2Fcategories&post=108229"},{"taxonomy":"post_tag","embeddable":true,"href":"https:\/\/kibrisdakik.com\/index.php?rest_route=%2Fwp%2Fv2%2Ftags&post=108229"}],"curies":[{"name":"wp","href":"https:\/\/api.w.org\/{rel}","templated":true}]}}