{"id":108243,"date":"2026-03-13T18:15:13","date_gmt":"2026-03-13T16:15:13","guid":{"rendered":"https:\/\/kibrisdakik.com\/?p=108243"},"modified":"2026-03-13T18:15:13","modified_gmt":"2026-03-13T16:15:13","slug":"sodam-lansmani-paradise-parkta-gerceklesti","status":"publish","type":"post","link":"https:\/\/kibrisdakik.com\/?p=108243","title":{"rendered":"\u015e\u00d6DAM LANSMANI PARAD\u0130SE PARK\u2019TA GER\u00c7EKLE\u015eT\u0130"},"content":{"rendered":"<div data-text-id=\"197954\" property=\"articleBody\">\n<p>Cumhuriyet\u00e7i T\u00fcrk Partisi (CTP) Kad\u0131n \u00d6rg\u00fct\u00fc ve CTP\u2019li belediye ba\u015fkanlar\u0131n\u0131n i\u015f birli\u011finde, \u201cYerel E\u015fitlik, G\u00fcvenli Ya\u015fam, G\u00fc\u00e7l\u00fc Destek\u201d slogan\u0131yla hayata ge\u00e7irilen <a name=\"_Hlk224305326\">\u015eiddeti \u00d6nleme ve Dan\u0131\u015fma Merkezi\u2019nin <\/a>(\u015e\u00d6DAM) lansman\u0131 yap\u0131ld\u0131.<\/p>\n<p>Paradise Park\u2019ta d\u00fczenlenen lansmana, CTP Genel Ba\u015fkan\u0131 S\u0131la Usar \u0130ncirli, CTP Kad\u0131n \u00d6rg\u00fct\u00fc Ba\u015fkan\u0131 Do\u011fu\u015f Derya, baz\u0131 belediye ba\u015fkanlar\u0131 ile parti temsilcileri kat\u0131ld\u0131.<\/p>\n<p>\u015eiddetin ortaya \u00e7\u0131kmas\u0131n\u0131 \u00f6nlemek i\u00e7in e\u011fitimler, fark\u0131ndal\u0131k \u00e7al\u0131\u015fmalar\u0131 ve toplumsal bilin\u00e7lendirme faaliyetleri y\u00fcr\u00fctecek merkez, \u015fiddete maruz kalan veya \u015fiddet riski alt\u0131ndaki bireylere dan\u0131\u015fma ve destek hizmeti sunacak.<\/p>\n<p>Merkezin amac\u0131; \u015fiddetin \u00f6nlenmesi i\u00e7in koruyucu ve \u00f6nleyici programlar\u0131 uygulamak, \u015fiddet g\u00f6ren bireyleri desteklemek ve g\u00fc\u00e7lendirmek, ihtiya\u00e7 duyulan destek mekanizmalar\u0131na eri\u015fimi sa\u011flamak\u2026<\/p>\n<p>Merkeze do\u011frudan ba\u015fvuru yap\u0131labilece\u011fi gibi belediyelerin \u015e\u00d6DAM ileti\u015fim hatlar\u0131 \u00fczerinden de g\u00f6revlilere ula\u015f\u0131labilecek.<\/p>\n<p>Tan\u0131t\u0131m filmi g\u00f6sterimi ile ba\u015flayan lansman, CTP Kad\u0131n \u00d6rg\u00fct\u00fc Ba\u015fkan\u0131 Do\u011fu\u015f Derya\u2019n\u0131n sunumu ile devam etti. CTP Genel Ba\u015fkan\u0131 S\u0131la Usar \u0130ncirli\u2019nin konu\u015fmas\u0131 ard\u0131ndan bas\u0131n mensuplar\u0131n\u0131n sorular\u0131na yan\u0131t verildi.<\/p>\n<p>-\u0130ncirli: \u201c\u015eiddetin temelinde e\u015fitsizlik yat\u0131yor\u201d<\/p>\n<p>CTP Genel Ba\u015fkan\u0131 S\u0131la Usar \u0130ncirli lansmanda yapt\u0131\u011f\u0131 konu\u015fmada, y\u0131llara yay\u0131lan \u00e7ok b\u00fcy\u00fck bir emek oldu\u011funu belirterek, \u201cOrtada bir vizyon vard\u0131 ancak yap\u0131lmas\u0131 gereken saha \u00e7al\u0131\u015fmalar\u0131 ve yasal \u00e7al\u0131\u015fmalar da vard\u0131\u201d dedi. \u0130ncirli, CTP Kad\u0131n \u00d6rg\u00fct\u00fc\u2019n\u00fcn, t\u0131pk\u0131 bir oyay\u0131 i\u015fler gibi ilmek ilmek bu \u00e7al\u0131\u015fmay\u0131 ortaya koydu\u011funu kaydetti.<img loading=\"lazy\" decoding=\"async\" height=\"2410\" src=\"https:\/\/mhahabercom.teimg.com\/mhahaber-com\/uploads\/2026\/03\/1773412641191sodam-ctp-tim-1.jpg\" width=\"3610\"\/><\/p>\n<p>Kad\u0131n olmaktan \u00f6t\u00fcr\u00fc kad\u0131nlar\u0131n \u015fiddette ve ayr\u0131mc\u0131l\u0131\u011fa maruz kald\u0131\u011f\u0131n\u0131 belirten \u0130ncirli, ayr\u0131mc\u0131l\u0131\u011f\u0131n en u\u00e7 noktas\u0131n\u0131n \u015fiddet oldu\u011funu, cinayetlerin de bunun bir par\u00e7as\u0131 oldu\u011funu s\u00f6yledi.<\/p>\n<p>\u201c\u015eiddetin temelinde e\u015fitsizli\u011fin yatt\u0131\u011f\u0131n\u0131 biz art\u0131k \u00e7ok net biliyoruz ve m\u00fccadelemiz de bu e\u015fitsizli\u011fe kar\u015f\u0131 olmak durumundad\u0131r\u201d diyen \u0130ncirli, m\u00fccadelenin; hem yasal, hem ekonomik, hem de siyasal ya\u015famda olmas\u0131 gerekti\u011finin alt\u0131n\u0131 \u00e7izdi.<\/p>\n<p>\u00dclkede \u015fiddete kar\u015f\u0131 kad\u0131nlar\u0131n kurumsal bir \u015fekilde korundu\u011fu ya da desteklendi\u011fi bir durum olmad\u0131\u011f\u0131n\u0131 dile getiren \u0130ncirli, yerel y\u00f6netimlerin, \u00e7ok \u00f6nemli bir kurumsal hizmet ortaya koyacaklar\u0131n\u0131 kaydetti. \u0130ncirli, belediye ba\u015fkanlar\u0131n\u0131n ekiplerini kurdu\u011funu ve CTP Kad\u0131n \u00d6rg\u00fct\u00fc ile uzun s\u00fcredir birlikte \u00e7al\u0131\u015farak, bu projeyi ortaya \u00e7\u0131kard\u0131klar\u0131n\u0131 ifade etti.<\/p>\n<p>\u201cBinlerce kad\u0131n\u0131n g\u00f6z\u00fc, kula\u011f\u0131 bu i\u015fte olacak. Hep birlikte bu insanlara \u00e7ok b\u00fcy\u00fck bir umut ve g\u00fcven vermi\u015f olaca\u011f\u0131z\u201d diye konu\u015fan \u0130ncirli, kad\u0131nlar\u0131n, \u015e\u00d6DAM sayesinde kendilerini \u00e7ok daha g\u00fcvende hissedece\u011fini s\u00f6yledi.<\/p>\n<p>CTP olarak her ad\u0131mda bu vizyonu desteklemeye devam edeceklerini vurgulayan \u0130ncirli, \u201c\u0130ktidara geldi\u011fimiz zaman da toplumsal cinsiyet e\u015fitli\u011fi ana ak\u0131m vizyonumuzla birlikte b\u00fct\u00fcn politikalar\u0131m\u0131z\u0131n \u015fekillenmesi i\u00e7in b\u00fcy\u00fck \u00e7aba harcayaca\u011f\u0131z\u201d dedi.<\/p>\n<p>-Derya: \u201cTemelde e\u015fitlik sa\u011flay\u0131c\u0131 politikalar y\u00fcr\u00fcrl\u00fckte olmal\u0131\u201d<\/p>\n<p>CTP Kad\u0131n \u00d6rg\u00fct\u00fc Ba\u015fkan\u0131 Do\u011fu\u015f Derya ise, \u015eiddeti \u00d6nleme ve Dan\u0131\u015fma Merkezi hakk\u0131nda kapsaml\u0131 bir sunum yapt\u0131.<\/p>\n<p>2014 y\u0131l\u0131nda Toplumsal Cinsiyet E\u015fitli\u011fi Dairesi (TOCED) te\u015fkilat yasas\u0131n\u0131n Meclis\u2019ten ge\u00e7ti\u011fini hat\u0131rlatan Derya, merkezin, TOCED\u2019in bir gere\u011fi olarak bundan 12 y\u0131l \u00f6nce a\u00e7\u0131lmas\u0131 gerekti\u011fini ancak devletin \u00fcst\u00fcne d\u00fc\u015fen y\u00fck\u00fcml\u00fcl\u00fckleri yerine getirmedi\u011fini savunarak, yerel y\u00f6netimler ile i\u015f birli\u011fi i\u00e7inde \u015e\u00d6DAM\u2019\u0131n hayata ge\u00e7mesi i\u00e7in kollar\u0131 s\u0131vad\u0131klar\u0131n\u0131 anlatt\u0131.<\/p>\n<p>\u00dclkede \u015fiddetle ilgili konular\u0131n genelde ki\u015fisel, m\u00fcnferit olaylarm\u0131\u015f gibi ele al\u0131nd\u0131\u011f\u0131n\u0131 dile getiren Derya, \u201cBunun asl\u0131nda bir g\u00fc\u00e7 ili\u015fkisi, bir e\u015fitsizlik sonucu ortaya \u00e7\u0131kt\u0131\u011f\u0131 g\u00f6z ard\u0131 edilir\u201d dedi.<\/p>\n<p>Derya, \u015fiddeti \u00fcreten \u015feyin, her \u015feyden \u00f6nce cinsiyetler aras\u0131 e\u015fitsizlik ve \u015fiddet faillerinin ataerkil d\u00fczenden dolay\u0131 g\u00fc\u00e7s\u00fcz \u00fczerinde g\u00fc\u00e7 ve denetim uygulamak istemesi oldu\u011funu ifade etti. Derya, e\u015fitsizlik ile g\u00fc\u00e7 ve denetim meselesini \u00e7\u00f6z\u00fcmleyebilmek i\u00e7in de koruyucu ve \u00f6nleyici bir yakla\u015f\u0131mla hareket ettiklerini belirtti.<\/p>\n<p>Temelde e\u015fitlik sa\u011flay\u0131c\u0131 politikalar\u0131n y\u00fcr\u00fcrl\u00fckte olmas\u0131 gerekti\u011fini vurgulayan Do\u011fu\u015f Derya, bir bireyin, hukuki, ekonomik, sosyal ve psikolojik olarak desteklenmesinin o ki\u015finin kendini \u015fiddete kar\u015f\u0131 savunabilmesinde \u00e7ok \u00f6nemli bir ad\u0131m oldu\u011funu s\u00f6yledi.<\/p>\n<p>-\u201cE\u015fitsizli\u011fin en temelinde, ekonomik e\u015fitsizlik var\u201d<\/p>\n<p>CTP Kad\u0131n \u00d6rg\u00fct\u00fc olarak 2022 y\u0131l\u0131ndan bu yana \u00fclkede kad\u0131n, \u00e7ocuk, ya\u015fl\u0131 ve engelli bireylerin durumuyla ilgili sosyal politikalar raporu haz\u0131rlad\u0131klar\u0131n\u0131 ve verileri g\u00fcncellediklerini ifade eden Derya, buna g\u00f6re, e\u015fitsizli\u011fin en temelinde ekonomik e\u015fitsizlik oldu\u011funu vurgulad\u0131. Derya, \u201cAsl\u0131nda ekonomik e\u015fitsizli\u011fin cinsiyeti var\u201d dedi.<\/p>\n<p>2025 y\u0131l\u0131 Hanehalk\u0131 \u0130\u015fg\u00fcc\u00fc Anketi verilerini de payla\u015fan Derya, 160 bin 300 aktif sigortal\u0131n\u0131n, 56 bin 452\u2019sinin kad\u0131n, 103 bin 848\u2019inin erkek oldu\u011funa dikkat \u00e7ekti. \u0130stihdam\u0131n ve sekt\u00f6rlerin cinsiyeti oldu\u011funu dile getiren Derya, toplumsal cinsiyet rollerinin kad\u0131nlar\u0131n eme\u011fini g\u00f6r\u00fcnmez k\u0131ld\u0131\u011f\u0131n\u0131 vurgulad\u0131.<\/p>\n<p>Kad\u0131nlar\u0131n sermayeye eri\u015fiminin de \u00e7ok d\u00fc\u015f\u00fck oldu\u011funu ifade eden Derya, y\u00fczde 40 oran\u0131nda i\u015fveren kad\u0131n oldu\u011funu ve bunlar\u0131n da k\u00fc\u00e7\u00fck i\u015fletmeler oldu\u011funu belirtti. Derya, \u201cKad\u0131nlar esnaf olabiliyorlar ama b\u00fcy\u00fck \u015firketlerin patronu olam\u0131yorlar\u201d dedi.<\/p>\n<p>-\u201cYoksulluk s\u0131n\u0131r\u0131nda olan bireylerin y\u00fczde 71\u2019i kad\u0131n\u201d<\/p>\n<p>Sosyal Hizmetlerin 2025 verilerine g\u00f6re, yoksulluk s\u0131n\u0131r\u0131nda olan bireylerin y\u00fczde 71\u2019inin de kad\u0131n oldu\u011funu kaydeden Derya, \u201cHer 10 yoksulun 7\u2019si kad\u0131n bu normal bir \u015fey de\u011fil\u201d \u015feklinde konu\u015ftu. Derya, ekonomik krizle kad\u0131n yoksullu\u011funun da derinle\u015fti\u011fini s\u00f6yledi.<\/p>\n<p>-\u201cG\u00fcnde 3 kad\u0131n \u015fiddet ba\u015fvurusu yap\u0131yor\u201d<\/p>\n<p>Son 6 y\u0131lda toplam 7 bin 424 kad\u0131n\u0131n \u015fiddete maruz kald\u0131\u011f\u0131 i\u00e7in ALO 183 arac\u0131l\u0131\u011f\u0131yla yard\u0131m istedi\u011fini ifade eden Derya, \u201cBu y\u0131lda 1237, ayda 103, g\u00fcnde 3 kad\u0131n \u015fiddet ba\u015fvurusu yap\u0131yor demektir\u201d dedi.<\/p>\n<p>Derya, polisin verilerinin, \u015fiddet ba\u015fvurusu yapan kad\u0131nlar\u0131n y\u00fczde 41\u2019inin fiziksel, y\u00fczde 22\u2019sinin cinsel \u015fiddete maruz kald\u0131\u011f\u0131n\u0131 ortaya koydu\u011funu dile getirdi.<\/p>\n<p>-&#8220;Ayda ortalama d\u00f6rt kad\u0131n s\u0131cak \u015fiddet ya\u015fad\u0131\u011f\u0131 i\u00e7in s\u0131\u011f\u0131nma evine gitmek istemi\u015f&#8221;<\/p>\n<p>TOCED verilerine g\u00f6re, Eyl\u00fcl 2024-2025 tarihleri aras\u0131nda toplam 53 kad\u0131n\u0131n, s\u0131\u011f\u0131nma evine gitme ba\u015fvurusunda bulundu\u011funu kaydeden Derya, \u201cBu s\u0131cak \u015fiddet ya\u015fan\u0131yor demektir. Ayda ortalama d\u00f6rt kad\u0131n s\u0131cak \u015fiddet ya\u015fad\u0131\u011f\u0131 i\u00e7in s\u0131\u011f\u0131nma evine gitmek istemi\u015f\u201d dedi.<\/p>\n<p>2016 y\u0131l\u0131ndan bug\u00fcne LTB Kad\u0131n S\u0131\u011f\u0131nma Evi\u2019nde, 337 kad\u0131n\u0131n bar\u0131nd\u0131\u011f\u0131n\u0131 ifade eden Derya, \u201cBu rakam asl\u0131nda buzda\u011f\u0131n\u0131n g\u00f6r\u00fcnen y\u00fcz\u00fc\u2026 337 kad\u0131n\u0131 6 y\u0131lda bence 6 ile \u00e7arpal\u0131m \u00e7\u00fcnk\u00fc arkada\u015f ve aile deste\u011fi olan kad\u0131nlar s\u0131\u011f\u0131nma evine gitmemi\u015f, bu vahim bir tablodur\u201d diye konu\u015ftu.<\/p>\n<p>Eyl\u00fcl 2024-2025 tarihleri aras\u0131nda 123 kad\u0131na adli yard\u0131m deste\u011fi sa\u011fland\u0131\u011f\u0131n\u0131 a\u00e7\u0131klayan Derya, 2018\u2019den bu yana y\u0131llar i\u00e7inde bu rakam\u0131n artt\u0131\u011f\u0131n\u0131 s\u00f6yledi.<\/p>\n<p>-\u015e\u00d6DAM ne yapacak?<\/p>\n<p>Derya, \u015e\u00d6DAM\u2019\u0131n; \u015fiddetin \u00f6nlenmesi i\u00e7in koruyucu ve \u00f6nleyici programlar geli\u015ftirip, uygulayaca\u011f\u0131n\u0131, \u015fiddet k\u00fclt\u00fcr\u00fcne kar\u015f\u0131 e\u011fitim ve ekonomik g\u00fc\u00e7lendirme \u00e7al\u0131\u015fmalar\u0131 d\u00fczenleyece\u011fini, \u015fiddet g\u00f6ren veya \u015fiddet riski alt\u0131ndaki kad\u0131nlar\u0131n korunmas\u0131 i\u00e7in destek sa\u011flayaca\u011f\u0131n\u0131, yasal (adli yard\u0131m), psikolojik ve sa\u011fl\u0131k desteklerine eri\u015fime yard\u0131mc\u0131 olaca\u011f\u0131n\u0131, ba\u015fvuru sahibinin ihtiya\u00e7 duydu\u011fu kurumlara ula\u015fmas\u0131n\u0131 sa\u011flayaca\u011f\u0131n\u0131 ifade etti.<\/p>\n<p>Ba\u015fvurular\u0131n TOCED Yasas\u0131\u2019na g\u00f6re raporlanaca\u011f\u0131n\u0131 da dile getiren Derya, raporlar\u0131n gizlilik esas\u0131na g\u00f6re tutulaca\u011f\u0131n\u0131, ma\u011fdurun korunmas\u0131 ve esenli\u011finin temel olaca\u011f\u0131n\u0131 vurgulad\u0131.<\/p>\n<p>-\u015e\u00d6DAM\u2019a kimler ba\u015fvurabilir?<\/p>\n<p>Derya, merkeze, psikolojik, fiziksel, ekonomik, dijital veya cinsel \u015fiddete maruz kalan, \u015fiddet riski alt\u0131nda oldu\u011funu d\u00fc\u015f\u00fcnen, madde ba\u011f\u0131ml\u0131l\u0131\u011f\u0131, \u00f6fke kontrol\u00fc gibi konularda destek isteyen, hukuki, ekonomik ve sa\u011fl\u0131k haklar\u0131 konusunda bilgi veya destek isteyen, polis, sosyal hizmetler, TOCED, s\u0131\u011f\u0131nma evi, i\u015f bulma kurumu ve hastane gibi kurumlara eri\u015fimi k\u0131s\u0131tl\u0131 olanlar\u0131n ba\u015fvurabilece\u011fini belirtti.<\/p>\n<p>-\u201cPartiler \u00fcst\u00fc bir mesele\u201d<\/p>\n<p>\u201cBu ad\u0131m\u0131 at\u0131p, bir milat olu\u015fturdu\u011fumuzu d\u00fc\u015f\u00fcn\u00fcyoruz. 2026 y\u0131l\u0131nda bunlar\u0131 konu\u015fmam\u0131z laz\u0131m belki ama insan hak ve \u00f6zg\u00fcrl\u00fckleri a\u00e7\u0131s\u0131nda bir k\u0131r\u0131lma noktas\u0131d\u0131r. Bunlar ba\u015flad\u0131ktan sonra arkas\u0131 gelir\u201d diyen Derya, CTP\u2019li olmayan belediyelerde de bunun uygulanaca\u011f\u0131na inan\u00e7 belirtti.<\/p>\n<p>Bir soru \u00fczerine, CTP\u2019li olmayan belediye ba\u015fkanlar\u0131yla ileti\u015fime ge\u00e7mediklerini ifade eden Derya, \u201c\u0130leti\u015fime ge\u00e7medik ama bu ge\u00e7meyece\u011fiz demek de\u011fil\u2026 Biz bunun partiler \u00fcst\u00fc bir mesele oldu\u011funu d\u00fc\u015f\u00fcn\u00fcyoruz. Yard\u0131m isteyen belediyelere de CTP Kad\u0131n \u00d6rg\u00fct\u00fc olarak destek vermeye haz\u0131r\u0131z\u201d dedi.<\/p>\n<p>-\u015e\u00d6DAM\u2019a ula\u015f\u0131lacak numaralar<\/p>\n<p>\u015e\u00d6DAM\u2019a ula\u015f\u0131labilecek numaralar \u015fu \u015fekilde:<\/p>\n<p>\u201cDe\u011firmenlik-Ak\u0131nc\u0131lar Belediyesi: 0542 884 18 28, \u00c7atalk\u00f6y-Esentepe Belediyesi: 0548 824 40 68, Dikmen Belediyesi: 0546 993 90 38, Gazima\u011fusa Belediyesi: 0548 823 30 35, Girne Belediyesi: 0533 868 33 09, Lefke Belediyesi: 0533 826 83 52, Mesarya Belediyesi: 0548 878 15 15.\u201d<\/p>\n<\/p><\/div>\n","protected":false},"excerpt":{"rendered":"<p>Cumhuriyet\u00e7i T\u00fcrk Partisi (CTP) Kad\u0131n \u00d6rg\u00fct\u00fc ve CTP\u2019li belediye ba\u015fkanlar\u0131n\u0131n i\u015f birli\u011finde, \u201cYerel E\u015fitlik, G\u00fcvenli Ya\u015fam, G\u00fc\u00e7l\u00fc Destek\u201d slogan\u0131yla hayata ge\u00e7irilen \u015eiddeti \u00d6nleme ve Dan\u0131\u015fma Merkezi\u2019nin (\u015e\u00d6DAM) lansman\u0131 yap\u0131ld\u0131. Paradise Park\u2019ta d\u00fczenlenen lansmana, CTP Genel Ba\u015fkan\u0131 S\u0131la Usar \u0130ncirli, CTP Kad\u0131n \u00d6rg\u00fct\u00fc Ba\u015fkan\u0131 Do\u011fu\u015f Derya, baz\u0131 belediye ba\u015fkanlar\u0131 ile parti temsilcileri kat\u0131ld\u0131. \u015eiddetin ortaya \u00e7\u0131kmas\u0131n\u0131<\/p>\n","protected":false},"author":1,"featured_media":108244,"comment_status":"open","ping_status":"open","sticky":false,"template":"","format":"standard","meta":{"footnotes":""},"categories":[81],"tags":[],"class_list":["post-108243","post","type-post","status-publish","format-standard","has-post-thumbnail","hentry","category-kibris"],"yoast_head":"<!-- This site is optimized with the Yoast SEO plugin v27.5 - https:\/\/yoast.com\/product\/yoast-seo-wordpress\/ -->\n<title>\u015e\u00d6DAM LANSMANI PARAD\u0130SE PARK\u2019TA GER\u00c7EKLE\u015eT\u0130 -<\/title>\n<meta name=\"robots\" content=\"index, follow, max-snippet:-1, max-image-preview:large, max-video-preview:-1\" \/>\n<link rel=\"canonical\" href=\"https:\/\/kibrisdakik.com\/?p=108243\" \/>\n<meta property=\"og:locale\" content=\"tr_TR\" \/>\n<meta property=\"og:type\" content=\"article\" \/>\n<meta property=\"og:title\" content=\"\u015e\u00d6DAM LANSMANI PARAD\u0130SE PARK\u2019TA GER\u00c7EKLE\u015eT\u0130 -\" \/>\n<meta property=\"og:description\" content=\"Cumhuriyet\u00e7i T\u00fcrk Partisi (CTP) Kad\u0131n \u00d6rg\u00fct\u00fc ve CTP\u2019li belediye ba\u015fkanlar\u0131n\u0131n i\u015f birli\u011finde, \u201cYerel E\u015fitlik, G\u00fcvenli Ya\u015fam, G\u00fc\u00e7l\u00fc Destek\u201d slogan\u0131yla hayata ge\u00e7irilen \u015eiddeti \u00d6nleme ve Dan\u0131\u015fma Merkezi\u2019nin (\u015e\u00d6DAM) lansman\u0131 yap\u0131ld\u0131. Paradise Park\u2019ta d\u00fczenlenen lansmana, CTP Genel Ba\u015fkan\u0131 S\u0131la Usar \u0130ncirli, CTP Kad\u0131n \u00d6rg\u00fct\u00fc Ba\u015fkan\u0131 Do\u011fu\u015f Derya, baz\u0131 belediye ba\u015fkanlar\u0131 ile parti temsilcileri kat\u0131ld\u0131. \u015eiddetin ortaya \u00e7\u0131kmas\u0131n\u0131\" \/>\n<meta property=\"og:url\" content=\"https:\/\/kibrisdakik.com\/?p=108243\" \/>\n<meta property=\"article:published_time\" content=\"2026-03-13T16:15:13+00:00\" \/>\n<meta property=\"og:image\" content=\"https:\/\/mhahabercom.teimg.com\/mhahaber-com\/uploads\/2026\/03\/1773412641192sodam-ctp-tim-2.jpg\" \/>\n<meta name=\"author\" content=\"admin\" \/>\n<meta name=\"twitter:card\" content=\"summary_large_image\" \/>\n<meta name=\"twitter:label1\" content=\"Yazan:\" \/>\n\t<meta name=\"twitter:data1\" content=\"admin\" \/>\n\t<meta name=\"twitter:label2\" content=\"Tahmini okuma s\u00fcresi\" \/>\n\t<meta name=\"twitter:data2\" content=\"8 dakika\" \/>\n<script type=\"application\/ld+json\" class=\"yoast-schema-graph\">{\"@context\":\"https:\\\/\\\/schema.org\",\"@graph\":[{\"@type\":\"Article\",\"@id\":\"https:\\\/\\\/kibrisdakik.com\\\/?p=108243#article\",\"isPartOf\":{\"@id\":\"https:\\\/\\\/kibrisdakik.com\\\/?p=108243\"},\"author\":{\"name\":\"admin\",\"@id\":\"https:\\\/\\\/kibrisdakik.com\\\/#\\\/schema\\\/person\\\/9cd9d437bbb44f72b73ba127e06d8e79\"},\"headline\":\"\u015e\u00d6DAM LANSMANI PARAD\u0130SE PARK\u2019TA GER\u00c7EKLE\u015eT\u0130\",\"datePublished\":\"2026-03-13T16:15:13+00:00\",\"mainEntityOfPage\":{\"@id\":\"https:\\\/\\\/kibrisdakik.com\\\/?p=108243\"},\"wordCount\":1600,\"commentCount\":0,\"image\":{\"@id\":\"https:\\\/\\\/kibrisdakik.com\\\/?p=108243#primaryimage\"},\"thumbnailUrl\":\"https:\\\/\\\/kibrisdakik.com\\\/wp-content\\\/uploads\\\/2026\\\/03\\\/mha-sari-beyaz-3885.png\",\"articleSection\":[\"K\u0131br\u0131s\"],\"inLanguage\":\"tr\",\"potentialAction\":[{\"@type\":\"CommentAction\",\"name\":\"Comment\",\"target\":[\"https:\\\/\\\/kibrisdakik.com\\\/?p=108243#respond\"]}]},{\"@type\":\"WebPage\",\"@id\":\"https:\\\/\\\/kibrisdakik.com\\\/?p=108243\",\"url\":\"https:\\\/\\\/kibrisdakik.com\\\/?p=108243\",\"name\":\"\u015e\u00d6DAM LANSMANI PARAD\u0130SE PARK\u2019TA GER\u00c7EKLE\u015eT\u0130 -\",\"isPartOf\":{\"@id\":\"https:\\\/\\\/kibrisdakik.com\\\/#website\"},\"primaryImageOfPage\":{\"@id\":\"https:\\\/\\\/kibrisdakik.com\\\/?p=108243#primaryimage\"},\"image\":{\"@id\":\"https:\\\/\\\/kibrisdakik.com\\\/?p=108243#primaryimage\"},\"thumbnailUrl\":\"https:\\\/\\\/kibrisdakik.com\\\/wp-content\\\/uploads\\\/2026\\\/03\\\/mha-sari-beyaz-3885.png\",\"datePublished\":\"2026-03-13T16:15:13+00:00\",\"author\":{\"@id\":\"https:\\\/\\\/kibrisdakik.com\\\/#\\\/schema\\\/person\\\/9cd9d437bbb44f72b73ba127e06d8e79\"},\"breadcrumb\":{\"@id\":\"https:\\\/\\\/kibrisdakik.com\\\/?p=108243#breadcrumb\"},\"inLanguage\":\"tr\",\"potentialAction\":[{\"@type\":\"ReadAction\",\"target\":[\"https:\\\/\\\/kibrisdakik.com\\\/?p=108243\"]}]},{\"@type\":\"ImageObject\",\"inLanguage\":\"tr\",\"@id\":\"https:\\\/\\\/kibrisdakik.com\\\/?p=108243#primaryimage\",\"url\":\"https:\\\/\\\/kibrisdakik.com\\\/wp-content\\\/uploads\\\/2026\\\/03\\\/mha-sari-beyaz-3885.png\",\"contentUrl\":\"https:\\\/\\\/kibrisdakik.com\\\/wp-content\\\/uploads\\\/2026\\\/03\\\/mha-sari-beyaz-3885.png\",\"width\":1280,\"height\":720},{\"@type\":\"BreadcrumbList\",\"@id\":\"https:\\\/\\\/kibrisdakik.com\\\/?p=108243#breadcrumb\",\"itemListElement\":[{\"@type\":\"ListItem\",\"position\":1,\"name\":\"Home\",\"item\":\"https:\\\/\\\/kibrisdakik.com\\\/\"},{\"@type\":\"ListItem\",\"position\":2,\"name\":\"\u015e\u00d6DAM LANSMANI PARAD\u0130SE PARK\u2019TA GER\u00c7EKLE\u015eT\u0130\"}]},{\"@type\":\"WebSite\",\"@id\":\"https:\\\/\\\/kibrisdakik.com\\\/#website\",\"url\":\"https:\\\/\\\/kibrisdakik.com\\\/\",\"name\":\"\",\"description\":\"Tam vaktinde haber\",\"potentialAction\":[{\"@type\":\"SearchAction\",\"target\":{\"@type\":\"EntryPoint\",\"urlTemplate\":\"https:\\\/\\\/kibrisdakik.com\\\/?s={search_term_string}\"},\"query-input\":{\"@type\":\"PropertyValueSpecification\",\"valueRequired\":true,\"valueName\":\"search_term_string\"}}],\"inLanguage\":\"tr\"},{\"@type\":\"Person\",\"@id\":\"https:\\\/\\\/kibrisdakik.com\\\/#\\\/schema\\\/person\\\/9cd9d437bbb44f72b73ba127e06d8e79\",\"name\":\"admin\",\"image\":{\"@type\":\"ImageObject\",\"inLanguage\":\"tr\",\"@id\":\"https:\\\/\\\/secure.gravatar.com\\\/avatar\\\/ccc17943b9d660506c869530f897617f7cb1c21a4bf30023f252596d83e1f007?s=96&d=mm&r=g\",\"url\":\"https:\\\/\\\/secure.gravatar.com\\\/avatar\\\/ccc17943b9d660506c869530f897617f7cb1c21a4bf30023f252596d83e1f007?s=96&d=mm&r=g\",\"contentUrl\":\"https:\\\/\\\/secure.gravatar.com\\\/avatar\\\/ccc17943b9d660506c869530f897617f7cb1c21a4bf30023f252596d83e1f007?s=96&d=mm&r=g\",\"caption\":\"admin\"},\"sameAs\":[\"https:\\\/\\\/kibrisdakik.com\"],\"url\":\"https:\\\/\\\/kibrisdakik.com\\\/?author=1\"}]}<\/script>\n<!-- \/ Yoast SEO plugin. -->","yoast_head_json":{"title":"\u015e\u00d6DAM LANSMANI PARAD\u0130SE PARK\u2019TA GER\u00c7EKLE\u015eT\u0130 -","robots":{"index":"index","follow":"follow","max-snippet":"max-snippet:-1","max-image-preview":"max-image-preview:large","max-video-preview":"max-video-preview:-1"},"canonical":"https:\/\/kibrisdakik.com\/?p=108243","og_locale":"tr_TR","og_type":"article","og_title":"\u015e\u00d6DAM LANSMANI PARAD\u0130SE PARK\u2019TA GER\u00c7EKLE\u015eT\u0130 -","og_description":"Cumhuriyet\u00e7i T\u00fcrk Partisi (CTP) Kad\u0131n \u00d6rg\u00fct\u00fc ve CTP\u2019li belediye ba\u015fkanlar\u0131n\u0131n i\u015f birli\u011finde, \u201cYerel E\u015fitlik, G\u00fcvenli Ya\u015fam, G\u00fc\u00e7l\u00fc Destek\u201d slogan\u0131yla hayata ge\u00e7irilen \u015eiddeti \u00d6nleme ve Dan\u0131\u015fma Merkezi\u2019nin (\u015e\u00d6DAM) lansman\u0131 yap\u0131ld\u0131. Paradise Park\u2019ta d\u00fczenlenen lansmana, CTP Genel Ba\u015fkan\u0131 S\u0131la Usar \u0130ncirli, CTP Kad\u0131n \u00d6rg\u00fct\u00fc Ba\u015fkan\u0131 Do\u011fu\u015f Derya, baz\u0131 belediye ba\u015fkanlar\u0131 ile parti temsilcileri kat\u0131ld\u0131. \u015eiddetin ortaya \u00e7\u0131kmas\u0131n\u0131","og_url":"https:\/\/kibrisdakik.com\/?p=108243","article_published_time":"2026-03-13T16:15:13+00:00","og_image":[{"url":"https:\/\/mhahabercom.teimg.com\/mhahaber-com\/uploads\/2026\/03\/1773412641192sodam-ctp-tim-2.jpg","type":"","width":"","height":""}],"author":"admin","twitter_card":"summary_large_image","twitter_misc":{"Yazan:":"admin","Tahmini okuma s\u00fcresi":"8 dakika"},"schema":{"@context":"https:\/\/schema.org","@graph":[{"@type":"Article","@id":"https:\/\/kibrisdakik.com\/?p=108243#article","isPartOf":{"@id":"https:\/\/kibrisdakik.com\/?p=108243"},"author":{"name":"admin","@id":"https:\/\/kibrisdakik.com\/#\/schema\/person\/9cd9d437bbb44f72b73ba127e06d8e79"},"headline":"\u015e\u00d6DAM LANSMANI PARAD\u0130SE PARK\u2019TA GER\u00c7EKLE\u015eT\u0130","datePublished":"2026-03-13T16:15:13+00:00","mainEntityOfPage":{"@id":"https:\/\/kibrisdakik.com\/?p=108243"},"wordCount":1600,"commentCount":0,"image":{"@id":"https:\/\/kibrisdakik.com\/?p=108243#primaryimage"},"thumbnailUrl":"https:\/\/kibrisdakik.com\/wp-content\/uploads\/2026\/03\/mha-sari-beyaz-3885.png","articleSection":["K\u0131br\u0131s"],"inLanguage":"tr","potentialAction":[{"@type":"CommentAction","name":"Comment","target":["https:\/\/kibrisdakik.com\/?p=108243#respond"]}]},{"@type":"WebPage","@id":"https:\/\/kibrisdakik.com\/?p=108243","url":"https:\/\/kibrisdakik.com\/?p=108243","name":"\u015e\u00d6DAM LANSMANI PARAD\u0130SE PARK\u2019TA GER\u00c7EKLE\u015eT\u0130 -","isPartOf":{"@id":"https:\/\/kibrisdakik.com\/#website"},"primaryImageOfPage":{"@id":"https:\/\/kibrisdakik.com\/?p=108243#primaryimage"},"image":{"@id":"https:\/\/kibrisdakik.com\/?p=108243#primaryimage"},"thumbnailUrl":"https:\/\/kibrisdakik.com\/wp-content\/uploads\/2026\/03\/mha-sari-beyaz-3885.png","datePublished":"2026-03-13T16:15:13+00:00","author":{"@id":"https:\/\/kibrisdakik.com\/#\/schema\/person\/9cd9d437bbb44f72b73ba127e06d8e79"},"breadcrumb":{"@id":"https:\/\/kibrisdakik.com\/?p=108243#breadcrumb"},"inLanguage":"tr","potentialAction":[{"@type":"ReadAction","target":["https:\/\/kibrisdakik.com\/?p=108243"]}]},{"@type":"ImageObject","inLanguage":"tr","@id":"https:\/\/kibrisdakik.com\/?p=108243#primaryimage","url":"https:\/\/kibrisdakik.com\/wp-content\/uploads\/2026\/03\/mha-sari-beyaz-3885.png","contentUrl":"https:\/\/kibrisdakik.com\/wp-content\/uploads\/2026\/03\/mha-sari-beyaz-3885.png","width":1280,"height":720},{"@type":"BreadcrumbList","@id":"https:\/\/kibrisdakik.com\/?p=108243#breadcrumb","itemListElement":[{"@type":"ListItem","position":1,"name":"Home","item":"https:\/\/kibrisdakik.com\/"},{"@type":"ListItem","position":2,"name":"\u015e\u00d6DAM LANSMANI PARAD\u0130SE PARK\u2019TA GER\u00c7EKLE\u015eT\u0130"}]},{"@type":"WebSite","@id":"https:\/\/kibrisdakik.com\/#website","url":"https:\/\/kibrisdakik.com\/","name":"","description":"Tam vaktinde haber","potentialAction":[{"@type":"SearchAction","target":{"@type":"EntryPoint","urlTemplate":"https:\/\/kibrisdakik.com\/?s={search_term_string}"},"query-input":{"@type":"PropertyValueSpecification","valueRequired":true,"valueName":"search_term_string"}}],"inLanguage":"tr"},{"@type":"Person","@id":"https:\/\/kibrisdakik.com\/#\/schema\/person\/9cd9d437bbb44f72b73ba127e06d8e79","name":"admin","image":{"@type":"ImageObject","inLanguage":"tr","@id":"https:\/\/secure.gravatar.com\/avatar\/ccc17943b9d660506c869530f897617f7cb1c21a4bf30023f252596d83e1f007?s=96&d=mm&r=g","url":"https:\/\/secure.gravatar.com\/avatar\/ccc17943b9d660506c869530f897617f7cb1c21a4bf30023f252596d83e1f007?s=96&d=mm&r=g","contentUrl":"https:\/\/secure.gravatar.com\/avatar\/ccc17943b9d660506c869530f897617f7cb1c21a4bf30023f252596d83e1f007?s=96&d=mm&r=g","caption":"admin"},"sameAs":["https:\/\/kibrisdakik.com"],"url":"https:\/\/kibrisdakik.com\/?author=1"}]}},"_links":{"self":[{"href":"https:\/\/kibrisdakik.com\/index.php?rest_route=\/wp\/v2\/posts\/108243","targetHints":{"allow":["GET"]}}],"collection":[{"href":"https:\/\/kibrisdakik.com\/index.php?rest_route=\/wp\/v2\/posts"}],"about":[{"href":"https:\/\/kibrisdakik.com\/index.php?rest_route=\/wp\/v2\/types\/post"}],"author":[{"embeddable":true,"href":"https:\/\/kibrisdakik.com\/index.php?rest_route=\/wp\/v2\/users\/1"}],"replies":[{"embeddable":true,"href":"https:\/\/kibrisdakik.com\/index.php?rest_route=%2Fwp%2Fv2%2Fcomments&post=108243"}],"version-history":[{"count":0,"href":"https:\/\/kibrisdakik.com\/index.php?rest_route=\/wp\/v2\/posts\/108243\/revisions"}],"wp:featuredmedia":[{"embeddable":true,"href":"https:\/\/kibrisdakik.com\/index.php?rest_route=\/wp\/v2\/media\/108244"}],"wp:attachment":[{"href":"https:\/\/kibrisdakik.com\/index.php?rest_route=%2Fwp%2Fv2%2Fmedia&parent=108243"}],"wp:term":[{"taxonomy":"category","embeddable":true,"href":"https:\/\/kibrisdakik.com\/index.php?rest_route=%2Fwp%2Fv2%2Fcategories&post=108243"},{"taxonomy":"post_tag","embeddable":true,"href":"https:\/\/kibrisdakik.com\/index.php?rest_route=%2Fwp%2Fv2%2Ftags&post=108243"}],"curies":[{"name":"wp","href":"https:\/\/api.w.org\/{rel}","templated":true}]}}