{"id":108246,"date":"2026-03-13T22:25:22","date_gmt":"2026-03-13T20:25:22","guid":{"rendered":"https:\/\/kibrisdakik.com\/?p=108246"},"modified":"2026-03-13T22:25:22","modified_gmt":"2026-03-13T20:25:22","slug":"guterres-kibris-sorununu-cozmek-icin-cok-siki-calisiyoruz","status":"publish","type":"post","link":"https:\/\/kibrisdakik.com\/?p=108246","title":{"rendered":"Guterres: K\u0131br\u0131s sorununu \u00e7\u00f6zmek i\u00e7in \u00e7ok s\u0131k\u0131 \u00e7al\u0131\u015f\u0131yoruz"},"content":{"rendered":"<p><\/p>\n<p>Birle\u015fmi\u015f Milletler Genel Sekreteri Antonio Guterres, ramazan ay\u0131 vesilesiyle dayan\u0131\u015fma kapsam\u0131nda Ankara\u2019y\u0131 ziyaret etti.<\/p>\n<p>Guterres, BM\u2019deki g\u00f6rev s\u00fcreleri boyunca d\u00fcnyada en fazla m\u00fclteciye ev sahipli\u011fi yapan T\u00fcrk halk\u0131n\u0131n c\u00f6mertli\u011fine sayg\u0131 g\u00f6stermek i\u00e7in ger\u00e7ekle\u015ftirdi\u011fi ziyaret \u00e7er\u00e7evesinde ilk olarak T\u00fcrkiye D\u0131\u015fi\u015fleri Bakan\u0131 Hakan Fidan ile bir araya geldi. T\u00fcrkiye Cumhurba\u015fkan\u0131 Recep Tayyip Erdo\u011fan da BM Genel Sekreteri Guterres\u2019i Be\u015ftepe\u2019de kabul ederek g\u00f6r\u00fc\u015ft\u00fc. G\u00f6r\u00fc\u015fmenin ard\u0131ndan BM Genel Sekreter Guterres\u2019e Atat\u00fcrk Bar\u0131\u015f \u00d6d\u00fcl\u00fc\u2019n\u00fc takdim t\u00f6renine ge\u00e7ildi. T\u00fcrkiye Cumhurba\u015fkan\u0131 Erdo\u011fan t\u00f6rende, \u201c10 y\u0131lda Say\u0131n Genel Sekreter\u2019le gerek b\u00f6lgemizde gerek d\u00fcnyada bar\u0131\u015f\u0131 tehdit eden meseleler konusunda yak\u0131n diyalog i\u00e7erisinde olduk. Bu isti\u015fare ve \u00e7abalar\u0131m\u0131z\u0131n bazen en zorlu \u015fartlarda dahi sonu\u00e7 verdi\u011fini de memnuniyetle g\u00f6rd\u00fck\u201d dedi.<\/p>\n<p>Erdo\u011fan, yak\u0131n co\u011frafyay\u0131 topyekun bir felakete s\u00fcr\u00fckleme riski bulunan \u0130ran merkezli \u015fiddet sarmal\u0131n\u0131n daha fazla b\u00fcy\u00fcmemesi i\u00e7in yo\u011fun bir diplomasi trafi\u011fi y\u00fcr\u00fctt\u00fcklerini s\u00f6yledi. Cumhurba\u015fkan\u0131 Erdo\u011fan, konu\u015fmas\u0131n\u0131n ard\u0131ndan BM Genel Sekreteri Guterres\u2019e 2025 Atat\u00fcrk Uluslararas\u0131 Bar\u0131\u015f \u00d6d\u00fcl\u00fc\u2019n\u00fc takdim etti. Guterres de \u00f6d\u00fcl\u00fcn\u00fc ald\u0131ktan sonra te\u015fekk\u00fcr konu\u015fmas\u0131 yapt\u0131.<\/p>\n<p>BM Genel Sekreteri Guterres, T\u00fcrkiye ziyareti \u00e7er\u00e7evesinde NTV\u2019ye \u00f6zel r\u00f6portaj verdi. Guterres, r\u00f6portajda K\u0131br\u0131s konusundaki soruyu da yan\u0131tlad\u0131. Antonio Guterres, \u201cK\u0131br\u0131s sorununu \u00e7\u00f6zmek i\u00e7in \u00e7ok s\u0131k\u0131 \u00e7al\u0131\u015f\u0131yoruz. Yak\u0131n\u0131z diyemem ancak ileriye olumlu a\u00e7\u0131da ilerledik. \u0130leti\u015fimlere yeniden ba\u015flad\u0131k. Bizim tek amac\u0131m\u0131z adan\u0131n halklar\u0131n\u0131n modern d\u00fcnyan\u0131n t\u00fcm imkanlar\u0131ndan yaralanmas\u0131d\u0131r\u201d dedi. Guterres, \u201c\u0130yimser ya da k\u00f6t\u00fcmser de\u011filim ama kararl\u0131y\u0131m. G\u00f6rev s\u00fcremin son g\u00fcn\u00fcne kadar K\u0131br\u0131s sorununun \u00e7\u00f6z\u00fclmesi i\u00e7in elimden gelen her \u015feyi yapaca\u011f\u0131m\u201d \u015feklinde konu\u015ftu<\/p>\n<p>&nbsp;<\/p>\n","protected":false},"excerpt":{"rendered":"<p>Birle\u015fmi\u015f Milletler Genel Sekreteri Antonio Guterres, ramazan ay\u0131 vesilesiyle dayan\u0131\u015fma kapsam\u0131nda Ankara\u2019y\u0131 ziyaret etti. Guterres, BM\u2019deki g\u00f6rev s\u00fcreleri boyunca d\u00fcnyada en fazla m\u00fclteciye ev sahipli\u011fi yapan T\u00fcrk halk\u0131n\u0131n c\u00f6mertli\u011fine sayg\u0131 g\u00f6stermek i\u00e7in ger\u00e7ekle\u015ftirdi\u011fi ziyaret \u00e7er\u00e7evesinde ilk olarak T\u00fcrkiye D\u0131\u015fi\u015fleri Bakan\u0131 Hakan Fidan ile bir araya geldi. T\u00fcrkiye Cumhurba\u015fkan\u0131 Recep Tayyip Erdo\u011fan da BM Genel Sekreteri<\/p>\n","protected":false},"author":1,"featured_media":108247,"comment_status":"open","ping_status":"open","sticky":false,"template":"","format":"standard","meta":{"footnotes":""},"categories":[85],"tags":[],"class_list":["post-108246","post","type-post","status-publish","format-standard","has-post-thumbnail","hentry","category-spor"],"yoast_head":"<!-- This site is optimized with the Yoast SEO plugin v27.4 - https:\/\/yoast.com\/product\/yoast-seo-wordpress\/ -->\n<title>Guterres: K\u0131br\u0131s sorununu \u00e7\u00f6zmek i\u00e7in \u00e7ok s\u0131k\u0131 \u00e7al\u0131\u015f\u0131yoruz -<\/title>\n<meta name=\"robots\" content=\"index, follow, max-snippet:-1, max-image-preview:large, max-video-preview:-1\" \/>\n<link rel=\"canonical\" href=\"https:\/\/kibrisdakik.com\/?p=108246\" \/>\n<meta property=\"og:locale\" content=\"tr_TR\" \/>\n<meta property=\"og:type\" content=\"article\" \/>\n<meta property=\"og:title\" content=\"Guterres: K\u0131br\u0131s sorununu \u00e7\u00f6zmek i\u00e7in \u00e7ok s\u0131k\u0131 \u00e7al\u0131\u015f\u0131yoruz -\" \/>\n<meta property=\"og:description\" content=\"Birle\u015fmi\u015f Milletler Genel Sekreteri Antonio Guterres, ramazan ay\u0131 vesilesiyle dayan\u0131\u015fma kapsam\u0131nda Ankara\u2019y\u0131 ziyaret etti. Guterres, BM\u2019deki g\u00f6rev s\u00fcreleri boyunca d\u00fcnyada en fazla m\u00fclteciye ev sahipli\u011fi yapan T\u00fcrk halk\u0131n\u0131n c\u00f6mertli\u011fine sayg\u0131 g\u00f6stermek i\u00e7in ger\u00e7ekle\u015ftirdi\u011fi ziyaret \u00e7er\u00e7evesinde ilk olarak T\u00fcrkiye D\u0131\u015fi\u015fleri Bakan\u0131 Hakan Fidan ile bir araya geldi. T\u00fcrkiye Cumhurba\u015fkan\u0131 Recep Tayyip Erdo\u011fan da BM Genel Sekreteri\" \/>\n<meta property=\"og:url\" content=\"https:\/\/kibrisdakik.com\/?p=108246\" \/>\n<meta property=\"article:published_time\" content=\"2026-03-13T20:25:22+00:00\" \/>\n<meta property=\"og:image\" content=\"https:\/\/www.bimanset.com\/wp-content\/uploads\/2025\/01\/Guterres.jpg\" \/>\n<meta name=\"author\" content=\"admin\" \/>\n<meta name=\"twitter:card\" content=\"summary_large_image\" \/>\n<meta name=\"twitter:label1\" content=\"Yazan:\" \/>\n\t<meta name=\"twitter:data1\" content=\"admin\" \/>\n\t<meta name=\"twitter:label2\" content=\"Tahmini okuma s\u00fcresi\" \/>\n\t<meta name=\"twitter:data2\" content=\"2 dakika\" \/>\n<script type=\"application\/ld+json\" class=\"yoast-schema-graph\">{\"@context\":\"https:\\\/\\\/schema.org\",\"@graph\":[{\"@type\":\"Article\",\"@id\":\"https:\\\/\\\/kibrisdakik.com\\\/?p=108246#article\",\"isPartOf\":{\"@id\":\"https:\\\/\\\/kibrisdakik.com\\\/?p=108246\"},\"author\":{\"name\":\"admin\",\"@id\":\"https:\\\/\\\/kibrisdakik.com\\\/#\\\/schema\\\/person\\\/9cd9d437bbb44f72b73ba127e06d8e79\"},\"headline\":\"Guterres: K\u0131br\u0131s sorununu \u00e7\u00f6zmek i\u00e7in \u00e7ok s\u0131k\u0131 \u00e7al\u0131\u015f\u0131yoruz\",\"datePublished\":\"2026-03-13T20:25:22+00:00\",\"mainEntityOfPage\":{\"@id\":\"https:\\\/\\\/kibrisdakik.com\\\/?p=108246\"},\"wordCount\":375,\"commentCount\":0,\"image\":{\"@id\":\"https:\\\/\\\/kibrisdakik.com\\\/?p=108246#primaryimage\"},\"thumbnailUrl\":\"https:\\\/\\\/kibrisdakik.com\\\/wp-content\\\/uploads\\\/2026\\\/03\\\/Guterres.jpg\",\"articleSection\":[\"Spor\"],\"inLanguage\":\"tr\",\"potentialAction\":[{\"@type\":\"CommentAction\",\"name\":\"Comment\",\"target\":[\"https:\\\/\\\/kibrisdakik.com\\\/?p=108246#respond\"]}]},{\"@type\":\"WebPage\",\"@id\":\"https:\\\/\\\/kibrisdakik.com\\\/?p=108246\",\"url\":\"https:\\\/\\\/kibrisdakik.com\\\/?p=108246\",\"name\":\"Guterres: K\u0131br\u0131s sorununu \u00e7\u00f6zmek i\u00e7in \u00e7ok s\u0131k\u0131 \u00e7al\u0131\u015f\u0131yoruz -\",\"isPartOf\":{\"@id\":\"https:\\\/\\\/kibrisdakik.com\\\/#website\"},\"primaryImageOfPage\":{\"@id\":\"https:\\\/\\\/kibrisdakik.com\\\/?p=108246#primaryimage\"},\"image\":{\"@id\":\"https:\\\/\\\/kibrisdakik.com\\\/?p=108246#primaryimage\"},\"thumbnailUrl\":\"https:\\\/\\\/kibrisdakik.com\\\/wp-content\\\/uploads\\\/2026\\\/03\\\/Guterres.jpg\",\"datePublished\":\"2026-03-13T20:25:22+00:00\",\"author\":{\"@id\":\"https:\\\/\\\/kibrisdakik.com\\\/#\\\/schema\\\/person\\\/9cd9d437bbb44f72b73ba127e06d8e79\"},\"breadcrumb\":{\"@id\":\"https:\\\/\\\/kibrisdakik.com\\\/?p=108246#breadcrumb\"},\"inLanguage\":\"tr\",\"potentialAction\":[{\"@type\":\"ReadAction\",\"target\":[\"https:\\\/\\\/kibrisdakik.com\\\/?p=108246\"]}]},{\"@type\":\"ImageObject\",\"inLanguage\":\"tr\",\"@id\":\"https:\\\/\\\/kibrisdakik.com\\\/?p=108246#primaryimage\",\"url\":\"https:\\\/\\\/kibrisdakik.com\\\/wp-content\\\/uploads\\\/2026\\\/03\\\/Guterres.jpg\",\"contentUrl\":\"https:\\\/\\\/kibrisdakik.com\\\/wp-content\\\/uploads\\\/2026\\\/03\\\/Guterres.jpg\",\"width\":800,\"height\":533},{\"@type\":\"BreadcrumbList\",\"@id\":\"https:\\\/\\\/kibrisdakik.com\\\/?p=108246#breadcrumb\",\"itemListElement\":[{\"@type\":\"ListItem\",\"position\":1,\"name\":\"Home\",\"item\":\"https:\\\/\\\/kibrisdakik.com\\\/\"},{\"@type\":\"ListItem\",\"position\":2,\"name\":\"Guterres: K\u0131br\u0131s sorununu \u00e7\u00f6zmek i\u00e7in \u00e7ok s\u0131k\u0131 \u00e7al\u0131\u015f\u0131yoruz\"}]},{\"@type\":\"WebSite\",\"@id\":\"https:\\\/\\\/kibrisdakik.com\\\/#website\",\"url\":\"https:\\\/\\\/kibrisdakik.com\\\/\",\"name\":\"\",\"description\":\"Tam vaktinde haber\",\"potentialAction\":[{\"@type\":\"SearchAction\",\"target\":{\"@type\":\"EntryPoint\",\"urlTemplate\":\"https:\\\/\\\/kibrisdakik.com\\\/?s={search_term_string}\"},\"query-input\":{\"@type\":\"PropertyValueSpecification\",\"valueRequired\":true,\"valueName\":\"search_term_string\"}}],\"inLanguage\":\"tr\"},{\"@type\":\"Person\",\"@id\":\"https:\\\/\\\/kibrisdakik.com\\\/#\\\/schema\\\/person\\\/9cd9d437bbb44f72b73ba127e06d8e79\",\"name\":\"admin\",\"image\":{\"@type\":\"ImageObject\",\"inLanguage\":\"tr\",\"@id\":\"https:\\\/\\\/secure.gravatar.com\\\/avatar\\\/ccc17943b9d660506c869530f897617f7cb1c21a4bf30023f252596d83e1f007?s=96&d=mm&r=g\",\"url\":\"https:\\\/\\\/secure.gravatar.com\\\/avatar\\\/ccc17943b9d660506c869530f897617f7cb1c21a4bf30023f252596d83e1f007?s=96&d=mm&r=g\",\"contentUrl\":\"https:\\\/\\\/secure.gravatar.com\\\/avatar\\\/ccc17943b9d660506c869530f897617f7cb1c21a4bf30023f252596d83e1f007?s=96&d=mm&r=g\",\"caption\":\"admin\"},\"sameAs\":[\"https:\\\/\\\/kibrisdakik.com\"],\"url\":\"https:\\\/\\\/kibrisdakik.com\\\/?author=1\"}]}<\/script>\n<!-- \/ Yoast SEO plugin. -->","yoast_head_json":{"title":"Guterres: K\u0131br\u0131s sorununu \u00e7\u00f6zmek i\u00e7in \u00e7ok s\u0131k\u0131 \u00e7al\u0131\u015f\u0131yoruz -","robots":{"index":"index","follow":"follow","max-snippet":"max-snippet:-1","max-image-preview":"max-image-preview:large","max-video-preview":"max-video-preview:-1"},"canonical":"https:\/\/kibrisdakik.com\/?p=108246","og_locale":"tr_TR","og_type":"article","og_title":"Guterres: K\u0131br\u0131s sorununu \u00e7\u00f6zmek i\u00e7in \u00e7ok s\u0131k\u0131 \u00e7al\u0131\u015f\u0131yoruz -","og_description":"Birle\u015fmi\u015f Milletler Genel Sekreteri Antonio Guterres, ramazan ay\u0131 vesilesiyle dayan\u0131\u015fma kapsam\u0131nda Ankara\u2019y\u0131 ziyaret etti. Guterres, BM\u2019deki g\u00f6rev s\u00fcreleri boyunca d\u00fcnyada en fazla m\u00fclteciye ev sahipli\u011fi yapan T\u00fcrk halk\u0131n\u0131n c\u00f6mertli\u011fine sayg\u0131 g\u00f6stermek i\u00e7in ger\u00e7ekle\u015ftirdi\u011fi ziyaret \u00e7er\u00e7evesinde ilk olarak T\u00fcrkiye D\u0131\u015fi\u015fleri Bakan\u0131 Hakan Fidan ile bir araya geldi. T\u00fcrkiye Cumhurba\u015fkan\u0131 Recep Tayyip Erdo\u011fan da BM Genel Sekreteri","og_url":"https:\/\/kibrisdakik.com\/?p=108246","article_published_time":"2026-03-13T20:25:22+00:00","og_image":[{"url":"https:\/\/www.bimanset.com\/wp-content\/uploads\/2025\/01\/Guterres.jpg","type":"","width":"","height":""}],"author":"admin","twitter_card":"summary_large_image","twitter_misc":{"Yazan:":"admin","Tahmini okuma s\u00fcresi":"2 dakika"},"schema":{"@context":"https:\/\/schema.org","@graph":[{"@type":"Article","@id":"https:\/\/kibrisdakik.com\/?p=108246#article","isPartOf":{"@id":"https:\/\/kibrisdakik.com\/?p=108246"},"author":{"name":"admin","@id":"https:\/\/kibrisdakik.com\/#\/schema\/person\/9cd9d437bbb44f72b73ba127e06d8e79"},"headline":"Guterres: K\u0131br\u0131s sorununu \u00e7\u00f6zmek i\u00e7in \u00e7ok s\u0131k\u0131 \u00e7al\u0131\u015f\u0131yoruz","datePublished":"2026-03-13T20:25:22+00:00","mainEntityOfPage":{"@id":"https:\/\/kibrisdakik.com\/?p=108246"},"wordCount":375,"commentCount":0,"image":{"@id":"https:\/\/kibrisdakik.com\/?p=108246#primaryimage"},"thumbnailUrl":"https:\/\/kibrisdakik.com\/wp-content\/uploads\/2026\/03\/Guterres.jpg","articleSection":["Spor"],"inLanguage":"tr","potentialAction":[{"@type":"CommentAction","name":"Comment","target":["https:\/\/kibrisdakik.com\/?p=108246#respond"]}]},{"@type":"WebPage","@id":"https:\/\/kibrisdakik.com\/?p=108246","url":"https:\/\/kibrisdakik.com\/?p=108246","name":"Guterres: K\u0131br\u0131s sorununu \u00e7\u00f6zmek i\u00e7in \u00e7ok s\u0131k\u0131 \u00e7al\u0131\u015f\u0131yoruz -","isPartOf":{"@id":"https:\/\/kibrisdakik.com\/#website"},"primaryImageOfPage":{"@id":"https:\/\/kibrisdakik.com\/?p=108246#primaryimage"},"image":{"@id":"https:\/\/kibrisdakik.com\/?p=108246#primaryimage"},"thumbnailUrl":"https:\/\/kibrisdakik.com\/wp-content\/uploads\/2026\/03\/Guterres.jpg","datePublished":"2026-03-13T20:25:22+00:00","author":{"@id":"https:\/\/kibrisdakik.com\/#\/schema\/person\/9cd9d437bbb44f72b73ba127e06d8e79"},"breadcrumb":{"@id":"https:\/\/kibrisdakik.com\/?p=108246#breadcrumb"},"inLanguage":"tr","potentialAction":[{"@type":"ReadAction","target":["https:\/\/kibrisdakik.com\/?p=108246"]}]},{"@type":"ImageObject","inLanguage":"tr","@id":"https:\/\/kibrisdakik.com\/?p=108246#primaryimage","url":"https:\/\/kibrisdakik.com\/wp-content\/uploads\/2026\/03\/Guterres.jpg","contentUrl":"https:\/\/kibrisdakik.com\/wp-content\/uploads\/2026\/03\/Guterres.jpg","width":800,"height":533},{"@type":"BreadcrumbList","@id":"https:\/\/kibrisdakik.com\/?p=108246#breadcrumb","itemListElement":[{"@type":"ListItem","position":1,"name":"Home","item":"https:\/\/kibrisdakik.com\/"},{"@type":"ListItem","position":2,"name":"Guterres: K\u0131br\u0131s sorununu \u00e7\u00f6zmek i\u00e7in \u00e7ok s\u0131k\u0131 \u00e7al\u0131\u015f\u0131yoruz"}]},{"@type":"WebSite","@id":"https:\/\/kibrisdakik.com\/#website","url":"https:\/\/kibrisdakik.com\/","name":"","description":"Tam vaktinde haber","potentialAction":[{"@type":"SearchAction","target":{"@type":"EntryPoint","urlTemplate":"https:\/\/kibrisdakik.com\/?s={search_term_string}"},"query-input":{"@type":"PropertyValueSpecification","valueRequired":true,"valueName":"search_term_string"}}],"inLanguage":"tr"},{"@type":"Person","@id":"https:\/\/kibrisdakik.com\/#\/schema\/person\/9cd9d437bbb44f72b73ba127e06d8e79","name":"admin","image":{"@type":"ImageObject","inLanguage":"tr","@id":"https:\/\/secure.gravatar.com\/avatar\/ccc17943b9d660506c869530f897617f7cb1c21a4bf30023f252596d83e1f007?s=96&d=mm&r=g","url":"https:\/\/secure.gravatar.com\/avatar\/ccc17943b9d660506c869530f897617f7cb1c21a4bf30023f252596d83e1f007?s=96&d=mm&r=g","contentUrl":"https:\/\/secure.gravatar.com\/avatar\/ccc17943b9d660506c869530f897617f7cb1c21a4bf30023f252596d83e1f007?s=96&d=mm&r=g","caption":"admin"},"sameAs":["https:\/\/kibrisdakik.com"],"url":"https:\/\/kibrisdakik.com\/?author=1"}]}},"_links":{"self":[{"href":"https:\/\/kibrisdakik.com\/index.php?rest_route=\/wp\/v2\/posts\/108246","targetHints":{"allow":["GET"]}}],"collection":[{"href":"https:\/\/kibrisdakik.com\/index.php?rest_route=\/wp\/v2\/posts"}],"about":[{"href":"https:\/\/kibrisdakik.com\/index.php?rest_route=\/wp\/v2\/types\/post"}],"author":[{"embeddable":true,"href":"https:\/\/kibrisdakik.com\/index.php?rest_route=\/wp\/v2\/users\/1"}],"replies":[{"embeddable":true,"href":"https:\/\/kibrisdakik.com\/index.php?rest_route=%2Fwp%2Fv2%2Fcomments&post=108246"}],"version-history":[{"count":0,"href":"https:\/\/kibrisdakik.com\/index.php?rest_route=\/wp\/v2\/posts\/108246\/revisions"}],"wp:featuredmedia":[{"embeddable":true,"href":"https:\/\/kibrisdakik.com\/index.php?rest_route=\/wp\/v2\/media\/108247"}],"wp:attachment":[{"href":"https:\/\/kibrisdakik.com\/index.php?rest_route=%2Fwp%2Fv2%2Fmedia&parent=108246"}],"wp:term":[{"taxonomy":"category","embeddable":true,"href":"https:\/\/kibrisdakik.com\/index.php?rest_route=%2Fwp%2Fv2%2Fcategories&post=108246"},{"taxonomy":"post_tag","embeddable":true,"href":"https:\/\/kibrisdakik.com\/index.php?rest_route=%2Fwp%2Fv2%2Ftags&post=108246"}],"curies":[{"name":"wp","href":"https:\/\/api.w.org\/{rel}","templated":true}]}}