{"id":108321,"date":"2026-03-15T13:33:13","date_gmt":"2026-03-15T11:33:13","guid":{"rendered":"https:\/\/kibrisdakik.com\/?p=108321"},"modified":"2026-03-15T13:33:13","modified_gmt":"2026-03-15T11:33:13","slug":"palmas-turkiye-saldirirsa-yunanistan-yanimizda-olur","status":"publish","type":"post","link":"https:\/\/kibrisdakik.com\/?p=108321","title":{"rendered":"PALMAS: T\u00dcRK\u0130YE SALDIRIRSA YUNAN\u0130STAN YANIMIZDA OLUR"},"content":{"rendered":"<p><\/p>\n<p>Rum Savunma Bakan\u0131 Vasilis Palmas K\u0131br\u0131s\u2019taki egemen \u0130ngiliz askeri \u00fcss\u00fc A\u011frotur\u2019a yap\u0131lan \u0130HA sald\u0131r\u0131s\u0131n\u0131n ard\u0131ndan \u201cCentauro\u201d ve bir ileri teknoloji \u0130HA-savar sistemi daha almak i\u00e7in Yunanistan ile isti\u015fare i\u00e7erisinde olduklar\u0131n\u0131 s\u00f6yledi.<\/p>\n<p>\u201cT\u00fcrkiye, G\u00fcney K\u0131br\u0131s\u2019a sald\u0131r\u0131rsa Yunanistan\u2019\u0131n kesin yard\u0131ma gelece\u011finden\u201d emin olan Palmas bug\u00fcn \u0130ran\u2019a kar\u015f\u0131 yanlar\u0131nda olan di\u011ferleri hakk\u0131nda kesin konu\u015fam\u0131yor.<\/p>\n<p>Palmas, haftal\u0131k Kathimerini\u2019nin \u201cMilli Muhaf\u0131z Ordusu\u2019nun Hava Savunmas\u0131n\u0131, Deniz Kuvvetini ve Tanklar\u0131n\u0131 G\u00fc\u00e7lendiriyoruz\u201d ba\u015fl\u0131\u011f\u0131yla aktard\u0131\u011f\u0131 \u00f6zel s\u00f6yle\u015fide, Avrupa askeri g\u00fc\u00e7lerinin G\u00fcney K\u0131br\u0131s\u2019a konu\u015flanmas\u0131n\u0131n ana amac\u0131n\u0131n, destek vermek ve g\u00fcvenlik \u015femsiyesi olu\u015fturmak oldu\u011funu \u00f6ne s\u00fcrd\u00fc.<\/p>\n<p>Palmas, ABD ve \u0130srail\u2019in \u0130ran sald\u0131r\u0131lar\u0131nda G\u00fcney K\u0131br\u0131s\u2019\u0131n herhangi bir tehdit almad\u0131\u011f\u0131n\u0131, tehdidin, \u0130ngilizleri, Amerikan ve \u0130sraillilerin m\u00fcttefiki g\u00f6ren Hizbullah, Hamas ve Husi\u2019lerden geldi\u011fini belirtti.<\/p>\n<p>-\u201cT\u00fcrkiye K\u0131br\u0131s\u2019a sald\u0131r\u0131rsa, Yunanistan kesin gelir, di\u011ferleri i\u00e7in kesin konu\u015fmak zor\u201d<\/p>\n<p>Vasilis Palmas, G\u00fcney K\u0131br\u0131s\u2019a askeri g\u00fc\u00e7 g\u00f6nderen b\u00fct\u00fcn Avrupa \u00fclkelerinin Avrupa dayan\u0131\u015fmas\u0131, G\u00fcney K\u0131br\u0131s\u2019\u0131n ortaklar\u0131 ile y\u00fcr\u00fctt\u00fc\u011f\u00fc ikili, \u00fc\u00e7l\u00fc ve \u00e7ok tarafl\u0131 i\u015f birlikleri \u00e7er\u00e7evesinde G\u00fcney K\u0131br\u0131s\u2019\u0131 desteklemek i\u00e7in geldi\u011fini, bunu ba\u015ftan beyan ettiklerini s\u00f6yledi.<\/p>\n<p>\u201cK\u0131br\u0131s T\u00fcrkiye\u2019den sald\u0131r\u0131 g\u00f6r\u00fcrse, bug\u00fcnk\u00fc gibi K\u0131br\u0131s halk\u0131n\u0131 korumaya gelecekler mi?\u201d sorusuna kar\u015f\u0131l\u0131k Palmas \u201cYunanistan kesin gelecek. Di\u011ferleri i\u00e7in kesin konu\u015fmak zor. Samimi olmak isterim. T\u00fcrkiye NATO \u00fcyesidir ve Avrupa ile \u00f6zel ili\u015fkileri var, \u0130ran ise \u00fc\u00e7\u00fcnc\u00fc \u00fclke.\u201d<\/p>\n<p>Avrupa devletlerinin askeri g\u00fc\u00e7lerini ayr\u0131 ayr\u0131 g\u00f6ndermesinin, AB s\u00f6zle\u015fmesinin 42 (7) maddesi \u00fcye devlet sald\u0131r\u0131 al\u0131rsa devreye girmesinden kaynakland\u0131\u011f\u0131n\u0131, son olayda b\u00f6yle bir \u015fey ya\u015fanmad\u0131\u011f\u0131n\u0131 anlatan Palmas, &#8220;AB\u2019den s\u00fcratle cevap talep ettik ancak maalesef AB mekanizmas\u0131 bunu yerine getirmedi.\u201d dedi.<\/p>\n<p>\u0130ngilizlerin \u00fcslerde yapt\u0131klar\u0131 hakk\u0131nda bize tam bilgi verme zorunlulu\u011fu yok\u201d<\/p>\n<p>\u0130ngilizlerin, \u0130ran sald\u0131r\u0131lar\u0131n\u0131n ba\u015flad\u0131\u011f\u0131 ilk g\u00fcnden beridir K\u0131br\u0131s\u2019taki \u00fcslerin sald\u0131r\u0131larda kullan\u0131lmad\u0131\u011f\u0131, kullan\u0131lacaksa da insani misyonlar i\u00e7in kullan\u0131laca\u011f\u0131 yolunda teminat verdi\u011fini kaydetti.<\/p>\n<p>\u201c\u0130ngiliz \u00fcslerinde Amerikan kuvveti var m\u0131?\u201d sorusuna kar\u015f\u0131l\u0131k \u201cKesin bir \u015fey diyemem ama olmad\u0131\u011f\u0131n\u0131 d\u00fc\u015f\u00fcn\u00fcyorum.\u201d diyerek s\u00f6ze ba\u015flayan Palmas \u201c\u0130ngilizlerin, \u00fcs b\u00f6lgesinden yapt\u0131\u011f\u0131 eylemler hakk\u0131nda bize tam bilgi verme zorunlulu\u011fu yok.\u201d ifadesini kulland\u0131. G\u00fcney K\u0131br\u0131s\u2019\u0131n en \u00fcst seviyede g\u00fcvende olabilmesi i\u00e7in \u0130ngiliz \u00fcs makamlar\u0131yla kar\u015f\u0131l\u0131kl\u0131 bilgi al\u0131\u015fveri\u015fi yapt\u0131klar\u0131n\u0131 ekledi.<\/p>\n<p>Palmas A\u011frotur\u2019a d\u00fc\u015fen \u0130HA\u2019n\u0131n neden tespit edilmedi\u011fi ve RMMO veya \u00fcsler taraf\u0131ndan d\u00fc\u015f\u00fcr\u00fclmedi\u011fi sorusuna kar\u015f\u0131l\u0131k \u201c90-100 mil h\u0131zla bin feet y\u00fckseklikte u\u00e7an k\u00fc\u00e7\u00fck bir \u0130HA oldu\u011fu i\u00e7in saptanamad\u0131. Radarlar b\u00f6yle bir \u0130HA\u2019y\u0131 saptamakta zorlan\u0131yor.\u201d dedi, \u0130ran \u0130HA\u2019s\u0131n\u0131n ancak, sahip oldu\u011fu radar sistemi nedeniyle havadaki bir u\u00e7ak taraf\u0131ndan saptanabilece\u011fini s\u00f6yledi.<\/p>\n<p>Mevcut hava savunma sisteminin en \u00fcst seviyede oldu\u011funu, ancak tam bir savunman\u0131n m\u00fcmk\u00fcn olamad\u0131\u011f\u0131n\u0131 belirten Palmas, en g\u00fc\u00e7l\u00fc hava savunma sistemine sahip \u0130srail\u2019de bile f\u00fczelerin hedefini bulabildi\u011fine dikkat \u00e7ekti.<\/p>\n<p>-\u201cYunanistan\u2019dan Centauros ve di\u011fer bir \u0130HA-savar sistemi almak i\u00e7in isti\u015fare i\u00e7erisindeyiz\u201d<\/p>\n<p>Palmas, SAFE program\u0131 \u00e7er\u00e7evesinde \u0130HA-savar sistemleri edinerek hava savunmas\u0131n\u0131 g\u00fc\u00e7lendirmek y\u00f6n\u00fcnde baz\u0131 eylemlerde bulunduklar\u0131n\u0131 s\u00f6yledi. \u201cYunanistan\u2019dan \u2018Centauros\u2019 ve di\u011fer bir \u0130HA-savar sistemi edinmek i\u00e7in isti\u015farelerimiz ileri a\u015famada bulunuyor. Deniz kuvvetini ve Milli Muhaf\u0131z Ordusu\u2019nun tank dinami\u011fini daha da g\u00fc\u00e7lendirmeyi hedefliyoruz.\u201d ifadelerini kulland\u0131. Gazetenin, hangi \u00fclkelerden bu t\u00fcr sistemler al\u0131naca\u011f\u0131n\u0131 sormas\u0131na kar\u015f\u0131l\u0131k \u201cBu a\u015famada daha fazla bir \u015fey s\u00f6yleyemem.\u201d dedi.<\/p>\n<p>Sava\u015flarda art\u0131k \u0130HA\u2019lar\u0131n belirleyici rol oynamakta oldu\u011fu hat\u0131rlat\u0131lan Palmas\u2019a RMMO\u2019ya bu t\u00fcr sald\u0131r\u0131 ve di\u011fer \u0130HA sistemleri al\u0131n\u0131p al\u0131nmayaca\u011f\u0131 soruldu. Rum Bakan RMMO\u2019nun \u201cg\u00fc\u00e7lenmekte ve modern sava\u015f alan\u0131na uyumlanmakta oldu\u011funu\u201d s\u00f6ylemekle yetindi.<\/p>\n<div id=\"ad_121\" data-channel=\"121\" data-advert=\"temedya\" data-rotation=\"120\" class=\"mb-3 text-center\"><\/div>\n<div id=\"ad_121_mobile\" data-channel=\"121\" data-advert=\"temedya\" data-rotation=\"120\" class=\"mb-3 text-center\"><\/div>\n<p>Palmas, RMMO\u2019nun radar ve hava savunma sistemlerinin s\u00fcrekli devrede oldu\u011funu ancak \u015fu ana kadar \u0130HA veya f\u00fcze engellemek i\u00e7in kullan\u0131lmad\u0131\u011f\u0131n\u0131, buna gerek olmad\u0131\u011f\u0131n\u0131 anlatt\u0131.<\/p>\n<p>\u015eu ana kadar A\u011frotur\u2019a bir \u0130HA d\u00fc\u015ft\u00fc\u011f\u00fcn\u00fc ve \u00fcslere y\u00f6nelmi\u015f iki \u0130HA\u2019n\u0131n daha denize d\u00fc\u015ft\u00fc\u011f\u00fc bilgisi ald\u0131klar\u0131n\u0131 s\u00f6yleyen Palmas, iki \u0130HA\u2019n\u0131n d\u00fc\u015f\u00fcr\u00fclmedi\u011fini s\u00f6yledi. \u0130ki \u0130HA\u2019n\u0131n ya hedefe ula\u015famad\u0131\u011f\u0131ndan ya da hedef \u015fa\u015f\u0131rd\u0131\u011f\u0131ndan, kendili\u011finden denize d\u00fc\u015ft\u00fc\u011f\u00fc bilgisini verdi. \u015eu ana kadar Ada y\u00f6n\u00fcnde f\u00fcze ate\u015flenmedi\u011fini de aktard\u0131.<\/p>\n<p>Fransa Cumhurba\u015fkan\u0131 Emmanuel Macron\u2019un, sosyal medya hesab\u0131ndan (G\u00fcney) K\u0131br\u0131s\u2019a bir\u00e7ok \u0130HA ve f\u00fcze sald\u0131r\u0131s\u0131ndan s\u00f6z etti\u011fi hat\u0131rlat\u0131ld\u0131\u011f\u0131nda Palmas \u201cFransa Cumhurba\u015fkan\u0131 ger\u00e7e\u011fi yans\u0131tmayan bir a\u00e7\u0131klama yapt\u0131 ancak devam\u0131nda X hesab\u0131ndan, K\u0131br\u0131s\u2019\u0131 de\u011fil genel olarak b\u00f6lgeyi kast etti\u011fi y\u00f6n\u00fcnde bir payla\u015f\u0131m yapt\u0131\u201d. dedi.<\/p>\n<p>Palmas, \u201cA\u011frotur\u2019u bir \u0130HA vurdu ve iki \u0130HA da denize d\u00fc\u015ft\u00fcyse b\u00f6lgedeki bu benzeri g\u00f6r\u00fclmemi\u015f askeri topla\u015fma neden?\u201d sorusuna kar\u015f\u0131l\u0131k \u201cB\u00f6yle kaygan bir durumda, bu istemler kullan\u0131l\u0131yorken, yanl\u0131\u015f hesaplama yap\u0131labilir ve \u00fcsler yerine K\u0131br\u0131s vurulabilir. Bu nedenle b\u00fct\u00fcn \u00f6nleyici \u00f6nlemler al\u0131n\u0131yor ve koruma \u015femsiyesi olu\u015fturuluyor.\u201d dedi.<\/p>\n<p>-\u201cDurum normale d\u00f6nd\u00fc\u011f\u00fcnde \u00fcslerin stat\u00fcs\u00fcn\u00fcn yeniden g\u00f6r\u00fc\u015f\u00fclmesi veya Ada\u2019dan gitmesi dahil b\u00fct\u00fcn olas\u0131l\u0131klar\u0131 tart\u0131\u015fmaya a\u00e7abiliriz\u201d<\/p>\n<p>Rum y\u00f6netiminin, \u0130ngiliz egemen askeri \u00fcslerinin varl\u0131\u011f\u0131n\u0131 risk kayna\u011f\u0131 g\u00f6r\u00fcp g\u00f6rmedi\u011fi soruldu\u011funda ise Palmas \u201cB\u00f6lgedeki geli\u015fmeler, gerilim d\u00f6neminde herhangi bir askeri altyap\u0131n\u0131n b\u00f6lgedeki g\u00fcvenlik seviyesini etkileyebilece\u011fini g\u00f6rd\u00fck. Bu nedenle, Ada\u2019n\u0131n ve vatanda\u015flar\u0131m\u0131z\u0131n g\u00fcvenli\u011fini sa\u011flamak i\u00e7in durumu s\u00fcrekli izliyor ve ortaklar\u0131m\u0131zla s\u00fcrekli e\u015fg\u00fcd\u00fcm i\u00e7erisinde hareket ediyoruz\u201d dedi. Durum normale d\u00f6nd\u00fc\u011f\u00fcnde \u00fcsler konusunu tart\u0131\u015fmaya a\u00e7abileceklerini, yap\u0131lacak g\u00f6r\u00fc\u015fmenin \u00fcslerin stat\u00fcs\u00fcn\u00fcn yeniden g\u00f6r\u00fc\u015f\u00fclmesi veya Ada\u2019dan gitmesi dahil b\u00fct\u00fcn olas\u0131l\u0131klar\u0131 i\u00e7ermesi gerekti\u011fini s\u00f6zlerine ekledi.<\/p>\n<p>-\u201cYunan Silahl\u0131 Kuvvetleri buradad\u0131r\u201d<\/p>\n<p>Palmas, G\u00fcney K\u0131br\u0131s\u2019ta bir \u015feylerin s\u00f6zde kalmamas\u0131, prati\u011fe d\u00f6k\u00fclmesi gerekti\u011fi tart\u0131\u015fmalar\u0131 \u00e7er\u00e7evesinde Yunanistan\u2019la ortak savunma sahas\u0131 doktrininin yeniden canlanmas\u0131ndan da s\u00f6z edildi\u011fi hat\u0131rlat\u0131ld\u0131\u011f\u0131nda \u201c\u00d6l\u00e7\u00fc s\u00f6zler de\u011fil eylemlerdir\u201d dedi, \u015funlar\u0131 ekledi:<\/p>\n<p>\u201cYunan Silahl\u0131 Kuvvetleri buradad\u0131r. Yunanistan\u2019\u0131n yak\u0131n m\u0131 uzak m\u0131 oldu\u011funu g\u00f6steren de\u011fere sahip siyasi bir eylemdir. Yunan F-16\u2019lar\u0131 g\u00fcnl\u00fck devriye g\u00f6revi yap\u0131yor ancak \u015fu ana kadar herhangi bir f\u00fcze imha etmelerine ya da \u0130HA d\u00fc\u015f\u00fcrmelerine gerek olmad\u0131. Ayn\u0131 \u015fey \u2019Kimon\u2019 ve \u2018Psara\u2019 f\u0131rkateynleri i\u00e7in de ge\u00e7erli. T\u00fcrk F-16\u2019lar\u0131 bizi endi\u015felendirmiyor. \u0130\u015fgali 52 y\u0131ld\u0131r ya\u015f\u0131yoruz.\u201d<\/p>\n<p>-\u201cNATO \u00fcyeli\u011finin \u00f6n\u00fcnde T\u00fcrkiye var, NATO\u2019nun bekleme salonu olan Bar\u0131\u015f \u0130\u00e7in Ortakl\u0131\u011fa ba\u015fvurulabilir\u201d<\/p>\n<p>Palmas, G\u00fcney K\u0131br\u0131s\u2019\u0131n AB\u2019ye \u00fcyeli\u011finden beri y\u00fcz\u00fcn\u00fc Bat\u0131\u2019ya d\u00f6nd\u00fc\u011f\u00fcn\u00fc, bunun ABD ve \u0130srail ile ili\u015fkilerin derinle\u015ftirilmesi ile g\u00fc\u00e7lendi\u011fini s\u00f6yledi. AB \u00fcyesi \u00fclkelerin b\u00fcy\u00fck b\u00f6l\u00fcm\u00fcn\u00fcn ayn\u0131 zamanda NATO \u00fcyesi oldu\u011funu, Rum y\u00f6netiminin de NATO\u2019ya girilmesi gerekti\u011fi y\u00f6n\u00fcnde karar\u0131 bulundu\u011funu s\u00f6yleyen Palmas \u201cAncak bu arzunun ger\u00e7ekle\u015fmesinin \u00f6n\u00fcnde, ba\u015fvuru yaparsak veto edece\u011fini s\u00f6yleyen T\u00fcrkiye engeli var.\u201d dedi. Rum y\u00f6netiminin, niyetini net olarak g\u00f6stermek i\u00e7in NATO\u2019ya \u00fcyelik ba\u015fvurusu yap\u0131p yapamayaca\u011f\u0131 sorusuna \u201cB\u00f6yle bir karar yok.\u201d kar\u015f\u0131l\u0131\u011f\u0131n\u0131 veren Palmas, ABD ve di\u011fer ortaklar\u0131n\u0131n veto kullanmamas\u0131 i\u00e7in T\u00fcrkiye\u2019ye bask\u0131 yap\u0131p yapamayaca\u011f\u0131 sorusuna \u201cO noktada oldu\u011fumuzu d\u00fc\u015f\u00fcnm\u00fcyorum.\u201d cevab\u0131n\u0131 verdi. Palmas NATO\u2019nun bekleme salonu olan \u201cBar\u0131\u015f \u0130\u00e7in Ortakl\u0131k\u201d kurumuna kat\u0131l\u0131m ba\u015fvurusu yap\u0131labilece\u011fini, bunun siyasi bir karar oldu\u011funu kaydetti.<\/p>\n<\/p>\n<div class=\"article-source py-3 small \">\n                <\/div>\n","protected":false},"excerpt":{"rendered":"<p>Rum Savunma Bakan\u0131 Vasilis Palmas K\u0131br\u0131s\u2019taki egemen \u0130ngiliz askeri \u00fcss\u00fc A\u011frotur\u2019a yap\u0131lan \u0130HA sald\u0131r\u0131s\u0131n\u0131n ard\u0131ndan \u201cCentauro\u201d ve bir ileri teknoloji \u0130HA-savar sistemi daha almak i\u00e7in Yunanistan ile isti\u015fare i\u00e7erisinde olduklar\u0131n\u0131 s\u00f6yledi. \u201cT\u00fcrkiye, G\u00fcney K\u0131br\u0131s\u2019a sald\u0131r\u0131rsa Yunanistan\u2019\u0131n kesin yard\u0131ma gelece\u011finden\u201d emin olan Palmas bug\u00fcn \u0130ran\u2019a kar\u015f\u0131 yanlar\u0131nda olan di\u011ferleri hakk\u0131nda kesin konu\u015fam\u0131yor. Palmas, haftal\u0131k Kathimerini\u2019nin \u201cMilli<\/p>\n","protected":false},"author":1,"featured_media":108322,"comment_status":"open","ping_status":"open","sticky":false,"template":"","format":"standard","meta":{"footnotes":""},"categories":[81],"tags":[],"class_list":["post-108321","post","type-post","status-publish","format-standard","has-post-thumbnail","hentry","category-kibris"],"yoast_head":"<!-- This site is optimized with the Yoast SEO plugin v27.5 - https:\/\/yoast.com\/product\/yoast-seo-wordpress\/ -->\n<title>PALMAS: T\u00dcRK\u0130YE SALDIRIRSA YUNAN\u0130STAN YANIMIZDA OLUR -<\/title>\n<meta name=\"robots\" content=\"index, follow, max-snippet:-1, max-image-preview:large, max-video-preview:-1\" \/>\n<link rel=\"canonical\" href=\"https:\/\/kibrisdakik.com\/?p=108321\" \/>\n<meta property=\"og:locale\" content=\"tr_TR\" \/>\n<meta property=\"og:type\" content=\"article\" \/>\n<meta property=\"og:title\" content=\"PALMAS: T\u00dcRK\u0130YE SALDIRIRSA YUNAN\u0130STAN YANIMIZDA OLUR -\" \/>\n<meta property=\"og:description\" content=\"Rum Savunma Bakan\u0131 Vasilis Palmas K\u0131br\u0131s\u2019taki egemen \u0130ngiliz askeri \u00fcss\u00fc A\u011frotur\u2019a yap\u0131lan \u0130HA sald\u0131r\u0131s\u0131n\u0131n ard\u0131ndan \u201cCentauro\u201d ve bir ileri teknoloji \u0130HA-savar sistemi daha almak i\u00e7in Yunanistan ile isti\u015fare i\u00e7erisinde olduklar\u0131n\u0131 s\u00f6yledi. \u201cT\u00fcrkiye, G\u00fcney K\u0131br\u0131s\u2019a sald\u0131r\u0131rsa Yunanistan\u2019\u0131n kesin yard\u0131ma gelece\u011finden\u201d emin olan Palmas bug\u00fcn \u0130ran\u2019a kar\u015f\u0131 yanlar\u0131nda olan di\u011ferleri hakk\u0131nda kesin konu\u015fam\u0131yor. Palmas, haftal\u0131k Kathimerini\u2019nin \u201cMilli\" \/>\n<meta property=\"og:url\" content=\"https:\/\/kibrisdakik.com\/?p=108321\" \/>\n<meta property=\"article:published_time\" content=\"2026-03-15T11:33:13+00:00\" \/>\n<meta property=\"og:image\" content=\"https:\/\/mhahabercom.teimg.com\/crop\/1280x720\/mhahaber-com\/uploads\/2026\/03\/mha-sari-beyaz-3905.png\" \/>\n<meta name=\"author\" content=\"admin\" \/>\n<meta name=\"twitter:card\" content=\"summary_large_image\" \/>\n<meta name=\"twitter:label1\" content=\"Yazan:\" \/>\n\t<meta name=\"twitter:data1\" content=\"admin\" \/>\n\t<meta name=\"twitter:label2\" content=\"Tahmini okuma s\u00fcresi\" \/>\n\t<meta name=\"twitter:data2\" content=\"7 dakika\" \/>\n<script type=\"application\/ld+json\" class=\"yoast-schema-graph\">{\"@context\":\"https:\\\/\\\/schema.org\",\"@graph\":[{\"@type\":\"Article\",\"@id\":\"https:\\\/\\\/kibrisdakik.com\\\/?p=108321#article\",\"isPartOf\":{\"@id\":\"https:\\\/\\\/kibrisdakik.com\\\/?p=108321\"},\"author\":{\"name\":\"admin\",\"@id\":\"https:\\\/\\\/kibrisdakik.com\\\/#\\\/schema\\\/person\\\/9cd9d437bbb44f72b73ba127e06d8e79\"},\"headline\":\"PALMAS: T\u00dcRK\u0130YE SALDIRIRSA YUNAN\u0130STAN YANIMIZDA OLUR\",\"datePublished\":\"2026-03-15T11:33:13+00:00\",\"mainEntityOfPage\":{\"@id\":\"https:\\\/\\\/kibrisdakik.com\\\/?p=108321\"},\"wordCount\":1492,\"commentCount\":0,\"image\":{\"@id\":\"https:\\\/\\\/kibrisdakik.com\\\/?p=108321#primaryimage\"},\"thumbnailUrl\":\"https:\\\/\\\/kibrisdakik.com\\\/wp-content\\\/uploads\\\/2026\\\/03\\\/mha-sari-beyaz-3905.png\",\"articleSection\":[\"K\u0131br\u0131s\"],\"inLanguage\":\"tr\",\"potentialAction\":[{\"@type\":\"CommentAction\",\"name\":\"Comment\",\"target\":[\"https:\\\/\\\/kibrisdakik.com\\\/?p=108321#respond\"]}]},{\"@type\":\"WebPage\",\"@id\":\"https:\\\/\\\/kibrisdakik.com\\\/?p=108321\",\"url\":\"https:\\\/\\\/kibrisdakik.com\\\/?p=108321\",\"name\":\"PALMAS: T\u00dcRK\u0130YE SALDIRIRSA YUNAN\u0130STAN YANIMIZDA OLUR -\",\"isPartOf\":{\"@id\":\"https:\\\/\\\/kibrisdakik.com\\\/#website\"},\"primaryImageOfPage\":{\"@id\":\"https:\\\/\\\/kibrisdakik.com\\\/?p=108321#primaryimage\"},\"image\":{\"@id\":\"https:\\\/\\\/kibrisdakik.com\\\/?p=108321#primaryimage\"},\"thumbnailUrl\":\"https:\\\/\\\/kibrisdakik.com\\\/wp-content\\\/uploads\\\/2026\\\/03\\\/mha-sari-beyaz-3905.png\",\"datePublished\":\"2026-03-15T11:33:13+00:00\",\"author\":{\"@id\":\"https:\\\/\\\/kibrisdakik.com\\\/#\\\/schema\\\/person\\\/9cd9d437bbb44f72b73ba127e06d8e79\"},\"breadcrumb\":{\"@id\":\"https:\\\/\\\/kibrisdakik.com\\\/?p=108321#breadcrumb\"},\"inLanguage\":\"tr\",\"potentialAction\":[{\"@type\":\"ReadAction\",\"target\":[\"https:\\\/\\\/kibrisdakik.com\\\/?p=108321\"]}]},{\"@type\":\"ImageObject\",\"inLanguage\":\"tr\",\"@id\":\"https:\\\/\\\/kibrisdakik.com\\\/?p=108321#primaryimage\",\"url\":\"https:\\\/\\\/kibrisdakik.com\\\/wp-content\\\/uploads\\\/2026\\\/03\\\/mha-sari-beyaz-3905.png\",\"contentUrl\":\"https:\\\/\\\/kibrisdakik.com\\\/wp-content\\\/uploads\\\/2026\\\/03\\\/mha-sari-beyaz-3905.png\",\"width\":1280,\"height\":720},{\"@type\":\"BreadcrumbList\",\"@id\":\"https:\\\/\\\/kibrisdakik.com\\\/?p=108321#breadcrumb\",\"itemListElement\":[{\"@type\":\"ListItem\",\"position\":1,\"name\":\"Home\",\"item\":\"https:\\\/\\\/kibrisdakik.com\\\/\"},{\"@type\":\"ListItem\",\"position\":2,\"name\":\"PALMAS: T\u00dcRK\u0130YE SALDIRIRSA YUNAN\u0130STAN YANIMIZDA OLUR\"}]},{\"@type\":\"WebSite\",\"@id\":\"https:\\\/\\\/kibrisdakik.com\\\/#website\",\"url\":\"https:\\\/\\\/kibrisdakik.com\\\/\",\"name\":\"\",\"description\":\"Tam vaktinde haber\",\"potentialAction\":[{\"@type\":\"SearchAction\",\"target\":{\"@type\":\"EntryPoint\",\"urlTemplate\":\"https:\\\/\\\/kibrisdakik.com\\\/?s={search_term_string}\"},\"query-input\":{\"@type\":\"PropertyValueSpecification\",\"valueRequired\":true,\"valueName\":\"search_term_string\"}}],\"inLanguage\":\"tr\"},{\"@type\":\"Person\",\"@id\":\"https:\\\/\\\/kibrisdakik.com\\\/#\\\/schema\\\/person\\\/9cd9d437bbb44f72b73ba127e06d8e79\",\"name\":\"admin\",\"image\":{\"@type\":\"ImageObject\",\"inLanguage\":\"tr\",\"@id\":\"https:\\\/\\\/secure.gravatar.com\\\/avatar\\\/ccc17943b9d660506c869530f897617f7cb1c21a4bf30023f252596d83e1f007?s=96&d=mm&r=g\",\"url\":\"https:\\\/\\\/secure.gravatar.com\\\/avatar\\\/ccc17943b9d660506c869530f897617f7cb1c21a4bf30023f252596d83e1f007?s=96&d=mm&r=g\",\"contentUrl\":\"https:\\\/\\\/secure.gravatar.com\\\/avatar\\\/ccc17943b9d660506c869530f897617f7cb1c21a4bf30023f252596d83e1f007?s=96&d=mm&r=g\",\"caption\":\"admin\"},\"sameAs\":[\"https:\\\/\\\/kibrisdakik.com\"],\"url\":\"https:\\\/\\\/kibrisdakik.com\\\/?author=1\"}]}<\/script>\n<!-- \/ Yoast SEO plugin. -->","yoast_head_json":{"title":"PALMAS: T\u00dcRK\u0130YE SALDIRIRSA YUNAN\u0130STAN YANIMIZDA OLUR -","robots":{"index":"index","follow":"follow","max-snippet":"max-snippet:-1","max-image-preview":"max-image-preview:large","max-video-preview":"max-video-preview:-1"},"canonical":"https:\/\/kibrisdakik.com\/?p=108321","og_locale":"tr_TR","og_type":"article","og_title":"PALMAS: T\u00dcRK\u0130YE SALDIRIRSA YUNAN\u0130STAN YANIMIZDA OLUR -","og_description":"Rum Savunma Bakan\u0131 Vasilis Palmas K\u0131br\u0131s\u2019taki egemen \u0130ngiliz askeri \u00fcss\u00fc A\u011frotur\u2019a yap\u0131lan \u0130HA sald\u0131r\u0131s\u0131n\u0131n ard\u0131ndan \u201cCentauro\u201d ve bir ileri teknoloji \u0130HA-savar sistemi daha almak i\u00e7in Yunanistan ile isti\u015fare i\u00e7erisinde olduklar\u0131n\u0131 s\u00f6yledi. \u201cT\u00fcrkiye, G\u00fcney K\u0131br\u0131s\u2019a sald\u0131r\u0131rsa Yunanistan\u2019\u0131n kesin yard\u0131ma gelece\u011finden\u201d emin olan Palmas bug\u00fcn \u0130ran\u2019a kar\u015f\u0131 yanlar\u0131nda olan di\u011ferleri hakk\u0131nda kesin konu\u015fam\u0131yor. Palmas, haftal\u0131k Kathimerini\u2019nin \u201cMilli","og_url":"https:\/\/kibrisdakik.com\/?p=108321","article_published_time":"2026-03-15T11:33:13+00:00","og_image":[{"url":"https:\/\/mhahabercom.teimg.com\/crop\/1280x720\/mhahaber-com\/uploads\/2026\/03\/mha-sari-beyaz-3905.png","type":"","width":"","height":""}],"author":"admin","twitter_card":"summary_large_image","twitter_misc":{"Yazan:":"admin","Tahmini okuma s\u00fcresi":"7 dakika"},"schema":{"@context":"https:\/\/schema.org","@graph":[{"@type":"Article","@id":"https:\/\/kibrisdakik.com\/?p=108321#article","isPartOf":{"@id":"https:\/\/kibrisdakik.com\/?p=108321"},"author":{"name":"admin","@id":"https:\/\/kibrisdakik.com\/#\/schema\/person\/9cd9d437bbb44f72b73ba127e06d8e79"},"headline":"PALMAS: T\u00dcRK\u0130YE SALDIRIRSA YUNAN\u0130STAN YANIMIZDA OLUR","datePublished":"2026-03-15T11:33:13+00:00","mainEntityOfPage":{"@id":"https:\/\/kibrisdakik.com\/?p=108321"},"wordCount":1492,"commentCount":0,"image":{"@id":"https:\/\/kibrisdakik.com\/?p=108321#primaryimage"},"thumbnailUrl":"https:\/\/kibrisdakik.com\/wp-content\/uploads\/2026\/03\/mha-sari-beyaz-3905.png","articleSection":["K\u0131br\u0131s"],"inLanguage":"tr","potentialAction":[{"@type":"CommentAction","name":"Comment","target":["https:\/\/kibrisdakik.com\/?p=108321#respond"]}]},{"@type":"WebPage","@id":"https:\/\/kibrisdakik.com\/?p=108321","url":"https:\/\/kibrisdakik.com\/?p=108321","name":"PALMAS: T\u00dcRK\u0130YE SALDIRIRSA YUNAN\u0130STAN YANIMIZDA OLUR -","isPartOf":{"@id":"https:\/\/kibrisdakik.com\/#website"},"primaryImageOfPage":{"@id":"https:\/\/kibrisdakik.com\/?p=108321#primaryimage"},"image":{"@id":"https:\/\/kibrisdakik.com\/?p=108321#primaryimage"},"thumbnailUrl":"https:\/\/kibrisdakik.com\/wp-content\/uploads\/2026\/03\/mha-sari-beyaz-3905.png","datePublished":"2026-03-15T11:33:13+00:00","author":{"@id":"https:\/\/kibrisdakik.com\/#\/schema\/person\/9cd9d437bbb44f72b73ba127e06d8e79"},"breadcrumb":{"@id":"https:\/\/kibrisdakik.com\/?p=108321#breadcrumb"},"inLanguage":"tr","potentialAction":[{"@type":"ReadAction","target":["https:\/\/kibrisdakik.com\/?p=108321"]}]},{"@type":"ImageObject","inLanguage":"tr","@id":"https:\/\/kibrisdakik.com\/?p=108321#primaryimage","url":"https:\/\/kibrisdakik.com\/wp-content\/uploads\/2026\/03\/mha-sari-beyaz-3905.png","contentUrl":"https:\/\/kibrisdakik.com\/wp-content\/uploads\/2026\/03\/mha-sari-beyaz-3905.png","width":1280,"height":720},{"@type":"BreadcrumbList","@id":"https:\/\/kibrisdakik.com\/?p=108321#breadcrumb","itemListElement":[{"@type":"ListItem","position":1,"name":"Home","item":"https:\/\/kibrisdakik.com\/"},{"@type":"ListItem","position":2,"name":"PALMAS: T\u00dcRK\u0130YE SALDIRIRSA YUNAN\u0130STAN YANIMIZDA OLUR"}]},{"@type":"WebSite","@id":"https:\/\/kibrisdakik.com\/#website","url":"https:\/\/kibrisdakik.com\/","name":"","description":"Tam vaktinde haber","potentialAction":[{"@type":"SearchAction","target":{"@type":"EntryPoint","urlTemplate":"https:\/\/kibrisdakik.com\/?s={search_term_string}"},"query-input":{"@type":"PropertyValueSpecification","valueRequired":true,"valueName":"search_term_string"}}],"inLanguage":"tr"},{"@type":"Person","@id":"https:\/\/kibrisdakik.com\/#\/schema\/person\/9cd9d437bbb44f72b73ba127e06d8e79","name":"admin","image":{"@type":"ImageObject","inLanguage":"tr","@id":"https:\/\/secure.gravatar.com\/avatar\/ccc17943b9d660506c869530f897617f7cb1c21a4bf30023f252596d83e1f007?s=96&d=mm&r=g","url":"https:\/\/secure.gravatar.com\/avatar\/ccc17943b9d660506c869530f897617f7cb1c21a4bf30023f252596d83e1f007?s=96&d=mm&r=g","contentUrl":"https:\/\/secure.gravatar.com\/avatar\/ccc17943b9d660506c869530f897617f7cb1c21a4bf30023f252596d83e1f007?s=96&d=mm&r=g","caption":"admin"},"sameAs":["https:\/\/kibrisdakik.com"],"url":"https:\/\/kibrisdakik.com\/?author=1"}]}},"_links":{"self":[{"href":"https:\/\/kibrisdakik.com\/index.php?rest_route=\/wp\/v2\/posts\/108321","targetHints":{"allow":["GET"]}}],"collection":[{"href":"https:\/\/kibrisdakik.com\/index.php?rest_route=\/wp\/v2\/posts"}],"about":[{"href":"https:\/\/kibrisdakik.com\/index.php?rest_route=\/wp\/v2\/types\/post"}],"author":[{"embeddable":true,"href":"https:\/\/kibrisdakik.com\/index.php?rest_route=\/wp\/v2\/users\/1"}],"replies":[{"embeddable":true,"href":"https:\/\/kibrisdakik.com\/index.php?rest_route=%2Fwp%2Fv2%2Fcomments&post=108321"}],"version-history":[{"count":0,"href":"https:\/\/kibrisdakik.com\/index.php?rest_route=\/wp\/v2\/posts\/108321\/revisions"}],"wp:featuredmedia":[{"embeddable":true,"href":"https:\/\/kibrisdakik.com\/index.php?rest_route=\/wp\/v2\/media\/108322"}],"wp:attachment":[{"href":"https:\/\/kibrisdakik.com\/index.php?rest_route=%2Fwp%2Fv2%2Fmedia&parent=108321"}],"wp:term":[{"taxonomy":"category","embeddable":true,"href":"https:\/\/kibrisdakik.com\/index.php?rest_route=%2Fwp%2Fv2%2Fcategories&post=108321"},{"taxonomy":"post_tag","embeddable":true,"href":"https:\/\/kibrisdakik.com\/index.php?rest_route=%2Fwp%2Fv2%2Ftags&post=108321"}],"curies":[{"name":"wp","href":"https:\/\/api.w.org\/{rel}","templated":true}]}}