{"id":10912,"date":"2023-07-22T14:55:03","date_gmt":"2023-07-22T14:55:03","guid":{"rendered":"https:\/\/kibrisdakik.com\/index.php\/2023\/07\/22\/hayriye-kaya-gozyaslariyla-son-yolculuguna-ugurlandi\/"},"modified":"2023-07-22T14:55:03","modified_gmt":"2023-07-22T14:55:03","slug":"hayriye-kaya-gozyaslariyla-son-yolculuguna-ugurlandi","status":"publish","type":"post","link":"https:\/\/kibrisdakik.com\/?p=10912","title":{"rendered":"Hayriye Kaya g\u00f6zya\u015flar\u0131yla son yolculu\u011funa u\u011furland\u0131"},"content":{"rendered":"<p><\/p>\n<div>\n<div class=\"mariselle-image-container center\">\n                <img width=\"1600\" height=\"1200\" class=\"lazy-image\" alt=\"\" decoding=\"async\" loading=\"lazy\" sizes=\"auto, (max-width: 1600px) 100vw, 1600px\" src=\"https:\/\/brtk.net\/wp-content\/uploads\/2023\/07\/22\/hayriye-kaya-cenaze-toreni-1.jpeg.jpg?ver=429e15340782766271b16437fee08c8e\" srcset=\"https:\/\/brtk.net\/wp-content\/uploads\/2023\/07\/22\/hayriye-kaya-cenaze-toreni-1.jpeg.jpg?ver=429e15340782766271b16437fee08c8e 1600w, https:\/\/brtk.net\/wp-content\/uploads\/2023\/07\/22\/hayriye-kaya-cenaze-toreni-1.jpeg-300x225.jpg?ver=f616f35896bde1ccfda65e934a962676 300w, https:\/\/brtk.net\/wp-content\/uploads\/2023\/07\/22\/hayriye-kaya-cenaze-toreni-1.jpeg-1024x768.jpg?ver=f616f35896bde1ccfda65e934a962676 1024w, https:\/\/brtk.net\/wp-content\/uploads\/2023\/07\/22\/hayriye-kaya-cenaze-toreni-1.jpeg-768x576.jpg?ver=f616f35896bde1ccfda65e934a962676 768w, https:\/\/brtk.net\/wp-content\/uploads\/2023\/07\/22\/hayriye-kaya-cenaze-toreni-1.jpeg-1536x1152.jpg?ver=3f0371985e1fa4448e8f71531915d0c7 1536w\"\/>                            <\/div>\n<p>Hayat\u0131n\u0131 bu sabah kaybeden emekli T\u00fcrk Ajans\u0131 K\u0131br\u0131s (TAK) personeli Hayriye Kaya, do\u011fup b\u00fcy\u00fcd\u00fc\u011f\u00fc k\u00f6y\u00fc Hisark\u00f6y\u2019de son yolculu\u011funa u\u011furland\u0131.<\/p>\n<p>Kaya, Hisark\u00f6y Camii\u2019nde \u00f6\u011fle namaz\u0131n\u0131n ard\u0131ndan k\u0131l\u0131nan cenaze namaz\u0131 sonras\u0131nda g\u00f6zya\u015flar\u0131yla Hisark\u00f6y Mezarl\u0131\u011f\u0131\u2019na defnedildi.<\/p>\n<p>Cenaze t\u00f6renine Cumhurba\u015fkan\u0131 <a href=\"https:\/\/brtk.net\/\" target=\"_blank\" rel=\"noopener\">Ersin Tatar<\/a>, G\u00fcvenlik Kuvvetleri Komutan\u0131 T\u00fcmgeneral Zorlu Topalo\u011flu, TAK M\u00fcd\u00fcr\u00fc Fehmi G\u00fcrdall\u0131, polis temsilcileri, TAK personeli, merhumun akraba ve dostlar\u0131 ve k\u00f6yl\u00fcler kat\u0131ld\u0131.<\/p>\n<p>54 ya\u015f\u0131nda hayat\u0131n\u0131 kaybeden Hayriye Kaya, 33 y\u0131l boyunca TAK\u2019a hizmet vermi\u015f ve ge\u00e7ti\u011fimiz nisan ay\u0131nda ba\u015fkatiplikten emekliye ayr\u0131lm\u0131\u015ft\u0131.<\/p>\n<\/p><\/div>\n<p><script async\n                    defer\n                    crossorigin=\"anonymous\"\n                    src=\"https:\/\/connect.facebook.net\/tr_TR\/sdk.js#xfbml=1&#038;version=v3.3\"\n            ><\/script><\/p>\n","protected":false},"excerpt":{"rendered":"<p>Hayat\u0131n\u0131 bu sabah kaybeden emekli T\u00fcrk Ajans\u0131 K\u0131br\u0131s (TAK) personeli Hayriye Kaya, do\u011fup b\u00fcy\u00fcd\u00fc\u011f\u00fc k\u00f6y\u00fc Hisark\u00f6y\u2019de son yolculu\u011funa u\u011furland\u0131. Kaya, Hisark\u00f6y Camii\u2019nde \u00f6\u011fle namaz\u0131n\u0131n ard\u0131ndan k\u0131l\u0131nan cenaze namaz\u0131 sonras\u0131nda g\u00f6zya\u015flar\u0131yla Hisark\u00f6y Mezarl\u0131\u011f\u0131\u2019na defnedildi. Cenaze t\u00f6renine Cumhurba\u015fkan\u0131 Ersin Tatar, G\u00fcvenlik Kuvvetleri Komutan\u0131 T\u00fcmgeneral Zorlu Topalo\u011flu, TAK M\u00fcd\u00fcr\u00fc Fehmi G\u00fcrdall\u0131, polis temsilcileri, TAK personeli, merhumun akraba ve<\/p>\n","protected":false},"author":1,"featured_media":10913,"comment_status":"open","ping_status":"open","sticky":false,"template":"","format":"standard","meta":{"footnotes":""},"categories":[1],"tags":[],"class_list":["post-10912","post","type-post","status-publish","format-standard","has-post-thumbnail","hentry","category-gundem"],"yoast_head":"<!-- This site is optimized with the Yoast SEO plugin v27.4 - https:\/\/yoast.com\/product\/yoast-seo-wordpress\/ -->\n<title>Hayriye Kaya g\u00f6zya\u015flar\u0131yla son yolculu\u011funa u\u011furland\u0131 -<\/title>\n<meta name=\"robots\" content=\"index, follow, max-snippet:-1, max-image-preview:large, max-video-preview:-1\" \/>\n<link rel=\"canonical\" href=\"https:\/\/kibrisdakik.com\/?p=10912\" \/>\n<meta property=\"og:locale\" content=\"tr_TR\" \/>\n<meta property=\"og:type\" content=\"article\" \/>\n<meta property=\"og:title\" content=\"Hayriye Kaya g\u00f6zya\u015flar\u0131yla son yolculu\u011funa u\u011furland\u0131 -\" \/>\n<meta property=\"og:description\" content=\"Hayat\u0131n\u0131 bu sabah kaybeden emekli T\u00fcrk Ajans\u0131 K\u0131br\u0131s (TAK) personeli Hayriye Kaya, do\u011fup b\u00fcy\u00fcd\u00fc\u011f\u00fc k\u00f6y\u00fc Hisark\u00f6y\u2019de son yolculu\u011funa u\u011furland\u0131. Kaya, Hisark\u00f6y Camii\u2019nde \u00f6\u011fle namaz\u0131n\u0131n ard\u0131ndan k\u0131l\u0131nan cenaze namaz\u0131 sonras\u0131nda g\u00f6zya\u015flar\u0131yla Hisark\u00f6y Mezarl\u0131\u011f\u0131\u2019na defnedildi. Cenaze t\u00f6renine Cumhurba\u015fkan\u0131 Ersin Tatar, G\u00fcvenlik Kuvvetleri Komutan\u0131 T\u00fcmgeneral Zorlu Topalo\u011flu, TAK M\u00fcd\u00fcr\u00fc Fehmi G\u00fcrdall\u0131, polis temsilcileri, TAK personeli, merhumun akraba ve\" \/>\n<meta property=\"og:url\" content=\"https:\/\/kibrisdakik.com\/?p=10912\" \/>\n<meta property=\"article:published_time\" content=\"2023-07-22T14:55:03+00:00\" \/>\n<meta property=\"og:image\" content=\"https:\/\/kibrisdakik.com\/wp-content\/uploads\/2023\/07\/hayriye-kaya-cenaze-toreni-1.jpeg-740x420.jpg\" \/>\n\t<meta property=\"og:image:width\" content=\"1600\" \/>\n\t<meta property=\"og:image:height\" content=\"1200\" \/>\n\t<meta property=\"og:image:type\" content=\"image\/jpeg\" \/>\n<meta name=\"author\" content=\"admin\" \/>\n<meta name=\"twitter:card\" content=\"summary_large_image\" \/>\n<meta name=\"twitter:label1\" content=\"Yazan:\" \/>\n\t<meta name=\"twitter:data1\" content=\"admin\" \/>\n\t<meta name=\"twitter:label2\" content=\"Tahmini okuma s\u00fcresi\" \/>\n\t<meta name=\"twitter:data2\" content=\"1 dakika\" \/>\n<script type=\"application\/ld+json\" class=\"yoast-schema-graph\">{\"@context\":\"https:\\\/\\\/schema.org\",\"@graph\":[{\"@type\":\"Article\",\"@id\":\"https:\\\/\\\/kibrisdakik.com\\\/?p=10912#article\",\"isPartOf\":{\"@id\":\"https:\\\/\\\/kibrisdakik.com\\\/?p=10912\"},\"author\":{\"name\":\"admin\",\"@id\":\"https:\\\/\\\/kibrisdakik.com\\\/#\\\/schema\\\/person\\\/9cd9d437bbb44f72b73ba127e06d8e79\"},\"headline\":\"Hayriye Kaya g\u00f6zya\u015flar\u0131yla son yolculu\u011funa u\u011furland\u0131\",\"datePublished\":\"2023-07-22T14:55:03+00:00\",\"mainEntityOfPage\":{\"@id\":\"https:\\\/\\\/kibrisdakik.com\\\/?p=10912\"},\"wordCount\":133,\"commentCount\":0,\"image\":{\"@id\":\"https:\\\/\\\/kibrisdakik.com\\\/?p=10912#primaryimage\"},\"thumbnailUrl\":\"https:\\\/\\\/kibrisdakik.com\\\/wp-content\\\/uploads\\\/2023\\\/07\\\/hayriye-kaya-cenaze-toreni-1.jpeg-740x420.jpg\",\"articleSection\":[\"G\u00fcndem\"],\"inLanguage\":\"tr\",\"potentialAction\":[{\"@type\":\"CommentAction\",\"name\":\"Comment\",\"target\":[\"https:\\\/\\\/kibrisdakik.com\\\/?p=10912#respond\"]}]},{\"@type\":\"WebPage\",\"@id\":\"https:\\\/\\\/kibrisdakik.com\\\/?p=10912\",\"url\":\"https:\\\/\\\/kibrisdakik.com\\\/?p=10912\",\"name\":\"Hayriye Kaya g\u00f6zya\u015flar\u0131yla son yolculu\u011funa u\u011furland\u0131 -\",\"isPartOf\":{\"@id\":\"https:\\\/\\\/kibrisdakik.com\\\/#website\"},\"primaryImageOfPage\":{\"@id\":\"https:\\\/\\\/kibrisdakik.com\\\/?p=10912#primaryimage\"},\"image\":{\"@id\":\"https:\\\/\\\/kibrisdakik.com\\\/?p=10912#primaryimage\"},\"thumbnailUrl\":\"https:\\\/\\\/kibrisdakik.com\\\/wp-content\\\/uploads\\\/2023\\\/07\\\/hayriye-kaya-cenaze-toreni-1.jpeg-740x420.jpg\",\"datePublished\":\"2023-07-22T14:55:03+00:00\",\"author\":{\"@id\":\"https:\\\/\\\/kibrisdakik.com\\\/#\\\/schema\\\/person\\\/9cd9d437bbb44f72b73ba127e06d8e79\"},\"breadcrumb\":{\"@id\":\"https:\\\/\\\/kibrisdakik.com\\\/?p=10912#breadcrumb\"},\"inLanguage\":\"tr\",\"potentialAction\":[{\"@type\":\"ReadAction\",\"target\":[\"https:\\\/\\\/kibrisdakik.com\\\/?p=10912\"]}]},{\"@type\":\"ImageObject\",\"inLanguage\":\"tr\",\"@id\":\"https:\\\/\\\/kibrisdakik.com\\\/?p=10912#primaryimage\",\"url\":\"https:\\\/\\\/kibrisdakik.com\\\/wp-content\\\/uploads\\\/2023\\\/07\\\/hayriye-kaya-cenaze-toreni-1.jpeg-740x420.jpg\",\"contentUrl\":\"https:\\\/\\\/kibrisdakik.com\\\/wp-content\\\/uploads\\\/2023\\\/07\\\/hayriye-kaya-cenaze-toreni-1.jpeg-740x420.jpg\",\"width\":1600,\"height\":1200},{\"@type\":\"BreadcrumbList\",\"@id\":\"https:\\\/\\\/kibrisdakik.com\\\/?p=10912#breadcrumb\",\"itemListElement\":[{\"@type\":\"ListItem\",\"position\":1,\"name\":\"Home\",\"item\":\"https:\\\/\\\/kibrisdakik.com\\\/\"},{\"@type\":\"ListItem\",\"position\":2,\"name\":\"Hayriye Kaya g\u00f6zya\u015flar\u0131yla son yolculu\u011funa u\u011furland\u0131\"}]},{\"@type\":\"WebSite\",\"@id\":\"https:\\\/\\\/kibrisdakik.com\\\/#website\",\"url\":\"https:\\\/\\\/kibrisdakik.com\\\/\",\"name\":\"\",\"description\":\"Tam vaktinde haber\",\"potentialAction\":[{\"@type\":\"SearchAction\",\"target\":{\"@type\":\"EntryPoint\",\"urlTemplate\":\"https:\\\/\\\/kibrisdakik.com\\\/?s={search_term_string}\"},\"query-input\":{\"@type\":\"PropertyValueSpecification\",\"valueRequired\":true,\"valueName\":\"search_term_string\"}}],\"inLanguage\":\"tr\"},{\"@type\":\"Person\",\"@id\":\"https:\\\/\\\/kibrisdakik.com\\\/#\\\/schema\\\/person\\\/9cd9d437bbb44f72b73ba127e06d8e79\",\"name\":\"admin\",\"image\":{\"@type\":\"ImageObject\",\"inLanguage\":\"tr\",\"@id\":\"https:\\\/\\\/secure.gravatar.com\\\/avatar\\\/ccc17943b9d660506c869530f897617f7cb1c21a4bf30023f252596d83e1f007?s=96&d=mm&r=g\",\"url\":\"https:\\\/\\\/secure.gravatar.com\\\/avatar\\\/ccc17943b9d660506c869530f897617f7cb1c21a4bf30023f252596d83e1f007?s=96&d=mm&r=g\",\"contentUrl\":\"https:\\\/\\\/secure.gravatar.com\\\/avatar\\\/ccc17943b9d660506c869530f897617f7cb1c21a4bf30023f252596d83e1f007?s=96&d=mm&r=g\",\"caption\":\"admin\"},\"sameAs\":[\"https:\\\/\\\/kibrisdakik.com\"],\"url\":\"https:\\\/\\\/kibrisdakik.com\\\/?author=1\"}]}<\/script>\n<!-- \/ Yoast SEO plugin. -->","yoast_head_json":{"title":"Hayriye Kaya g\u00f6zya\u015flar\u0131yla son yolculu\u011funa u\u011furland\u0131 -","robots":{"index":"index","follow":"follow","max-snippet":"max-snippet:-1","max-image-preview":"max-image-preview:large","max-video-preview":"max-video-preview:-1"},"canonical":"https:\/\/kibrisdakik.com\/?p=10912","og_locale":"tr_TR","og_type":"article","og_title":"Hayriye Kaya g\u00f6zya\u015flar\u0131yla son yolculu\u011funa u\u011furland\u0131 -","og_description":"Hayat\u0131n\u0131 bu sabah kaybeden emekli T\u00fcrk Ajans\u0131 K\u0131br\u0131s (TAK) personeli Hayriye Kaya, do\u011fup b\u00fcy\u00fcd\u00fc\u011f\u00fc k\u00f6y\u00fc Hisark\u00f6y\u2019de son yolculu\u011funa u\u011furland\u0131. Kaya, Hisark\u00f6y Camii\u2019nde \u00f6\u011fle namaz\u0131n\u0131n ard\u0131ndan k\u0131l\u0131nan cenaze namaz\u0131 sonras\u0131nda g\u00f6zya\u015flar\u0131yla Hisark\u00f6y Mezarl\u0131\u011f\u0131\u2019na defnedildi. Cenaze t\u00f6renine Cumhurba\u015fkan\u0131 Ersin Tatar, G\u00fcvenlik Kuvvetleri Komutan\u0131 T\u00fcmgeneral Zorlu Topalo\u011flu, TAK M\u00fcd\u00fcr\u00fc Fehmi G\u00fcrdall\u0131, polis temsilcileri, TAK personeli, merhumun akraba ve","og_url":"https:\/\/kibrisdakik.com\/?p=10912","article_published_time":"2023-07-22T14:55:03+00:00","og_image":[{"width":1600,"height":1200,"url":"https:\/\/kibrisdakik.com\/wp-content\/uploads\/2023\/07\/hayriye-kaya-cenaze-toreni-1.jpeg-740x420.jpg","type":"image\/jpeg"}],"author":"admin","twitter_card":"summary_large_image","twitter_misc":{"Yazan:":"admin","Tahmini okuma s\u00fcresi":"1 dakika"},"schema":{"@context":"https:\/\/schema.org","@graph":[{"@type":"Article","@id":"https:\/\/kibrisdakik.com\/?p=10912#article","isPartOf":{"@id":"https:\/\/kibrisdakik.com\/?p=10912"},"author":{"name":"admin","@id":"https:\/\/kibrisdakik.com\/#\/schema\/person\/9cd9d437bbb44f72b73ba127e06d8e79"},"headline":"Hayriye Kaya g\u00f6zya\u015flar\u0131yla son yolculu\u011funa u\u011furland\u0131","datePublished":"2023-07-22T14:55:03+00:00","mainEntityOfPage":{"@id":"https:\/\/kibrisdakik.com\/?p=10912"},"wordCount":133,"commentCount":0,"image":{"@id":"https:\/\/kibrisdakik.com\/?p=10912#primaryimage"},"thumbnailUrl":"https:\/\/kibrisdakik.com\/wp-content\/uploads\/2023\/07\/hayriye-kaya-cenaze-toreni-1.jpeg-740x420.jpg","articleSection":["G\u00fcndem"],"inLanguage":"tr","potentialAction":[{"@type":"CommentAction","name":"Comment","target":["https:\/\/kibrisdakik.com\/?p=10912#respond"]}]},{"@type":"WebPage","@id":"https:\/\/kibrisdakik.com\/?p=10912","url":"https:\/\/kibrisdakik.com\/?p=10912","name":"Hayriye Kaya g\u00f6zya\u015flar\u0131yla son yolculu\u011funa u\u011furland\u0131 -","isPartOf":{"@id":"https:\/\/kibrisdakik.com\/#website"},"primaryImageOfPage":{"@id":"https:\/\/kibrisdakik.com\/?p=10912#primaryimage"},"image":{"@id":"https:\/\/kibrisdakik.com\/?p=10912#primaryimage"},"thumbnailUrl":"https:\/\/kibrisdakik.com\/wp-content\/uploads\/2023\/07\/hayriye-kaya-cenaze-toreni-1.jpeg-740x420.jpg","datePublished":"2023-07-22T14:55:03+00:00","author":{"@id":"https:\/\/kibrisdakik.com\/#\/schema\/person\/9cd9d437bbb44f72b73ba127e06d8e79"},"breadcrumb":{"@id":"https:\/\/kibrisdakik.com\/?p=10912#breadcrumb"},"inLanguage":"tr","potentialAction":[{"@type":"ReadAction","target":["https:\/\/kibrisdakik.com\/?p=10912"]}]},{"@type":"ImageObject","inLanguage":"tr","@id":"https:\/\/kibrisdakik.com\/?p=10912#primaryimage","url":"https:\/\/kibrisdakik.com\/wp-content\/uploads\/2023\/07\/hayriye-kaya-cenaze-toreni-1.jpeg-740x420.jpg","contentUrl":"https:\/\/kibrisdakik.com\/wp-content\/uploads\/2023\/07\/hayriye-kaya-cenaze-toreni-1.jpeg-740x420.jpg","width":1600,"height":1200},{"@type":"BreadcrumbList","@id":"https:\/\/kibrisdakik.com\/?p=10912#breadcrumb","itemListElement":[{"@type":"ListItem","position":1,"name":"Home","item":"https:\/\/kibrisdakik.com\/"},{"@type":"ListItem","position":2,"name":"Hayriye Kaya g\u00f6zya\u015flar\u0131yla son yolculu\u011funa u\u011furland\u0131"}]},{"@type":"WebSite","@id":"https:\/\/kibrisdakik.com\/#website","url":"https:\/\/kibrisdakik.com\/","name":"","description":"Tam vaktinde haber","potentialAction":[{"@type":"SearchAction","target":{"@type":"EntryPoint","urlTemplate":"https:\/\/kibrisdakik.com\/?s={search_term_string}"},"query-input":{"@type":"PropertyValueSpecification","valueRequired":true,"valueName":"search_term_string"}}],"inLanguage":"tr"},{"@type":"Person","@id":"https:\/\/kibrisdakik.com\/#\/schema\/person\/9cd9d437bbb44f72b73ba127e06d8e79","name":"admin","image":{"@type":"ImageObject","inLanguage":"tr","@id":"https:\/\/secure.gravatar.com\/avatar\/ccc17943b9d660506c869530f897617f7cb1c21a4bf30023f252596d83e1f007?s=96&d=mm&r=g","url":"https:\/\/secure.gravatar.com\/avatar\/ccc17943b9d660506c869530f897617f7cb1c21a4bf30023f252596d83e1f007?s=96&d=mm&r=g","contentUrl":"https:\/\/secure.gravatar.com\/avatar\/ccc17943b9d660506c869530f897617f7cb1c21a4bf30023f252596d83e1f007?s=96&d=mm&r=g","caption":"admin"},"sameAs":["https:\/\/kibrisdakik.com"],"url":"https:\/\/kibrisdakik.com\/?author=1"}]}},"_links":{"self":[{"href":"https:\/\/kibrisdakik.com\/index.php?rest_route=\/wp\/v2\/posts\/10912","targetHints":{"allow":["GET"]}}],"collection":[{"href":"https:\/\/kibrisdakik.com\/index.php?rest_route=\/wp\/v2\/posts"}],"about":[{"href":"https:\/\/kibrisdakik.com\/index.php?rest_route=\/wp\/v2\/types\/post"}],"author":[{"embeddable":true,"href":"https:\/\/kibrisdakik.com\/index.php?rest_route=\/wp\/v2\/users\/1"}],"replies":[{"embeddable":true,"href":"https:\/\/kibrisdakik.com\/index.php?rest_route=%2Fwp%2Fv2%2Fcomments&post=10912"}],"version-history":[{"count":0,"href":"https:\/\/kibrisdakik.com\/index.php?rest_route=\/wp\/v2\/posts\/10912\/revisions"}],"wp:featuredmedia":[{"embeddable":true,"href":"https:\/\/kibrisdakik.com\/index.php?rest_route=\/wp\/v2\/media\/10913"}],"wp:attachment":[{"href":"https:\/\/kibrisdakik.com\/index.php?rest_route=%2Fwp%2Fv2%2Fmedia&parent=10912"}],"wp:term":[{"taxonomy":"category","embeddable":true,"href":"https:\/\/kibrisdakik.com\/index.php?rest_route=%2Fwp%2Fv2%2Fcategories&post=10912"},{"taxonomy":"post_tag","embeddable":true,"href":"https:\/\/kibrisdakik.com\/index.php?rest_route=%2Fwp%2Fv2%2Ftags&post=10912"}],"curies":[{"name":"wp","href":"https:\/\/api.w.org\/{rel}","templated":true}]}}