{"id":10922,"date":"2023-07-22T18:00:10","date_gmt":"2023-07-22T18:00:10","guid":{"rendered":"https:\/\/kibrisdakik.com\/index.php\/2023\/07\/22\/tatarkoylere-yapilan-yatirimlarla-ulke-sporu-daha-iyi-yere-gelecek\/"},"modified":"2023-07-22T18:00:10","modified_gmt":"2023-07-22T18:00:10","slug":"tatarkoylere-yapilan-yatirimlarla-ulke-sporu-daha-iyi-yere-gelecek","status":"publish","type":"post","link":"https:\/\/kibrisdakik.com\/?p=10922","title":{"rendered":"Tatar:K\u00f6ylere yap\u0131lan yat\u0131r\u0131mlarla \u00fclke sporu daha iyi yere gelecek"},"content":{"rendered":"<p><\/p>\n<div>\n<div class=\"mariselle-image-container center\">\n                <img width=\"206\" height=\"147\" class=\"lazy-image\" alt=\"\" decoding=\"async\" loading=\"lazy\" src=\"https:\/\/brtk.net\/wp-content\/uploads\/2023\/07\/22\/302119840_206x147.jpg?ver=2156e237f8a107584afb9d5e5ea46303\"\/>                            <\/div>\n<p>Cumhurba\u015fkan\u0131 <a href=\"https:\/\/brtk.net\/\" target=\"_blank\" rel=\"noopener\"><a href=\"https:\/\/brtk.net\/\" target=\"_blank\" rel=\"noopener\"><a href=\"https:\/\/brtk.net\/\" target=\"_blank\" rel=\"noopener\">Ersin <\/a><a href=\"https:\/\/brtk.net\/\"\/><a href=\"https:\/\/brtk.net\/\"\/><a href=\"https:\/\/brtk.net\/\"\/><a href=\"https:\/\/brtk.net\/\">Tatar<\/a>, yenilenen Kozank\u00f6y Raif Rauf Denkta\u015f Stadyumu\u2019nun a\u00e7\u0131l\u0131\u015f t\u00f6renine kat\u0131ld\u0131.<\/p>\n<p>Cumhurba\u015fkan\u0131 <a href=\"https:\/\/brtk.net\/\" target=\"_blank\" rel=\"noopener\"><a href=\"https:\/\/brtk.net\/\" target=\"_blank\" rel=\"noopener\"><a href=\"https:\/\/brtk.net\/\" target=\"_blank\" rel=\"noopener\">Ersin <\/a><a href=\"https:\/\/brtk.net\/\"\/><a href=\"https:\/\/brtk.net\/\"\/><a href=\"https:\/\/brtk.net\/\"\/><a href=\"https:\/\/brtk.net\/\">Tatar<\/a> t\u00f6rende yapt\u0131\u011f\u0131 konu\u015fmada, \u00fclkenin kalk\u0131nmas\u0131 i\u00e7in projelerin hayata ge\u00e7irildi\u011fini belirterek, T\u00fcrkiye Cumhurba\u015fkan\u0131 Recep Tayyip Erdo\u011fan\u2019\u0131n ziyaretinde verdi\u011fi mesajda \u2018projelere yap\u0131lacak destekle, <a href=\"https:\/\/brtk.net\/\">KKTC<\/a>\u2019nin ekonomisinin kalk\u0131naca\u011f\u0131n\u0131 ve refah\u0131n artaca\u011f\u0131n\u0131 ifade etti\u011fini\u2019 hat\u0131rlatt\u0131.<\/p>\n<p>Gen\u00e7lere altyap\u0131 yat\u0131r\u0131mlar\u0131 ile imkan sunman\u0131n devletin asli g\u00f6revi oldu\u011funa dikkat \u00e7eken Cumhurba\u015fkan\u0131 <a href=\"https:\/\/brtk.net\/\" target=\"_blank\" rel=\"noopener\"><a href=\"https:\/\/brtk.net\/\" target=\"_blank\" rel=\"noopener\"><a href=\"https:\/\/brtk.net\/\" target=\"_blank\" rel=\"noopener\">Ersin <\/a><a href=\"https:\/\/brtk.net\/\"\/><a href=\"https:\/\/brtk.net\/\"\/><a href=\"https:\/\/brtk.net\/\"\/><a href=\"https:\/\/brtk.net\/\">Tatar<\/a>, projede eme\u011fi ge\u00e7enlere te\u015fekk\u00fcr etti.<\/p>\n<p>Belediyelerin, k\u00f6y tak\u0131mlar\u0131n\u0131 destekleyerek b\u00fcy\u00fck tak\u0131mlarla i\u015fbirli\u011fi yap\u0131p sporcular\u0131n \u00f6n\u00fcn\u00fc a\u00e7mas\u0131 gerekti\u011fine i\u015faret eden Cumhurba\u015fkan\u0131 <a href=\"https:\/\/brtk.net\/\"\/><a href=\"https:\/\/brtk.net\/\"\/><a href=\"https:\/\/brtk.net\/\"\/><a href=\"https:\/\/brtk.net\/\">Tatar<\/a>, devletin ise sporculara tesisler yap\u0131p, imkan sa\u011flayarak, haks\u0131z ambargolara ra\u011fmen d\u00fcnyaya mesaj verilmesinin \u00f6nemine vurgu yapt\u0131.<\/p>\n<p>Kozank\u00f6y Kul\u00fcb\u00fc ba\u015fkan ve y\u00f6neticilerini tebrik eden Cumhurba\u015fkan\u0131 <a href=\"https:\/\/brtk.net\/\"\/><a href=\"https:\/\/brtk.net\/\"\/><a href=\"https:\/\/brtk.net\/\"\/><a href=\"https:\/\/brtk.net\/\">Tatar<\/a>, Kozank\u00f6y Raif Rauf Denkta\u015f Stadyumu\u2019ndan yeti\u015fecek gen\u00e7leri, en iyi noktalarda g\u00f6rmeyi arzu etti\u011fini kaydetti.<\/p>\n<\/p><\/div>\n<p><script async\n                    defer\n                    crossorigin=\"anonymous\"\n                    src=\"https:\/\/connect.facebook.net\/tr_TR\/sdk.js#xfbml=1&#038;version=v3.3\"\n            ><\/script><\/p>\n","protected":false},"excerpt":{"rendered":"<p>Cumhurba\u015fkan\u0131 Ersin Tatar, yenilenen Kozank\u00f6y Raif Rauf Denkta\u015f Stadyumu\u2019nun a\u00e7\u0131l\u0131\u015f t\u00f6renine kat\u0131ld\u0131. Cumhurba\u015fkan\u0131 Ersin Tatar t\u00f6rende yapt\u0131\u011f\u0131 konu\u015fmada, \u00fclkenin kalk\u0131nmas\u0131 i\u00e7in projelerin hayata ge\u00e7irildi\u011fini belirterek, T\u00fcrkiye Cumhurba\u015fkan\u0131 Recep Tayyip Erdo\u011fan\u2019\u0131n ziyaretinde verdi\u011fi mesajda \u2018projelere yap\u0131lacak destekle, KKTC\u2019nin ekonomisinin kalk\u0131naca\u011f\u0131n\u0131 ve refah\u0131n artaca\u011f\u0131n\u0131 ifade etti\u011fini\u2019 hat\u0131rlatt\u0131. Gen\u00e7lere altyap\u0131 yat\u0131r\u0131mlar\u0131 ile imkan sunman\u0131n devletin asli g\u00f6revi oldu\u011funa<\/p>\n","protected":false},"author":1,"featured_media":10923,"comment_status":"open","ping_status":"open","sticky":false,"template":"","format":"standard","meta":{"footnotes":""},"categories":[1],"tags":[],"class_list":["post-10922","post","type-post","status-publish","format-standard","has-post-thumbnail","hentry","category-gundem"],"yoast_head":"<!-- This site is optimized with the Yoast SEO plugin v27.4 - https:\/\/yoast.com\/product\/yoast-seo-wordpress\/ -->\n<title>Tatar:K\u00f6ylere yap\u0131lan yat\u0131r\u0131mlarla \u00fclke sporu daha iyi yere gelecek -<\/title>\n<meta name=\"robots\" content=\"index, follow, max-snippet:-1, max-image-preview:large, max-video-preview:-1\" \/>\n<link rel=\"canonical\" href=\"https:\/\/kibrisdakik.com\/?p=10922\" \/>\n<meta property=\"og:locale\" content=\"tr_TR\" \/>\n<meta property=\"og:type\" content=\"article\" \/>\n<meta property=\"og:title\" content=\"Tatar:K\u00f6ylere yap\u0131lan yat\u0131r\u0131mlarla \u00fclke sporu daha iyi yere gelecek -\" \/>\n<meta property=\"og:description\" content=\"Cumhurba\u015fkan\u0131 Ersin Tatar, yenilenen Kozank\u00f6y Raif Rauf Denkta\u015f Stadyumu\u2019nun a\u00e7\u0131l\u0131\u015f t\u00f6renine kat\u0131ld\u0131. Cumhurba\u015fkan\u0131 Ersin Tatar t\u00f6rende yapt\u0131\u011f\u0131 konu\u015fmada, \u00fclkenin kalk\u0131nmas\u0131 i\u00e7in projelerin hayata ge\u00e7irildi\u011fini belirterek, T\u00fcrkiye Cumhurba\u015fkan\u0131 Recep Tayyip Erdo\u011fan\u2019\u0131n ziyaretinde verdi\u011fi mesajda \u2018projelere yap\u0131lacak destekle, KKTC\u2019nin ekonomisinin kalk\u0131naca\u011f\u0131n\u0131 ve refah\u0131n artaca\u011f\u0131n\u0131 ifade etti\u011fini\u2019 hat\u0131rlatt\u0131. Gen\u00e7lere altyap\u0131 yat\u0131r\u0131mlar\u0131 ile imkan sunman\u0131n devletin asli g\u00f6revi oldu\u011funa\" \/>\n<meta property=\"og:url\" content=\"https:\/\/kibrisdakik.com\/?p=10922\" \/>\n<meta property=\"article:published_time\" content=\"2023-07-22T18:00:10+00:00\" \/>\n<meta property=\"og:image\" content=\"https:\/\/kibrisdakik.com\/wp-content\/uploads\/2023\/07\/302119840_206x147.jpg\" \/>\n\t<meta property=\"og:image:width\" content=\"206\" \/>\n\t<meta property=\"og:image:height\" content=\"147\" \/>\n\t<meta property=\"og:image:type\" content=\"image\/jpeg\" \/>\n<meta name=\"author\" content=\"admin\" \/>\n<meta name=\"twitter:card\" content=\"summary_large_image\" \/>\n<meta name=\"twitter:label1\" content=\"Yazan:\" \/>\n\t<meta name=\"twitter:data1\" content=\"admin\" \/>\n\t<meta name=\"twitter:label2\" content=\"Tahmini okuma s\u00fcresi\" \/>\n\t<meta name=\"twitter:data2\" content=\"1 dakika\" \/>\n<script type=\"application\/ld+json\" class=\"yoast-schema-graph\">{\"@context\":\"https:\\\/\\\/schema.org\",\"@graph\":[{\"@type\":\"Article\",\"@id\":\"https:\\\/\\\/kibrisdakik.com\\\/?p=10922#article\",\"isPartOf\":{\"@id\":\"https:\\\/\\\/kibrisdakik.com\\\/?p=10922\"},\"author\":{\"name\":\"admin\",\"@id\":\"https:\\\/\\\/kibrisdakik.com\\\/#\\\/schema\\\/person\\\/9cd9d437bbb44f72b73ba127e06d8e79\"},\"headline\":\"Tatar:K\u00f6ylere yap\u0131lan yat\u0131r\u0131mlarla \u00fclke sporu daha iyi yere gelecek\",\"datePublished\":\"2023-07-22T18:00:10+00:00\",\"mainEntityOfPage\":{\"@id\":\"https:\\\/\\\/kibrisdakik.com\\\/?p=10922\"},\"wordCount\":202,\"commentCount\":0,\"image\":{\"@id\":\"https:\\\/\\\/kibrisdakik.com\\\/?p=10922#primaryimage\"},\"thumbnailUrl\":\"https:\\\/\\\/kibrisdakik.com\\\/wp-content\\\/uploads\\\/2023\\\/07\\\/302119840_206x147.jpg\",\"articleSection\":[\"G\u00fcndem\"],\"inLanguage\":\"tr\",\"potentialAction\":[{\"@type\":\"CommentAction\",\"name\":\"Comment\",\"target\":[\"https:\\\/\\\/kibrisdakik.com\\\/?p=10922#respond\"]}]},{\"@type\":\"WebPage\",\"@id\":\"https:\\\/\\\/kibrisdakik.com\\\/?p=10922\",\"url\":\"https:\\\/\\\/kibrisdakik.com\\\/?p=10922\",\"name\":\"Tatar:K\u00f6ylere yap\u0131lan yat\u0131r\u0131mlarla \u00fclke sporu daha iyi yere gelecek -\",\"isPartOf\":{\"@id\":\"https:\\\/\\\/kibrisdakik.com\\\/#website\"},\"primaryImageOfPage\":{\"@id\":\"https:\\\/\\\/kibrisdakik.com\\\/?p=10922#primaryimage\"},\"image\":{\"@id\":\"https:\\\/\\\/kibrisdakik.com\\\/?p=10922#primaryimage\"},\"thumbnailUrl\":\"https:\\\/\\\/kibrisdakik.com\\\/wp-content\\\/uploads\\\/2023\\\/07\\\/302119840_206x147.jpg\",\"datePublished\":\"2023-07-22T18:00:10+00:00\",\"author\":{\"@id\":\"https:\\\/\\\/kibrisdakik.com\\\/#\\\/schema\\\/person\\\/9cd9d437bbb44f72b73ba127e06d8e79\"},\"breadcrumb\":{\"@id\":\"https:\\\/\\\/kibrisdakik.com\\\/?p=10922#breadcrumb\"},\"inLanguage\":\"tr\",\"potentialAction\":[{\"@type\":\"ReadAction\",\"target\":[\"https:\\\/\\\/kibrisdakik.com\\\/?p=10922\"]}]},{\"@type\":\"ImageObject\",\"inLanguage\":\"tr\",\"@id\":\"https:\\\/\\\/kibrisdakik.com\\\/?p=10922#primaryimage\",\"url\":\"https:\\\/\\\/kibrisdakik.com\\\/wp-content\\\/uploads\\\/2023\\\/07\\\/302119840_206x147.jpg\",\"contentUrl\":\"https:\\\/\\\/kibrisdakik.com\\\/wp-content\\\/uploads\\\/2023\\\/07\\\/302119840_206x147.jpg\",\"width\":206,\"height\":147},{\"@type\":\"BreadcrumbList\",\"@id\":\"https:\\\/\\\/kibrisdakik.com\\\/?p=10922#breadcrumb\",\"itemListElement\":[{\"@type\":\"ListItem\",\"position\":1,\"name\":\"Home\",\"item\":\"https:\\\/\\\/kibrisdakik.com\\\/\"},{\"@type\":\"ListItem\",\"position\":2,\"name\":\"Tatar:K\u00f6ylere yap\u0131lan yat\u0131r\u0131mlarla \u00fclke sporu daha iyi yere gelecek\"}]},{\"@type\":\"WebSite\",\"@id\":\"https:\\\/\\\/kibrisdakik.com\\\/#website\",\"url\":\"https:\\\/\\\/kibrisdakik.com\\\/\",\"name\":\"\",\"description\":\"Tam vaktinde haber\",\"potentialAction\":[{\"@type\":\"SearchAction\",\"target\":{\"@type\":\"EntryPoint\",\"urlTemplate\":\"https:\\\/\\\/kibrisdakik.com\\\/?s={search_term_string}\"},\"query-input\":{\"@type\":\"PropertyValueSpecification\",\"valueRequired\":true,\"valueName\":\"search_term_string\"}}],\"inLanguage\":\"tr\"},{\"@type\":\"Person\",\"@id\":\"https:\\\/\\\/kibrisdakik.com\\\/#\\\/schema\\\/person\\\/9cd9d437bbb44f72b73ba127e06d8e79\",\"name\":\"admin\",\"image\":{\"@type\":\"ImageObject\",\"inLanguage\":\"tr\",\"@id\":\"https:\\\/\\\/secure.gravatar.com\\\/avatar\\\/ccc17943b9d660506c869530f897617f7cb1c21a4bf30023f252596d83e1f007?s=96&d=mm&r=g\",\"url\":\"https:\\\/\\\/secure.gravatar.com\\\/avatar\\\/ccc17943b9d660506c869530f897617f7cb1c21a4bf30023f252596d83e1f007?s=96&d=mm&r=g\",\"contentUrl\":\"https:\\\/\\\/secure.gravatar.com\\\/avatar\\\/ccc17943b9d660506c869530f897617f7cb1c21a4bf30023f252596d83e1f007?s=96&d=mm&r=g\",\"caption\":\"admin\"},\"sameAs\":[\"https:\\\/\\\/kibrisdakik.com\"],\"url\":\"https:\\\/\\\/kibrisdakik.com\\\/?author=1\"}]}<\/script>\n<!-- \/ Yoast SEO plugin. -->","yoast_head_json":{"title":"Tatar:K\u00f6ylere yap\u0131lan yat\u0131r\u0131mlarla \u00fclke sporu daha iyi yere gelecek -","robots":{"index":"index","follow":"follow","max-snippet":"max-snippet:-1","max-image-preview":"max-image-preview:large","max-video-preview":"max-video-preview:-1"},"canonical":"https:\/\/kibrisdakik.com\/?p=10922","og_locale":"tr_TR","og_type":"article","og_title":"Tatar:K\u00f6ylere yap\u0131lan yat\u0131r\u0131mlarla \u00fclke sporu daha iyi yere gelecek -","og_description":"Cumhurba\u015fkan\u0131 Ersin Tatar, yenilenen Kozank\u00f6y Raif Rauf Denkta\u015f Stadyumu\u2019nun a\u00e7\u0131l\u0131\u015f t\u00f6renine kat\u0131ld\u0131. Cumhurba\u015fkan\u0131 Ersin Tatar t\u00f6rende yapt\u0131\u011f\u0131 konu\u015fmada, \u00fclkenin kalk\u0131nmas\u0131 i\u00e7in projelerin hayata ge\u00e7irildi\u011fini belirterek, T\u00fcrkiye Cumhurba\u015fkan\u0131 Recep Tayyip Erdo\u011fan\u2019\u0131n ziyaretinde verdi\u011fi mesajda \u2018projelere yap\u0131lacak destekle, KKTC\u2019nin ekonomisinin kalk\u0131naca\u011f\u0131n\u0131 ve refah\u0131n artaca\u011f\u0131n\u0131 ifade etti\u011fini\u2019 hat\u0131rlatt\u0131. Gen\u00e7lere altyap\u0131 yat\u0131r\u0131mlar\u0131 ile imkan sunman\u0131n devletin asli g\u00f6revi oldu\u011funa","og_url":"https:\/\/kibrisdakik.com\/?p=10922","article_published_time":"2023-07-22T18:00:10+00:00","og_image":[{"width":206,"height":147,"url":"https:\/\/kibrisdakik.com\/wp-content\/uploads\/2023\/07\/302119840_206x147.jpg","type":"image\/jpeg"}],"author":"admin","twitter_card":"summary_large_image","twitter_misc":{"Yazan:":"admin","Tahmini okuma s\u00fcresi":"1 dakika"},"schema":{"@context":"https:\/\/schema.org","@graph":[{"@type":"Article","@id":"https:\/\/kibrisdakik.com\/?p=10922#article","isPartOf":{"@id":"https:\/\/kibrisdakik.com\/?p=10922"},"author":{"name":"admin","@id":"https:\/\/kibrisdakik.com\/#\/schema\/person\/9cd9d437bbb44f72b73ba127e06d8e79"},"headline":"Tatar:K\u00f6ylere yap\u0131lan yat\u0131r\u0131mlarla \u00fclke sporu daha iyi yere gelecek","datePublished":"2023-07-22T18:00:10+00:00","mainEntityOfPage":{"@id":"https:\/\/kibrisdakik.com\/?p=10922"},"wordCount":202,"commentCount":0,"image":{"@id":"https:\/\/kibrisdakik.com\/?p=10922#primaryimage"},"thumbnailUrl":"https:\/\/kibrisdakik.com\/wp-content\/uploads\/2023\/07\/302119840_206x147.jpg","articleSection":["G\u00fcndem"],"inLanguage":"tr","potentialAction":[{"@type":"CommentAction","name":"Comment","target":["https:\/\/kibrisdakik.com\/?p=10922#respond"]}]},{"@type":"WebPage","@id":"https:\/\/kibrisdakik.com\/?p=10922","url":"https:\/\/kibrisdakik.com\/?p=10922","name":"Tatar:K\u00f6ylere yap\u0131lan yat\u0131r\u0131mlarla \u00fclke sporu daha iyi yere gelecek -","isPartOf":{"@id":"https:\/\/kibrisdakik.com\/#website"},"primaryImageOfPage":{"@id":"https:\/\/kibrisdakik.com\/?p=10922#primaryimage"},"image":{"@id":"https:\/\/kibrisdakik.com\/?p=10922#primaryimage"},"thumbnailUrl":"https:\/\/kibrisdakik.com\/wp-content\/uploads\/2023\/07\/302119840_206x147.jpg","datePublished":"2023-07-22T18:00:10+00:00","author":{"@id":"https:\/\/kibrisdakik.com\/#\/schema\/person\/9cd9d437bbb44f72b73ba127e06d8e79"},"breadcrumb":{"@id":"https:\/\/kibrisdakik.com\/?p=10922#breadcrumb"},"inLanguage":"tr","potentialAction":[{"@type":"ReadAction","target":["https:\/\/kibrisdakik.com\/?p=10922"]}]},{"@type":"ImageObject","inLanguage":"tr","@id":"https:\/\/kibrisdakik.com\/?p=10922#primaryimage","url":"https:\/\/kibrisdakik.com\/wp-content\/uploads\/2023\/07\/302119840_206x147.jpg","contentUrl":"https:\/\/kibrisdakik.com\/wp-content\/uploads\/2023\/07\/302119840_206x147.jpg","width":206,"height":147},{"@type":"BreadcrumbList","@id":"https:\/\/kibrisdakik.com\/?p=10922#breadcrumb","itemListElement":[{"@type":"ListItem","position":1,"name":"Home","item":"https:\/\/kibrisdakik.com\/"},{"@type":"ListItem","position":2,"name":"Tatar:K\u00f6ylere yap\u0131lan yat\u0131r\u0131mlarla \u00fclke sporu daha iyi yere gelecek"}]},{"@type":"WebSite","@id":"https:\/\/kibrisdakik.com\/#website","url":"https:\/\/kibrisdakik.com\/","name":"","description":"Tam vaktinde haber","potentialAction":[{"@type":"SearchAction","target":{"@type":"EntryPoint","urlTemplate":"https:\/\/kibrisdakik.com\/?s={search_term_string}"},"query-input":{"@type":"PropertyValueSpecification","valueRequired":true,"valueName":"search_term_string"}}],"inLanguage":"tr"},{"@type":"Person","@id":"https:\/\/kibrisdakik.com\/#\/schema\/person\/9cd9d437bbb44f72b73ba127e06d8e79","name":"admin","image":{"@type":"ImageObject","inLanguage":"tr","@id":"https:\/\/secure.gravatar.com\/avatar\/ccc17943b9d660506c869530f897617f7cb1c21a4bf30023f252596d83e1f007?s=96&d=mm&r=g","url":"https:\/\/secure.gravatar.com\/avatar\/ccc17943b9d660506c869530f897617f7cb1c21a4bf30023f252596d83e1f007?s=96&d=mm&r=g","contentUrl":"https:\/\/secure.gravatar.com\/avatar\/ccc17943b9d660506c869530f897617f7cb1c21a4bf30023f252596d83e1f007?s=96&d=mm&r=g","caption":"admin"},"sameAs":["https:\/\/kibrisdakik.com"],"url":"https:\/\/kibrisdakik.com\/?author=1"}]}},"_links":{"self":[{"href":"https:\/\/kibrisdakik.com\/index.php?rest_route=\/wp\/v2\/posts\/10922","targetHints":{"allow":["GET"]}}],"collection":[{"href":"https:\/\/kibrisdakik.com\/index.php?rest_route=\/wp\/v2\/posts"}],"about":[{"href":"https:\/\/kibrisdakik.com\/index.php?rest_route=\/wp\/v2\/types\/post"}],"author":[{"embeddable":true,"href":"https:\/\/kibrisdakik.com\/index.php?rest_route=\/wp\/v2\/users\/1"}],"replies":[{"embeddable":true,"href":"https:\/\/kibrisdakik.com\/index.php?rest_route=%2Fwp%2Fv2%2Fcomments&post=10922"}],"version-history":[{"count":0,"href":"https:\/\/kibrisdakik.com\/index.php?rest_route=\/wp\/v2\/posts\/10922\/revisions"}],"wp:featuredmedia":[{"embeddable":true,"href":"https:\/\/kibrisdakik.com\/index.php?rest_route=\/wp\/v2\/media\/10923"}],"wp:attachment":[{"href":"https:\/\/kibrisdakik.com\/index.php?rest_route=%2Fwp%2Fv2%2Fmedia&parent=10922"}],"wp:term":[{"taxonomy":"category","embeddable":true,"href":"https:\/\/kibrisdakik.com\/index.php?rest_route=%2Fwp%2Fv2%2Fcategories&post=10922"},{"taxonomy":"post_tag","embeddable":true,"href":"https:\/\/kibrisdakik.com\/index.php?rest_route=%2Fwp%2Fv2%2Ftags&post=10922"}],"curies":[{"name":"wp","href":"https:\/\/api.w.org\/{rel}","templated":true}]}}