{"id":109930,"date":"2026-04-08T15:23:19","date_gmt":"2026-04-08T12:23:19","guid":{"rendered":"https:\/\/kibrisdakik.com\/?p=109930"},"modified":"2026-04-08T15:23:19","modified_gmt":"2026-04-08T12:23:19","slug":"yesilirmakta-cilek-festivali-bu-yil-yeniden-duzenleniyor","status":"publish","type":"post","link":"https:\/\/kibrisdakik.com\/?p=109930","title":{"rendered":"YE\u015e\u0130LIRMAK\u2019TA \u00c7\u0130LEK FEST\u0130VAL\u0130 BU YIL YEN\u0130DEN D\u00dcZENLEN\u0130YOR"},"content":{"rendered":"<p><\/p>\n<p>\u0130lki 1973 y\u0131l\u0131nda Ye\u015fil\u0131rmak\u2019ta ger\u00e7ekle\u015ftirilen ve K\u0131br\u0131s\u2019ta ilk defa panay\u0131r yerine festival olarak ilan edilen \u00c7ilek Festivali verilen aran\u0131n ard\u0131ndan bu y\u0131l yeniden d\u00fczenlenecek.<\/p>\n<div id=\"ad_121\" data-channel=\"121\" data-advert=\"temedya\" data-rotation=\"120\" class=\"mb-3 text-center\"><\/div>\n<div id=\"ad_121_mobile\" data-channel=\"121\" data-advert=\"temedya\" data-rotation=\"120\" class=\"mb-3 text-center\"><\/div>\n<p>\u0130lki 53 y\u0131l \u00f6nce yap\u0131lan \u00c7ilek Festivali\u2019nin bu sene 9 May\u0131s Cumartesi ile 10 May\u0131s 2026 Pazar g\u00fcnleri d\u00fczenlenmesi planlan\u0131yor.<\/p>\n<p>Ye\u015fil\u0131rmak-Yedidalga \u00dcreticiler Birli\u011fi Ba\u015fkan\u0131 Prof.Dr. Cavit Atalar, Ye\u015fil\u0131rmak Muhtar\u0131 \u0130smet \u00d6zpolat, Birlik y\u00f6netim kurulundan Figen Karafistan, Ayt\u00fcl Yorulmaz ve Salahi Atalar\u2019dan olu\u015fan heyet Lefke Kaymakam\u0131 Cemal Orak\u00e7\u0131o\u011flu ve Lefke Belediye Ba\u015fkan\u0131 Aziz Kaya\u2019y\u0131 ziyaret ederek festivale davet etti.<\/p>\n<p>Prof.Dr. Cavit Atalar t\u00fcm halk\u0131n da festivale kat\u0131lmas\u0131 i\u00e7in \u00e7a\u011fr\u0131 yapt\u0131.<\/p>\n<\/p>\n<div class=\"article-source py-3 small \">\n                <\/div>\n","protected":false},"excerpt":{"rendered":"<p>\u0130lki 1973 y\u0131l\u0131nda Ye\u015fil\u0131rmak\u2019ta ger\u00e7ekle\u015ftirilen ve K\u0131br\u0131s\u2019ta ilk defa panay\u0131r yerine festival olarak ilan edilen \u00c7ilek Festivali verilen aran\u0131n ard\u0131ndan bu y\u0131l yeniden d\u00fczenlenecek. \u0130lki 53 y\u0131l \u00f6nce yap\u0131lan \u00c7ilek Festivali\u2019nin bu sene 9 May\u0131s Cumartesi ile 10 May\u0131s 2026 Pazar g\u00fcnleri d\u00fczenlenmesi planlan\u0131yor. Ye\u015fil\u0131rmak-Yedidalga \u00dcreticiler Birli\u011fi Ba\u015fkan\u0131 Prof.Dr. Cavit Atalar, Ye\u015fil\u0131rmak Muhtar\u0131 \u0130smet \u00d6zpolat,<\/p>\n","protected":false},"author":1,"featured_media":109931,"comment_status":"open","ping_status":"open","sticky":false,"template":"","format":"standard","meta":{"footnotes":""},"categories":[81],"tags":[],"class_list":["post-109930","post","type-post","status-publish","format-standard","has-post-thumbnail","hentry","category-kibris"],"yoast_head":"<!-- This site is optimized with the Yoast SEO plugin v28.3 - https:\/\/yoast.com\/product\/yoast-seo-wordpress\/ -->\n<title>YE\u015e\u0130LIRMAK\u2019TA \u00c7\u0130LEK FEST\u0130VAL\u0130 BU YIL YEN\u0130DEN D\u00dcZENLEN\u0130YOR -<\/title>\n<meta name=\"robots\" content=\"index, follow, max-snippet:-1, max-image-preview:large, max-video-preview:-1\" \/>\n<link rel=\"canonical\" href=\"https:\/\/kibrisdakik.com\/?p=109930\" \/>\n<meta property=\"og:locale\" content=\"tr_TR\" \/>\n<meta property=\"og:type\" content=\"article\" \/>\n<meta property=\"og:title\" content=\"YE\u015e\u0130LIRMAK\u2019TA \u00c7\u0130LEK FEST\u0130VAL\u0130 BU YIL YEN\u0130DEN D\u00dcZENLEN\u0130YOR -\" \/>\n<meta property=\"og:description\" content=\"\u0130lki 1973 y\u0131l\u0131nda Ye\u015fil\u0131rmak\u2019ta ger\u00e7ekle\u015ftirilen ve K\u0131br\u0131s\u2019ta ilk defa panay\u0131r yerine festival olarak ilan edilen \u00c7ilek Festivali verilen aran\u0131n ard\u0131ndan bu y\u0131l yeniden d\u00fczenlenecek. \u0130lki 53 y\u0131l \u00f6nce yap\u0131lan \u00c7ilek Festivali\u2019nin bu sene 9 May\u0131s Cumartesi ile 10 May\u0131s 2026 Pazar g\u00fcnleri d\u00fczenlenmesi planlan\u0131yor. Ye\u015fil\u0131rmak-Yedidalga \u00dcreticiler Birli\u011fi Ba\u015fkan\u0131 Prof.Dr. Cavit Atalar, Ye\u015fil\u0131rmak Muhtar\u0131 \u0130smet \u00d6zpolat,\" \/>\n<meta property=\"og:url\" content=\"https:\/\/kibrisdakik.com\/?p=109930\" \/>\n<meta property=\"article:published_time\" content=\"2026-04-08T12:23:19+00:00\" \/>\n<meta property=\"og:image\" content=\"https:\/\/mhahabercom.teimg.com\/crop\/1280x720\/mhahaber-com\/uploads\/2026\/04\/mha-sari-beyaz-4463.png\" \/>\n<meta name=\"author\" content=\"admin\" \/>\n<meta name=\"twitter:card\" content=\"summary_large_image\" \/>\n<meta name=\"twitter:label1\" content=\"Yazan:\" \/>\n\t<meta name=\"twitter:data1\" content=\"admin\" \/>\n\t<meta name=\"twitter:label2\" content=\"Tahmini okuma s\u00fcresi\" \/>\n\t<meta name=\"twitter:data2\" content=\"1 dakika\" \/>\n<script type=\"application\/ld+json\" class=\"yoast-schema-graph\">{\"@context\":\"https:\\\/\\\/schema.org\",\"@graph\":[{\"@type\":\"Article\",\"@id\":\"https:\\\/\\\/kibrisdakik.com\\\/?p=109930#article\",\"isPartOf\":{\"@id\":\"https:\\\/\\\/kibrisdakik.com\\\/?p=109930\"},\"author\":{\"name\":\"admin\",\"@id\":\"https:\\\/\\\/kibrisdakik.com\\\/#\\\/schema\\\/person\\\/9cd9d437bbb44f72b73ba127e06d8e79\"},\"headline\":\"YE\u015e\u0130LIRMAK\u2019TA \u00c7\u0130LEK FEST\u0130VAL\u0130 BU YIL YEN\u0130DEN D\u00dcZENLEN\u0130YOR\",\"datePublished\":\"2026-04-08T12:23:19+00:00\",\"mainEntityOfPage\":{\"@id\":\"https:\\\/\\\/kibrisdakik.com\\\/?p=109930\"},\"wordCount\":145,\"commentCount\":0,\"publisher\":{\"@id\":\"https:\\\/\\\/kibrisdakik.com\\\/#organization\"},\"image\":{\"@id\":\"https:\\\/\\\/kibrisdakik.com\\\/?p=109930#primaryimage\"},\"thumbnailUrl\":\"https:\\\/\\\/kibrisdakik.com\\\/wp-content\\\/uploads\\\/2026\\\/04\\\/mha-sari-beyaz-4463.png\",\"articleSection\":[\"K\u0131br\u0131s\"],\"inLanguage\":\"tr\",\"potentialAction\":[{\"@type\":\"CommentAction\",\"name\":\"Comment\",\"target\":[\"https:\\\/\\\/kibrisdakik.com\\\/?p=109930#respond\"]}]},{\"@type\":\"WebPage\",\"@id\":\"https:\\\/\\\/kibrisdakik.com\\\/?p=109930\",\"url\":\"https:\\\/\\\/kibrisdakik.com\\\/?p=109930\",\"name\":\"YE\u015e\u0130LIRMAK\u2019TA \u00c7\u0130LEK FEST\u0130VAL\u0130 BU YIL YEN\u0130DEN D\u00dcZENLEN\u0130YOR -\",\"isPartOf\":{\"@id\":\"https:\\\/\\\/kibrisdakik.com\\\/#website\"},\"primaryImageOfPage\":{\"@id\":\"https:\\\/\\\/kibrisdakik.com\\\/?p=109930#primaryimage\"},\"image\":{\"@id\":\"https:\\\/\\\/kibrisdakik.com\\\/?p=109930#primaryimage\"},\"thumbnailUrl\":\"https:\\\/\\\/kibrisdakik.com\\\/wp-content\\\/uploads\\\/2026\\\/04\\\/mha-sari-beyaz-4463.png\",\"datePublished\":\"2026-04-08T12:23:19+00:00\",\"breadcrumb\":{\"@id\":\"https:\\\/\\\/kibrisdakik.com\\\/?p=109930#breadcrumb\"},\"inLanguage\":\"tr\",\"potentialAction\":[{\"@type\":\"ReadAction\",\"target\":[\"https:\\\/\\\/kibrisdakik.com\\\/?p=109930\"]}]},{\"@type\":\"ImageObject\",\"inLanguage\":\"tr\",\"@id\":\"https:\\\/\\\/kibrisdakik.com\\\/?p=109930#primaryimage\",\"url\":\"https:\\\/\\\/kibrisdakik.com\\\/wp-content\\\/uploads\\\/2026\\\/04\\\/mha-sari-beyaz-4463.png\",\"contentUrl\":\"https:\\\/\\\/kibrisdakik.com\\\/wp-content\\\/uploads\\\/2026\\\/04\\\/mha-sari-beyaz-4463.png\",\"width\":1280,\"height\":720},{\"@type\":\"BreadcrumbList\",\"@id\":\"https:\\\/\\\/kibrisdakik.com\\\/?p=109930#breadcrumb\",\"itemListElement\":[{\"@type\":\"ListItem\",\"position\":1,\"name\":\"Home\",\"item\":\"https:\\\/\\\/kibrisdakik.com\\\/\"},{\"@type\":\"ListItem\",\"position\":2,\"name\":\"YE\u015e\u0130LIRMAK\u2019TA \u00c7\u0130LEK FEST\u0130VAL\u0130 BU YIL YEN\u0130DEN D\u00dcZENLEN\u0130YOR\"}]},{\"@type\":\"WebSite\",\"@id\":\"https:\\\/\\\/kibrisdakik.com\\\/#website\",\"url\":\"https:\\\/\\\/kibrisdakik.com\\\/\",\"name\":\"K\u0131br\u0131s Dakik\",\"description\":\"Tam vaktinde haber\",\"publisher\":{\"@id\":\"https:\\\/\\\/kibrisdakik.com\\\/#organization\"},\"potentialAction\":[{\"@type\":\"SearchAction\",\"target\":{\"@type\":\"EntryPoint\",\"urlTemplate\":\"https:\\\/\\\/kibrisdakik.com\\\/?s={search_term_string}\"},\"query-input\":{\"@type\":\"PropertyValueSpecification\",\"valueRequired\":true,\"valueName\":\"search_term_string\"}}],\"inLanguage\":\"tr\"},{\"@type\":\"Organization\",\"@id\":\"https:\\\/\\\/kibrisdakik.com\\\/#organization\",\"name\":\"K\u0131br\u0131s Dakik\",\"url\":\"https:\\\/\\\/kibrisdakik.com\\\/\",\"logo\":{\"@type\":\"ImageObject\",\"inLanguage\":\"tr\",\"@id\":\"https:\\\/\\\/kibrisdakik.com\\\/#\\\/schema\\\/logo\\\/image\\\/\",\"url\":\"https:\\\/\\\/kibrisdakik.com\\\/wp-content\\\/uploads\\\/2025\\\/10\\\/cropped-WhatsApp-Image-2025-10-02-at-12.58.31.jpeg\",\"contentUrl\":\"https:\\\/\\\/kibrisdakik.com\\\/wp-content\\\/uploads\\\/2025\\\/10\\\/cropped-WhatsApp-Image-2025-10-02-at-12.58.31.jpeg\",\"width\":1237,\"height\":190,\"caption\":\"K\u0131br\u0131s Dakik\"},\"image\":{\"@id\":\"https:\\\/\\\/kibrisdakik.com\\\/#\\\/schema\\\/logo\\\/image\\\/\"}},{\"@type\":\"Person\",\"@id\":\"https:\\\/\\\/kibrisdakik.com\\\/#\\\/schema\\\/person\\\/9cd9d437bbb44f72b73ba127e06d8e79\",\"name\":\"admin\",\"image\":{\"@type\":\"ImageObject\",\"inLanguage\":\"tr\",\"@id\":\"https:\\\/\\\/secure.gravatar.com\\\/avatar\\\/ccc17943b9d660506c869530f897617f7cb1c21a4bf30023f252596d83e1f007?s=96&d=mm&r=g\",\"url\":\"https:\\\/\\\/secure.gravatar.com\\\/avatar\\\/ccc17943b9d660506c869530f897617f7cb1c21a4bf30023f252596d83e1f007?s=96&d=mm&r=g\",\"contentUrl\":\"https:\\\/\\\/secure.gravatar.com\\\/avatar\\\/ccc17943b9d660506c869530f897617f7cb1c21a4bf30023f252596d83e1f007?s=96&d=mm&r=g\",\"caption\":\"admin\"},\"sameAs\":[\"https:\\\/\\\/kibrisdakik.com\"],\"url\":\"https:\\\/\\\/kibrisdakik.com\\\/?author=1\"}]}<\/script>\n<!-- \/ Yoast SEO plugin. -->","yoast_head_json":{"title":"YE\u015e\u0130LIRMAK\u2019TA \u00c7\u0130LEK FEST\u0130VAL\u0130 BU YIL YEN\u0130DEN D\u00dcZENLEN\u0130YOR -","robots":{"index":"index","follow":"follow","max-snippet":"max-snippet:-1","max-image-preview":"max-image-preview:large","max-video-preview":"max-video-preview:-1"},"canonical":"https:\/\/kibrisdakik.com\/?p=109930","og_locale":"tr_TR","og_type":"article","og_title":"YE\u015e\u0130LIRMAK\u2019TA \u00c7\u0130LEK FEST\u0130VAL\u0130 BU YIL YEN\u0130DEN D\u00dcZENLEN\u0130YOR -","og_description":"\u0130lki 1973 y\u0131l\u0131nda Ye\u015fil\u0131rmak\u2019ta ger\u00e7ekle\u015ftirilen ve K\u0131br\u0131s\u2019ta ilk defa panay\u0131r yerine festival olarak ilan edilen \u00c7ilek Festivali verilen aran\u0131n ard\u0131ndan bu y\u0131l yeniden d\u00fczenlenecek. \u0130lki 53 y\u0131l \u00f6nce yap\u0131lan \u00c7ilek Festivali\u2019nin bu sene 9 May\u0131s Cumartesi ile 10 May\u0131s 2026 Pazar g\u00fcnleri d\u00fczenlenmesi planlan\u0131yor. Ye\u015fil\u0131rmak-Yedidalga \u00dcreticiler Birli\u011fi Ba\u015fkan\u0131 Prof.Dr. Cavit Atalar, Ye\u015fil\u0131rmak Muhtar\u0131 \u0130smet \u00d6zpolat,","og_url":"https:\/\/kibrisdakik.com\/?p=109930","article_published_time":"2026-04-08T12:23:19+00:00","og_image":[{"url":"https:\/\/mhahabercom.teimg.com\/crop\/1280x720\/mhahaber-com\/uploads\/2026\/04\/mha-sari-beyaz-4463.png","type":"","width":"","height":""}],"author":"admin","twitter_card":"summary_large_image","twitter_misc":{"Yazan:":"admin","Tahmini okuma s\u00fcresi":"1 dakika"},"schema":{"@context":"https:\/\/schema.org","@graph":[{"@type":"Article","@id":"https:\/\/kibrisdakik.com\/?p=109930#article","isPartOf":{"@id":"https:\/\/kibrisdakik.com\/?p=109930"},"author":{"name":"admin","@id":"https:\/\/kibrisdakik.com\/#\/schema\/person\/9cd9d437bbb44f72b73ba127e06d8e79"},"headline":"YE\u015e\u0130LIRMAK\u2019TA \u00c7\u0130LEK FEST\u0130VAL\u0130 BU YIL YEN\u0130DEN D\u00dcZENLEN\u0130YOR","datePublished":"2026-04-08T12:23:19+00:00","mainEntityOfPage":{"@id":"https:\/\/kibrisdakik.com\/?p=109930"},"wordCount":145,"commentCount":0,"publisher":{"@id":"https:\/\/kibrisdakik.com\/#organization"},"image":{"@id":"https:\/\/kibrisdakik.com\/?p=109930#primaryimage"},"thumbnailUrl":"https:\/\/kibrisdakik.com\/wp-content\/uploads\/2026\/04\/mha-sari-beyaz-4463.png","articleSection":["K\u0131br\u0131s"],"inLanguage":"tr","potentialAction":[{"@type":"CommentAction","name":"Comment","target":["https:\/\/kibrisdakik.com\/?p=109930#respond"]}]},{"@type":"WebPage","@id":"https:\/\/kibrisdakik.com\/?p=109930","url":"https:\/\/kibrisdakik.com\/?p=109930","name":"YE\u015e\u0130LIRMAK\u2019TA \u00c7\u0130LEK FEST\u0130VAL\u0130 BU YIL YEN\u0130DEN D\u00dcZENLEN\u0130YOR -","isPartOf":{"@id":"https:\/\/kibrisdakik.com\/#website"},"primaryImageOfPage":{"@id":"https:\/\/kibrisdakik.com\/?p=109930#primaryimage"},"image":{"@id":"https:\/\/kibrisdakik.com\/?p=109930#primaryimage"},"thumbnailUrl":"https:\/\/kibrisdakik.com\/wp-content\/uploads\/2026\/04\/mha-sari-beyaz-4463.png","datePublished":"2026-04-08T12:23:19+00:00","breadcrumb":{"@id":"https:\/\/kibrisdakik.com\/?p=109930#breadcrumb"},"inLanguage":"tr","potentialAction":[{"@type":"ReadAction","target":["https:\/\/kibrisdakik.com\/?p=109930"]}]},{"@type":"ImageObject","inLanguage":"tr","@id":"https:\/\/kibrisdakik.com\/?p=109930#primaryimage","url":"https:\/\/kibrisdakik.com\/wp-content\/uploads\/2026\/04\/mha-sari-beyaz-4463.png","contentUrl":"https:\/\/kibrisdakik.com\/wp-content\/uploads\/2026\/04\/mha-sari-beyaz-4463.png","width":1280,"height":720},{"@type":"BreadcrumbList","@id":"https:\/\/kibrisdakik.com\/?p=109930#breadcrumb","itemListElement":[{"@type":"ListItem","position":1,"name":"Home","item":"https:\/\/kibrisdakik.com\/"},{"@type":"ListItem","position":2,"name":"YE\u015e\u0130LIRMAK\u2019TA \u00c7\u0130LEK FEST\u0130VAL\u0130 BU YIL YEN\u0130DEN D\u00dcZENLEN\u0130YOR"}]},{"@type":"WebSite","@id":"https:\/\/kibrisdakik.com\/#website","url":"https:\/\/kibrisdakik.com\/","name":"K\u0131br\u0131s Dakik","description":"Tam vaktinde haber","publisher":{"@id":"https:\/\/kibrisdakik.com\/#organization"},"potentialAction":[{"@type":"SearchAction","target":{"@type":"EntryPoint","urlTemplate":"https:\/\/kibrisdakik.com\/?s={search_term_string}"},"query-input":{"@type":"PropertyValueSpecification","valueRequired":true,"valueName":"search_term_string"}}],"inLanguage":"tr"},{"@type":"Organization","@id":"https:\/\/kibrisdakik.com\/#organization","name":"K\u0131br\u0131s Dakik","url":"https:\/\/kibrisdakik.com\/","logo":{"@type":"ImageObject","inLanguage":"tr","@id":"https:\/\/kibrisdakik.com\/#\/schema\/logo\/image\/","url":"https:\/\/kibrisdakik.com\/wp-content\/uploads\/2025\/10\/cropped-WhatsApp-Image-2025-10-02-at-12.58.31.jpeg","contentUrl":"https:\/\/kibrisdakik.com\/wp-content\/uploads\/2025\/10\/cropped-WhatsApp-Image-2025-10-02-at-12.58.31.jpeg","width":1237,"height":190,"caption":"K\u0131br\u0131s Dakik"},"image":{"@id":"https:\/\/kibrisdakik.com\/#\/schema\/logo\/image\/"}},{"@type":"Person","@id":"https:\/\/kibrisdakik.com\/#\/schema\/person\/9cd9d437bbb44f72b73ba127e06d8e79","name":"admin","image":{"@type":"ImageObject","inLanguage":"tr","@id":"https:\/\/secure.gravatar.com\/avatar\/ccc17943b9d660506c869530f897617f7cb1c21a4bf30023f252596d83e1f007?s=96&d=mm&r=g","url":"https:\/\/secure.gravatar.com\/avatar\/ccc17943b9d660506c869530f897617f7cb1c21a4bf30023f252596d83e1f007?s=96&d=mm&r=g","contentUrl":"https:\/\/secure.gravatar.com\/avatar\/ccc17943b9d660506c869530f897617f7cb1c21a4bf30023f252596d83e1f007?s=96&d=mm&r=g","caption":"admin"},"sameAs":["https:\/\/kibrisdakik.com"],"url":"https:\/\/kibrisdakik.com\/?author=1"}]}},"_links":{"self":[{"href":"https:\/\/kibrisdakik.com\/index.php?rest_route=\/wp\/v2\/posts\/109930","targetHints":{"allow":["GET"]}}],"collection":[{"href":"https:\/\/kibrisdakik.com\/index.php?rest_route=\/wp\/v2\/posts"}],"about":[{"href":"https:\/\/kibrisdakik.com\/index.php?rest_route=\/wp\/v2\/types\/post"}],"author":[{"embeddable":true,"href":"https:\/\/kibrisdakik.com\/index.php?rest_route=\/wp\/v2\/users\/1"}],"replies":[{"embeddable":true,"href":"https:\/\/kibrisdakik.com\/index.php?rest_route=%2Fwp%2Fv2%2Fcomments&post=109930"}],"version-history":[{"count":0,"href":"https:\/\/kibrisdakik.com\/index.php?rest_route=\/wp\/v2\/posts\/109930\/revisions"}],"wp:featuredmedia":[{"embeddable":true,"href":"https:\/\/kibrisdakik.com\/index.php?rest_route=\/wp\/v2\/media\/109931"}],"wp:attachment":[{"href":"https:\/\/kibrisdakik.com\/index.php?rest_route=%2Fwp%2Fv2%2Fmedia&parent=109930"}],"wp:term":[{"taxonomy":"category","embeddable":true,"href":"https:\/\/kibrisdakik.com\/index.php?rest_route=%2Fwp%2Fv2%2Fcategories&post=109930"},{"taxonomy":"post_tag","embeddable":true,"href":"https:\/\/kibrisdakik.com\/index.php?rest_route=%2Fwp%2Fv2%2Ftags&post=109930"}],"curies":[{"name":"wp","href":"https:\/\/api.w.org\/{rel}","templated":true}]}}