{"id":110241,"date":"2026-04-13T20:48:33","date_gmt":"2026-04-13T17:48:33","guid":{"rendered":"https:\/\/kibrisdakik.com\/?p=110241"},"modified":"2026-04-13T20:48:33","modified_gmt":"2026-04-13T17:48:33","slug":"hurmuzde-catlak-buyuyor","status":"publish","type":"post","link":"https:\/\/kibrisdakik.com\/?p=110241","title":{"rendered":"H\u00fcrm\u00fcz\u2019de \u00e7atlak b\u00fcy\u00fcyor"},"content":{"rendered":"<p><\/p>\n<p>\u0130ngiltere Ba\u015fbakan\u0131 Keir Starmer, Amerika Birle\u015fik Devletleri&#8217;nin \u0130ran limanlar\u0131na uygulad\u0131\u011f\u0131 ablukay\u0131 &#8220;desteklemediklerini&#8221; ve \u0130ran sava\u015f\u0131na &#8220;s\u00fcr\u00fcklenmeyeceklerini&#8221; s\u00f6ylerken Almanya da ablukaya kat\u0131lmayaca\u011f\u0131n\u0131n sinyalini verdi.<\/p>\n<p>\u0130ngiltere Ba\u015fbakan\u0131 Keir Starmer pazartesi g\u00fcn\u00fc yapt\u0131\u011f\u0131 a\u00e7\u0131klamada, Amerika Birle\u015fik Devletleri&#8217;nin (ABD) H\u00fcrm\u00fcz Bo\u011faz\u0131&#8217;n\u0131 ablukaya alma giri\u015fimini &#8220;desteklemediklerini&#8221; ve \u00fclkenin \u0130ran sava\u015f\u0131na &#8220;s\u00fcr\u00fcklenmeyece\u011fini&#8221; bir kez daha vurgulad\u0131.<\/p>\n<p>BBC Radio 5 Live&#8217;a deme\u00e7 veren Starmer, \u201cAbluka ve t\u00fcm bu haz\u0131rl\u0131klar\u0131 \u2013 diplomatik, politik ve kapasite a\u00e7\u0131s\u0131ndan \u2013 desteklemiyoruz. May\u0131n temizleme kapasitemiz var, operasyonel konulara girmeyece\u011fim ama bu kapasiteye sahibiz. Bizim a\u00e7\u0131m\u0131zdan t\u00fcm odak noktam\u0131z, bo\u011faz\u0131n tamamen a\u00e7\u0131lmas\u0131d\u0131r. Son birka\u00e7 haftad\u0131r yapt\u0131\u011f\u0131m\u0131z \u2013 bo\u011faz\u0131n a\u00e7\u0131k kalmas\u0131, kapanmamas\u0131 i\u00e7in \u00fclkeleri bir araya getirmektir\u201d dedi.<\/p>\n<p>Starmer, \u0130ngiltere vatanda\u015flar\u0131n\u0131n \u0130ran sava\u015f\u0131ndan y\u00fcksek enerji maliyetleriyle etkilendi\u011fini ve \u00e7at\u0131\u015fman\u0131n &#8220;bedelini \u00f6demelerini&#8221; istemedi\u011fini s\u00f6yledi ve &#8220;Biz \u0130ngiltere olarak, bu sava\u015fa s\u00fcr\u00fcklenmeyece\u011fimiz konusunda \u00e7ok nettik ve s\u00fcr\u00fcklenmedik ancak ayn\u0131 zamanda savunma faaliyetlerinde de yer ald\u0131k&#8221; yorumunda bulundu.<\/p>\n<div class=\"mceNonEditable\">\n<h6>Fransa ve Almanya&#8217;dan Trump&#8217;a bar\u0131\u015f sinyali<\/h6>\n<p>Starmer&#8217;\u0131n a\u00e7\u0131klamas\u0131 Fransa Cumhurba\u015fkan\u0131 Emmanuel Macron&#8217;un Fransa ve \u0130ngiltere&#8217;nin gelecek g\u00fcnlerde H\u00fcrm\u00fcz Bo\u011faz\u0131&#8217;nda seyr\u00fcsefer \u00f6zg\u00fcrl\u00fc\u011f\u00fcn\u00fc yeniden tesis etmeyi ama\u00e7layan bir konferansa birlikte ev sahipli\u011fi yapacaklar\u0131n\u0131 do\u011frulad\u0131\u011f\u0131 s\u0131rada geldi. Macron, Fransa&#8217;n\u0131n ABD ablukas\u0131na kat\u0131l\u0131m\u0131n\u0131 a\u00e7\u0131k\u00e7a reddetmedi ancak planlanan konferans\u0131n &#8220;sava\u015f\u00e7\u0131lardan ayr\u0131&#8221; &#8220;bar\u0131\u015f\u00e7\u0131l \u00e7ok uluslu&#8221; ve &#8220;kesinlikle savunmac\u0131&#8221; bir misyon yarataca\u011f\u0131n\u0131 s\u00f6yledi.<\/p>\n<p>Almanya da ablukaya kat\u0131lmayaca\u011f\u0131n\u0131n sinyalini verdi. CNBC&#8217;nin konuya yak\u0131n h\u00fck\u00fcmet kaynaklar\u0131na dayand\u0131rd\u0131\u011f\u0131na haberinde Trump&#8217;\u0131n yorumlar\u0131n\u0131n &#8220;herhangi bir yeni ger\u00e7e\u011fe dayanmayan belirsiz bir ifade&#8221; oldu\u011funun alt\u0131 \u00e7izildi.<\/p>\n<p>ABD Ba\u015fkan\u0131 Donald Trump, \u0130ran limanlar\u0131na giri\u015f ve \u00e7\u0131k\u0131\u015f yapan gemilere y\u00f6nelik abluka uygulamas\u0131nda di\u011fer \u00fclkelerin de ABD&#8217;ye yard\u0131m edece\u011fine dair sinyal vermi\u015fti. Bu hamle, Washington ve Tahran aras\u0131nda hafta sonu yap\u0131lan g\u00f6r\u00fc\u015fmelerin Orta Do\u011fu \u00e7at\u0131\u015fmas\u0131n\u0131 sona erdirecek bir anla\u015fmayla sonu\u00e7lanmamas\u0131n\u0131n ard\u0131ndan duyurulmu\u015ftu.<\/p>\n<div class=\"mceNonEditable card card--related\" data-id=\"272047\"><\/div>\n<\/div>\n","protected":false},"excerpt":{"rendered":"<p>\u0130ngiltere Ba\u015fbakan\u0131 Keir Starmer, Amerika Birle\u015fik Devletleri&#8217;nin \u0130ran limanlar\u0131na uygulad\u0131\u011f\u0131 ablukay\u0131 &#8220;desteklemediklerini&#8221; ve \u0130ran sava\u015f\u0131na &#8220;s\u00fcr\u00fcklenmeyeceklerini&#8221; s\u00f6ylerken Almanya da ablukaya kat\u0131lmayaca\u011f\u0131n\u0131n sinyalini verdi. \u0130ngiltere Ba\u015fbakan\u0131 Keir Starmer pazartesi g\u00fcn\u00fc yapt\u0131\u011f\u0131 a\u00e7\u0131klamada, Amerika Birle\u015fik Devletleri&#8217;nin (ABD) H\u00fcrm\u00fcz Bo\u011faz\u0131&#8217;n\u0131 ablukaya alma giri\u015fimini &#8220;desteklemediklerini&#8221; ve \u00fclkenin \u0130ran sava\u015f\u0131na &#8220;s\u00fcr\u00fcklenmeyece\u011fini&#8221; bir kez daha vurgulad\u0131. BBC Radio 5 Live&#8217;a deme\u00e7<\/p>\n","protected":false},"author":1,"featured_media":110242,"comment_status":"open","ping_status":"open","sticky":false,"template":"","format":"standard","meta":{"footnotes":""},"categories":[85],"tags":[],"class_list":["post-110241","post","type-post","status-publish","format-standard","has-post-thumbnail","hentry","category-spor"],"yoast_head":"<!-- This site is optimized with the Yoast SEO plugin v27.4 - https:\/\/yoast.com\/product\/yoast-seo-wordpress\/ -->\n<title>H\u00fcrm\u00fcz\u2019de \u00e7atlak b\u00fcy\u00fcyor -<\/title>\n<meta name=\"robots\" content=\"index, follow, max-snippet:-1, max-image-preview:large, max-video-preview:-1\" \/>\n<link rel=\"canonical\" href=\"https:\/\/kibrisdakik.com\/?p=110241\" \/>\n<meta property=\"og:locale\" content=\"tr_TR\" \/>\n<meta property=\"og:type\" content=\"article\" \/>\n<meta property=\"og:title\" content=\"H\u00fcrm\u00fcz\u2019de \u00e7atlak b\u00fcy\u00fcyor -\" \/>\n<meta property=\"og:description\" content=\"\u0130ngiltere Ba\u015fbakan\u0131 Keir Starmer, Amerika Birle\u015fik Devletleri&#8217;nin \u0130ran limanlar\u0131na uygulad\u0131\u011f\u0131 ablukay\u0131 &#8220;desteklemediklerini&#8221; ve \u0130ran sava\u015f\u0131na &#8220;s\u00fcr\u00fcklenmeyeceklerini&#8221; s\u00f6ylerken Almanya da ablukaya kat\u0131lmayaca\u011f\u0131n\u0131n sinyalini verdi. \u0130ngiltere Ba\u015fbakan\u0131 Keir Starmer pazartesi g\u00fcn\u00fc yapt\u0131\u011f\u0131 a\u00e7\u0131klamada, Amerika Birle\u015fik Devletleri&#8217;nin (ABD) H\u00fcrm\u00fcz Bo\u011faz\u0131&#8217;n\u0131 ablukaya alma giri\u015fimini &#8220;desteklemediklerini&#8221; ve \u00fclkenin \u0130ran sava\u015f\u0131na &#8220;s\u00fcr\u00fcklenmeyece\u011fini&#8221; bir kez daha vurgulad\u0131. BBC Radio 5 Live&#8217;a deme\u00e7\" \/>\n<meta property=\"og:url\" content=\"https:\/\/kibrisdakik.com\/?p=110241\" \/>\n<meta property=\"article:published_time\" content=\"2026-04-13T17:48:33+00:00\" \/>\n<meta property=\"og:image\" content=\"https:\/\/www.bimanset.com\/wp-content\/uploads\/2026\/04\/Hurmuz.png\" \/>\n<meta name=\"author\" content=\"admin\" \/>\n<meta name=\"twitter:card\" content=\"summary_large_image\" \/>\n<meta name=\"twitter:label1\" content=\"Yazan:\" \/>\n\t<meta name=\"twitter:data1\" content=\"admin\" \/>\n\t<meta name=\"twitter:label2\" content=\"Tahmini okuma s\u00fcresi\" \/>\n\t<meta name=\"twitter:data2\" content=\"2 dakika\" \/>\n<script type=\"application\/ld+json\" class=\"yoast-schema-graph\">{\"@context\":\"https:\\\/\\\/schema.org\",\"@graph\":[{\"@type\":\"Article\",\"@id\":\"https:\\\/\\\/kibrisdakik.com\\\/?p=110241#article\",\"isPartOf\":{\"@id\":\"https:\\\/\\\/kibrisdakik.com\\\/?p=110241\"},\"author\":{\"name\":\"admin\",\"@id\":\"https:\\\/\\\/kibrisdakik.com\\\/#\\\/schema\\\/person\\\/9cd9d437bbb44f72b73ba127e06d8e79\"},\"headline\":\"H\u00fcrm\u00fcz\u2019de \u00e7atlak b\u00fcy\u00fcyor\",\"datePublished\":\"2026-04-13T17:48:33+00:00\",\"mainEntityOfPage\":{\"@id\":\"https:\\\/\\\/kibrisdakik.com\\\/?p=110241\"},\"wordCount\":407,\"commentCount\":0,\"image\":{\"@id\":\"https:\\\/\\\/kibrisdakik.com\\\/?p=110241#primaryimage\"},\"thumbnailUrl\":\"https:\\\/\\\/kibrisdakik.com\\\/wp-content\\\/uploads\\\/2026\\\/04\\\/Hurmuz.png\",\"articleSection\":[\"Spor\"],\"inLanguage\":\"tr\",\"potentialAction\":[{\"@type\":\"CommentAction\",\"name\":\"Comment\",\"target\":[\"https:\\\/\\\/kibrisdakik.com\\\/?p=110241#respond\"]}]},{\"@type\":\"WebPage\",\"@id\":\"https:\\\/\\\/kibrisdakik.com\\\/?p=110241\",\"url\":\"https:\\\/\\\/kibrisdakik.com\\\/?p=110241\",\"name\":\"H\u00fcrm\u00fcz\u2019de \u00e7atlak b\u00fcy\u00fcyor -\",\"isPartOf\":{\"@id\":\"https:\\\/\\\/kibrisdakik.com\\\/#website\"},\"primaryImageOfPage\":{\"@id\":\"https:\\\/\\\/kibrisdakik.com\\\/?p=110241#primaryimage\"},\"image\":{\"@id\":\"https:\\\/\\\/kibrisdakik.com\\\/?p=110241#primaryimage\"},\"thumbnailUrl\":\"https:\\\/\\\/kibrisdakik.com\\\/wp-content\\\/uploads\\\/2026\\\/04\\\/Hurmuz.png\",\"datePublished\":\"2026-04-13T17:48:33+00:00\",\"author\":{\"@id\":\"https:\\\/\\\/kibrisdakik.com\\\/#\\\/schema\\\/person\\\/9cd9d437bbb44f72b73ba127e06d8e79\"},\"breadcrumb\":{\"@id\":\"https:\\\/\\\/kibrisdakik.com\\\/?p=110241#breadcrumb\"},\"inLanguage\":\"tr\",\"potentialAction\":[{\"@type\":\"ReadAction\",\"target\":[\"https:\\\/\\\/kibrisdakik.com\\\/?p=110241\"]}]},{\"@type\":\"ImageObject\",\"inLanguage\":\"tr\",\"@id\":\"https:\\\/\\\/kibrisdakik.com\\\/?p=110241#primaryimage\",\"url\":\"https:\\\/\\\/kibrisdakik.com\\\/wp-content\\\/uploads\\\/2026\\\/04\\\/Hurmuz.png\",\"contentUrl\":\"https:\\\/\\\/kibrisdakik.com\\\/wp-content\\\/uploads\\\/2026\\\/04\\\/Hurmuz.png\",\"width\":1280,\"height\":720},{\"@type\":\"BreadcrumbList\",\"@id\":\"https:\\\/\\\/kibrisdakik.com\\\/?p=110241#breadcrumb\",\"itemListElement\":[{\"@type\":\"ListItem\",\"position\":1,\"name\":\"Home\",\"item\":\"https:\\\/\\\/kibrisdakik.com\\\/\"},{\"@type\":\"ListItem\",\"position\":2,\"name\":\"H\u00fcrm\u00fcz\u2019de \u00e7atlak b\u00fcy\u00fcyor\"}]},{\"@type\":\"WebSite\",\"@id\":\"https:\\\/\\\/kibrisdakik.com\\\/#website\",\"url\":\"https:\\\/\\\/kibrisdakik.com\\\/\",\"name\":\"\",\"description\":\"Tam vaktinde haber\",\"potentialAction\":[{\"@type\":\"SearchAction\",\"target\":{\"@type\":\"EntryPoint\",\"urlTemplate\":\"https:\\\/\\\/kibrisdakik.com\\\/?s={search_term_string}\"},\"query-input\":{\"@type\":\"PropertyValueSpecification\",\"valueRequired\":true,\"valueName\":\"search_term_string\"}}],\"inLanguage\":\"tr\"},{\"@type\":\"Person\",\"@id\":\"https:\\\/\\\/kibrisdakik.com\\\/#\\\/schema\\\/person\\\/9cd9d437bbb44f72b73ba127e06d8e79\",\"name\":\"admin\",\"image\":{\"@type\":\"ImageObject\",\"inLanguage\":\"tr\",\"@id\":\"https:\\\/\\\/secure.gravatar.com\\\/avatar\\\/ccc17943b9d660506c869530f897617f7cb1c21a4bf30023f252596d83e1f007?s=96&d=mm&r=g\",\"url\":\"https:\\\/\\\/secure.gravatar.com\\\/avatar\\\/ccc17943b9d660506c869530f897617f7cb1c21a4bf30023f252596d83e1f007?s=96&d=mm&r=g\",\"contentUrl\":\"https:\\\/\\\/secure.gravatar.com\\\/avatar\\\/ccc17943b9d660506c869530f897617f7cb1c21a4bf30023f252596d83e1f007?s=96&d=mm&r=g\",\"caption\":\"admin\"},\"sameAs\":[\"https:\\\/\\\/kibrisdakik.com\"],\"url\":\"https:\\\/\\\/kibrisdakik.com\\\/?author=1\"}]}<\/script>\n<!-- \/ Yoast SEO plugin. -->","yoast_head_json":{"title":"H\u00fcrm\u00fcz\u2019de \u00e7atlak b\u00fcy\u00fcyor -","robots":{"index":"index","follow":"follow","max-snippet":"max-snippet:-1","max-image-preview":"max-image-preview:large","max-video-preview":"max-video-preview:-1"},"canonical":"https:\/\/kibrisdakik.com\/?p=110241","og_locale":"tr_TR","og_type":"article","og_title":"H\u00fcrm\u00fcz\u2019de \u00e7atlak b\u00fcy\u00fcyor -","og_description":"\u0130ngiltere Ba\u015fbakan\u0131 Keir Starmer, Amerika Birle\u015fik Devletleri&#8217;nin \u0130ran limanlar\u0131na uygulad\u0131\u011f\u0131 ablukay\u0131 &#8220;desteklemediklerini&#8221; ve \u0130ran sava\u015f\u0131na &#8220;s\u00fcr\u00fcklenmeyeceklerini&#8221; s\u00f6ylerken Almanya da ablukaya kat\u0131lmayaca\u011f\u0131n\u0131n sinyalini verdi. \u0130ngiltere Ba\u015fbakan\u0131 Keir Starmer pazartesi g\u00fcn\u00fc yapt\u0131\u011f\u0131 a\u00e7\u0131klamada, Amerika Birle\u015fik Devletleri&#8217;nin (ABD) H\u00fcrm\u00fcz Bo\u011faz\u0131&#8217;n\u0131 ablukaya alma giri\u015fimini &#8220;desteklemediklerini&#8221; ve \u00fclkenin \u0130ran sava\u015f\u0131na &#8220;s\u00fcr\u00fcklenmeyece\u011fini&#8221; bir kez daha vurgulad\u0131. BBC Radio 5 Live&#8217;a deme\u00e7","og_url":"https:\/\/kibrisdakik.com\/?p=110241","article_published_time":"2026-04-13T17:48:33+00:00","og_image":[{"url":"https:\/\/www.bimanset.com\/wp-content\/uploads\/2026\/04\/Hurmuz.png","type":"","width":"","height":""}],"author":"admin","twitter_card":"summary_large_image","twitter_misc":{"Yazan:":"admin","Tahmini okuma s\u00fcresi":"2 dakika"},"schema":{"@context":"https:\/\/schema.org","@graph":[{"@type":"Article","@id":"https:\/\/kibrisdakik.com\/?p=110241#article","isPartOf":{"@id":"https:\/\/kibrisdakik.com\/?p=110241"},"author":{"name":"admin","@id":"https:\/\/kibrisdakik.com\/#\/schema\/person\/9cd9d437bbb44f72b73ba127e06d8e79"},"headline":"H\u00fcrm\u00fcz\u2019de \u00e7atlak b\u00fcy\u00fcyor","datePublished":"2026-04-13T17:48:33+00:00","mainEntityOfPage":{"@id":"https:\/\/kibrisdakik.com\/?p=110241"},"wordCount":407,"commentCount":0,"image":{"@id":"https:\/\/kibrisdakik.com\/?p=110241#primaryimage"},"thumbnailUrl":"https:\/\/kibrisdakik.com\/wp-content\/uploads\/2026\/04\/Hurmuz.png","articleSection":["Spor"],"inLanguage":"tr","potentialAction":[{"@type":"CommentAction","name":"Comment","target":["https:\/\/kibrisdakik.com\/?p=110241#respond"]}]},{"@type":"WebPage","@id":"https:\/\/kibrisdakik.com\/?p=110241","url":"https:\/\/kibrisdakik.com\/?p=110241","name":"H\u00fcrm\u00fcz\u2019de \u00e7atlak b\u00fcy\u00fcyor -","isPartOf":{"@id":"https:\/\/kibrisdakik.com\/#website"},"primaryImageOfPage":{"@id":"https:\/\/kibrisdakik.com\/?p=110241#primaryimage"},"image":{"@id":"https:\/\/kibrisdakik.com\/?p=110241#primaryimage"},"thumbnailUrl":"https:\/\/kibrisdakik.com\/wp-content\/uploads\/2026\/04\/Hurmuz.png","datePublished":"2026-04-13T17:48:33+00:00","author":{"@id":"https:\/\/kibrisdakik.com\/#\/schema\/person\/9cd9d437bbb44f72b73ba127e06d8e79"},"breadcrumb":{"@id":"https:\/\/kibrisdakik.com\/?p=110241#breadcrumb"},"inLanguage":"tr","potentialAction":[{"@type":"ReadAction","target":["https:\/\/kibrisdakik.com\/?p=110241"]}]},{"@type":"ImageObject","inLanguage":"tr","@id":"https:\/\/kibrisdakik.com\/?p=110241#primaryimage","url":"https:\/\/kibrisdakik.com\/wp-content\/uploads\/2026\/04\/Hurmuz.png","contentUrl":"https:\/\/kibrisdakik.com\/wp-content\/uploads\/2026\/04\/Hurmuz.png","width":1280,"height":720},{"@type":"BreadcrumbList","@id":"https:\/\/kibrisdakik.com\/?p=110241#breadcrumb","itemListElement":[{"@type":"ListItem","position":1,"name":"Home","item":"https:\/\/kibrisdakik.com\/"},{"@type":"ListItem","position":2,"name":"H\u00fcrm\u00fcz\u2019de \u00e7atlak b\u00fcy\u00fcyor"}]},{"@type":"WebSite","@id":"https:\/\/kibrisdakik.com\/#website","url":"https:\/\/kibrisdakik.com\/","name":"","description":"Tam vaktinde haber","potentialAction":[{"@type":"SearchAction","target":{"@type":"EntryPoint","urlTemplate":"https:\/\/kibrisdakik.com\/?s={search_term_string}"},"query-input":{"@type":"PropertyValueSpecification","valueRequired":true,"valueName":"search_term_string"}}],"inLanguage":"tr"},{"@type":"Person","@id":"https:\/\/kibrisdakik.com\/#\/schema\/person\/9cd9d437bbb44f72b73ba127e06d8e79","name":"admin","image":{"@type":"ImageObject","inLanguage":"tr","@id":"https:\/\/secure.gravatar.com\/avatar\/ccc17943b9d660506c869530f897617f7cb1c21a4bf30023f252596d83e1f007?s=96&d=mm&r=g","url":"https:\/\/secure.gravatar.com\/avatar\/ccc17943b9d660506c869530f897617f7cb1c21a4bf30023f252596d83e1f007?s=96&d=mm&r=g","contentUrl":"https:\/\/secure.gravatar.com\/avatar\/ccc17943b9d660506c869530f897617f7cb1c21a4bf30023f252596d83e1f007?s=96&d=mm&r=g","caption":"admin"},"sameAs":["https:\/\/kibrisdakik.com"],"url":"https:\/\/kibrisdakik.com\/?author=1"}]}},"_links":{"self":[{"href":"https:\/\/kibrisdakik.com\/index.php?rest_route=\/wp\/v2\/posts\/110241","targetHints":{"allow":["GET"]}}],"collection":[{"href":"https:\/\/kibrisdakik.com\/index.php?rest_route=\/wp\/v2\/posts"}],"about":[{"href":"https:\/\/kibrisdakik.com\/index.php?rest_route=\/wp\/v2\/types\/post"}],"author":[{"embeddable":true,"href":"https:\/\/kibrisdakik.com\/index.php?rest_route=\/wp\/v2\/users\/1"}],"replies":[{"embeddable":true,"href":"https:\/\/kibrisdakik.com\/index.php?rest_route=%2Fwp%2Fv2%2Fcomments&post=110241"}],"version-history":[{"count":0,"href":"https:\/\/kibrisdakik.com\/index.php?rest_route=\/wp\/v2\/posts\/110241\/revisions"}],"wp:featuredmedia":[{"embeddable":true,"href":"https:\/\/kibrisdakik.com\/index.php?rest_route=\/wp\/v2\/media\/110242"}],"wp:attachment":[{"href":"https:\/\/kibrisdakik.com\/index.php?rest_route=%2Fwp%2Fv2%2Fmedia&parent=110241"}],"wp:term":[{"taxonomy":"category","embeddable":true,"href":"https:\/\/kibrisdakik.com\/index.php?rest_route=%2Fwp%2Fv2%2Fcategories&post=110241"},{"taxonomy":"post_tag","embeddable":true,"href":"https:\/\/kibrisdakik.com\/index.php?rest_route=%2Fwp%2Fv2%2Ftags&post=110241"}],"curies":[{"name":"wp","href":"https:\/\/api.w.org\/{rel}","templated":true}]}}