{"id":11025,"date":"2023-07-24T17:32:59","date_gmt":"2023-07-24T17:32:59","guid":{"rendered":"https:\/\/kibrisdakik.com\/index.php\/2023\/07\/24\/gazimagusadaki-patlama-ile-ilgili-sorusturma-cok-yonlu-olarak-suruyor\/"},"modified":"2023-07-24T17:32:59","modified_gmt":"2023-07-24T17:32:59","slug":"gazimagusadaki-patlama-ile-ilgili-sorusturma-cok-yonlu-olarak-suruyor","status":"publish","type":"post","link":"https:\/\/kibrisdakik.com\/?p=11025","title":{"rendered":"Gazima\u011fusa\u2019daki patlama ile ilgili soru\u015fturma \u00e7ok y\u00f6nl\u00fc olarak s\u00fcr\u00fcyor"},"content":{"rendered":"<p><\/p>\n<div>\n<div class=\"mariselle-image-container center\">\n                <img width=\"1600\" height=\"1200\" class=\"lazy-image\" alt=\"\" decoding=\"async\" loading=\"lazy\" sizes=\"auto, (max-width: 1600px) 100vw, 1600px\" src=\"https:\/\/brtk.net\/wp-content\/uploads\/2023\/07\/24\/362967897_667811802052551_1542156538202950359_n.jpg?ver=cf04787005cd24f67334724ee25cc73c\" srcset=\"https:\/\/brtk.net\/wp-content\/uploads\/2023\/07\/24\/362967897_667811802052551_1542156538202950359_n.jpg?ver=cf04787005cd24f67334724ee25cc73c 1600w, https:\/\/brtk.net\/wp-content\/uploads\/2023\/07\/24\/362967897_667811802052551_1542156538202950359_n-300x225.jpg?ver=cf04787005cd24f67334724ee25cc73c 300w, https:\/\/brtk.net\/wp-content\/uploads\/2023\/07\/24\/362967897_667811802052551_1542156538202950359_n-1024x768.jpg?ver=55e8fba7582cc544da5d234c20a320f7 1024w, https:\/\/brtk.net\/wp-content\/uploads\/2023\/07\/24\/362967897_667811802052551_1542156538202950359_n-768x576.jpg?ver=55e8fba7582cc544da5d234c20a320f7 768w, https:\/\/brtk.net\/wp-content\/uploads\/2023\/07\/24\/362967897_667811802052551_1542156538202950359_n-1536x1152.jpg?ver=15e00c79d726bc62cbf0d05dd507367f 1536w\"\/>                            <\/div>\n<p>Gazima\u011fusa\u2019da bir apartman\u0131n sekizinci kat\u0131ndaki bir dairede meydana gelen patlaman\u0131n kayna\u011f\u0131 hen\u00fcz tespit edilemedi. Olayla ilgili soru\u015fturma \u00e7ok y\u00f6nl\u00fc olarak s\u00fcr\u00fcyor.<\/p>\n<p>Polis\u2019ten yap\u0131lan a\u00e7\u0131klamada, bu sabah saat 01.30 s\u0131ralar\u0131nda, Gazima\u011fusa bir apartman\u0131n sekizinci kat\u0131ndaki dairede meydana gelen patlaman\u0131n kayna\u011f\u0131n\u0131n hen\u00fcz tespit edilemedi\u011fi bildirildi. A\u00e7\u0131klamada, olayla ilgili soru\u015fturman\u0131n \u00e7ok y\u00f6nl\u00fc olarak devam etti\u011fi kaydedildi.<\/p>\n<p>Bu sabah saat 01.30 s\u0131ralar\u0131nda, Gazima\u011fusa Sakarya b\u00f6lgesinde, Zafer Muharrem Sokak\u2019takiTerrace Apartman\u0131 sekizinci kat 89 nolu dairede hen\u00fcz tespit edilemeyen sebepten dolay\u0131 meydana gelen patlama sonras\u0131 yang\u0131n \u00e7\u0131km\u0131\u015ft\u0131. \u015eeref Uygun isimli 33 ya\u015f\u0131ndaki \u015fah\u0131s ise patlama ve yang\u0131n sonras\u0131 binadan atlayarak ya\u015fam\u0131n\u0131 yitirmi\u015fti.<\/p>\n<p>Ayr\u0131ca, patlaman\u0131n etkisiyle s\u00f6z konusu dairedeki t\u00fcm e\u015fyalar yanarak hasar g\u00f6r\u00fcrken, yine patlaman\u0131n etkisiyle daireden f\u0131rlayan malzemelerden dolay\u0131 civarda park halinde bulunan baz\u0131 ara\u00e7lar ile yan apartman\u0131n baz\u0131 camlar\u0131 k\u0131r\u0131larak hasar meydana gelmi\u015fti.<\/p>\n<p>PGM\/<a href=\"https:\/\/brtk.net\/\">BRT<\/a><\/p>\n<\/p><\/div>\n<p><script async\n                    defer\n                    crossorigin=\"anonymous\"\n                    src=\"https:\/\/connect.facebook.net\/tr_TR\/sdk.js#xfbml=1&#038;version=v3.3\"\n            ><\/script><\/p>\n","protected":false},"excerpt":{"rendered":"<p>Gazima\u011fusa\u2019da bir apartman\u0131n sekizinci kat\u0131ndaki bir dairede meydana gelen patlaman\u0131n kayna\u011f\u0131 hen\u00fcz tespit edilemedi. Olayla ilgili soru\u015fturma \u00e7ok y\u00f6nl\u00fc olarak s\u00fcr\u00fcyor. Polis\u2019ten yap\u0131lan a\u00e7\u0131klamada, bu sabah saat 01.30 s\u0131ralar\u0131nda, Gazima\u011fusa bir apartman\u0131n sekizinci kat\u0131ndaki dairede meydana gelen patlaman\u0131n kayna\u011f\u0131n\u0131n hen\u00fcz tespit edilemedi\u011fi bildirildi. A\u00e7\u0131klamada, olayla ilgili soru\u015fturman\u0131n \u00e7ok y\u00f6nl\u00fc olarak devam etti\u011fi kaydedildi. Bu sabah<\/p>\n","protected":false},"author":1,"featured_media":11026,"comment_status":"open","ping_status":"open","sticky":false,"template":"","format":"standard","meta":{"footnotes":""},"categories":[1],"tags":[],"class_list":["post-11025","post","type-post","status-publish","format-standard","has-post-thumbnail","hentry","category-gundem"],"yoast_head":"<!-- This site is optimized with the Yoast SEO plugin v27.5 - https:\/\/yoast.com\/product\/yoast-seo-wordpress\/ -->\n<title>Gazima\u011fusa\u2019daki patlama ile ilgili soru\u015fturma \u00e7ok y\u00f6nl\u00fc olarak s\u00fcr\u00fcyor -<\/title>\n<meta name=\"robots\" content=\"index, follow, max-snippet:-1, max-image-preview:large, max-video-preview:-1\" \/>\n<link rel=\"canonical\" href=\"https:\/\/kibrisdakik.com\/?p=11025\" \/>\n<meta property=\"og:locale\" content=\"tr_TR\" \/>\n<meta property=\"og:type\" content=\"article\" \/>\n<meta property=\"og:title\" content=\"Gazima\u011fusa\u2019daki patlama ile ilgili soru\u015fturma \u00e7ok y\u00f6nl\u00fc olarak s\u00fcr\u00fcyor -\" \/>\n<meta property=\"og:description\" content=\"Gazima\u011fusa\u2019da bir apartman\u0131n sekizinci kat\u0131ndaki bir dairede meydana gelen patlaman\u0131n kayna\u011f\u0131 hen\u00fcz tespit edilemedi. Olayla ilgili soru\u015fturma \u00e7ok y\u00f6nl\u00fc olarak s\u00fcr\u00fcyor. Polis\u2019ten yap\u0131lan a\u00e7\u0131klamada, bu sabah saat 01.30 s\u0131ralar\u0131nda, Gazima\u011fusa bir apartman\u0131n sekizinci kat\u0131ndaki dairede meydana gelen patlaman\u0131n kayna\u011f\u0131n\u0131n hen\u00fcz tespit edilemedi\u011fi bildirildi. A\u00e7\u0131klamada, olayla ilgili soru\u015fturman\u0131n \u00e7ok y\u00f6nl\u00fc olarak devam etti\u011fi kaydedildi. Bu sabah\" \/>\n<meta property=\"og:url\" content=\"https:\/\/kibrisdakik.com\/?p=11025\" \/>\n<meta property=\"article:published_time\" content=\"2023-07-24T17:32:59+00:00\" \/>\n<meta property=\"og:image\" content=\"https:\/\/kibrisdakik.com\/wp-content\/uploads\/2023\/07\/362967897_667811802052551_1542156538202950359_n-740x420.jpg\" \/>\n\t<meta property=\"og:image:width\" content=\"1600\" \/>\n\t<meta property=\"og:image:height\" content=\"1200\" \/>\n\t<meta property=\"og:image:type\" content=\"image\/jpeg\" \/>\n<meta name=\"author\" content=\"admin\" \/>\n<meta name=\"twitter:card\" content=\"summary_large_image\" \/>\n<meta name=\"twitter:label1\" content=\"Yazan:\" \/>\n\t<meta name=\"twitter:data1\" content=\"admin\" \/>\n\t<meta name=\"twitter:label2\" content=\"Tahmini okuma s\u00fcresi\" \/>\n\t<meta name=\"twitter:data2\" content=\"1 dakika\" \/>\n<script type=\"application\/ld+json\" class=\"yoast-schema-graph\">{\"@context\":\"https:\\\/\\\/schema.org\",\"@graph\":[{\"@type\":\"Article\",\"@id\":\"https:\\\/\\\/kibrisdakik.com\\\/?p=11025#article\",\"isPartOf\":{\"@id\":\"https:\\\/\\\/kibrisdakik.com\\\/?p=11025\"},\"author\":{\"name\":\"admin\",\"@id\":\"https:\\\/\\\/kibrisdakik.com\\\/#\\\/schema\\\/person\\\/9cd9d437bbb44f72b73ba127e06d8e79\"},\"headline\":\"Gazima\u011fusa\u2019daki patlama ile ilgili soru\u015fturma \u00e7ok y\u00f6nl\u00fc olarak s\u00fcr\u00fcyor\",\"datePublished\":\"2023-07-24T17:32:59+00:00\",\"mainEntityOfPage\":{\"@id\":\"https:\\\/\\\/kibrisdakik.com\\\/?p=11025\"},\"wordCount\":198,\"commentCount\":0,\"image\":{\"@id\":\"https:\\\/\\\/kibrisdakik.com\\\/?p=11025#primaryimage\"},\"thumbnailUrl\":\"https:\\\/\\\/kibrisdakik.com\\\/wp-content\\\/uploads\\\/2023\\\/07\\\/362967897_667811802052551_1542156538202950359_n-740x420.jpg\",\"articleSection\":[\"G\u00fcndem\"],\"inLanguage\":\"tr\",\"potentialAction\":[{\"@type\":\"CommentAction\",\"name\":\"Comment\",\"target\":[\"https:\\\/\\\/kibrisdakik.com\\\/?p=11025#respond\"]}]},{\"@type\":\"WebPage\",\"@id\":\"https:\\\/\\\/kibrisdakik.com\\\/?p=11025\",\"url\":\"https:\\\/\\\/kibrisdakik.com\\\/?p=11025\",\"name\":\"Gazima\u011fusa\u2019daki patlama ile ilgili soru\u015fturma \u00e7ok y\u00f6nl\u00fc olarak s\u00fcr\u00fcyor -\",\"isPartOf\":{\"@id\":\"https:\\\/\\\/kibrisdakik.com\\\/#website\"},\"primaryImageOfPage\":{\"@id\":\"https:\\\/\\\/kibrisdakik.com\\\/?p=11025#primaryimage\"},\"image\":{\"@id\":\"https:\\\/\\\/kibrisdakik.com\\\/?p=11025#primaryimage\"},\"thumbnailUrl\":\"https:\\\/\\\/kibrisdakik.com\\\/wp-content\\\/uploads\\\/2023\\\/07\\\/362967897_667811802052551_1542156538202950359_n-740x420.jpg\",\"datePublished\":\"2023-07-24T17:32:59+00:00\",\"author\":{\"@id\":\"https:\\\/\\\/kibrisdakik.com\\\/#\\\/schema\\\/person\\\/9cd9d437bbb44f72b73ba127e06d8e79\"},\"breadcrumb\":{\"@id\":\"https:\\\/\\\/kibrisdakik.com\\\/?p=11025#breadcrumb\"},\"inLanguage\":\"tr\",\"potentialAction\":[{\"@type\":\"ReadAction\",\"target\":[\"https:\\\/\\\/kibrisdakik.com\\\/?p=11025\"]}]},{\"@type\":\"ImageObject\",\"inLanguage\":\"tr\",\"@id\":\"https:\\\/\\\/kibrisdakik.com\\\/?p=11025#primaryimage\",\"url\":\"https:\\\/\\\/kibrisdakik.com\\\/wp-content\\\/uploads\\\/2023\\\/07\\\/362967897_667811802052551_1542156538202950359_n-740x420.jpg\",\"contentUrl\":\"https:\\\/\\\/kibrisdakik.com\\\/wp-content\\\/uploads\\\/2023\\\/07\\\/362967897_667811802052551_1542156538202950359_n-740x420.jpg\",\"width\":1600,\"height\":1200},{\"@type\":\"BreadcrumbList\",\"@id\":\"https:\\\/\\\/kibrisdakik.com\\\/?p=11025#breadcrumb\",\"itemListElement\":[{\"@type\":\"ListItem\",\"position\":1,\"name\":\"Home\",\"item\":\"https:\\\/\\\/kibrisdakik.com\\\/\"},{\"@type\":\"ListItem\",\"position\":2,\"name\":\"Gazima\u011fusa\u2019daki patlama ile ilgili soru\u015fturma \u00e7ok y\u00f6nl\u00fc olarak s\u00fcr\u00fcyor\"}]},{\"@type\":\"WebSite\",\"@id\":\"https:\\\/\\\/kibrisdakik.com\\\/#website\",\"url\":\"https:\\\/\\\/kibrisdakik.com\\\/\",\"name\":\"\",\"description\":\"Tam vaktinde haber\",\"potentialAction\":[{\"@type\":\"SearchAction\",\"target\":{\"@type\":\"EntryPoint\",\"urlTemplate\":\"https:\\\/\\\/kibrisdakik.com\\\/?s={search_term_string}\"},\"query-input\":{\"@type\":\"PropertyValueSpecification\",\"valueRequired\":true,\"valueName\":\"search_term_string\"}}],\"inLanguage\":\"tr\"},{\"@type\":\"Person\",\"@id\":\"https:\\\/\\\/kibrisdakik.com\\\/#\\\/schema\\\/person\\\/9cd9d437bbb44f72b73ba127e06d8e79\",\"name\":\"admin\",\"image\":{\"@type\":\"ImageObject\",\"inLanguage\":\"tr\",\"@id\":\"https:\\\/\\\/secure.gravatar.com\\\/avatar\\\/ccc17943b9d660506c869530f897617f7cb1c21a4bf30023f252596d83e1f007?s=96&d=mm&r=g\",\"url\":\"https:\\\/\\\/secure.gravatar.com\\\/avatar\\\/ccc17943b9d660506c869530f897617f7cb1c21a4bf30023f252596d83e1f007?s=96&d=mm&r=g\",\"contentUrl\":\"https:\\\/\\\/secure.gravatar.com\\\/avatar\\\/ccc17943b9d660506c869530f897617f7cb1c21a4bf30023f252596d83e1f007?s=96&d=mm&r=g\",\"caption\":\"admin\"},\"sameAs\":[\"https:\\\/\\\/kibrisdakik.com\"],\"url\":\"https:\\\/\\\/kibrisdakik.com\\\/?author=1\"}]}<\/script>\n<!-- \/ Yoast SEO plugin. -->","yoast_head_json":{"title":"Gazima\u011fusa\u2019daki patlama ile ilgili soru\u015fturma \u00e7ok y\u00f6nl\u00fc olarak s\u00fcr\u00fcyor -","robots":{"index":"index","follow":"follow","max-snippet":"max-snippet:-1","max-image-preview":"max-image-preview:large","max-video-preview":"max-video-preview:-1"},"canonical":"https:\/\/kibrisdakik.com\/?p=11025","og_locale":"tr_TR","og_type":"article","og_title":"Gazima\u011fusa\u2019daki patlama ile ilgili soru\u015fturma \u00e7ok y\u00f6nl\u00fc olarak s\u00fcr\u00fcyor -","og_description":"Gazima\u011fusa\u2019da bir apartman\u0131n sekizinci kat\u0131ndaki bir dairede meydana gelen patlaman\u0131n kayna\u011f\u0131 hen\u00fcz tespit edilemedi. Olayla ilgili soru\u015fturma \u00e7ok y\u00f6nl\u00fc olarak s\u00fcr\u00fcyor. Polis\u2019ten yap\u0131lan a\u00e7\u0131klamada, bu sabah saat 01.30 s\u0131ralar\u0131nda, Gazima\u011fusa bir apartman\u0131n sekizinci kat\u0131ndaki dairede meydana gelen patlaman\u0131n kayna\u011f\u0131n\u0131n hen\u00fcz tespit edilemedi\u011fi bildirildi. A\u00e7\u0131klamada, olayla ilgili soru\u015fturman\u0131n \u00e7ok y\u00f6nl\u00fc olarak devam etti\u011fi kaydedildi. Bu sabah","og_url":"https:\/\/kibrisdakik.com\/?p=11025","article_published_time":"2023-07-24T17:32:59+00:00","og_image":[{"width":1600,"height":1200,"url":"https:\/\/kibrisdakik.com\/wp-content\/uploads\/2023\/07\/362967897_667811802052551_1542156538202950359_n-740x420.jpg","type":"image\/jpeg"}],"author":"admin","twitter_card":"summary_large_image","twitter_misc":{"Yazan:":"admin","Tahmini okuma s\u00fcresi":"1 dakika"},"schema":{"@context":"https:\/\/schema.org","@graph":[{"@type":"Article","@id":"https:\/\/kibrisdakik.com\/?p=11025#article","isPartOf":{"@id":"https:\/\/kibrisdakik.com\/?p=11025"},"author":{"name":"admin","@id":"https:\/\/kibrisdakik.com\/#\/schema\/person\/9cd9d437bbb44f72b73ba127e06d8e79"},"headline":"Gazima\u011fusa\u2019daki patlama ile ilgili soru\u015fturma \u00e7ok y\u00f6nl\u00fc olarak s\u00fcr\u00fcyor","datePublished":"2023-07-24T17:32:59+00:00","mainEntityOfPage":{"@id":"https:\/\/kibrisdakik.com\/?p=11025"},"wordCount":198,"commentCount":0,"image":{"@id":"https:\/\/kibrisdakik.com\/?p=11025#primaryimage"},"thumbnailUrl":"https:\/\/kibrisdakik.com\/wp-content\/uploads\/2023\/07\/362967897_667811802052551_1542156538202950359_n-740x420.jpg","articleSection":["G\u00fcndem"],"inLanguage":"tr","potentialAction":[{"@type":"CommentAction","name":"Comment","target":["https:\/\/kibrisdakik.com\/?p=11025#respond"]}]},{"@type":"WebPage","@id":"https:\/\/kibrisdakik.com\/?p=11025","url":"https:\/\/kibrisdakik.com\/?p=11025","name":"Gazima\u011fusa\u2019daki patlama ile ilgili soru\u015fturma \u00e7ok y\u00f6nl\u00fc olarak s\u00fcr\u00fcyor -","isPartOf":{"@id":"https:\/\/kibrisdakik.com\/#website"},"primaryImageOfPage":{"@id":"https:\/\/kibrisdakik.com\/?p=11025#primaryimage"},"image":{"@id":"https:\/\/kibrisdakik.com\/?p=11025#primaryimage"},"thumbnailUrl":"https:\/\/kibrisdakik.com\/wp-content\/uploads\/2023\/07\/362967897_667811802052551_1542156538202950359_n-740x420.jpg","datePublished":"2023-07-24T17:32:59+00:00","author":{"@id":"https:\/\/kibrisdakik.com\/#\/schema\/person\/9cd9d437bbb44f72b73ba127e06d8e79"},"breadcrumb":{"@id":"https:\/\/kibrisdakik.com\/?p=11025#breadcrumb"},"inLanguage":"tr","potentialAction":[{"@type":"ReadAction","target":["https:\/\/kibrisdakik.com\/?p=11025"]}]},{"@type":"ImageObject","inLanguage":"tr","@id":"https:\/\/kibrisdakik.com\/?p=11025#primaryimage","url":"https:\/\/kibrisdakik.com\/wp-content\/uploads\/2023\/07\/362967897_667811802052551_1542156538202950359_n-740x420.jpg","contentUrl":"https:\/\/kibrisdakik.com\/wp-content\/uploads\/2023\/07\/362967897_667811802052551_1542156538202950359_n-740x420.jpg","width":1600,"height":1200},{"@type":"BreadcrumbList","@id":"https:\/\/kibrisdakik.com\/?p=11025#breadcrumb","itemListElement":[{"@type":"ListItem","position":1,"name":"Home","item":"https:\/\/kibrisdakik.com\/"},{"@type":"ListItem","position":2,"name":"Gazima\u011fusa\u2019daki patlama ile ilgili soru\u015fturma \u00e7ok y\u00f6nl\u00fc olarak s\u00fcr\u00fcyor"}]},{"@type":"WebSite","@id":"https:\/\/kibrisdakik.com\/#website","url":"https:\/\/kibrisdakik.com\/","name":"","description":"Tam vaktinde haber","potentialAction":[{"@type":"SearchAction","target":{"@type":"EntryPoint","urlTemplate":"https:\/\/kibrisdakik.com\/?s={search_term_string}"},"query-input":{"@type":"PropertyValueSpecification","valueRequired":true,"valueName":"search_term_string"}}],"inLanguage":"tr"},{"@type":"Person","@id":"https:\/\/kibrisdakik.com\/#\/schema\/person\/9cd9d437bbb44f72b73ba127e06d8e79","name":"admin","image":{"@type":"ImageObject","inLanguage":"tr","@id":"https:\/\/secure.gravatar.com\/avatar\/ccc17943b9d660506c869530f897617f7cb1c21a4bf30023f252596d83e1f007?s=96&d=mm&r=g","url":"https:\/\/secure.gravatar.com\/avatar\/ccc17943b9d660506c869530f897617f7cb1c21a4bf30023f252596d83e1f007?s=96&d=mm&r=g","contentUrl":"https:\/\/secure.gravatar.com\/avatar\/ccc17943b9d660506c869530f897617f7cb1c21a4bf30023f252596d83e1f007?s=96&d=mm&r=g","caption":"admin"},"sameAs":["https:\/\/kibrisdakik.com"],"url":"https:\/\/kibrisdakik.com\/?author=1"}]}},"_links":{"self":[{"href":"https:\/\/kibrisdakik.com\/index.php?rest_route=\/wp\/v2\/posts\/11025","targetHints":{"allow":["GET"]}}],"collection":[{"href":"https:\/\/kibrisdakik.com\/index.php?rest_route=\/wp\/v2\/posts"}],"about":[{"href":"https:\/\/kibrisdakik.com\/index.php?rest_route=\/wp\/v2\/types\/post"}],"author":[{"embeddable":true,"href":"https:\/\/kibrisdakik.com\/index.php?rest_route=\/wp\/v2\/users\/1"}],"replies":[{"embeddable":true,"href":"https:\/\/kibrisdakik.com\/index.php?rest_route=%2Fwp%2Fv2%2Fcomments&post=11025"}],"version-history":[{"count":0,"href":"https:\/\/kibrisdakik.com\/index.php?rest_route=\/wp\/v2\/posts\/11025\/revisions"}],"wp:featuredmedia":[{"embeddable":true,"href":"https:\/\/kibrisdakik.com\/index.php?rest_route=\/wp\/v2\/media\/11026"}],"wp:attachment":[{"href":"https:\/\/kibrisdakik.com\/index.php?rest_route=%2Fwp%2Fv2%2Fmedia&parent=11025"}],"wp:term":[{"taxonomy":"category","embeddable":true,"href":"https:\/\/kibrisdakik.com\/index.php?rest_route=%2Fwp%2Fv2%2Fcategories&post=11025"},{"taxonomy":"post_tag","embeddable":true,"href":"https:\/\/kibrisdakik.com\/index.php?rest_route=%2Fwp%2Fv2%2Ftags&post=11025"}],"curies":[{"name":"wp","href":"https:\/\/api.w.org\/{rel}","templated":true}]}}