{"id":110353,"date":"2026-04-15T11:33:17","date_gmt":"2026-04-15T08:33:17","guid":{"rendered":"https:\/\/kibrisdakik.com\/?p=110353"},"modified":"2026-04-15T11:33:17","modified_gmt":"2026-04-15T08:33:17","slug":"serhat-akpinar-kktc-algi-operasyonlarina-teslim-olmaz","status":"publish","type":"post","link":"https:\/\/kibrisdakik.com\/?p=110353","title":{"rendered":"SERHAT AKPINAR: KKTC ALGI OPERASYONLARINA TESL\u0130M OLMAZ"},"content":{"rendered":"<p><\/p>\n<div data-text-id=\"199868\" property=\"articleBody\">\n<p>Demokrat Parti (DP) Genel Sekreteri Serhat Akp\u0131nar, faili, kayna\u011f\u0131 ve kimler taraf\u0131ndan ger\u00e7ekle\u015ftirildi\u011fi hen\u00fcz netle\u015fmemi\u015f sald\u0131r\u0131lar \u00fczerinden baz\u0131 \u00e7evrelerin h\u00fck\u00fcmeti ve devlet yap\u0131s\u0131n\u0131 hedef g\u00f6stermeye \u00e7al\u0131\u015ft\u0131\u011f\u0131n\u0131 belirterek, bu yakla\u015f\u0131m\u0131n sorumluluk anlay\u0131\u015f\u0131yla ele al\u0131nmad\u0131\u011f\u0131 takdirde \u201csiyasi f\u0131rsat\u00e7\u0131l\u0131\u011fa\u201d d\u00f6n\u00fc\u015fece\u011fini s\u00f6yledi.<\/p>\n<p>KKTC\u2019nin, sosyal medya \u00fczerinden y\u00fcr\u00fct\u00fclen alg\u0131 operasyonlar\u0131na teslim edilecek kadar zay\u0131f bir \u00fclke olmad\u0131\u011f\u0131n\u0131 vurgulayan Akp\u0131nar, siber sald\u0131r\u0131lar\u0131n ara\u015ft\u0131r\u0131laca\u011f\u0131n\u0131 ve sorumlular\u0131n ortaya \u00e7\u0131kar\u0131laca\u011f\u0131n\u0131 kaydetti.<\/p>\n<p>Akp\u0131nar yapt\u0131\u011f\u0131 yaz\u0131l\u0131 a\u00e7\u0131klamada, s\u00fcrecin yaln\u0131zca bir siber sald\u0131r\u0131 de\u011fil, ayn\u0131 zamanda bir alg\u0131 operasyonu niteli\u011fi ta\u015f\u0131d\u0131\u011f\u0131n\u0131 belirterek, halk\u0131 provokasyonlara kap\u0131lmamaya \u00e7a\u011f\u0131rd\u0131.<\/p>\n<p>Bu s\u00fcre\u00e7te herkesin diline, \u00fcslubuna ve sorumlulu\u011funa dikkat etmesi gerekti\u011fini ifade eden Akp\u0131nar, \u00fclkenin dijital egemenli\u011fini kuracak, siber g\u00fcvenli\u011fini g\u00fc\u00e7lendirecek ve kurumsal reflekslerini en \u00fcst seviyeye \u00e7\u0131karacak iradeye sahip oldu\u011funu belirtti.<\/p>\n<p>&#8211; \u201cToplumsal g\u00fcven duygusunu hedef alan organize bir s\u00fcrecin hayata ge\u00e7irildi\u011fini g\u00f6r\u00fcyoruz\u201d<\/p>\n<p>Akp\u0131nar, \u00fclkede ya\u015fanan ve \u201cs\u00f6zde\u201d olarak nitelendirdi\u011fi siber sald\u0131r\u0131lar\u0131n medya kurulu\u015flar\u0131, siyaset\u00e7iler, milletvekilleri ve i\u015f d\u00fcnyas\u0131n\u0131 hedef almaya devam etti\u011fini belirterek, bireysel ve kurumsal ma\u011fduriyetlerin yan\u0131 s\u0131ra toplumsal g\u00fcven duygusunu hedef alan organize bir s\u00fcrecin hayata ge\u00e7irildi\u011fini ifade etti.<\/p>\n<p>Akp\u0131nar, hen\u00fcz faili, kayna\u011f\u0131 ve kimler taraf\u0131ndan ger\u00e7ekle\u015ftirildi\u011fi netle\u015fmemi\u015f sald\u0131r\u0131lar \u00fczerinden baz\u0131 \u00e7evrelerin \u201cb\u00fcy\u00fck bir \u00f6fke ve aceleyle\u201d h\u00fck\u00fcmeti ve devlet yap\u0131s\u0131n\u0131 hedef g\u00f6stermeye \u00e7al\u0131\u015ft\u0131\u011f\u0131n\u0131 belirterek, \u201cBu yakla\u015f\u0131m sorumluluk anlay\u0131\u015f\u0131 ile ele al\u0131nmad\u0131\u011f\u0131 s\u00fcrece, d\u00fcped\u00fcz siyasi f\u0131rsat\u00e7\u0131l\u0131\u011fa d\u00f6n\u00fc\u015fmektedir\u201d dedi.<\/p>\n<p>Kimli\u011fi belirsiz yap\u0131lar \u00fczerinden kesin yarg\u0131lara var\u0131lmamas\u0131 gerekti\u011fini belirten Akp\u0131nar, bu t\u00fcr yakla\u015f\u0131mlar\u0131n s\u00fcrmesi halinde toplumsal ayr\u0131\u015fmay\u0131 derinle\u015ftirece\u011fini s\u00f6yledi.<\/p>\n<p>&#8211; \u201cS\u00f6z konusu sald\u0131r\u0131lar toplumsal fay hatlar\u0131n\u0131 tetiklemek amac\u0131yla planlanm\u0131\u015f olabilir\u201d<\/p>\n<p>Akp\u0131nar, ya\u015fanan s\u00fcrecin do\u011fru okunmas\u0131 gerekti\u011fini de belirterek, s\u00f6z konusu sald\u0131r\u0131lar\u0131n \u00fclke i\u00e7indeki g\u00fcvenlik a\u00e7\u0131klar\u0131n\u0131 test eden profesyonel yap\u0131lar taraf\u0131ndan toplumsal fay hatlar\u0131n\u0131 tetiklemek amac\u0131yla planlanm\u0131\u015f olabilece\u011fine i\u015faret etti.<\/p>\n<p>Bu s\u00fcre\u00e7te baz\u0131 ki\u015filerin de ortaya \u00e7\u0131karak kendilerine rol bi\u00e7meye ba\u015flad\u0131\u011f\u0131n\u0131 dile getiren Akp\u0131nar, \u201cHi\u00e7bir veri ve ger\u00e7eklik olmadan halk ad\u0131na \u00f6fke \u00fcretip kahramanl\u0131k oynayanlar ne topluma hizmet eder ne de demokrasiyi g\u00fc\u00e7lendirir\u201d dedi.<\/p>\n<p>&#8211; \u201cKimse toplumu germeye ve kutupla\u015ft\u0131rmaya kalkmamal\u0131\u201d<\/p>\n<p>\u201cHi\u00e7 kimse kan\u0131ts\u0131z ithamlarla devlet kurumlar\u0131n\u0131 hedef alarak toplumu germeye ve kutupla\u015ft\u0131rmaya kalkmamal\u0131d\u0131r. KKTC, sosyal medya \u00fczerinden y\u00fcr\u00fct\u00fclen alg\u0131 operasyonlar\u0131na teslim edilecek kadar zay\u0131f bir \u00fclke de\u011fildir\u201d diyerek a\u00e7\u0131klamas\u0131na devam eden Akp\u0131nar, siber sald\u0131r\u0131lar\u0131n ara\u015ft\u0131r\u0131laca\u011f\u0131n\u0131 ve sorumlular\u0131n ortaya \u00e7\u0131kar\u0131laca\u011f\u0131n\u0131 kaydetti.<\/p>\n<p>Bu s\u00fcre\u00e7te herkesin diline, \u00fcslubuna ve sorumlulu\u011funa dikkat etmesi gerekti\u011fini belirten Akp\u0131nar, \u201cYap\u0131lan her sorumsuz a\u00e7\u0131klama, sald\u0131r\u0131y\u0131 yapanlar\u0131n ekme\u011fine ya\u011f s\u00fcrmekten ba\u015fka bir anlam ta\u015f\u0131mayacakt\u0131r\u201d dedi.<\/p>\n<p>Akp\u0131nar ayr\u0131ca, hayat pahal\u0131l\u0131\u011f\u0131na y\u00f6nelik d\u00fczenlemeler, fiber altyap\u0131 projeleri ve \u00fclkenin gelece\u011fini ilgilendiren stratejik ad\u0131mlar\u0131n tart\u0131\u015f\u0131ld\u0131\u011f\u0131 bir d\u00f6nemde s\u00fcrecin manip\u00fclatif bir zemine \u00e7ekilmesinin tesad\u00fcf olmad\u0131\u011f\u0131n\u0131 ifade etti.<\/p>\n<p>&#8211; \u201cS\u00fcre\u00e7 yaln\u0131zca siber sald\u0131r\u0131 de\u011fil, alg\u0131 operasyonu\u201d<\/p>\n<p>\u201cBu s\u00fcre\u00e7 yaln\u0131zca bir siber sald\u0131r\u0131 s\u00fcreci de\u011fildir, ayn\u0131 zamanda bir alg\u0131 operasyonudur\u201d diyen Akp\u0131nar, halk\u0131 provokasyonlara kap\u0131lmamaya \u00e7a\u011f\u0131rd\u0131.<\/p>\n<p>Bilinmeyen \u00fczerinden d\u00fc\u015fman \u00fcretilmemesi ve toplumsal bar\u0131\u015f\u0131n siyasi rant u\u011fruna riske at\u0131lmamas\u0131 gerekti\u011fini vurgulayan Akp\u0131nar, \u00fclkenin dijital egemenli\u011fini kuracak ve siber g\u00fcvenli\u011fini g\u00fc\u00e7lendirecek iradeye sahip olduklar\u0131n\u0131 ifade etti.<\/p>\n<p>Gereken ad\u0131mlar\u0131n at\u0131laca\u011f\u0131n\u0131 belirten Akp\u0131nar, \u201cBu devlet de, bu halk da ne sahipsizdir ne de y\u00f6ns\u00fczd\u00fcr\u201d diyerek, Demokrat Parti\u2019nin devlet ciddiyetini, halk\u0131n birli\u011fini ve \u00fclkenin gelece\u011fini koruma kararl\u0131l\u0131\u011f\u0131n\u0131 vurgulad\u0131.<\/p>\n<\/p><\/div>\n","protected":false},"excerpt":{"rendered":"<p>Demokrat Parti (DP) Genel Sekreteri Serhat Akp\u0131nar, faili, kayna\u011f\u0131 ve kimler taraf\u0131ndan ger\u00e7ekle\u015ftirildi\u011fi hen\u00fcz netle\u015fmemi\u015f sald\u0131r\u0131lar \u00fczerinden baz\u0131 \u00e7evrelerin h\u00fck\u00fcmeti ve devlet yap\u0131s\u0131n\u0131 hedef g\u00f6stermeye \u00e7al\u0131\u015ft\u0131\u011f\u0131n\u0131 belirterek, bu yakla\u015f\u0131m\u0131n sorumluluk anlay\u0131\u015f\u0131yla ele al\u0131nmad\u0131\u011f\u0131 takdirde \u201csiyasi f\u0131rsat\u00e7\u0131l\u0131\u011fa\u201d d\u00f6n\u00fc\u015fece\u011fini s\u00f6yledi. KKTC\u2019nin, sosyal medya \u00fczerinden y\u00fcr\u00fct\u00fclen alg\u0131 operasyonlar\u0131na teslim edilecek kadar zay\u0131f bir \u00fclke olmad\u0131\u011f\u0131n\u0131 vurgulayan Akp\u0131nar, siber<\/p>\n","protected":false},"author":1,"featured_media":110354,"comment_status":"open","ping_status":"open","sticky":false,"template":"","format":"standard","meta":{"footnotes":""},"categories":[81],"tags":[],"class_list":["post-110353","post","type-post","status-publish","format-standard","has-post-thumbnail","hentry","category-kibris"],"yoast_head":"<!-- This site is optimized with the Yoast SEO plugin v28.4 - https:\/\/yoast.com\/product\/yoast-seo-wordpress\/ -->\n<title>SERHAT AKPINAR: KKTC ALGI OPERASYONLARINA TESL\u0130M OLMAZ -<\/title>\n<meta name=\"robots\" content=\"index, follow, max-snippet:-1, max-image-preview:large, max-video-preview:-1\" \/>\n<link rel=\"canonical\" href=\"https:\/\/kibrisdakik.com\/?p=110353\" \/>\n<meta property=\"og:locale\" content=\"tr_TR\" \/>\n<meta property=\"og:type\" content=\"article\" \/>\n<meta property=\"og:title\" content=\"SERHAT AKPINAR: KKTC ALGI OPERASYONLARINA TESL\u0130M OLMAZ -\" \/>\n<meta property=\"og:description\" content=\"Demokrat Parti (DP) Genel Sekreteri Serhat Akp\u0131nar, faili, kayna\u011f\u0131 ve kimler taraf\u0131ndan ger\u00e7ekle\u015ftirildi\u011fi hen\u00fcz netle\u015fmemi\u015f sald\u0131r\u0131lar \u00fczerinden baz\u0131 \u00e7evrelerin h\u00fck\u00fcmeti ve devlet yap\u0131s\u0131n\u0131 hedef g\u00f6stermeye \u00e7al\u0131\u015ft\u0131\u011f\u0131n\u0131 belirterek, bu yakla\u015f\u0131m\u0131n sorumluluk anlay\u0131\u015f\u0131yla ele al\u0131nmad\u0131\u011f\u0131 takdirde \u201csiyasi f\u0131rsat\u00e7\u0131l\u0131\u011fa\u201d d\u00f6n\u00fc\u015fece\u011fini s\u00f6yledi. KKTC\u2019nin, sosyal medya \u00fczerinden y\u00fcr\u00fct\u00fclen alg\u0131 operasyonlar\u0131na teslim edilecek kadar zay\u0131f bir \u00fclke olmad\u0131\u011f\u0131n\u0131 vurgulayan Akp\u0131nar, siber\" \/>\n<meta property=\"og:url\" content=\"https:\/\/kibrisdakik.com\/?p=110353\" \/>\n<meta property=\"article:published_time\" content=\"2026-04-15T08:33:17+00:00\" \/>\n<meta property=\"og:image\" content=\"https:\/\/mhahabercom.teimg.com\/crop\/1280x720\/mhahaber-com\/uploads\/2026\/04\/mha-sari-beyaz-4638.png\" \/>\n<meta name=\"author\" content=\"admin\" \/>\n<meta name=\"twitter:card\" content=\"summary_large_image\" \/>\n<meta name=\"twitter:label1\" content=\"Yazan:\" \/>\n\t<meta name=\"twitter:data1\" content=\"admin\" \/>\n\t<meta name=\"twitter:label2\" content=\"Tahmini okuma s\u00fcresi\" \/>\n\t<meta name=\"twitter:data2\" content=\"4 dakika\" \/>\n<script type=\"application\/ld+json\" class=\"yoast-schema-graph\">{\"@context\":\"https:\\\/\\\/schema.org\",\"@graph\":[{\"@type\":\"Article\",\"@id\":\"https:\\\/\\\/kibrisdakik.com\\\/?p=110353#article\",\"isPartOf\":{\"@id\":\"https:\\\/\\\/kibrisdakik.com\\\/?p=110353\"},\"author\":{\"name\":\"admin\",\"@id\":\"https:\\\/\\\/kibrisdakik.com\\\/#\\\/schema\\\/person\\\/9cd9d437bbb44f72b73ba127e06d8e79\"},\"headline\":\"SERHAT AKPINAR: KKTC ALGI OPERASYONLARINA TESL\u0130M OLMAZ\",\"datePublished\":\"2026-04-15T08:33:17+00:00\",\"mainEntityOfPage\":{\"@id\":\"https:\\\/\\\/kibrisdakik.com\\\/?p=110353\"},\"wordCount\":754,\"commentCount\":0,\"publisher\":{\"@id\":\"https:\\\/\\\/kibrisdakik.com\\\/#organization\"},\"image\":{\"@id\":\"https:\\\/\\\/kibrisdakik.com\\\/?p=110353#primaryimage\"},\"thumbnailUrl\":\"https:\\\/\\\/kibrisdakik.com\\\/wp-content\\\/uploads\\\/2026\\\/04\\\/mha-sari-beyaz-4638.png\",\"articleSection\":[\"K\u0131br\u0131s\"],\"inLanguage\":\"tr\",\"potentialAction\":[{\"@type\":\"CommentAction\",\"name\":\"Comment\",\"target\":[\"https:\\\/\\\/kibrisdakik.com\\\/?p=110353#respond\"]}]},{\"@type\":\"WebPage\",\"@id\":\"https:\\\/\\\/kibrisdakik.com\\\/?p=110353\",\"url\":\"https:\\\/\\\/kibrisdakik.com\\\/?p=110353\",\"name\":\"SERHAT AKPINAR: KKTC ALGI OPERASYONLARINA TESL\u0130M OLMAZ -\",\"isPartOf\":{\"@id\":\"https:\\\/\\\/kibrisdakik.com\\\/#website\"},\"primaryImageOfPage\":{\"@id\":\"https:\\\/\\\/kibrisdakik.com\\\/?p=110353#primaryimage\"},\"image\":{\"@id\":\"https:\\\/\\\/kibrisdakik.com\\\/?p=110353#primaryimage\"},\"thumbnailUrl\":\"https:\\\/\\\/kibrisdakik.com\\\/wp-content\\\/uploads\\\/2026\\\/04\\\/mha-sari-beyaz-4638.png\",\"datePublished\":\"2026-04-15T08:33:17+00:00\",\"breadcrumb\":{\"@id\":\"https:\\\/\\\/kibrisdakik.com\\\/?p=110353#breadcrumb\"},\"inLanguage\":\"tr\",\"potentialAction\":[{\"@type\":\"ReadAction\",\"target\":[\"https:\\\/\\\/kibrisdakik.com\\\/?p=110353\"]}]},{\"@type\":\"ImageObject\",\"inLanguage\":\"tr\",\"@id\":\"https:\\\/\\\/kibrisdakik.com\\\/?p=110353#primaryimage\",\"url\":\"https:\\\/\\\/kibrisdakik.com\\\/wp-content\\\/uploads\\\/2026\\\/04\\\/mha-sari-beyaz-4638.png\",\"contentUrl\":\"https:\\\/\\\/kibrisdakik.com\\\/wp-content\\\/uploads\\\/2026\\\/04\\\/mha-sari-beyaz-4638.png\",\"width\":1280,\"height\":720},{\"@type\":\"BreadcrumbList\",\"@id\":\"https:\\\/\\\/kibrisdakik.com\\\/?p=110353#breadcrumb\",\"itemListElement\":[{\"@type\":\"ListItem\",\"position\":1,\"name\":\"Home\",\"item\":\"https:\\\/\\\/kibrisdakik.com\\\/\"},{\"@type\":\"ListItem\",\"position\":2,\"name\":\"SERHAT AKPINAR: KKTC ALGI OPERASYONLARINA TESL\u0130M OLMAZ\"}]},{\"@type\":\"WebSite\",\"@id\":\"https:\\\/\\\/kibrisdakik.com\\\/#website\",\"url\":\"https:\\\/\\\/kibrisdakik.com\\\/\",\"name\":\"K\u0131br\u0131s Dakik\",\"description\":\"Tam vaktinde haber\",\"publisher\":{\"@id\":\"https:\\\/\\\/kibrisdakik.com\\\/#organization\"},\"potentialAction\":[{\"@type\":\"SearchAction\",\"target\":{\"@type\":\"EntryPoint\",\"urlTemplate\":\"https:\\\/\\\/kibrisdakik.com\\\/?s={search_term_string}\"},\"query-input\":{\"@type\":\"PropertyValueSpecification\",\"valueRequired\":true,\"valueName\":\"search_term_string\"}}],\"inLanguage\":\"tr\"},{\"@type\":\"Organization\",\"@id\":\"https:\\\/\\\/kibrisdakik.com\\\/#organization\",\"name\":\"K\u0131br\u0131s Dakik\",\"url\":\"https:\\\/\\\/kibrisdakik.com\\\/\",\"logo\":{\"@type\":\"ImageObject\",\"inLanguage\":\"tr\",\"@id\":\"https:\\\/\\\/kibrisdakik.com\\\/#\\\/schema\\\/logo\\\/image\\\/\",\"url\":\"https:\\\/\\\/kibrisdakik.com\\\/wp-content\\\/uploads\\\/2025\\\/10\\\/cropped-WhatsApp-Image-2025-10-02-at-12.58.31.jpeg\",\"contentUrl\":\"https:\\\/\\\/kibrisdakik.com\\\/wp-content\\\/uploads\\\/2025\\\/10\\\/cropped-WhatsApp-Image-2025-10-02-at-12.58.31.jpeg\",\"width\":1237,\"height\":190,\"caption\":\"K\u0131br\u0131s Dakik\"},\"image\":{\"@id\":\"https:\\\/\\\/kibrisdakik.com\\\/#\\\/schema\\\/logo\\\/image\\\/\"}},{\"@type\":\"Person\",\"@id\":\"https:\\\/\\\/kibrisdakik.com\\\/#\\\/schema\\\/person\\\/9cd9d437bbb44f72b73ba127e06d8e79\",\"name\":\"admin\",\"image\":{\"@type\":\"ImageObject\",\"inLanguage\":\"tr\",\"@id\":\"https:\\\/\\\/secure.gravatar.com\\\/avatar\\\/ccc17943b9d660506c869530f897617f7cb1c21a4bf30023f252596d83e1f007?s=96&d=mm&r=g\",\"url\":\"https:\\\/\\\/secure.gravatar.com\\\/avatar\\\/ccc17943b9d660506c869530f897617f7cb1c21a4bf30023f252596d83e1f007?s=96&d=mm&r=g\",\"contentUrl\":\"https:\\\/\\\/secure.gravatar.com\\\/avatar\\\/ccc17943b9d660506c869530f897617f7cb1c21a4bf30023f252596d83e1f007?s=96&d=mm&r=g\",\"caption\":\"admin\"},\"sameAs\":[\"https:\\\/\\\/kibrisdakik.com\"],\"url\":\"https:\\\/\\\/kibrisdakik.com\\\/?author=1\"}]}<\/script>\n<!-- \/ Yoast SEO plugin. -->","yoast_head_json":{"title":"SERHAT AKPINAR: KKTC ALGI OPERASYONLARINA TESL\u0130M OLMAZ -","robots":{"index":"index","follow":"follow","max-snippet":"max-snippet:-1","max-image-preview":"max-image-preview:large","max-video-preview":"max-video-preview:-1"},"canonical":"https:\/\/kibrisdakik.com\/?p=110353","og_locale":"tr_TR","og_type":"article","og_title":"SERHAT AKPINAR: KKTC ALGI OPERASYONLARINA TESL\u0130M OLMAZ -","og_description":"Demokrat Parti (DP) Genel Sekreteri Serhat Akp\u0131nar, faili, kayna\u011f\u0131 ve kimler taraf\u0131ndan ger\u00e7ekle\u015ftirildi\u011fi hen\u00fcz netle\u015fmemi\u015f sald\u0131r\u0131lar \u00fczerinden baz\u0131 \u00e7evrelerin h\u00fck\u00fcmeti ve devlet yap\u0131s\u0131n\u0131 hedef g\u00f6stermeye \u00e7al\u0131\u015ft\u0131\u011f\u0131n\u0131 belirterek, bu yakla\u015f\u0131m\u0131n sorumluluk anlay\u0131\u015f\u0131yla ele al\u0131nmad\u0131\u011f\u0131 takdirde \u201csiyasi f\u0131rsat\u00e7\u0131l\u0131\u011fa\u201d d\u00f6n\u00fc\u015fece\u011fini s\u00f6yledi. KKTC\u2019nin, sosyal medya \u00fczerinden y\u00fcr\u00fct\u00fclen alg\u0131 operasyonlar\u0131na teslim edilecek kadar zay\u0131f bir \u00fclke olmad\u0131\u011f\u0131n\u0131 vurgulayan Akp\u0131nar, siber","og_url":"https:\/\/kibrisdakik.com\/?p=110353","article_published_time":"2026-04-15T08:33:17+00:00","og_image":[{"url":"https:\/\/mhahabercom.teimg.com\/crop\/1280x720\/mhahaber-com\/uploads\/2026\/04\/mha-sari-beyaz-4638.png","type":"","width":"","height":""}],"author":"admin","twitter_card":"summary_large_image","twitter_misc":{"Yazan:":"admin","Tahmini okuma s\u00fcresi":"4 dakika"},"schema":{"@context":"https:\/\/schema.org","@graph":[{"@type":"Article","@id":"https:\/\/kibrisdakik.com\/?p=110353#article","isPartOf":{"@id":"https:\/\/kibrisdakik.com\/?p=110353"},"author":{"name":"admin","@id":"https:\/\/kibrisdakik.com\/#\/schema\/person\/9cd9d437bbb44f72b73ba127e06d8e79"},"headline":"SERHAT AKPINAR: KKTC ALGI OPERASYONLARINA TESL\u0130M OLMAZ","datePublished":"2026-04-15T08:33:17+00:00","mainEntityOfPage":{"@id":"https:\/\/kibrisdakik.com\/?p=110353"},"wordCount":754,"commentCount":0,"publisher":{"@id":"https:\/\/kibrisdakik.com\/#organization"},"image":{"@id":"https:\/\/kibrisdakik.com\/?p=110353#primaryimage"},"thumbnailUrl":"https:\/\/kibrisdakik.com\/wp-content\/uploads\/2026\/04\/mha-sari-beyaz-4638.png","articleSection":["K\u0131br\u0131s"],"inLanguage":"tr","potentialAction":[{"@type":"CommentAction","name":"Comment","target":["https:\/\/kibrisdakik.com\/?p=110353#respond"]}]},{"@type":"WebPage","@id":"https:\/\/kibrisdakik.com\/?p=110353","url":"https:\/\/kibrisdakik.com\/?p=110353","name":"SERHAT AKPINAR: KKTC ALGI OPERASYONLARINA TESL\u0130M OLMAZ -","isPartOf":{"@id":"https:\/\/kibrisdakik.com\/#website"},"primaryImageOfPage":{"@id":"https:\/\/kibrisdakik.com\/?p=110353#primaryimage"},"image":{"@id":"https:\/\/kibrisdakik.com\/?p=110353#primaryimage"},"thumbnailUrl":"https:\/\/kibrisdakik.com\/wp-content\/uploads\/2026\/04\/mha-sari-beyaz-4638.png","datePublished":"2026-04-15T08:33:17+00:00","breadcrumb":{"@id":"https:\/\/kibrisdakik.com\/?p=110353#breadcrumb"},"inLanguage":"tr","potentialAction":[{"@type":"ReadAction","target":["https:\/\/kibrisdakik.com\/?p=110353"]}]},{"@type":"ImageObject","inLanguage":"tr","@id":"https:\/\/kibrisdakik.com\/?p=110353#primaryimage","url":"https:\/\/kibrisdakik.com\/wp-content\/uploads\/2026\/04\/mha-sari-beyaz-4638.png","contentUrl":"https:\/\/kibrisdakik.com\/wp-content\/uploads\/2026\/04\/mha-sari-beyaz-4638.png","width":1280,"height":720},{"@type":"BreadcrumbList","@id":"https:\/\/kibrisdakik.com\/?p=110353#breadcrumb","itemListElement":[{"@type":"ListItem","position":1,"name":"Home","item":"https:\/\/kibrisdakik.com\/"},{"@type":"ListItem","position":2,"name":"SERHAT AKPINAR: KKTC ALGI OPERASYONLARINA TESL\u0130M OLMAZ"}]},{"@type":"WebSite","@id":"https:\/\/kibrisdakik.com\/#website","url":"https:\/\/kibrisdakik.com\/","name":"K\u0131br\u0131s Dakik","description":"Tam vaktinde haber","publisher":{"@id":"https:\/\/kibrisdakik.com\/#organization"},"potentialAction":[{"@type":"SearchAction","target":{"@type":"EntryPoint","urlTemplate":"https:\/\/kibrisdakik.com\/?s={search_term_string}"},"query-input":{"@type":"PropertyValueSpecification","valueRequired":true,"valueName":"search_term_string"}}],"inLanguage":"tr"},{"@type":"Organization","@id":"https:\/\/kibrisdakik.com\/#organization","name":"K\u0131br\u0131s Dakik","url":"https:\/\/kibrisdakik.com\/","logo":{"@type":"ImageObject","inLanguage":"tr","@id":"https:\/\/kibrisdakik.com\/#\/schema\/logo\/image\/","url":"https:\/\/kibrisdakik.com\/wp-content\/uploads\/2025\/10\/cropped-WhatsApp-Image-2025-10-02-at-12.58.31.jpeg","contentUrl":"https:\/\/kibrisdakik.com\/wp-content\/uploads\/2025\/10\/cropped-WhatsApp-Image-2025-10-02-at-12.58.31.jpeg","width":1237,"height":190,"caption":"K\u0131br\u0131s Dakik"},"image":{"@id":"https:\/\/kibrisdakik.com\/#\/schema\/logo\/image\/"}},{"@type":"Person","@id":"https:\/\/kibrisdakik.com\/#\/schema\/person\/9cd9d437bbb44f72b73ba127e06d8e79","name":"admin","image":{"@type":"ImageObject","inLanguage":"tr","@id":"https:\/\/secure.gravatar.com\/avatar\/ccc17943b9d660506c869530f897617f7cb1c21a4bf30023f252596d83e1f007?s=96&d=mm&r=g","url":"https:\/\/secure.gravatar.com\/avatar\/ccc17943b9d660506c869530f897617f7cb1c21a4bf30023f252596d83e1f007?s=96&d=mm&r=g","contentUrl":"https:\/\/secure.gravatar.com\/avatar\/ccc17943b9d660506c869530f897617f7cb1c21a4bf30023f252596d83e1f007?s=96&d=mm&r=g","caption":"admin"},"sameAs":["https:\/\/kibrisdakik.com"],"url":"https:\/\/kibrisdakik.com\/?author=1"}]}},"_links":{"self":[{"href":"https:\/\/kibrisdakik.com\/index.php?rest_route=\/wp\/v2\/posts\/110353","targetHints":{"allow":["GET"]}}],"collection":[{"href":"https:\/\/kibrisdakik.com\/index.php?rest_route=\/wp\/v2\/posts"}],"about":[{"href":"https:\/\/kibrisdakik.com\/index.php?rest_route=\/wp\/v2\/types\/post"}],"author":[{"embeddable":true,"href":"https:\/\/kibrisdakik.com\/index.php?rest_route=\/wp\/v2\/users\/1"}],"replies":[{"embeddable":true,"href":"https:\/\/kibrisdakik.com\/index.php?rest_route=%2Fwp%2Fv2%2Fcomments&post=110353"}],"version-history":[{"count":0,"href":"https:\/\/kibrisdakik.com\/index.php?rest_route=\/wp\/v2\/posts\/110353\/revisions"}],"wp:featuredmedia":[{"embeddable":true,"href":"https:\/\/kibrisdakik.com\/index.php?rest_route=\/wp\/v2\/media\/110354"}],"wp:attachment":[{"href":"https:\/\/kibrisdakik.com\/index.php?rest_route=%2Fwp%2Fv2%2Fmedia&parent=110353"}],"wp:term":[{"taxonomy":"category","embeddable":true,"href":"https:\/\/kibrisdakik.com\/index.php?rest_route=%2Fwp%2Fv2%2Fcategories&post=110353"},{"taxonomy":"post_tag","embeddable":true,"href":"https:\/\/kibrisdakik.com\/index.php?rest_route=%2Fwp%2Fv2%2Ftags&post=110353"}],"curies":[{"name":"wp","href":"https:\/\/api.w.org\/{rel}","templated":true}]}}