{"id":110444,"date":"2026-04-15T22:54:21","date_gmt":"2026-04-15T19:54:21","guid":{"rendered":"https:\/\/kibrisdakik.com\/?p=110444"},"modified":"2026-04-15T22:54:21","modified_gmt":"2026-04-15T19:54:21","slug":"polonyali-milletvekili-parlamentoda-nazi-sembollu-israil-bayragi-acti","status":"publish","type":"post","link":"https:\/\/kibrisdakik.com\/?p=110444","title":{"rendered":"Polonyal\u0131 milletvekili parlamentoda Nazi semboll\u00fc \u0130srail bayra\u011f\u0131 a\u00e7t\u0131"},"content":{"rendered":"<p><\/p>\n<p>Polonyal\u0131 milletvekili Konrad Berkowicz, parlamentoda yapt\u0131\u011f\u0131 konu\u015fma s\u0131ras\u0131nda Nazilerin kulland\u0131\u011f\u0131 gamal\u0131 ha\u00e7 sembol\u00fc i\u00e7eren \u0130srail bayra\u011f\u0131 a\u00e7arak, &#8220;\u0130srail, g\u00f6zlerimizin \u00f6n\u00fcnde b\u00fcy\u00fck bir ac\u0131mas\u0131zl\u0131kla soyk\u0131r\u0131m yap\u0131yor&#8221; dedi.<\/p>\n<p>Berkowicz, Polonya Parlamentosunun alt kanad\u0131 Sejm&#8217;de yapt\u0131\u011f\u0131 konu\u015fmada, \u0130srail\u2019in Orta Do\u011fu\u2019daki sald\u0131r\u0131lar\u0131n\u0131n etkisini Polonyal\u0131lar\u0131n akaryak\u0131t fiyatlar\u0131nda hissetti\u011fini belirtti.<\/p>\n<p>Ukrayna&#8217;daki sava\u015f boyunca \u00f6len \u00e7ocuk say\u0131s\u0131ndan onlarca kat daha fazla \u00e7ocu\u011fun Gazze&#8217;de \u00f6ld\u00fcr\u00fcld\u00fc\u011f\u00fcn\u00fc aktaran Berkowicz, &#8220;Bunun etkisini \u00e7ocuklar nas\u0131l hissediyor?&#8221; sorusunu y\u00f6neltti.<\/p>\n<p>Berkowicz, s\u00f6zlerini \u015f\u00f6yle s\u00fcrd\u00fcrd\u00fc:<\/p>\n<p><strong>&#8220;Yahudiler, havadaki oksijeni emen ve insanlar\u0131 bo\u011fularak \u00f6l\u00fcme s\u00fcr\u00fckleyen yasakl\u0131 fosfor bombas\u0131n\u0131 kullan\u0131yor. Dahas\u0131, bu bomban\u0131n duman\u0131 akci\u011ferlere giriyor ve onlar\u0131 i\u00e7eriden yak\u0131yor. Ayn\u0131 anda hem bo\u011fuluyorlar hem de i\u00e7ten yan\u0131yorlar. On binlerce kad\u0131n ve \u00e7ocuk. Ama bir \u00e7ocu\u011fun \u015fans\u0131 yaver gider de bo\u011fulmazsa, beyaz fosfor yana\u011f\u0131na, eline yap\u0131\u015f\u0131yor ve dokular\u0131n i\u00e7inden kemi\u011fe kadar yanarak ilerliyor. Bunu s\u00f6nd\u00fcrmek m\u00fcmk\u00fcn de\u011fil, bu y\u00fczden yana\u011f\u0131 kesiliyor, eli ampute ediliyor&#8221;<\/strong><\/p>\n<div id=\"adpro-6\" class=\"adpro desktop-ad mb-4\" data-page=\"449\" data-region=\"2072\" data-category=\"60f95075dd6e09533452a344\" data-loaded=\"true\"><\/div>\n","protected":false},"excerpt":{"rendered":"<p>Polonyal\u0131 milletvekili Konrad Berkowicz, parlamentoda yapt\u0131\u011f\u0131 konu\u015fma s\u0131ras\u0131nda Nazilerin kulland\u0131\u011f\u0131 gamal\u0131 ha\u00e7 sembol\u00fc i\u00e7eren \u0130srail bayra\u011f\u0131 a\u00e7arak, &#8220;\u0130srail, g\u00f6zlerimizin \u00f6n\u00fcnde b\u00fcy\u00fck bir ac\u0131mas\u0131zl\u0131kla soyk\u0131r\u0131m yap\u0131yor&#8221; dedi. Berkowicz, Polonya Parlamentosunun alt kanad\u0131 Sejm&#8217;de yapt\u0131\u011f\u0131 konu\u015fmada, \u0130srail\u2019in Orta Do\u011fu\u2019daki sald\u0131r\u0131lar\u0131n\u0131n etkisini Polonyal\u0131lar\u0131n akaryak\u0131t fiyatlar\u0131nda hissetti\u011fini belirtti. Ukrayna&#8217;daki sava\u015f boyunca \u00f6len \u00e7ocuk say\u0131s\u0131ndan onlarca kat daha fazla \u00e7ocu\u011fun<\/p>\n","protected":false},"author":1,"featured_media":110445,"comment_status":"open","ping_status":"open","sticky":false,"template":"","format":"standard","meta":{"footnotes":""},"categories":[85],"tags":[],"class_list":["post-110444","post","type-post","status-publish","format-standard","has-post-thumbnail","hentry","category-spor"],"yoast_head":"<!-- This site is optimized with the Yoast SEO plugin v28.4 - https:\/\/yoast.com\/product\/yoast-seo-wordpress\/ -->\n<title>Polonyal\u0131 milletvekili parlamentoda Nazi semboll\u00fc \u0130srail bayra\u011f\u0131 a\u00e7t\u0131 -<\/title>\n<meta name=\"robots\" content=\"index, follow, max-snippet:-1, max-image-preview:large, max-video-preview:-1\" \/>\n<link rel=\"canonical\" href=\"https:\/\/kibrisdakik.com\/?p=110444\" \/>\n<meta property=\"og:locale\" content=\"tr_TR\" \/>\n<meta property=\"og:type\" content=\"article\" \/>\n<meta property=\"og:title\" content=\"Polonyal\u0131 milletvekili parlamentoda Nazi semboll\u00fc \u0130srail bayra\u011f\u0131 a\u00e7t\u0131 -\" \/>\n<meta property=\"og:description\" content=\"Polonyal\u0131 milletvekili Konrad Berkowicz, parlamentoda yapt\u0131\u011f\u0131 konu\u015fma s\u0131ras\u0131nda Nazilerin kulland\u0131\u011f\u0131 gamal\u0131 ha\u00e7 sembol\u00fc i\u00e7eren \u0130srail bayra\u011f\u0131 a\u00e7arak, &#8220;\u0130srail, g\u00f6zlerimizin \u00f6n\u00fcnde b\u00fcy\u00fck bir ac\u0131mas\u0131zl\u0131kla soyk\u0131r\u0131m yap\u0131yor&#8221; dedi. Berkowicz, Polonya Parlamentosunun alt kanad\u0131 Sejm&#8217;de yapt\u0131\u011f\u0131 konu\u015fmada, \u0130srail\u2019in Orta Do\u011fu\u2019daki sald\u0131r\u0131lar\u0131n\u0131n etkisini Polonyal\u0131lar\u0131n akaryak\u0131t fiyatlar\u0131nda hissetti\u011fini belirtti. Ukrayna&#8217;daki sava\u015f boyunca \u00f6len \u00e7ocuk say\u0131s\u0131ndan onlarca kat daha fazla \u00e7ocu\u011fun\" \/>\n<meta property=\"og:url\" content=\"https:\/\/kibrisdakik.com\/?p=110444\" \/>\n<meta property=\"article:published_time\" content=\"2026-04-15T19:54:21+00:00\" \/>\n<meta property=\"og:image\" content=\"https:\/\/www.bimanset.com\/wp-content\/uploads\/2026\/04\/Berkowicz.jpg\" \/>\n<meta name=\"author\" content=\"admin\" \/>\n<meta name=\"twitter:card\" content=\"summary_large_image\" \/>\n<meta name=\"twitter:label1\" content=\"Yazan:\" \/>\n\t<meta name=\"twitter:data1\" content=\"admin\" \/>\n\t<meta name=\"twitter:label2\" content=\"Tahmini okuma s\u00fcresi\" \/>\n\t<meta name=\"twitter:data2\" content=\"1 dakika\" \/>\n<script type=\"application\/ld+json\" class=\"yoast-schema-graph\">{\"@context\":\"https:\\\/\\\/schema.org\",\"@graph\":[{\"@type\":\"Article\",\"@id\":\"https:\\\/\\\/kibrisdakik.com\\\/?p=110444#article\",\"isPartOf\":{\"@id\":\"https:\\\/\\\/kibrisdakik.com\\\/?p=110444\"},\"author\":{\"name\":\"admin\",\"@id\":\"https:\\\/\\\/kibrisdakik.com\\\/#\\\/schema\\\/person\\\/9cd9d437bbb44f72b73ba127e06d8e79\"},\"headline\":\"Polonyal\u0131 milletvekili parlamentoda Nazi semboll\u00fc \u0130srail bayra\u011f\u0131 a\u00e7t\u0131\",\"datePublished\":\"2026-04-15T19:54:21+00:00\",\"mainEntityOfPage\":{\"@id\":\"https:\\\/\\\/kibrisdakik.com\\\/?p=110444\"},\"wordCount\":215,\"commentCount\":0,\"publisher\":{\"@id\":\"https:\\\/\\\/kibrisdakik.com\\\/#organization\"},\"image\":{\"@id\":\"https:\\\/\\\/kibrisdakik.com\\\/?p=110444#primaryimage\"},\"thumbnailUrl\":\"https:\\\/\\\/kibrisdakik.com\\\/wp-content\\\/uploads\\\/2026\\\/04\\\/Berkowicz.jpg\",\"articleSection\":[\"Spor\"],\"inLanguage\":\"tr\",\"potentialAction\":[{\"@type\":\"CommentAction\",\"name\":\"Comment\",\"target\":[\"https:\\\/\\\/kibrisdakik.com\\\/?p=110444#respond\"]}]},{\"@type\":\"WebPage\",\"@id\":\"https:\\\/\\\/kibrisdakik.com\\\/?p=110444\",\"url\":\"https:\\\/\\\/kibrisdakik.com\\\/?p=110444\",\"name\":\"Polonyal\u0131 milletvekili parlamentoda Nazi semboll\u00fc \u0130srail bayra\u011f\u0131 a\u00e7t\u0131 -\",\"isPartOf\":{\"@id\":\"https:\\\/\\\/kibrisdakik.com\\\/#website\"},\"primaryImageOfPage\":{\"@id\":\"https:\\\/\\\/kibrisdakik.com\\\/?p=110444#primaryimage\"},\"image\":{\"@id\":\"https:\\\/\\\/kibrisdakik.com\\\/?p=110444#primaryimage\"},\"thumbnailUrl\":\"https:\\\/\\\/kibrisdakik.com\\\/wp-content\\\/uploads\\\/2026\\\/04\\\/Berkowicz.jpg\",\"datePublished\":\"2026-04-15T19:54:21+00:00\",\"breadcrumb\":{\"@id\":\"https:\\\/\\\/kibrisdakik.com\\\/?p=110444#breadcrumb\"},\"inLanguage\":\"tr\",\"potentialAction\":[{\"@type\":\"ReadAction\",\"target\":[\"https:\\\/\\\/kibrisdakik.com\\\/?p=110444\"]}]},{\"@type\":\"ImageObject\",\"inLanguage\":\"tr\",\"@id\":\"https:\\\/\\\/kibrisdakik.com\\\/?p=110444#primaryimage\",\"url\":\"https:\\\/\\\/kibrisdakik.com\\\/wp-content\\\/uploads\\\/2026\\\/04\\\/Berkowicz.jpg\",\"contentUrl\":\"https:\\\/\\\/kibrisdakik.com\\\/wp-content\\\/uploads\\\/2026\\\/04\\\/Berkowicz.jpg\",\"width\":1280,\"height\":720},{\"@type\":\"BreadcrumbList\",\"@id\":\"https:\\\/\\\/kibrisdakik.com\\\/?p=110444#breadcrumb\",\"itemListElement\":[{\"@type\":\"ListItem\",\"position\":1,\"name\":\"Home\",\"item\":\"https:\\\/\\\/kibrisdakik.com\\\/\"},{\"@type\":\"ListItem\",\"position\":2,\"name\":\"Polonyal\u0131 milletvekili parlamentoda Nazi semboll\u00fc \u0130srail bayra\u011f\u0131 a\u00e7t\u0131\"}]},{\"@type\":\"WebSite\",\"@id\":\"https:\\\/\\\/kibrisdakik.com\\\/#website\",\"url\":\"https:\\\/\\\/kibrisdakik.com\\\/\",\"name\":\"K\u0131br\u0131s Dakik\",\"description\":\"Tam vaktinde haber\",\"publisher\":{\"@id\":\"https:\\\/\\\/kibrisdakik.com\\\/#organization\"},\"potentialAction\":[{\"@type\":\"SearchAction\",\"target\":{\"@type\":\"EntryPoint\",\"urlTemplate\":\"https:\\\/\\\/kibrisdakik.com\\\/?s={search_term_string}\"},\"query-input\":{\"@type\":\"PropertyValueSpecification\",\"valueRequired\":true,\"valueName\":\"search_term_string\"}}],\"inLanguage\":\"tr\"},{\"@type\":\"Organization\",\"@id\":\"https:\\\/\\\/kibrisdakik.com\\\/#organization\",\"name\":\"K\u0131br\u0131s Dakik\",\"url\":\"https:\\\/\\\/kibrisdakik.com\\\/\",\"logo\":{\"@type\":\"ImageObject\",\"inLanguage\":\"tr\",\"@id\":\"https:\\\/\\\/kibrisdakik.com\\\/#\\\/schema\\\/logo\\\/image\\\/\",\"url\":\"https:\\\/\\\/kibrisdakik.com\\\/wp-content\\\/uploads\\\/2025\\\/10\\\/cropped-WhatsApp-Image-2025-10-02-at-12.58.31.jpeg\",\"contentUrl\":\"https:\\\/\\\/kibrisdakik.com\\\/wp-content\\\/uploads\\\/2025\\\/10\\\/cropped-WhatsApp-Image-2025-10-02-at-12.58.31.jpeg\",\"width\":1237,\"height\":190,\"caption\":\"K\u0131br\u0131s Dakik\"},\"image\":{\"@id\":\"https:\\\/\\\/kibrisdakik.com\\\/#\\\/schema\\\/logo\\\/image\\\/\"}},{\"@type\":\"Person\",\"@id\":\"https:\\\/\\\/kibrisdakik.com\\\/#\\\/schema\\\/person\\\/9cd9d437bbb44f72b73ba127e06d8e79\",\"name\":\"admin\",\"image\":{\"@type\":\"ImageObject\",\"inLanguage\":\"tr\",\"@id\":\"https:\\\/\\\/secure.gravatar.com\\\/avatar\\\/ccc17943b9d660506c869530f897617f7cb1c21a4bf30023f252596d83e1f007?s=96&d=mm&r=g\",\"url\":\"https:\\\/\\\/secure.gravatar.com\\\/avatar\\\/ccc17943b9d660506c869530f897617f7cb1c21a4bf30023f252596d83e1f007?s=96&d=mm&r=g\",\"contentUrl\":\"https:\\\/\\\/secure.gravatar.com\\\/avatar\\\/ccc17943b9d660506c869530f897617f7cb1c21a4bf30023f252596d83e1f007?s=96&d=mm&r=g\",\"caption\":\"admin\"},\"sameAs\":[\"https:\\\/\\\/kibrisdakik.com\"],\"url\":\"https:\\\/\\\/kibrisdakik.com\\\/?author=1\"}]}<\/script>\n<!-- \/ Yoast SEO plugin. -->","yoast_head_json":{"title":"Polonyal\u0131 milletvekili parlamentoda Nazi semboll\u00fc \u0130srail bayra\u011f\u0131 a\u00e7t\u0131 -","robots":{"index":"index","follow":"follow","max-snippet":"max-snippet:-1","max-image-preview":"max-image-preview:large","max-video-preview":"max-video-preview:-1"},"canonical":"https:\/\/kibrisdakik.com\/?p=110444","og_locale":"tr_TR","og_type":"article","og_title":"Polonyal\u0131 milletvekili parlamentoda Nazi semboll\u00fc \u0130srail bayra\u011f\u0131 a\u00e7t\u0131 -","og_description":"Polonyal\u0131 milletvekili Konrad Berkowicz, parlamentoda yapt\u0131\u011f\u0131 konu\u015fma s\u0131ras\u0131nda Nazilerin kulland\u0131\u011f\u0131 gamal\u0131 ha\u00e7 sembol\u00fc i\u00e7eren \u0130srail bayra\u011f\u0131 a\u00e7arak, &#8220;\u0130srail, g\u00f6zlerimizin \u00f6n\u00fcnde b\u00fcy\u00fck bir ac\u0131mas\u0131zl\u0131kla soyk\u0131r\u0131m yap\u0131yor&#8221; dedi. Berkowicz, Polonya Parlamentosunun alt kanad\u0131 Sejm&#8217;de yapt\u0131\u011f\u0131 konu\u015fmada, \u0130srail\u2019in Orta Do\u011fu\u2019daki sald\u0131r\u0131lar\u0131n\u0131n etkisini Polonyal\u0131lar\u0131n akaryak\u0131t fiyatlar\u0131nda hissetti\u011fini belirtti. Ukrayna&#8217;daki sava\u015f boyunca \u00f6len \u00e7ocuk say\u0131s\u0131ndan onlarca kat daha fazla \u00e7ocu\u011fun","og_url":"https:\/\/kibrisdakik.com\/?p=110444","article_published_time":"2026-04-15T19:54:21+00:00","og_image":[{"url":"https:\/\/www.bimanset.com\/wp-content\/uploads\/2026\/04\/Berkowicz.jpg","type":"","width":"","height":""}],"author":"admin","twitter_card":"summary_large_image","twitter_misc":{"Yazan:":"admin","Tahmini okuma s\u00fcresi":"1 dakika"},"schema":{"@context":"https:\/\/schema.org","@graph":[{"@type":"Article","@id":"https:\/\/kibrisdakik.com\/?p=110444#article","isPartOf":{"@id":"https:\/\/kibrisdakik.com\/?p=110444"},"author":{"name":"admin","@id":"https:\/\/kibrisdakik.com\/#\/schema\/person\/9cd9d437bbb44f72b73ba127e06d8e79"},"headline":"Polonyal\u0131 milletvekili parlamentoda Nazi semboll\u00fc \u0130srail bayra\u011f\u0131 a\u00e7t\u0131","datePublished":"2026-04-15T19:54:21+00:00","mainEntityOfPage":{"@id":"https:\/\/kibrisdakik.com\/?p=110444"},"wordCount":215,"commentCount":0,"publisher":{"@id":"https:\/\/kibrisdakik.com\/#organization"},"image":{"@id":"https:\/\/kibrisdakik.com\/?p=110444#primaryimage"},"thumbnailUrl":"https:\/\/kibrisdakik.com\/wp-content\/uploads\/2026\/04\/Berkowicz.jpg","articleSection":["Spor"],"inLanguage":"tr","potentialAction":[{"@type":"CommentAction","name":"Comment","target":["https:\/\/kibrisdakik.com\/?p=110444#respond"]}]},{"@type":"WebPage","@id":"https:\/\/kibrisdakik.com\/?p=110444","url":"https:\/\/kibrisdakik.com\/?p=110444","name":"Polonyal\u0131 milletvekili parlamentoda Nazi semboll\u00fc \u0130srail bayra\u011f\u0131 a\u00e7t\u0131 -","isPartOf":{"@id":"https:\/\/kibrisdakik.com\/#website"},"primaryImageOfPage":{"@id":"https:\/\/kibrisdakik.com\/?p=110444#primaryimage"},"image":{"@id":"https:\/\/kibrisdakik.com\/?p=110444#primaryimage"},"thumbnailUrl":"https:\/\/kibrisdakik.com\/wp-content\/uploads\/2026\/04\/Berkowicz.jpg","datePublished":"2026-04-15T19:54:21+00:00","breadcrumb":{"@id":"https:\/\/kibrisdakik.com\/?p=110444#breadcrumb"},"inLanguage":"tr","potentialAction":[{"@type":"ReadAction","target":["https:\/\/kibrisdakik.com\/?p=110444"]}]},{"@type":"ImageObject","inLanguage":"tr","@id":"https:\/\/kibrisdakik.com\/?p=110444#primaryimage","url":"https:\/\/kibrisdakik.com\/wp-content\/uploads\/2026\/04\/Berkowicz.jpg","contentUrl":"https:\/\/kibrisdakik.com\/wp-content\/uploads\/2026\/04\/Berkowicz.jpg","width":1280,"height":720},{"@type":"BreadcrumbList","@id":"https:\/\/kibrisdakik.com\/?p=110444#breadcrumb","itemListElement":[{"@type":"ListItem","position":1,"name":"Home","item":"https:\/\/kibrisdakik.com\/"},{"@type":"ListItem","position":2,"name":"Polonyal\u0131 milletvekili parlamentoda Nazi semboll\u00fc \u0130srail bayra\u011f\u0131 a\u00e7t\u0131"}]},{"@type":"WebSite","@id":"https:\/\/kibrisdakik.com\/#website","url":"https:\/\/kibrisdakik.com\/","name":"K\u0131br\u0131s Dakik","description":"Tam vaktinde haber","publisher":{"@id":"https:\/\/kibrisdakik.com\/#organization"},"potentialAction":[{"@type":"SearchAction","target":{"@type":"EntryPoint","urlTemplate":"https:\/\/kibrisdakik.com\/?s={search_term_string}"},"query-input":{"@type":"PropertyValueSpecification","valueRequired":true,"valueName":"search_term_string"}}],"inLanguage":"tr"},{"@type":"Organization","@id":"https:\/\/kibrisdakik.com\/#organization","name":"K\u0131br\u0131s Dakik","url":"https:\/\/kibrisdakik.com\/","logo":{"@type":"ImageObject","inLanguage":"tr","@id":"https:\/\/kibrisdakik.com\/#\/schema\/logo\/image\/","url":"https:\/\/kibrisdakik.com\/wp-content\/uploads\/2025\/10\/cropped-WhatsApp-Image-2025-10-02-at-12.58.31.jpeg","contentUrl":"https:\/\/kibrisdakik.com\/wp-content\/uploads\/2025\/10\/cropped-WhatsApp-Image-2025-10-02-at-12.58.31.jpeg","width":1237,"height":190,"caption":"K\u0131br\u0131s Dakik"},"image":{"@id":"https:\/\/kibrisdakik.com\/#\/schema\/logo\/image\/"}},{"@type":"Person","@id":"https:\/\/kibrisdakik.com\/#\/schema\/person\/9cd9d437bbb44f72b73ba127e06d8e79","name":"admin","image":{"@type":"ImageObject","inLanguage":"tr","@id":"https:\/\/secure.gravatar.com\/avatar\/ccc17943b9d660506c869530f897617f7cb1c21a4bf30023f252596d83e1f007?s=96&d=mm&r=g","url":"https:\/\/secure.gravatar.com\/avatar\/ccc17943b9d660506c869530f897617f7cb1c21a4bf30023f252596d83e1f007?s=96&d=mm&r=g","contentUrl":"https:\/\/secure.gravatar.com\/avatar\/ccc17943b9d660506c869530f897617f7cb1c21a4bf30023f252596d83e1f007?s=96&d=mm&r=g","caption":"admin"},"sameAs":["https:\/\/kibrisdakik.com"],"url":"https:\/\/kibrisdakik.com\/?author=1"}]}},"_links":{"self":[{"href":"https:\/\/kibrisdakik.com\/index.php?rest_route=\/wp\/v2\/posts\/110444","targetHints":{"allow":["GET"]}}],"collection":[{"href":"https:\/\/kibrisdakik.com\/index.php?rest_route=\/wp\/v2\/posts"}],"about":[{"href":"https:\/\/kibrisdakik.com\/index.php?rest_route=\/wp\/v2\/types\/post"}],"author":[{"embeddable":true,"href":"https:\/\/kibrisdakik.com\/index.php?rest_route=\/wp\/v2\/users\/1"}],"replies":[{"embeddable":true,"href":"https:\/\/kibrisdakik.com\/index.php?rest_route=%2Fwp%2Fv2%2Fcomments&post=110444"}],"version-history":[{"count":0,"href":"https:\/\/kibrisdakik.com\/index.php?rest_route=\/wp\/v2\/posts\/110444\/revisions"}],"wp:featuredmedia":[{"embeddable":true,"href":"https:\/\/kibrisdakik.com\/index.php?rest_route=\/wp\/v2\/media\/110445"}],"wp:attachment":[{"href":"https:\/\/kibrisdakik.com\/index.php?rest_route=%2Fwp%2Fv2%2Fmedia&parent=110444"}],"wp:term":[{"taxonomy":"category","embeddable":true,"href":"https:\/\/kibrisdakik.com\/index.php?rest_route=%2Fwp%2Fv2%2Fcategories&post=110444"},{"taxonomy":"post_tag","embeddable":true,"href":"https:\/\/kibrisdakik.com\/index.php?rest_route=%2Fwp%2Fv2%2Ftags&post=110444"}],"curies":[{"name":"wp","href":"https:\/\/api.w.org\/{rel}","templated":true}]}}