{"id":110489,"date":"2026-04-16T12:35:16","date_gmt":"2026-04-16T09:35:16","guid":{"rendered":"https:\/\/kibrisdakik.com\/?p=110489"},"modified":"2026-04-16T12:35:16","modified_gmt":"2026-04-16T09:35:16","slug":"lefkosada-23-nisan-korteji-metehandan-basladi","status":"publish","type":"post","link":"https:\/\/kibrisdakik.com\/?p=110489","title":{"rendered":"LEFKO\u015eA\u2019DA 23 N\u0130SAN KORTEJ\u0130 METEHAN\u2019DAN BA\u015eLADI"},"content":{"rendered":"<div data-text-id=\"199988\" property=\"articleBody\">\n<p>Cumhurba\u015fkan\u0131 Tufan Erh\u00fcrman, Mustafa Kemal Atat\u00fcrk\u2019\u00fcn 23 Nisan\u2019\u0131 \u00e7ocuklara arma\u011fan etti\u011fini hat\u0131rlatt\u0131, \u201cBu \u00fclkede ya\u015famaktan, K\u0131br\u0131sl\u0131 T\u00fcrk olmaktan gurur duyun. Biliniz ki bu \u00fclke de, bu topraklar da sizindir\u201d ifadelerini kulland\u0131.<\/p>\n<p>23 Nisan Ulusal Egemenlik ve \u00c7ocuk Bayram\u0131 kutlamalar\u0131 \u00e7er\u00e7evesinde Milli E\u011fitim Bakanl\u0131\u011f\u0131 taraf\u0131ndan organize edilen etkinlikler, bug\u00fcn Lefko\u015fa\u2019da d\u00fczenlenen kortejle ba\u015flad\u0131.<\/p>\n<p>G\u00fcvenlik Kuvvetleri Komutanl\u0131\u011f\u0131 Bandosu e\u015fli\u011finde, Lefko\u015fa\u2019daki ilkokul \u00f6\u011frencilerinin kat\u0131l\u0131m\u0131yla d\u00fczenlenen ve Metehan\u2019dan ba\u015flayarak Cumhurba\u015fkanl\u0131\u011f\u0131 ile Cumhuriyet Meclisi g\u00fczerg\u00e2h\u0131nda devam eden y\u00fcr\u00fcy\u00fc\u015fe, Milli E\u011fitim Bakan\u0131 Naz\u0131m \u00c7avu\u015fo\u011flu ile Bakanl\u0131k yetkilileri ve \u00f6\u011fretmenler kat\u0131ld\u0131.<\/p>\n<p>&#8211; \u00d6\u011frenciler Cumhurba\u015fkan\u0131 Tufan Erh\u00fcrman\u2019\u0131 ziyaret etti<\/p>\n<p>Kortejin ilk dura\u011f\u0131 Cumhurba\u015fkanl\u0131\u011f\u0131 oldu. Cumhurba\u015fkan\u0131 Tufan Erh\u00fcrman\u2019\u0131n da kat\u0131ld\u0131\u011f\u0131 etkinlikte sayg\u0131 duru\u015funda bulunuldu, \u0130stiklal Mar\u015f\u0131 okundu. Programda g\u00fcn\u00fcn anlam ve \u00f6nemini belirten konu\u015fmalar yap\u0131l\u0131rken, \u00e7e\u015fitli g\u00f6steriler sunuldu.<img loading=\"lazy\" decoding=\"async\" height=\"3008\" src=\"https:\/\/mhahabercom.teimg.com\/mhahaber-com\/uploads\/2026\/04\/177633060146823-nisan-kutlamalari-cercevesinde-kortej-ve-dans-gosterileri-duzenlendi-10-so.jpg\" width=\"4156\"\/><\/p>\n<p>&#8211; Erh\u00fcrman<\/p>\n<p>Etkinlikte konu\u015fan Cumhurba\u015fkan\u0131 Tufan Erh\u00fcrman, \u00e7ocuklara \u201cho\u015f geldiniz\u201d diyerek seslendi.<\/p>\n<p>23 Nisan\u2019\u0131n, T\u00fcrkiye B\u00fcy\u00fck Millet Meclisi\u2019nin a\u00e7\u0131ld\u0131\u011f\u0131 g\u00fcn oldu\u011funu ve bunun \u00e7ok b\u00fcy\u00fck \u00f6nem ta\u015f\u0131d\u0131\u011f\u0131n\u0131 vurgulayan Erh\u00fcrman, Mustafa Kemal Atat\u00fcrk\u2019\u00fcn bu anlaml\u0131 g\u00fcn\u00fc en \u00e7ok de\u011fer verdi\u011fi \u00e7ocuklara arma\u011fan etti\u011fini belirtti.<\/p>\n<p>\u201cSizler hepimizin en k\u0131ymetlilerisiniz\u201d diyen Erh\u00fcrman, \u201cBilin ki bu \u00fclke de sizindir, buralar\u0131 da sizindir. Biraz sonra ziyaret edece\u011finiz Meclis de sizindir. \u015eu anda ev sahibi sizsiniz. Biz size misafirli\u011fe geldik, siz de bizi kabul ettiniz. \u00c7ok te\u015fekk\u00fcr ederim\u201d dedi.<img loading=\"lazy\" decoding=\"async\" height=\"1654\" src=\"https:\/\/mhahabercom.teimg.com\/mhahaber-com\/uploads\/2026\/04\/177633060144623-nisan-kutlamalari-cercevesinde-kortej-ve-dans-gosterileri-duzenlendi-1-so.jpg\" width=\"2480\"\/><\/p>\n<p>\u00dclkenin \u00e7ok g\u00fczel oldu\u011funu ve a\u011fac\u0131na, orman\u0131na, topra\u011f\u0131na, denizine hep birlikte sahip \u00e7\u0131k\u0131lmas\u0131 gerekti\u011fini ifade eden Erh\u00fcrman, k\u00fc\u00e7\u00fck bir \u00fclke olunmas\u0131na ra\u011fmen birlik i\u00e7inde her \u015feyin ba\u015far\u0131labilece\u011fini vurgulad\u0131. Erh\u00fcrman, \u201cBu \u00fclkede ya\u015famaktan, K\u0131br\u0131sl\u0131 T\u00fcrk olmaktan her zaman gurur duyun\u201d diye konu\u015ftu.<\/p>\n<p>\u00d6\u011frencilerle bir \u201canla\u015fma\u201d yaparak g\u00fcnl\u00fck teknoloji kullan\u0131m\u0131n\u0131 s\u0131n\u0131rlamalar\u0131 y\u00f6n\u00fcnde tavsiyelerde de bulunan Erh\u00fcrman, \u00f6\u011frencilere; daha fazla kitap okumalar\u0131, spor yapmalar\u0131, \u00fclkeyi tan\u0131malar\u0131 ve oyun oynamalar\u0131 \u00e7a\u011fr\u0131s\u0131 yapt\u0131. Cumhurba\u015fkan\u0131 Tufan Erh\u00fcrman, \u201cSizi \u00e7ok seviyorum. Hepinizin bayram\u0131 kutlu olsun\u201d diyerek konu\u015fmas\u0131n\u0131 tamamlad\u0131.<img loading=\"lazy\" decoding=\"async\" height=\"1654\" src=\"https:\/\/mhahabercom.teimg.com\/mhahaber-com\/uploads\/2026\/04\/177633060144723-nisan-kutlamalari-cercevesinde-kortej-ve-dans-gosterileri-duzenlendi-2-so.jpg\" width=\"2480\"\/><\/p>\n<p>-Y\u0131lta\u015f<\/p>\n<p>Cumhurba\u015fkanl\u0131\u011f\u0131\u2019ndaki etkinlikte g\u00fcn\u00fcn anlam ve \u00f6nemine ili\u015fkin konu\u015fmay\u0131, Necat British College Primary School Lefko\u015fa \u00f6\u011frencisi Nehir Sertel Y\u0131lta\u015f yapt\u0131.<\/p>\n<p>Y\u0131lta\u015f konu\u015fmas\u0131nda, 23 Nisan 1920\u2019de T\u00fcrkiye B\u00fcy\u00fck Millet Meclisi\u2019nin a\u00e7\u0131lmas\u0131yla egemenli\u011fin millete ait oldu\u011funun ilan edildi\u011fini s\u00f6yledi.<\/p>\n<p>\u201cBu tarih ba\u011f\u0131ms\u0131zl\u0131k ve \u00f6zg\u00fcrl\u00fck yolunda at\u0131lm\u0131\u015f en b\u00fcy\u00fck ad\u0131mlardan biridir\u201d diyen Y\u0131lta\u015f, Mustafa Kemal Atat\u00fcrk\u2019\u00fcn 23 Nisan\u2019\u0131 \u00e7ocuklara arma\u011fan etmesinin g\u00fcn\u00fc daha da anlaml\u0131 k\u0131ld\u0131\u011f\u0131n\u0131 belirtti.<\/p>\n<p>\u00c7ocuklar\u0131n \u00fclkenin gelece\u011fi oldu\u011funu kaydeden Y\u0131lta\u015f, 23 Nisan\u2019\u0131n umut, bar\u0131\u015f ve karde\u015flik anlam\u0131 ta\u015f\u0131d\u0131\u011f\u0131n\u0131 ifade ederek, vatan\u0131n korunmas\u0131, \u00e7al\u0131\u015f\u0131lmas\u0131 ve daha ayd\u0131nl\u0131k yar\u0131nlara ta\u015f\u0131nmas\u0131n\u0131n \u00f6nemine dikkat \u00e7ekti.<img loading=\"lazy\" decoding=\"async\" height=\"1654\" src=\"https:\/\/mhahabercom.teimg.com\/mhahaber-com\/uploads\/2026\/04\/177633060144923-nisan-kutlamalari-cercevesinde-kortej-ve-dans-gosterileri-duzenlendi-3-so.jpg\" width=\"2480\"\/><\/p>\n<p>Farkl\u0131 \u00fclkelerden \u00e7ocuklarla birlikte kutlanan bayram\u0131n bar\u0131\u015f\u0131n simgesi oldu\u011funu da dile getiren Y\u0131lta\u015f, ba\u015fta Mustafa Kemal Atat\u00fcrk olmak \u00fczere t\u00fcm kahramanlar\u0131 anarak; \u201cNe mutlu bizlere ki b\u00f6yle anlaml\u0131 bir bayram\u0131n sahibiyiz. Ya\u015fas\u0131n 23 Nisan, ya\u015fas\u0131n \u00e7ocuklar\u201d dedi.<\/p>\n<p>Ard\u0131ndan, Necati Ta\u015fk\u0131n \u0130lkokulu \u00f6\u011frencisi Mehmet Efe Kubat, \u201c23 Nisan\u2019\u0131n I\u015f\u0131\u011f\u0131\u201d adl\u0131 \u015fiiri okudu.<img loading=\"lazy\" decoding=\"async\" height=\"1654\" src=\"https:\/\/mhahabercom.teimg.com\/mhahaber-com\/uploads\/2026\/04\/177633060146823-nisan-kutlamalari-cercevesinde-kortej-ve-dans-gosterileri-duzenlendi-9-so.jpg\" width=\"2480\"\/><\/p>\n<p>Cumhurba\u015fkanl\u0131\u011f\u0131\u2019ndaki etkinlik, Arabahmet \u0130lkokulu\u2019nun halk danslar\u0131, \u015eht. Yal\u00e7\u0131n \u0130lkokulu\u2019nun modern dans, \u015eht. Ertu\u011frul \u0130lkokulu\u2019nun bando ve Yak\u0131n Do\u011fu \u0130lkokulu\u2019nun Kiwido dans g\u00f6sterileriyle sona erdi.<\/p>\n<p>Etkinlik sonunda Cumhurba\u015fkan\u0131 Tufan Erh\u00fcrman, \u00e7ocuklarla bir araya gelerek foto\u011fraf \u00e7ektirdi.<\/p>\n<\/p><\/div>\n","protected":false},"excerpt":{"rendered":"<p>Cumhurba\u015fkan\u0131 Tufan Erh\u00fcrman, Mustafa Kemal Atat\u00fcrk\u2019\u00fcn 23 Nisan\u2019\u0131 \u00e7ocuklara arma\u011fan etti\u011fini hat\u0131rlatt\u0131, \u201cBu \u00fclkede ya\u015famaktan, K\u0131br\u0131sl\u0131 T\u00fcrk olmaktan gurur duyun. Biliniz ki bu \u00fclke de, bu topraklar da sizindir\u201d ifadelerini kulland\u0131. 23 Nisan Ulusal Egemenlik ve \u00c7ocuk Bayram\u0131 kutlamalar\u0131 \u00e7er\u00e7evesinde Milli E\u011fitim Bakanl\u0131\u011f\u0131 taraf\u0131ndan organize edilen etkinlikler, bug\u00fcn Lefko\u015fa\u2019da d\u00fczenlenen kortejle ba\u015flad\u0131. G\u00fcvenlik Kuvvetleri Komutanl\u0131\u011f\u0131<\/p>\n","protected":false},"author":1,"featured_media":110490,"comment_status":"open","ping_status":"open","sticky":false,"template":"","format":"standard","meta":{"footnotes":""},"categories":[81],"tags":[],"class_list":["post-110489","post","type-post","status-publish","format-standard","has-post-thumbnail","hentry","category-kibris"],"yoast_head":"<!-- This site is optimized with the Yoast SEO plugin v27.5 - https:\/\/yoast.com\/product\/yoast-seo-wordpress\/ -->\n<title>LEFKO\u015eA\u2019DA 23 N\u0130SAN KORTEJ\u0130 METEHAN\u2019DAN BA\u015eLADI -<\/title>\n<meta name=\"robots\" content=\"index, follow, max-snippet:-1, max-image-preview:large, max-video-preview:-1\" \/>\n<link rel=\"canonical\" href=\"https:\/\/kibrisdakik.com\/?p=110489\" \/>\n<meta property=\"og:locale\" content=\"tr_TR\" \/>\n<meta property=\"og:type\" content=\"article\" \/>\n<meta property=\"og:title\" content=\"LEFKO\u015eA\u2019DA 23 N\u0130SAN KORTEJ\u0130 METEHAN\u2019DAN BA\u015eLADI -\" \/>\n<meta property=\"og:description\" content=\"Cumhurba\u015fkan\u0131 Tufan Erh\u00fcrman, Mustafa Kemal Atat\u00fcrk\u2019\u00fcn 23 Nisan\u2019\u0131 \u00e7ocuklara arma\u011fan etti\u011fini hat\u0131rlatt\u0131, \u201cBu \u00fclkede ya\u015famaktan, K\u0131br\u0131sl\u0131 T\u00fcrk olmaktan gurur duyun. Biliniz ki bu \u00fclke de, bu topraklar da sizindir\u201d ifadelerini kulland\u0131. 23 Nisan Ulusal Egemenlik ve \u00c7ocuk Bayram\u0131 kutlamalar\u0131 \u00e7er\u00e7evesinde Milli E\u011fitim Bakanl\u0131\u011f\u0131 taraf\u0131ndan organize edilen etkinlikler, bug\u00fcn Lefko\u015fa\u2019da d\u00fczenlenen kortejle ba\u015flad\u0131. G\u00fcvenlik Kuvvetleri Komutanl\u0131\u011f\u0131\" \/>\n<meta property=\"og:url\" content=\"https:\/\/kibrisdakik.com\/?p=110489\" \/>\n<meta property=\"article:published_time\" content=\"2026-04-16T09:35:16+00:00\" \/>\n<meta property=\"og:image\" content=\"https:\/\/mhahabercom.teimg.com\/mhahaber-com\/uploads\/2026\/04\/177633060145023-nisan-kutlamalari-cercevesinde-kortej-ve-dans-gosterileri-duzenlendi-4-so.jpg\" \/>\n<meta name=\"author\" content=\"admin\" \/>\n<meta name=\"twitter:card\" content=\"summary_large_image\" \/>\n<meta name=\"twitter:label1\" content=\"Yazan:\" \/>\n\t<meta name=\"twitter:data1\" content=\"admin\" \/>\n\t<meta name=\"twitter:label2\" content=\"Tahmini okuma s\u00fcresi\" \/>\n\t<meta name=\"twitter:data2\" content=\"3 dakika\" \/>\n<script type=\"application\/ld+json\" class=\"yoast-schema-graph\">{\"@context\":\"https:\\\/\\\/schema.org\",\"@graph\":[{\"@type\":\"Article\",\"@id\":\"https:\\\/\\\/kibrisdakik.com\\\/?p=110489#article\",\"isPartOf\":{\"@id\":\"https:\\\/\\\/kibrisdakik.com\\\/?p=110489\"},\"author\":{\"name\":\"admin\",\"@id\":\"https:\\\/\\\/kibrisdakik.com\\\/#\\\/schema\\\/person\\\/9cd9d437bbb44f72b73ba127e06d8e79\"},\"headline\":\"LEFKO\u015eA\u2019DA 23 N\u0130SAN KORTEJ\u0130 METEHAN\u2019DAN BA\u015eLADI\",\"datePublished\":\"2026-04-16T09:35:16+00:00\",\"mainEntityOfPage\":{\"@id\":\"https:\\\/\\\/kibrisdakik.com\\\/?p=110489\"},\"wordCount\":674,\"commentCount\":0,\"image\":{\"@id\":\"https:\\\/\\\/kibrisdakik.com\\\/?p=110489#primaryimage\"},\"thumbnailUrl\":\"https:\\\/\\\/kibrisdakik.com\\\/wp-content\\\/uploads\\\/2026\\\/04\\\/mha-sari-beyaz-4693.png\",\"articleSection\":[\"K\u0131br\u0131s\"],\"inLanguage\":\"tr\",\"potentialAction\":[{\"@type\":\"CommentAction\",\"name\":\"Comment\",\"target\":[\"https:\\\/\\\/kibrisdakik.com\\\/?p=110489#respond\"]}]},{\"@type\":\"WebPage\",\"@id\":\"https:\\\/\\\/kibrisdakik.com\\\/?p=110489\",\"url\":\"https:\\\/\\\/kibrisdakik.com\\\/?p=110489\",\"name\":\"LEFKO\u015eA\u2019DA 23 N\u0130SAN KORTEJ\u0130 METEHAN\u2019DAN BA\u015eLADI -\",\"isPartOf\":{\"@id\":\"https:\\\/\\\/kibrisdakik.com\\\/#website\"},\"primaryImageOfPage\":{\"@id\":\"https:\\\/\\\/kibrisdakik.com\\\/?p=110489#primaryimage\"},\"image\":{\"@id\":\"https:\\\/\\\/kibrisdakik.com\\\/?p=110489#primaryimage\"},\"thumbnailUrl\":\"https:\\\/\\\/kibrisdakik.com\\\/wp-content\\\/uploads\\\/2026\\\/04\\\/mha-sari-beyaz-4693.png\",\"datePublished\":\"2026-04-16T09:35:16+00:00\",\"author\":{\"@id\":\"https:\\\/\\\/kibrisdakik.com\\\/#\\\/schema\\\/person\\\/9cd9d437bbb44f72b73ba127e06d8e79\"},\"breadcrumb\":{\"@id\":\"https:\\\/\\\/kibrisdakik.com\\\/?p=110489#breadcrumb\"},\"inLanguage\":\"tr\",\"potentialAction\":[{\"@type\":\"ReadAction\",\"target\":[\"https:\\\/\\\/kibrisdakik.com\\\/?p=110489\"]}]},{\"@type\":\"ImageObject\",\"inLanguage\":\"tr\",\"@id\":\"https:\\\/\\\/kibrisdakik.com\\\/?p=110489#primaryimage\",\"url\":\"https:\\\/\\\/kibrisdakik.com\\\/wp-content\\\/uploads\\\/2026\\\/04\\\/mha-sari-beyaz-4693.png\",\"contentUrl\":\"https:\\\/\\\/kibrisdakik.com\\\/wp-content\\\/uploads\\\/2026\\\/04\\\/mha-sari-beyaz-4693.png\",\"width\":1280,\"height\":720},{\"@type\":\"BreadcrumbList\",\"@id\":\"https:\\\/\\\/kibrisdakik.com\\\/?p=110489#breadcrumb\",\"itemListElement\":[{\"@type\":\"ListItem\",\"position\":1,\"name\":\"Home\",\"item\":\"https:\\\/\\\/kibrisdakik.com\\\/\"},{\"@type\":\"ListItem\",\"position\":2,\"name\":\"LEFKO\u015eA\u2019DA 23 N\u0130SAN KORTEJ\u0130 METEHAN\u2019DAN BA\u015eLADI\"}]},{\"@type\":\"WebSite\",\"@id\":\"https:\\\/\\\/kibrisdakik.com\\\/#website\",\"url\":\"https:\\\/\\\/kibrisdakik.com\\\/\",\"name\":\"\",\"description\":\"Tam vaktinde haber\",\"potentialAction\":[{\"@type\":\"SearchAction\",\"target\":{\"@type\":\"EntryPoint\",\"urlTemplate\":\"https:\\\/\\\/kibrisdakik.com\\\/?s={search_term_string}\"},\"query-input\":{\"@type\":\"PropertyValueSpecification\",\"valueRequired\":true,\"valueName\":\"search_term_string\"}}],\"inLanguage\":\"tr\"},{\"@type\":\"Person\",\"@id\":\"https:\\\/\\\/kibrisdakik.com\\\/#\\\/schema\\\/person\\\/9cd9d437bbb44f72b73ba127e06d8e79\",\"name\":\"admin\",\"image\":{\"@type\":\"ImageObject\",\"inLanguage\":\"tr\",\"@id\":\"https:\\\/\\\/secure.gravatar.com\\\/avatar\\\/ccc17943b9d660506c869530f897617f7cb1c21a4bf30023f252596d83e1f007?s=96&d=mm&r=g\",\"url\":\"https:\\\/\\\/secure.gravatar.com\\\/avatar\\\/ccc17943b9d660506c869530f897617f7cb1c21a4bf30023f252596d83e1f007?s=96&d=mm&r=g\",\"contentUrl\":\"https:\\\/\\\/secure.gravatar.com\\\/avatar\\\/ccc17943b9d660506c869530f897617f7cb1c21a4bf30023f252596d83e1f007?s=96&d=mm&r=g\",\"caption\":\"admin\"},\"sameAs\":[\"https:\\\/\\\/kibrisdakik.com\"],\"url\":\"https:\\\/\\\/kibrisdakik.com\\\/?author=1\"}]}<\/script>\n<!-- \/ Yoast SEO plugin. -->","yoast_head_json":{"title":"LEFKO\u015eA\u2019DA 23 N\u0130SAN KORTEJ\u0130 METEHAN\u2019DAN BA\u015eLADI -","robots":{"index":"index","follow":"follow","max-snippet":"max-snippet:-1","max-image-preview":"max-image-preview:large","max-video-preview":"max-video-preview:-1"},"canonical":"https:\/\/kibrisdakik.com\/?p=110489","og_locale":"tr_TR","og_type":"article","og_title":"LEFKO\u015eA\u2019DA 23 N\u0130SAN KORTEJ\u0130 METEHAN\u2019DAN BA\u015eLADI -","og_description":"Cumhurba\u015fkan\u0131 Tufan Erh\u00fcrman, Mustafa Kemal Atat\u00fcrk\u2019\u00fcn 23 Nisan\u2019\u0131 \u00e7ocuklara arma\u011fan etti\u011fini hat\u0131rlatt\u0131, \u201cBu \u00fclkede ya\u015famaktan, K\u0131br\u0131sl\u0131 T\u00fcrk olmaktan gurur duyun. Biliniz ki bu \u00fclke de, bu topraklar da sizindir\u201d ifadelerini kulland\u0131. 23 Nisan Ulusal Egemenlik ve \u00c7ocuk Bayram\u0131 kutlamalar\u0131 \u00e7er\u00e7evesinde Milli E\u011fitim Bakanl\u0131\u011f\u0131 taraf\u0131ndan organize edilen etkinlikler, bug\u00fcn Lefko\u015fa\u2019da d\u00fczenlenen kortejle ba\u015flad\u0131. G\u00fcvenlik Kuvvetleri Komutanl\u0131\u011f\u0131","og_url":"https:\/\/kibrisdakik.com\/?p=110489","article_published_time":"2026-04-16T09:35:16+00:00","og_image":[{"url":"https:\/\/mhahabercom.teimg.com\/mhahaber-com\/uploads\/2026\/04\/177633060145023-nisan-kutlamalari-cercevesinde-kortej-ve-dans-gosterileri-duzenlendi-4-so.jpg","type":"","width":"","height":""}],"author":"admin","twitter_card":"summary_large_image","twitter_misc":{"Yazan:":"admin","Tahmini okuma s\u00fcresi":"3 dakika"},"schema":{"@context":"https:\/\/schema.org","@graph":[{"@type":"Article","@id":"https:\/\/kibrisdakik.com\/?p=110489#article","isPartOf":{"@id":"https:\/\/kibrisdakik.com\/?p=110489"},"author":{"name":"admin","@id":"https:\/\/kibrisdakik.com\/#\/schema\/person\/9cd9d437bbb44f72b73ba127e06d8e79"},"headline":"LEFKO\u015eA\u2019DA 23 N\u0130SAN KORTEJ\u0130 METEHAN\u2019DAN BA\u015eLADI","datePublished":"2026-04-16T09:35:16+00:00","mainEntityOfPage":{"@id":"https:\/\/kibrisdakik.com\/?p=110489"},"wordCount":674,"commentCount":0,"image":{"@id":"https:\/\/kibrisdakik.com\/?p=110489#primaryimage"},"thumbnailUrl":"https:\/\/kibrisdakik.com\/wp-content\/uploads\/2026\/04\/mha-sari-beyaz-4693.png","articleSection":["K\u0131br\u0131s"],"inLanguage":"tr","potentialAction":[{"@type":"CommentAction","name":"Comment","target":["https:\/\/kibrisdakik.com\/?p=110489#respond"]}]},{"@type":"WebPage","@id":"https:\/\/kibrisdakik.com\/?p=110489","url":"https:\/\/kibrisdakik.com\/?p=110489","name":"LEFKO\u015eA\u2019DA 23 N\u0130SAN KORTEJ\u0130 METEHAN\u2019DAN BA\u015eLADI -","isPartOf":{"@id":"https:\/\/kibrisdakik.com\/#website"},"primaryImageOfPage":{"@id":"https:\/\/kibrisdakik.com\/?p=110489#primaryimage"},"image":{"@id":"https:\/\/kibrisdakik.com\/?p=110489#primaryimage"},"thumbnailUrl":"https:\/\/kibrisdakik.com\/wp-content\/uploads\/2026\/04\/mha-sari-beyaz-4693.png","datePublished":"2026-04-16T09:35:16+00:00","author":{"@id":"https:\/\/kibrisdakik.com\/#\/schema\/person\/9cd9d437bbb44f72b73ba127e06d8e79"},"breadcrumb":{"@id":"https:\/\/kibrisdakik.com\/?p=110489#breadcrumb"},"inLanguage":"tr","potentialAction":[{"@type":"ReadAction","target":["https:\/\/kibrisdakik.com\/?p=110489"]}]},{"@type":"ImageObject","inLanguage":"tr","@id":"https:\/\/kibrisdakik.com\/?p=110489#primaryimage","url":"https:\/\/kibrisdakik.com\/wp-content\/uploads\/2026\/04\/mha-sari-beyaz-4693.png","contentUrl":"https:\/\/kibrisdakik.com\/wp-content\/uploads\/2026\/04\/mha-sari-beyaz-4693.png","width":1280,"height":720},{"@type":"BreadcrumbList","@id":"https:\/\/kibrisdakik.com\/?p=110489#breadcrumb","itemListElement":[{"@type":"ListItem","position":1,"name":"Home","item":"https:\/\/kibrisdakik.com\/"},{"@type":"ListItem","position":2,"name":"LEFKO\u015eA\u2019DA 23 N\u0130SAN KORTEJ\u0130 METEHAN\u2019DAN BA\u015eLADI"}]},{"@type":"WebSite","@id":"https:\/\/kibrisdakik.com\/#website","url":"https:\/\/kibrisdakik.com\/","name":"","description":"Tam vaktinde haber","potentialAction":[{"@type":"SearchAction","target":{"@type":"EntryPoint","urlTemplate":"https:\/\/kibrisdakik.com\/?s={search_term_string}"},"query-input":{"@type":"PropertyValueSpecification","valueRequired":true,"valueName":"search_term_string"}}],"inLanguage":"tr"},{"@type":"Person","@id":"https:\/\/kibrisdakik.com\/#\/schema\/person\/9cd9d437bbb44f72b73ba127e06d8e79","name":"admin","image":{"@type":"ImageObject","inLanguage":"tr","@id":"https:\/\/secure.gravatar.com\/avatar\/ccc17943b9d660506c869530f897617f7cb1c21a4bf30023f252596d83e1f007?s=96&d=mm&r=g","url":"https:\/\/secure.gravatar.com\/avatar\/ccc17943b9d660506c869530f897617f7cb1c21a4bf30023f252596d83e1f007?s=96&d=mm&r=g","contentUrl":"https:\/\/secure.gravatar.com\/avatar\/ccc17943b9d660506c869530f897617f7cb1c21a4bf30023f252596d83e1f007?s=96&d=mm&r=g","caption":"admin"},"sameAs":["https:\/\/kibrisdakik.com"],"url":"https:\/\/kibrisdakik.com\/?author=1"}]}},"_links":{"self":[{"href":"https:\/\/kibrisdakik.com\/index.php?rest_route=\/wp\/v2\/posts\/110489","targetHints":{"allow":["GET"]}}],"collection":[{"href":"https:\/\/kibrisdakik.com\/index.php?rest_route=\/wp\/v2\/posts"}],"about":[{"href":"https:\/\/kibrisdakik.com\/index.php?rest_route=\/wp\/v2\/types\/post"}],"author":[{"embeddable":true,"href":"https:\/\/kibrisdakik.com\/index.php?rest_route=\/wp\/v2\/users\/1"}],"replies":[{"embeddable":true,"href":"https:\/\/kibrisdakik.com\/index.php?rest_route=%2Fwp%2Fv2%2Fcomments&post=110489"}],"version-history":[{"count":0,"href":"https:\/\/kibrisdakik.com\/index.php?rest_route=\/wp\/v2\/posts\/110489\/revisions"}],"wp:featuredmedia":[{"embeddable":true,"href":"https:\/\/kibrisdakik.com\/index.php?rest_route=\/wp\/v2\/media\/110490"}],"wp:attachment":[{"href":"https:\/\/kibrisdakik.com\/index.php?rest_route=%2Fwp%2Fv2%2Fmedia&parent=110489"}],"wp:term":[{"taxonomy":"category","embeddable":true,"href":"https:\/\/kibrisdakik.com\/index.php?rest_route=%2Fwp%2Fv2%2Fcategories&post=110489"},{"taxonomy":"post_tag","embeddable":true,"href":"https:\/\/kibrisdakik.com\/index.php?rest_route=%2Fwp%2Fv2%2Ftags&post=110489"}],"curies":[{"name":"wp","href":"https:\/\/api.w.org\/{rel}","templated":true}]}}