{"id":110670,"date":"2026-04-18T13:08:04","date_gmt":"2026-04-18T10:08:04","guid":{"rendered":"https:\/\/kibrisdakik.com\/?p=110670"},"modified":"2026-04-18T13:08:04","modified_gmt":"2026-04-18T10:08:04","slug":"turkiye-sigorta-acenteleri-federasyonu-ilk-yurt-disi-toplantisini-kktcde-gerceklestirdi","status":"publish","type":"post","link":"https:\/\/kibrisdakik.com\/?p=110670","title":{"rendered":"T\u00dcRK\u0130YE S\u0130GORTA ACENTELER\u0130 FEDERASYONU \u0130LK YURT DI\u015eI TOPLANTISINI KKTC\u2019DE GER\u00c7EKLE\u015eT\u0130RD\u0130"},"content":{"rendered":"<p><\/p>\n<div data-text-id=\"200153\" property=\"articleBody\">\n<p>Erg\u00fcn Yahat<\/p>\n<p>T\u00fcrkiye Sigorta Acenteleri Federasyonu, ilk yurt d\u0131\u015f\u0131 toplant\u0131s\u0131n\u0131 Kuzey K\u0131br\u0131s T\u00fcrk Cumhuriyeti\u2019nde geni\u015f kat\u0131l\u0131mla ger\u00e7ekle\u015ftirdi. Yavru vatanda d\u00fczenlenen organizasyon, hem toplant\u0131 hem de birlik, beraberlik ve kayna\u015fma amac\u0131 ta\u015f\u0131d\u0131.<\/p>\n<p>Yakla\u015f\u0131k 40 \u015fehirden gelen dernek ba\u015fkanlar\u0131 ile y\u00f6netim kurulu \u00fcyelerinin kat\u0131ld\u0131\u011f\u0131 etkinlikte, toplamda 70 ila 80 ki\u015filik bir kat\u0131l\u0131m sa\u011fland\u0131. Kat\u0131l\u0131mc\u0131lar KKTC\u2019de bir araya gelerek hem isti\u015farelerde bulundu hem de yavru vatandaki temaslar\u0131n\u0131 g\u00fc\u00e7lendirdi.<\/p>\n<p>Toplant\u0131n\u0131n, T\u00fcrkiye ile Kuzey K\u0131br\u0131s aras\u0131ndaki ba\u011flar\u0131n daha da kuvvetlenmesine katk\u0131 sa\u011flamas\u0131 hedeflenirken, bir\u00e7ok kat\u0131l\u0131mc\u0131n\u0131n ilk kez KKTC\u2019ye geldi\u011fi belirtildi. Organizasyonun gezi ve tan\u0131\u015fma amac\u0131 da ta\u015f\u0131d\u0131\u011f\u0131, kat\u0131l\u0131mc\u0131lar\u0131n K\u0131br\u0131s\u2019\u0131 daha yak\u0131ndan tan\u0131ma f\u0131rsat\u0131 buldu\u011fu ifade edildi.<\/p>\n<p>Etkinli\u011fe Meclis Ba\u015fkan\u0131 Ziya \u00d6zt\u00fcrkler ile Gazima\u011fusa UBP \u0130l\u00e7e Ba\u015fkan\u0131 Nahit \u00d6nc\u00fc de davetliler aras\u0131nda yer ald\u0131. Toplant\u0131da kar\u015f\u0131l\u0131kl\u0131 i\u015f birli\u011fi, dayan\u0131\u015fma ve gelece\u011fe y\u00f6nelik ortak projeler ele al\u0131nd\u0131.<\/p>\n<\/p><\/div>\n","protected":false},"excerpt":{"rendered":"<p>Erg\u00fcn Yahat T\u00fcrkiye Sigorta Acenteleri Federasyonu, ilk yurt d\u0131\u015f\u0131 toplant\u0131s\u0131n\u0131 Kuzey K\u0131br\u0131s T\u00fcrk Cumhuriyeti\u2019nde geni\u015f kat\u0131l\u0131mla ger\u00e7ekle\u015ftirdi. Yavru vatanda d\u00fczenlenen organizasyon, hem toplant\u0131 hem de birlik, beraberlik ve kayna\u015fma amac\u0131 ta\u015f\u0131d\u0131. Yakla\u015f\u0131k 40 \u015fehirden gelen dernek ba\u015fkanlar\u0131 ile y\u00f6netim kurulu \u00fcyelerinin kat\u0131ld\u0131\u011f\u0131 etkinlikte, toplamda 70 ila 80 ki\u015filik bir kat\u0131l\u0131m sa\u011fland\u0131. Kat\u0131l\u0131mc\u0131lar KKTC\u2019de bir araya<\/p>\n","protected":false},"author":1,"featured_media":110671,"comment_status":"open","ping_status":"open","sticky":false,"template":"","format":"standard","meta":{"footnotes":""},"categories":[81],"tags":[],"class_list":["post-110670","post","type-post","status-publish","format-standard","has-post-thumbnail","hentry","category-kibris"],"yoast_head":"<!-- This site is optimized with the Yoast SEO plugin v27.4 - https:\/\/yoast.com\/product\/yoast-seo-wordpress\/ -->\n<title>T\u00dcRK\u0130YE S\u0130GORTA ACENTELER\u0130 FEDERASYONU \u0130LK YURT DI\u015eI TOPLANTISINI KKTC\u2019DE GER\u00c7EKLE\u015eT\u0130RD\u0130 -<\/title>\n<meta name=\"robots\" content=\"index, follow, max-snippet:-1, max-image-preview:large, max-video-preview:-1\" \/>\n<link rel=\"canonical\" href=\"https:\/\/kibrisdakik.com\/?p=110670\" \/>\n<meta property=\"og:locale\" content=\"tr_TR\" \/>\n<meta property=\"og:type\" content=\"article\" \/>\n<meta property=\"og:title\" content=\"T\u00dcRK\u0130YE S\u0130GORTA ACENTELER\u0130 FEDERASYONU \u0130LK YURT DI\u015eI TOPLANTISINI KKTC\u2019DE GER\u00c7EKLE\u015eT\u0130RD\u0130 -\" \/>\n<meta property=\"og:description\" content=\"Erg\u00fcn Yahat T\u00fcrkiye Sigorta Acenteleri Federasyonu, ilk yurt d\u0131\u015f\u0131 toplant\u0131s\u0131n\u0131 Kuzey K\u0131br\u0131s T\u00fcrk Cumhuriyeti\u2019nde geni\u015f kat\u0131l\u0131mla ger\u00e7ekle\u015ftirdi. Yavru vatanda d\u00fczenlenen organizasyon, hem toplant\u0131 hem de birlik, beraberlik ve kayna\u015fma amac\u0131 ta\u015f\u0131d\u0131. Yakla\u015f\u0131k 40 \u015fehirden gelen dernek ba\u015fkanlar\u0131 ile y\u00f6netim kurulu \u00fcyelerinin kat\u0131ld\u0131\u011f\u0131 etkinlikte, toplamda 70 ila 80 ki\u015filik bir kat\u0131l\u0131m sa\u011fland\u0131. Kat\u0131l\u0131mc\u0131lar KKTC\u2019de bir araya\" \/>\n<meta property=\"og:url\" content=\"https:\/\/kibrisdakik.com\/?p=110670\" \/>\n<meta property=\"article:published_time\" content=\"2026-04-18T10:08:04+00:00\" \/>\n<meta property=\"og:image\" content=\"https:\/\/mhahabercom.teimg.com\/crop\/1280x720\/mhahaber-com\/uploads\/2026\/04\/mha-sari-beyaz-4764.png\" \/>\n<meta name=\"author\" content=\"admin\" \/>\n<meta name=\"twitter:card\" content=\"summary_large_image\" \/>\n<meta name=\"twitter:label1\" content=\"Yazan:\" \/>\n\t<meta name=\"twitter:data1\" content=\"admin\" \/>\n\t<meta name=\"twitter:label2\" content=\"Tahmini okuma s\u00fcresi\" \/>\n\t<meta name=\"twitter:data2\" content=\"1 dakika\" \/>\n<script type=\"application\/ld+json\" class=\"yoast-schema-graph\">{\"@context\":\"https:\\\/\\\/schema.org\",\"@graph\":[{\"@type\":\"Article\",\"@id\":\"https:\\\/\\\/kibrisdakik.com\\\/?p=110670#article\",\"isPartOf\":{\"@id\":\"https:\\\/\\\/kibrisdakik.com\\\/?p=110670\"},\"author\":{\"name\":\"admin\",\"@id\":\"https:\\\/\\\/kibrisdakik.com\\\/#\\\/schema\\\/person\\\/9cd9d437bbb44f72b73ba127e06d8e79\"},\"headline\":\"T\u00dcRK\u0130YE S\u0130GORTA ACENTELER\u0130 FEDERASYONU \u0130LK YURT DI\u015eI TOPLANTISINI KKTC\u2019DE GER\u00c7EKLE\u015eT\u0130RD\u0130\",\"datePublished\":\"2026-04-18T10:08:04+00:00\",\"mainEntityOfPage\":{\"@id\":\"https:\\\/\\\/kibrisdakik.com\\\/?p=110670\"},\"wordCount\":218,\"commentCount\":0,\"image\":{\"@id\":\"https:\\\/\\\/kibrisdakik.com\\\/?p=110670#primaryimage\"},\"thumbnailUrl\":\"https:\\\/\\\/kibrisdakik.com\\\/wp-content\\\/uploads\\\/2026\\\/04\\\/mha-sari-beyaz-4764.png\",\"articleSection\":[\"K\u0131br\u0131s\"],\"inLanguage\":\"tr\",\"potentialAction\":[{\"@type\":\"CommentAction\",\"name\":\"Comment\",\"target\":[\"https:\\\/\\\/kibrisdakik.com\\\/?p=110670#respond\"]}]},{\"@type\":\"WebPage\",\"@id\":\"https:\\\/\\\/kibrisdakik.com\\\/?p=110670\",\"url\":\"https:\\\/\\\/kibrisdakik.com\\\/?p=110670\",\"name\":\"T\u00dcRK\u0130YE S\u0130GORTA ACENTELER\u0130 FEDERASYONU \u0130LK YURT DI\u015eI TOPLANTISINI KKTC\u2019DE GER\u00c7EKLE\u015eT\u0130RD\u0130 -\",\"isPartOf\":{\"@id\":\"https:\\\/\\\/kibrisdakik.com\\\/#website\"},\"primaryImageOfPage\":{\"@id\":\"https:\\\/\\\/kibrisdakik.com\\\/?p=110670#primaryimage\"},\"image\":{\"@id\":\"https:\\\/\\\/kibrisdakik.com\\\/?p=110670#primaryimage\"},\"thumbnailUrl\":\"https:\\\/\\\/kibrisdakik.com\\\/wp-content\\\/uploads\\\/2026\\\/04\\\/mha-sari-beyaz-4764.png\",\"datePublished\":\"2026-04-18T10:08:04+00:00\",\"author\":{\"@id\":\"https:\\\/\\\/kibrisdakik.com\\\/#\\\/schema\\\/person\\\/9cd9d437bbb44f72b73ba127e06d8e79\"},\"breadcrumb\":{\"@id\":\"https:\\\/\\\/kibrisdakik.com\\\/?p=110670#breadcrumb\"},\"inLanguage\":\"tr\",\"potentialAction\":[{\"@type\":\"ReadAction\",\"target\":[\"https:\\\/\\\/kibrisdakik.com\\\/?p=110670\"]}]},{\"@type\":\"ImageObject\",\"inLanguage\":\"tr\",\"@id\":\"https:\\\/\\\/kibrisdakik.com\\\/?p=110670#primaryimage\",\"url\":\"https:\\\/\\\/kibrisdakik.com\\\/wp-content\\\/uploads\\\/2026\\\/04\\\/mha-sari-beyaz-4764.png\",\"contentUrl\":\"https:\\\/\\\/kibrisdakik.com\\\/wp-content\\\/uploads\\\/2026\\\/04\\\/mha-sari-beyaz-4764.png\",\"width\":1280,\"height\":720},{\"@type\":\"BreadcrumbList\",\"@id\":\"https:\\\/\\\/kibrisdakik.com\\\/?p=110670#breadcrumb\",\"itemListElement\":[{\"@type\":\"ListItem\",\"position\":1,\"name\":\"Home\",\"item\":\"https:\\\/\\\/kibrisdakik.com\\\/\"},{\"@type\":\"ListItem\",\"position\":2,\"name\":\"T\u00dcRK\u0130YE S\u0130GORTA ACENTELER\u0130 FEDERASYONU \u0130LK YURT DI\u015eI TOPLANTISINI KKTC\u2019DE GER\u00c7EKLE\u015eT\u0130RD\u0130\"}]},{\"@type\":\"WebSite\",\"@id\":\"https:\\\/\\\/kibrisdakik.com\\\/#website\",\"url\":\"https:\\\/\\\/kibrisdakik.com\\\/\",\"name\":\"\",\"description\":\"Tam vaktinde haber\",\"potentialAction\":[{\"@type\":\"SearchAction\",\"target\":{\"@type\":\"EntryPoint\",\"urlTemplate\":\"https:\\\/\\\/kibrisdakik.com\\\/?s={search_term_string}\"},\"query-input\":{\"@type\":\"PropertyValueSpecification\",\"valueRequired\":true,\"valueName\":\"search_term_string\"}}],\"inLanguage\":\"tr\"},{\"@type\":\"Person\",\"@id\":\"https:\\\/\\\/kibrisdakik.com\\\/#\\\/schema\\\/person\\\/9cd9d437bbb44f72b73ba127e06d8e79\",\"name\":\"admin\",\"image\":{\"@type\":\"ImageObject\",\"inLanguage\":\"tr\",\"@id\":\"https:\\\/\\\/secure.gravatar.com\\\/avatar\\\/ccc17943b9d660506c869530f897617f7cb1c21a4bf30023f252596d83e1f007?s=96&d=mm&r=g\",\"url\":\"https:\\\/\\\/secure.gravatar.com\\\/avatar\\\/ccc17943b9d660506c869530f897617f7cb1c21a4bf30023f252596d83e1f007?s=96&d=mm&r=g\",\"contentUrl\":\"https:\\\/\\\/secure.gravatar.com\\\/avatar\\\/ccc17943b9d660506c869530f897617f7cb1c21a4bf30023f252596d83e1f007?s=96&d=mm&r=g\",\"caption\":\"admin\"},\"sameAs\":[\"https:\\\/\\\/kibrisdakik.com\"],\"url\":\"https:\\\/\\\/kibrisdakik.com\\\/?author=1\"}]}<\/script>\n<!-- \/ Yoast SEO plugin. -->","yoast_head_json":{"title":"T\u00dcRK\u0130YE S\u0130GORTA ACENTELER\u0130 FEDERASYONU \u0130LK YURT DI\u015eI TOPLANTISINI KKTC\u2019DE GER\u00c7EKLE\u015eT\u0130RD\u0130 -","robots":{"index":"index","follow":"follow","max-snippet":"max-snippet:-1","max-image-preview":"max-image-preview:large","max-video-preview":"max-video-preview:-1"},"canonical":"https:\/\/kibrisdakik.com\/?p=110670","og_locale":"tr_TR","og_type":"article","og_title":"T\u00dcRK\u0130YE S\u0130GORTA ACENTELER\u0130 FEDERASYONU \u0130LK YURT DI\u015eI TOPLANTISINI KKTC\u2019DE GER\u00c7EKLE\u015eT\u0130RD\u0130 -","og_description":"Erg\u00fcn Yahat T\u00fcrkiye Sigorta Acenteleri Federasyonu, ilk yurt d\u0131\u015f\u0131 toplant\u0131s\u0131n\u0131 Kuzey K\u0131br\u0131s T\u00fcrk Cumhuriyeti\u2019nde geni\u015f kat\u0131l\u0131mla ger\u00e7ekle\u015ftirdi. Yavru vatanda d\u00fczenlenen organizasyon, hem toplant\u0131 hem de birlik, beraberlik ve kayna\u015fma amac\u0131 ta\u015f\u0131d\u0131. Yakla\u015f\u0131k 40 \u015fehirden gelen dernek ba\u015fkanlar\u0131 ile y\u00f6netim kurulu \u00fcyelerinin kat\u0131ld\u0131\u011f\u0131 etkinlikte, toplamda 70 ila 80 ki\u015filik bir kat\u0131l\u0131m sa\u011fland\u0131. Kat\u0131l\u0131mc\u0131lar KKTC\u2019de bir araya","og_url":"https:\/\/kibrisdakik.com\/?p=110670","article_published_time":"2026-04-18T10:08:04+00:00","og_image":[{"url":"https:\/\/mhahabercom.teimg.com\/crop\/1280x720\/mhahaber-com\/uploads\/2026\/04\/mha-sari-beyaz-4764.png","type":"","width":"","height":""}],"author":"admin","twitter_card":"summary_large_image","twitter_misc":{"Yazan:":"admin","Tahmini okuma s\u00fcresi":"1 dakika"},"schema":{"@context":"https:\/\/schema.org","@graph":[{"@type":"Article","@id":"https:\/\/kibrisdakik.com\/?p=110670#article","isPartOf":{"@id":"https:\/\/kibrisdakik.com\/?p=110670"},"author":{"name":"admin","@id":"https:\/\/kibrisdakik.com\/#\/schema\/person\/9cd9d437bbb44f72b73ba127e06d8e79"},"headline":"T\u00dcRK\u0130YE S\u0130GORTA ACENTELER\u0130 FEDERASYONU \u0130LK YURT DI\u015eI TOPLANTISINI KKTC\u2019DE GER\u00c7EKLE\u015eT\u0130RD\u0130","datePublished":"2026-04-18T10:08:04+00:00","mainEntityOfPage":{"@id":"https:\/\/kibrisdakik.com\/?p=110670"},"wordCount":218,"commentCount":0,"image":{"@id":"https:\/\/kibrisdakik.com\/?p=110670#primaryimage"},"thumbnailUrl":"https:\/\/kibrisdakik.com\/wp-content\/uploads\/2026\/04\/mha-sari-beyaz-4764.png","articleSection":["K\u0131br\u0131s"],"inLanguage":"tr","potentialAction":[{"@type":"CommentAction","name":"Comment","target":["https:\/\/kibrisdakik.com\/?p=110670#respond"]}]},{"@type":"WebPage","@id":"https:\/\/kibrisdakik.com\/?p=110670","url":"https:\/\/kibrisdakik.com\/?p=110670","name":"T\u00dcRK\u0130YE S\u0130GORTA ACENTELER\u0130 FEDERASYONU \u0130LK YURT DI\u015eI TOPLANTISINI KKTC\u2019DE GER\u00c7EKLE\u015eT\u0130RD\u0130 -","isPartOf":{"@id":"https:\/\/kibrisdakik.com\/#website"},"primaryImageOfPage":{"@id":"https:\/\/kibrisdakik.com\/?p=110670#primaryimage"},"image":{"@id":"https:\/\/kibrisdakik.com\/?p=110670#primaryimage"},"thumbnailUrl":"https:\/\/kibrisdakik.com\/wp-content\/uploads\/2026\/04\/mha-sari-beyaz-4764.png","datePublished":"2026-04-18T10:08:04+00:00","author":{"@id":"https:\/\/kibrisdakik.com\/#\/schema\/person\/9cd9d437bbb44f72b73ba127e06d8e79"},"breadcrumb":{"@id":"https:\/\/kibrisdakik.com\/?p=110670#breadcrumb"},"inLanguage":"tr","potentialAction":[{"@type":"ReadAction","target":["https:\/\/kibrisdakik.com\/?p=110670"]}]},{"@type":"ImageObject","inLanguage":"tr","@id":"https:\/\/kibrisdakik.com\/?p=110670#primaryimage","url":"https:\/\/kibrisdakik.com\/wp-content\/uploads\/2026\/04\/mha-sari-beyaz-4764.png","contentUrl":"https:\/\/kibrisdakik.com\/wp-content\/uploads\/2026\/04\/mha-sari-beyaz-4764.png","width":1280,"height":720},{"@type":"BreadcrumbList","@id":"https:\/\/kibrisdakik.com\/?p=110670#breadcrumb","itemListElement":[{"@type":"ListItem","position":1,"name":"Home","item":"https:\/\/kibrisdakik.com\/"},{"@type":"ListItem","position":2,"name":"T\u00dcRK\u0130YE S\u0130GORTA ACENTELER\u0130 FEDERASYONU \u0130LK YURT DI\u015eI TOPLANTISINI KKTC\u2019DE GER\u00c7EKLE\u015eT\u0130RD\u0130"}]},{"@type":"WebSite","@id":"https:\/\/kibrisdakik.com\/#website","url":"https:\/\/kibrisdakik.com\/","name":"","description":"Tam vaktinde haber","potentialAction":[{"@type":"SearchAction","target":{"@type":"EntryPoint","urlTemplate":"https:\/\/kibrisdakik.com\/?s={search_term_string}"},"query-input":{"@type":"PropertyValueSpecification","valueRequired":true,"valueName":"search_term_string"}}],"inLanguage":"tr"},{"@type":"Person","@id":"https:\/\/kibrisdakik.com\/#\/schema\/person\/9cd9d437bbb44f72b73ba127e06d8e79","name":"admin","image":{"@type":"ImageObject","inLanguage":"tr","@id":"https:\/\/secure.gravatar.com\/avatar\/ccc17943b9d660506c869530f897617f7cb1c21a4bf30023f252596d83e1f007?s=96&d=mm&r=g","url":"https:\/\/secure.gravatar.com\/avatar\/ccc17943b9d660506c869530f897617f7cb1c21a4bf30023f252596d83e1f007?s=96&d=mm&r=g","contentUrl":"https:\/\/secure.gravatar.com\/avatar\/ccc17943b9d660506c869530f897617f7cb1c21a4bf30023f252596d83e1f007?s=96&d=mm&r=g","caption":"admin"},"sameAs":["https:\/\/kibrisdakik.com"],"url":"https:\/\/kibrisdakik.com\/?author=1"}]}},"_links":{"self":[{"href":"https:\/\/kibrisdakik.com\/index.php?rest_route=\/wp\/v2\/posts\/110670","targetHints":{"allow":["GET"]}}],"collection":[{"href":"https:\/\/kibrisdakik.com\/index.php?rest_route=\/wp\/v2\/posts"}],"about":[{"href":"https:\/\/kibrisdakik.com\/index.php?rest_route=\/wp\/v2\/types\/post"}],"author":[{"embeddable":true,"href":"https:\/\/kibrisdakik.com\/index.php?rest_route=\/wp\/v2\/users\/1"}],"replies":[{"embeddable":true,"href":"https:\/\/kibrisdakik.com\/index.php?rest_route=%2Fwp%2Fv2%2Fcomments&post=110670"}],"version-history":[{"count":0,"href":"https:\/\/kibrisdakik.com\/index.php?rest_route=\/wp\/v2\/posts\/110670\/revisions"}],"wp:featuredmedia":[{"embeddable":true,"href":"https:\/\/kibrisdakik.com\/index.php?rest_route=\/wp\/v2\/media\/110671"}],"wp:attachment":[{"href":"https:\/\/kibrisdakik.com\/index.php?rest_route=%2Fwp%2Fv2%2Fmedia&parent=110670"}],"wp:term":[{"taxonomy":"category","embeddable":true,"href":"https:\/\/kibrisdakik.com\/index.php?rest_route=%2Fwp%2Fv2%2Fcategories&post=110670"},{"taxonomy":"post_tag","embeddable":true,"href":"https:\/\/kibrisdakik.com\/index.php?rest_route=%2Fwp%2Fv2%2Ftags&post=110670"}],"curies":[{"name":"wp","href":"https:\/\/api.w.org\/{rel}","templated":true}]}}