{"id":110720,"date":"2026-04-20T10:41:43","date_gmt":"2026-04-20T07:41:43","guid":{"rendered":"https:\/\/kibrisdakik.com\/?p=110720"},"modified":"2026-04-20T10:41:43","modified_gmt":"2026-04-20T07:41:43","slug":"yasakli-maddeli-kagitlar-ile-yakalanan-zanli-4-gun-daha-tutuklu-kalacak","status":"publish","type":"post","link":"https:\/\/kibrisdakik.com\/?p=110720","title":{"rendered":"YASAKLI MADDEL\u0130 KA\u011eITLAR \u0130LE YAKALANAN ZANLI 4 G\u00dcN DAHA TUTUKLU KALACAK"},"content":{"rendered":"<p><\/p>\n<div data-text-id=\"200209\" property=\"articleBody\">\n<p><strong>(20.04.2026&#8230;MHA&#8230;)<\/strong>  Gazima\u011fusa Narkotik \u015eube taraf\u0131ndan uyu\u015fturucu ka\u011f\u0131tlarla yakalanan zanl\u0131 K.H.O. 4 g\u00fcn daha tutuklu kalacak.<\/p>\n<p>Mahkemeye olayla ilgili bulgular\u0131 polis memuru Cenk Teran aktard\u0131. Teran, 17 Nisan 2026 tarihinde, saat 00.05\u2019te, zanl\u0131 K.H.O.\u2019nun, yaya olarak y\u00fcr\u00fcd\u00fc\u011f\u00fc esnada \u015f\u00fcpheli g\u00f6r\u00fcld\u00fc\u011f\u00fcn\u00fc ve \u00fczerinde yap\u0131lan aramada, cebinde, 2 adet pembe renk uyu\u015fturuculu ka\u011f\u0131t bulundu\u011funu ifade etti. Teran, soru\u015fturma maksatl\u0131 zanl\u0131n\u0131n tutuklu kalmas\u0131n\u0131 talep etti. Yarg\u0131\u00e7 Evren M\u00fcrsel, zanl\u0131n\u0131n 4 g\u00fcn tutuklu kalmas\u0131 y\u00f6n\u00fcnde emir verdi. <strong>(MHA)<\/strong><\/p>\n<\/p><\/div>\n","protected":false},"excerpt":{"rendered":"<p>(20.04.2026&#8230;MHA&#8230;) Gazima\u011fusa Narkotik \u015eube taraf\u0131ndan uyu\u015fturucu ka\u011f\u0131tlarla yakalanan zanl\u0131 K.H.O. 4 g\u00fcn daha tutuklu kalacak. Mahkemeye olayla ilgili bulgular\u0131 polis memuru Cenk Teran aktard\u0131. Teran, 17 Nisan 2026 tarihinde, saat 00.05\u2019te, zanl\u0131 K.H.O.\u2019nun, yaya olarak y\u00fcr\u00fcd\u00fc\u011f\u00fc esnada \u015f\u00fcpheli g\u00f6r\u00fcld\u00fc\u011f\u00fcn\u00fc ve \u00fczerinde yap\u0131lan aramada, cebinde, 2 adet pembe renk uyu\u015fturuculu ka\u011f\u0131t bulundu\u011funu ifade etti. Teran, soru\u015fturma<\/p>\n","protected":false},"author":1,"featured_media":110721,"comment_status":"open","ping_status":"open","sticky":false,"template":"","format":"standard","meta":{"footnotes":""},"categories":[81],"tags":[],"class_list":["post-110720","post","type-post","status-publish","format-standard","has-post-thumbnail","hentry","category-kibris"],"yoast_head":"<!-- This site is optimized with the Yoast SEO plugin v27.5 - https:\/\/yoast.com\/product\/yoast-seo-wordpress\/ -->\n<title>YASAKLI MADDEL\u0130 KA\u011eITLAR \u0130LE YAKALANAN ZANLI 4 G\u00dcN DAHA TUTUKLU KALACAK -<\/title>\n<meta name=\"robots\" content=\"index, follow, max-snippet:-1, max-image-preview:large, max-video-preview:-1\" \/>\n<link rel=\"canonical\" href=\"https:\/\/kibrisdakik.com\/?p=110720\" \/>\n<meta property=\"og:locale\" content=\"tr_TR\" \/>\n<meta property=\"og:type\" content=\"article\" \/>\n<meta property=\"og:title\" content=\"YASAKLI MADDEL\u0130 KA\u011eITLAR \u0130LE YAKALANAN ZANLI 4 G\u00dcN DAHA TUTUKLU KALACAK -\" \/>\n<meta property=\"og:description\" content=\"(20.04.2026&#8230;MHA&#8230;) Gazima\u011fusa Narkotik \u015eube taraf\u0131ndan uyu\u015fturucu ka\u011f\u0131tlarla yakalanan zanl\u0131 K.H.O. 4 g\u00fcn daha tutuklu kalacak. Mahkemeye olayla ilgili bulgular\u0131 polis memuru Cenk Teran aktard\u0131. Teran, 17 Nisan 2026 tarihinde, saat 00.05\u2019te, zanl\u0131 K.H.O.\u2019nun, yaya olarak y\u00fcr\u00fcd\u00fc\u011f\u00fc esnada \u015f\u00fcpheli g\u00f6r\u00fcld\u00fc\u011f\u00fcn\u00fc ve \u00fczerinde yap\u0131lan aramada, cebinde, 2 adet pembe renk uyu\u015fturuculu ka\u011f\u0131t bulundu\u011funu ifade etti. Teran, soru\u015fturma\" \/>\n<meta property=\"og:url\" content=\"https:\/\/kibrisdakik.com\/?p=110720\" \/>\n<meta property=\"article:published_time\" content=\"2026-04-20T07:41:43+00:00\" \/>\n<meta property=\"og:image\" content=\"https:\/\/mhahabercom.teimg.com\/crop\/1280x720\/mhahaber-com\/uploads\/2026\/04\/mha-sari-beyaz-4787.png\" \/>\n<meta name=\"author\" content=\"admin\" \/>\n<meta name=\"twitter:card\" content=\"summary_large_image\" \/>\n<meta name=\"twitter:label1\" content=\"Yazan:\" \/>\n\t<meta name=\"twitter:data1\" content=\"admin\" \/>\n<script type=\"application\/ld+json\" class=\"yoast-schema-graph\">{\"@context\":\"https:\\\/\\\/schema.org\",\"@graph\":[{\"@type\":\"Article\",\"@id\":\"https:\\\/\\\/kibrisdakik.com\\\/?p=110720#article\",\"isPartOf\":{\"@id\":\"https:\\\/\\\/kibrisdakik.com\\\/?p=110720\"},\"author\":{\"name\":\"admin\",\"@id\":\"https:\\\/\\\/kibrisdakik.com\\\/#\\\/schema\\\/person\\\/9cd9d437bbb44f72b73ba127e06d8e79\"},\"headline\":\"YASAKLI MADDEL\u0130 KA\u011eITLAR \u0130LE YAKALANAN ZANLI 4 G\u00dcN DAHA TUTUKLU KALACAK\",\"datePublished\":\"2026-04-20T07:41:43+00:00\",\"mainEntityOfPage\":{\"@id\":\"https:\\\/\\\/kibrisdakik.com\\\/?p=110720\"},\"wordCount\":109,\"commentCount\":0,\"image\":{\"@id\":\"https:\\\/\\\/kibrisdakik.com\\\/?p=110720#primaryimage\"},\"thumbnailUrl\":\"https:\\\/\\\/kibrisdakik.com\\\/wp-content\\\/uploads\\\/2026\\\/04\\\/mha-sari-beyaz-4787.png\",\"articleSection\":[\"K\u0131br\u0131s\"],\"inLanguage\":\"tr\",\"potentialAction\":[{\"@type\":\"CommentAction\",\"name\":\"Comment\",\"target\":[\"https:\\\/\\\/kibrisdakik.com\\\/?p=110720#respond\"]}]},{\"@type\":\"WebPage\",\"@id\":\"https:\\\/\\\/kibrisdakik.com\\\/?p=110720\",\"url\":\"https:\\\/\\\/kibrisdakik.com\\\/?p=110720\",\"name\":\"YASAKLI MADDEL\u0130 KA\u011eITLAR \u0130LE YAKALANAN ZANLI 4 G\u00dcN DAHA TUTUKLU KALACAK -\",\"isPartOf\":{\"@id\":\"https:\\\/\\\/kibrisdakik.com\\\/#website\"},\"primaryImageOfPage\":{\"@id\":\"https:\\\/\\\/kibrisdakik.com\\\/?p=110720#primaryimage\"},\"image\":{\"@id\":\"https:\\\/\\\/kibrisdakik.com\\\/?p=110720#primaryimage\"},\"thumbnailUrl\":\"https:\\\/\\\/kibrisdakik.com\\\/wp-content\\\/uploads\\\/2026\\\/04\\\/mha-sari-beyaz-4787.png\",\"datePublished\":\"2026-04-20T07:41:43+00:00\",\"author\":{\"@id\":\"https:\\\/\\\/kibrisdakik.com\\\/#\\\/schema\\\/person\\\/9cd9d437bbb44f72b73ba127e06d8e79\"},\"breadcrumb\":{\"@id\":\"https:\\\/\\\/kibrisdakik.com\\\/?p=110720#breadcrumb\"},\"inLanguage\":\"tr\",\"potentialAction\":[{\"@type\":\"ReadAction\",\"target\":[\"https:\\\/\\\/kibrisdakik.com\\\/?p=110720\"]}]},{\"@type\":\"ImageObject\",\"inLanguage\":\"tr\",\"@id\":\"https:\\\/\\\/kibrisdakik.com\\\/?p=110720#primaryimage\",\"url\":\"https:\\\/\\\/kibrisdakik.com\\\/wp-content\\\/uploads\\\/2026\\\/04\\\/mha-sari-beyaz-4787.png\",\"contentUrl\":\"https:\\\/\\\/kibrisdakik.com\\\/wp-content\\\/uploads\\\/2026\\\/04\\\/mha-sari-beyaz-4787.png\",\"width\":1280,\"height\":720},{\"@type\":\"BreadcrumbList\",\"@id\":\"https:\\\/\\\/kibrisdakik.com\\\/?p=110720#breadcrumb\",\"itemListElement\":[{\"@type\":\"ListItem\",\"position\":1,\"name\":\"Home\",\"item\":\"https:\\\/\\\/kibrisdakik.com\\\/\"},{\"@type\":\"ListItem\",\"position\":2,\"name\":\"YASAKLI MADDEL\u0130 KA\u011eITLAR \u0130LE YAKALANAN ZANLI 4 G\u00dcN DAHA TUTUKLU KALACAK\"}]},{\"@type\":\"WebSite\",\"@id\":\"https:\\\/\\\/kibrisdakik.com\\\/#website\",\"url\":\"https:\\\/\\\/kibrisdakik.com\\\/\",\"name\":\"\",\"description\":\"Tam vaktinde haber\",\"potentialAction\":[{\"@type\":\"SearchAction\",\"target\":{\"@type\":\"EntryPoint\",\"urlTemplate\":\"https:\\\/\\\/kibrisdakik.com\\\/?s={search_term_string}\"},\"query-input\":{\"@type\":\"PropertyValueSpecification\",\"valueRequired\":true,\"valueName\":\"search_term_string\"}}],\"inLanguage\":\"tr\"},{\"@type\":\"Person\",\"@id\":\"https:\\\/\\\/kibrisdakik.com\\\/#\\\/schema\\\/person\\\/9cd9d437bbb44f72b73ba127e06d8e79\",\"name\":\"admin\",\"image\":{\"@type\":\"ImageObject\",\"inLanguage\":\"tr\",\"@id\":\"https:\\\/\\\/secure.gravatar.com\\\/avatar\\\/ccc17943b9d660506c869530f897617f7cb1c21a4bf30023f252596d83e1f007?s=96&d=mm&r=g\",\"url\":\"https:\\\/\\\/secure.gravatar.com\\\/avatar\\\/ccc17943b9d660506c869530f897617f7cb1c21a4bf30023f252596d83e1f007?s=96&d=mm&r=g\",\"contentUrl\":\"https:\\\/\\\/secure.gravatar.com\\\/avatar\\\/ccc17943b9d660506c869530f897617f7cb1c21a4bf30023f252596d83e1f007?s=96&d=mm&r=g\",\"caption\":\"admin\"},\"sameAs\":[\"https:\\\/\\\/kibrisdakik.com\"],\"url\":\"https:\\\/\\\/kibrisdakik.com\\\/?author=1\"}]}<\/script>\n<!-- \/ Yoast SEO plugin. -->","yoast_head_json":{"title":"YASAKLI MADDEL\u0130 KA\u011eITLAR \u0130LE YAKALANAN ZANLI 4 G\u00dcN DAHA TUTUKLU KALACAK -","robots":{"index":"index","follow":"follow","max-snippet":"max-snippet:-1","max-image-preview":"max-image-preview:large","max-video-preview":"max-video-preview:-1"},"canonical":"https:\/\/kibrisdakik.com\/?p=110720","og_locale":"tr_TR","og_type":"article","og_title":"YASAKLI MADDEL\u0130 KA\u011eITLAR \u0130LE YAKALANAN ZANLI 4 G\u00dcN DAHA TUTUKLU KALACAK -","og_description":"(20.04.2026&#8230;MHA&#8230;) Gazima\u011fusa Narkotik \u015eube taraf\u0131ndan uyu\u015fturucu ka\u011f\u0131tlarla yakalanan zanl\u0131 K.H.O. 4 g\u00fcn daha tutuklu kalacak. Mahkemeye olayla ilgili bulgular\u0131 polis memuru Cenk Teran aktard\u0131. Teran, 17 Nisan 2026 tarihinde, saat 00.05\u2019te, zanl\u0131 K.H.O.\u2019nun, yaya olarak y\u00fcr\u00fcd\u00fc\u011f\u00fc esnada \u015f\u00fcpheli g\u00f6r\u00fcld\u00fc\u011f\u00fcn\u00fc ve \u00fczerinde yap\u0131lan aramada, cebinde, 2 adet pembe renk uyu\u015fturuculu ka\u011f\u0131t bulundu\u011funu ifade etti. Teran, soru\u015fturma","og_url":"https:\/\/kibrisdakik.com\/?p=110720","article_published_time":"2026-04-20T07:41:43+00:00","og_image":[{"url":"https:\/\/mhahabercom.teimg.com\/crop\/1280x720\/mhahaber-com\/uploads\/2026\/04\/mha-sari-beyaz-4787.png","type":"","width":"","height":""}],"author":"admin","twitter_card":"summary_large_image","twitter_misc":{"Yazan:":"admin"},"schema":{"@context":"https:\/\/schema.org","@graph":[{"@type":"Article","@id":"https:\/\/kibrisdakik.com\/?p=110720#article","isPartOf":{"@id":"https:\/\/kibrisdakik.com\/?p=110720"},"author":{"name":"admin","@id":"https:\/\/kibrisdakik.com\/#\/schema\/person\/9cd9d437bbb44f72b73ba127e06d8e79"},"headline":"YASAKLI MADDEL\u0130 KA\u011eITLAR \u0130LE YAKALANAN ZANLI 4 G\u00dcN DAHA TUTUKLU KALACAK","datePublished":"2026-04-20T07:41:43+00:00","mainEntityOfPage":{"@id":"https:\/\/kibrisdakik.com\/?p=110720"},"wordCount":109,"commentCount":0,"image":{"@id":"https:\/\/kibrisdakik.com\/?p=110720#primaryimage"},"thumbnailUrl":"https:\/\/kibrisdakik.com\/wp-content\/uploads\/2026\/04\/mha-sari-beyaz-4787.png","articleSection":["K\u0131br\u0131s"],"inLanguage":"tr","potentialAction":[{"@type":"CommentAction","name":"Comment","target":["https:\/\/kibrisdakik.com\/?p=110720#respond"]}]},{"@type":"WebPage","@id":"https:\/\/kibrisdakik.com\/?p=110720","url":"https:\/\/kibrisdakik.com\/?p=110720","name":"YASAKLI MADDEL\u0130 KA\u011eITLAR \u0130LE YAKALANAN ZANLI 4 G\u00dcN DAHA TUTUKLU KALACAK -","isPartOf":{"@id":"https:\/\/kibrisdakik.com\/#website"},"primaryImageOfPage":{"@id":"https:\/\/kibrisdakik.com\/?p=110720#primaryimage"},"image":{"@id":"https:\/\/kibrisdakik.com\/?p=110720#primaryimage"},"thumbnailUrl":"https:\/\/kibrisdakik.com\/wp-content\/uploads\/2026\/04\/mha-sari-beyaz-4787.png","datePublished":"2026-04-20T07:41:43+00:00","author":{"@id":"https:\/\/kibrisdakik.com\/#\/schema\/person\/9cd9d437bbb44f72b73ba127e06d8e79"},"breadcrumb":{"@id":"https:\/\/kibrisdakik.com\/?p=110720#breadcrumb"},"inLanguage":"tr","potentialAction":[{"@type":"ReadAction","target":["https:\/\/kibrisdakik.com\/?p=110720"]}]},{"@type":"ImageObject","inLanguage":"tr","@id":"https:\/\/kibrisdakik.com\/?p=110720#primaryimage","url":"https:\/\/kibrisdakik.com\/wp-content\/uploads\/2026\/04\/mha-sari-beyaz-4787.png","contentUrl":"https:\/\/kibrisdakik.com\/wp-content\/uploads\/2026\/04\/mha-sari-beyaz-4787.png","width":1280,"height":720},{"@type":"BreadcrumbList","@id":"https:\/\/kibrisdakik.com\/?p=110720#breadcrumb","itemListElement":[{"@type":"ListItem","position":1,"name":"Home","item":"https:\/\/kibrisdakik.com\/"},{"@type":"ListItem","position":2,"name":"YASAKLI MADDEL\u0130 KA\u011eITLAR \u0130LE YAKALANAN ZANLI 4 G\u00dcN DAHA TUTUKLU KALACAK"}]},{"@type":"WebSite","@id":"https:\/\/kibrisdakik.com\/#website","url":"https:\/\/kibrisdakik.com\/","name":"","description":"Tam vaktinde haber","potentialAction":[{"@type":"SearchAction","target":{"@type":"EntryPoint","urlTemplate":"https:\/\/kibrisdakik.com\/?s={search_term_string}"},"query-input":{"@type":"PropertyValueSpecification","valueRequired":true,"valueName":"search_term_string"}}],"inLanguage":"tr"},{"@type":"Person","@id":"https:\/\/kibrisdakik.com\/#\/schema\/person\/9cd9d437bbb44f72b73ba127e06d8e79","name":"admin","image":{"@type":"ImageObject","inLanguage":"tr","@id":"https:\/\/secure.gravatar.com\/avatar\/ccc17943b9d660506c869530f897617f7cb1c21a4bf30023f252596d83e1f007?s=96&d=mm&r=g","url":"https:\/\/secure.gravatar.com\/avatar\/ccc17943b9d660506c869530f897617f7cb1c21a4bf30023f252596d83e1f007?s=96&d=mm&r=g","contentUrl":"https:\/\/secure.gravatar.com\/avatar\/ccc17943b9d660506c869530f897617f7cb1c21a4bf30023f252596d83e1f007?s=96&d=mm&r=g","caption":"admin"},"sameAs":["https:\/\/kibrisdakik.com"],"url":"https:\/\/kibrisdakik.com\/?author=1"}]}},"_links":{"self":[{"href":"https:\/\/kibrisdakik.com\/index.php?rest_route=\/wp\/v2\/posts\/110720","targetHints":{"allow":["GET"]}}],"collection":[{"href":"https:\/\/kibrisdakik.com\/index.php?rest_route=\/wp\/v2\/posts"}],"about":[{"href":"https:\/\/kibrisdakik.com\/index.php?rest_route=\/wp\/v2\/types\/post"}],"author":[{"embeddable":true,"href":"https:\/\/kibrisdakik.com\/index.php?rest_route=\/wp\/v2\/users\/1"}],"replies":[{"embeddable":true,"href":"https:\/\/kibrisdakik.com\/index.php?rest_route=%2Fwp%2Fv2%2Fcomments&post=110720"}],"version-history":[{"count":0,"href":"https:\/\/kibrisdakik.com\/index.php?rest_route=\/wp\/v2\/posts\/110720\/revisions"}],"wp:featuredmedia":[{"embeddable":true,"href":"https:\/\/kibrisdakik.com\/index.php?rest_route=\/wp\/v2\/media\/110721"}],"wp:attachment":[{"href":"https:\/\/kibrisdakik.com\/index.php?rest_route=%2Fwp%2Fv2%2Fmedia&parent=110720"}],"wp:term":[{"taxonomy":"category","embeddable":true,"href":"https:\/\/kibrisdakik.com\/index.php?rest_route=%2Fwp%2Fv2%2Fcategories&post=110720"},{"taxonomy":"post_tag","embeddable":true,"href":"https:\/\/kibrisdakik.com\/index.php?rest_route=%2Fwp%2Fv2%2Ftags&post=110720"}],"curies":[{"name":"wp","href":"https:\/\/api.w.org\/{rel}","templated":true}]}}