{"id":110742,"date":"2026-04-20T12:49:22","date_gmt":"2026-04-20T09:49:22","guid":{"rendered":"https:\/\/kibrisdakik.com\/?p=110742"},"modified":"2026-04-20T12:49:22","modified_gmt":"2026-04-20T09:49:22","slug":"aoada-2-gunluk-cocuk-edebiyati-calistayi","status":"publish","type":"post","link":"https:\/\/kibrisdakik.com\/?p=110742","title":{"rendered":"A\u00d6A\u2019DA 2 G\u00dcNL\u00dcK \u00c7OCUK EDEB\u0130YATI \u00c7ALI\u015eTAYI"},"content":{"rendered":"<p><\/p>\n<div data-text-id=\"200233\" property=\"articleBody\">\n<p>T\u00fcrk D\u00fcnyas\u0131 \u00c7ocuk Edebiyat\u0131 \u00c7al\u0131\u015ftay\u0131, bug\u00fcn Atat\u00fcrk \u00d6\u011fretmen Akademisi\u2019nde ba\u015flad\u0131. \u0130ki g\u00fcn s\u00fcrecek \u00e7al\u0131\u015ftayda, T\u00fcrk d\u00fcnyas\u0131nda \u00e7ocuk edebiyat\u0131 ve gelece\u011fi irdelenecek.<\/p>\n<p>Ba\u015fbakan Yard\u0131mc\u0131l\u0131\u011f\u0131, Turizm, K\u00fclt\u00fcr, Gen\u00e7lik ve \u00c7evre Bakanl\u0131\u011f\u0131 K\u00fclt\u00fcr Dairesi, Milli E\u011fitim Bakanl\u0131\u011f\u0131 ile T\u00fcrk Dil Kurumu\u2019nun i\u015f birli\u011fi ve A\u00d6A\u2019n\u0131n katk\u0131lar\u0131yla bug\u00fcn ba\u015flayan ve yar\u0131n da devam edecek olan T\u00fcrk D\u00fcnyas\u0131 \u00c7ocuk Edebiyat\u0131 \u00c7al\u0131\u015ftay\u0131\u2019na, T\u00fcrk edebiyat\u0131 ve dilinin kullan\u0131ld\u0131\u011f\u0131 \u00fclkelerden, akademisyen, yazar, \u00e7izer ve yay\u0131mc\u0131lar ile payda\u015f kurum temsilcileri kat\u0131ld\u0131.<\/p>\n<p>\u00c7al\u0131\u015ftay\u0131n a\u00e7\u0131l\u0131\u015f konu\u015fmalar\u0131n\u0131, A\u00d6A Ba\u015fkan\u0131 Prof. Dr. G\u00fcner Konedral\u0131, Azerbaycan Milli \u0130limler Akademisi\u2019nden Do\u00e7. Dr. Ayg\u00fcn Ba\u011f\u0131rl\u0131 ile Prof. Dr. Elnare Akimova, K\u00fclt\u00fcr Dairesi M\u00fcd\u00fcr\u00fc \u015eirin Zafery\u0131ld\u0131z\u0131 Zaima\u011fao\u011flu, Milli E\u011fitim Bakanl\u0131\u011f\u0131 Talim ve Terbiye Dairesi M\u00fcd\u00fcr\u00fc ve A\u00d6A Y\u00f6netim Kurulu \u00dcyesi Murad Aktu\u011f ve T\u00fcrk Dil Kurumu Ba\u015fkan\u0131 Prof. Dr. Osman Mert yapt\u0131.<\/p>\n<p>\u00c7al\u0131\u015ftay kapsam\u0131nda \u201cT\u00fcrk Dil Kurumunun \u00e7ocuk edebiyat\u0131 vizyonu, T\u00fcrk d\u00fcnyas\u0131 a\u00e7\u0131l\u0131m\u0131 ve ortak alfabe s\u00fcrecine dair yakla\u015f\u0131mlar; d\u00fcnyada \u00e7ocuk edebiyat\u0131: kurumlar, e\u011filimler ve etkile\u015fim alanlar\u0131; T\u00fcrk d\u00fcnyas\u0131nda \u00e7ocuk edebiyat\u0131: mevcut durum, ortakl\u0131klar ve ayr\u0131\u015fmalar; \u00e7ocuk edebiyat\u0131nda yazarl\u0131k pratikleri: yazma bi\u00e7imleri, temalar ve d\u00f6n\u00fc\u015f\u00fcmler; T\u00fcrk d\u00fcnyas\u0131 \u00e7ocuk edebiyat\u0131n\u0131n gelece\u011fi: akademi\u2013yazar\u2013kurum ekseninde ortak y\u00f6nelimler\u201d konular\u0131 tart\u0131\u015f\u0131lacak.<\/p>\n<p>-Konedral\u0131<\/p>\n<p>A\u00d6A Ba\u015fkan\u0131 Prof. Dr. G\u00fcner Konedral\u0131, dilin ve edebiyat\u0131n T\u00fcrk d\u00fcnyas\u0131n\u0131 bir arada tutan en g\u00fc\u00e7l\u00fc ba\u011f oldu\u011fu belirtti.<\/p>\n<p>\u00c7ocuk edebiyat\u0131n\u0131n, \u00e7ocuklar\u0131n temel sorular\u0131na en i\u00e7ten cevaplar\u0131 sundu\u011funu s\u00f6yleyen Konedral\u0131, \u00e7ocuk edebiyat\u0131n\u0131n pedagojik bir sanat oldu\u011funu ifade etti. \u00d6\u011fretmenlerin bu s\u00fcre\u00e7teki rol\u00fcn\u00fcn kritik oldu\u011funu vurgulayan Konedral\u0131, T\u00fcrk Dil Kurumu, T\u0130KA ile Yunus Emre Enstit\u00fcs\u00fc&#8217;n\u00fcn katk\u0131lar\u0131yla A\u00d6A altyap\u0131s\u0131na eklenen yenilikleri anlatt\u0131.<\/p>\n<p>-Ba\u011f\u0131rl\u0131<\/p>\n<p>Azerbaycan Milli \u0130limler Akademisi\u2019nden Do\u00e7. Dr. Ayg\u00fcn Ba\u011f\u0131rl\u0131 da \u00e7ocuk edebiyat\u0131n\u0131n aile de\u011ferleri, milli kimlik, dil politikas\u0131 ve T\u00fcrk d\u00fcnyas\u0131n\u0131n k\u00fclt\u00fcrel diyalo\u011fu gibi konularla kesi\u015fti\u011fini s\u00f6yledi.<\/p>\n<p>T\u00fcrk \u00e7ocuk edebiyat\u0131na yat\u0131r\u0131m yapman\u0131n, birle\u015fik T\u00fcrk d\u00fcnyas\u0131nda yat\u0131r\u0131m yapmak anlam\u0131na geldi\u011fini belirten Ba\u011f\u0131rl\u0131, \u201cT\u00fcm T\u00fcrk \u00e7ocuklar\u0131n\u0131n okudu\u011fu hikayeler, T\u00fcrk birli\u011fine ve gelece\u011fine nas\u0131l bakacaklar\u0131n\u0131 \u015fekillendirecek.\u201d dedi.<\/p>\n<p>-Akimova<\/p>\n<p>Azerbaycan Milli \u0130limler Akademisi\u2019nden Prof. Dr. Elnare Akimova da, Azerbaycan ve T\u00fcrkiye aras\u0131nda edebiyat ve k\u00fclt\u00fcr arac\u0131l\u0131\u011f\u0131yla kurulan k\u00f6pr\u00fclerin iki as\u0131rl\u0131k bir ge\u00e7mi\u015fi oldu\u011funu belirtti.<\/p>\n<p>\u00c7ocuk edebiyat\u0131n\u0131n her milletin &#8220;\u00fclk\u00fc kayna\u011f\u0131&#8221; oldu\u011funu ifade eden Akimova, Azerbaycan ve T\u00fcrkiye&#8217;de \u00e7ocuk edebiyat\u0131n\u0131n geli\u015fiminin tarih\u00e7esini anlatt\u0131.<\/p>\n<p>-Zaima\u011fao\u011flu<\/p>\n<p>K\u00fclt\u00fcr Dairesi M\u00fcd\u00fcr\u00fc \u015eirin Zafery\u0131ld\u0131z\u0131 Zaima\u011fao\u011flu, etkinli\u011fin &#8220;bir hayalin v\u00fccut bulmu\u015f hali&#8221; oldu\u011funu belirtti.<\/p>\n<p>Bu hayalin ger\u00e7ekle\u015fmesinde eme\u011fi ge\u00e7enlere te\u015fekk\u00fcr eden Zaima\u011fao\u011flu bu hayallerin ki\u015fisel de\u011fil, toplumun, dilin, k\u00fclt\u00fcr\u00fcn ve co\u011frafyan\u0131n hayalleri oldu\u011funu belirtti.<\/p>\n<p>-Aktu\u011f<\/p>\n<p>Milli E\u011fitim Bakanl\u0131\u011f\u0131 Talim ve Terbiye Dairesi M\u00fcd\u00fcr\u00fc ve A\u00d6A Y\u00f6netim Kurulu \u00dcyesi Murad Aktu\u011f da \u00e7ocuk edebiyat\u0131n\u0131n, medya ve ekranlardan takip edilen olumsuz olaylar\u0131n engelleyicisi olabilece\u011fini belirtti.<\/p>\n<p>G\u00fczel kitaplar okuyan \u00e7ocuklar\u0131n zorba olmayaca\u011f\u0131n\u0131, sorunlarla ba\u015f etmeyi ve analitik d\u00fc\u015f\u00fcnmeyi \u00f6\u011frenece\u011fini s\u00f6yleyen Aktu\u011f, T\u00fcrk d\u00fcnyas\u0131n\u0131n politik s\u0131k\u0131\u015fm\u0131\u015fl\u0131\u011f\u0131na ve bask\u0131ya kar\u015f\u0131 g\u00fc\u00e7l\u00fc kalmak i\u00e7in T\u00fcrk kimli\u011fine sahip \u00e7\u0131k\u0131lmas\u0131 gerekti\u011fini belirtti.<\/p>\n<p>Aktu\u011f, \u00e7al\u0131\u015ftaydaki \u00e7al\u0131\u015fmalar\u0131n \u00f6nemine dikkat \u00e7ekerek, \u00e7al\u0131\u015ftay sonundaki bildirgeyi politikalar\u0131na \u0131\u015f\u0131k tutmas\u0131 i\u00e7in de\u011ferlendirece\u011fini ifade etti.<\/p>\n<p>-Mert<\/p>\n<p>T\u00fcrk Dil Kurumu (TDK) Ba\u015fkan\u0131 Prof. Dr. Osman Mert ise \u00e7ocuk ve gen\u00e7lerin n\u00fcfusun az bir k\u0131sm\u0131n\u0131 olu\u015ftursa da gelece\u011fin t\u00fcm\u00fc olduklar\u0131n\u0131 belirtti.<\/p>\n<p>T\u00fcrk d\u00fcnyas\u0131 tarihinde ilk kez \u00e7ocuk edebiyat\u00e7\u0131lar\u0131n\u0131n \u00fclkeleri temsil edecek d\u00fczeyde bir araya geldi\u011fini s\u00f6yleyen Mert, K\u0131br\u0131s&#8217;\u0131n sembolik de\u011feri nedeniyle bu \u00e7al\u0131\u015ftay\u0131n A\u00d6A\u2019da d\u00fczenlendi\u011fini dile getirdi.<\/p>\n<p>\u00c7ocuk edebiyat\u0131n\u0131n bir milletin haf\u0131zas\u0131n\u0131, dil zevkini ve milli de\u011ferlerini gelece\u011fe ta\u015f\u0131d\u0131\u011f\u0131n\u0131 kaydeden Mert, kurumun ge\u00e7mi\u015fte gen\u00e7leri ve \u00e7ocuklar\u0131 ihmal etti\u011fini, g\u00f6reve geldikten sonra bu a\u00e7\u0131\u011f\u0131 kapatmak i\u00e7in do\u011frudan \u00e7ocuk edebiyat\u0131 sahas\u0131na girdiklerini ve bu alanda eserler yay\u0131mlamaya ba\u015flad\u0131klar\u0131n\u0131 s\u00f6yledi.<\/p>\n<p>Mert, 3 eser yay\u0131mland\u0131\u011f\u0131n\u0131 ve 15 kitab\u0131n daha s\u00fcre\u00e7te oldu\u011funu dile getirdi.<\/p>\n<p>TDK Ba\u015fkan\u0131 Mert, T\u00fcrk d\u00fcnyas\u0131n\u0131n birli\u011finin sadece siyasi ve ekonomik i\u015f birlikleriyle de\u011fil, as\u0131l olarak g\u00f6n\u00fcl ve dil birli\u011fiyle m\u00fcmk\u00fcn olaca\u011f\u0131n\u0131 ifade etti.<\/p>\n<\/p><\/div>\n","protected":false},"excerpt":{"rendered":"<p>T\u00fcrk D\u00fcnyas\u0131 \u00c7ocuk Edebiyat\u0131 \u00c7al\u0131\u015ftay\u0131, bug\u00fcn Atat\u00fcrk \u00d6\u011fretmen Akademisi\u2019nde ba\u015flad\u0131. \u0130ki g\u00fcn s\u00fcrecek \u00e7al\u0131\u015ftayda, T\u00fcrk d\u00fcnyas\u0131nda \u00e7ocuk edebiyat\u0131 ve gelece\u011fi irdelenecek. Ba\u015fbakan Yard\u0131mc\u0131l\u0131\u011f\u0131, Turizm, K\u00fclt\u00fcr, Gen\u00e7lik ve \u00c7evre Bakanl\u0131\u011f\u0131 K\u00fclt\u00fcr Dairesi, Milli E\u011fitim Bakanl\u0131\u011f\u0131 ile T\u00fcrk Dil Kurumu\u2019nun i\u015f birli\u011fi ve A\u00d6A\u2019n\u0131n katk\u0131lar\u0131yla bug\u00fcn ba\u015flayan ve yar\u0131n da devam edecek olan T\u00fcrk D\u00fcnyas\u0131 \u00c7ocuk Edebiyat\u0131<\/p>\n","protected":false},"author":1,"featured_media":110743,"comment_status":"open","ping_status":"open","sticky":false,"template":"","format":"standard","meta":{"footnotes":""},"categories":[81],"tags":[],"class_list":["post-110742","post","type-post","status-publish","format-standard","has-post-thumbnail","hentry","category-kibris"],"yoast_head":"<!-- This site is optimized with the Yoast SEO plugin v27.4 - https:\/\/yoast.com\/product\/yoast-seo-wordpress\/ -->\n<title>A\u00d6A\u2019DA 2 G\u00dcNL\u00dcK \u00c7OCUK EDEB\u0130YATI \u00c7ALI\u015eTAYI -<\/title>\n<meta name=\"robots\" content=\"index, follow, max-snippet:-1, max-image-preview:large, max-video-preview:-1\" \/>\n<link rel=\"canonical\" href=\"https:\/\/kibrisdakik.com\/?p=110742\" \/>\n<meta property=\"og:locale\" content=\"tr_TR\" \/>\n<meta property=\"og:type\" content=\"article\" \/>\n<meta property=\"og:title\" content=\"A\u00d6A\u2019DA 2 G\u00dcNL\u00dcK \u00c7OCUK EDEB\u0130YATI \u00c7ALI\u015eTAYI -\" \/>\n<meta property=\"og:description\" content=\"T\u00fcrk D\u00fcnyas\u0131 \u00c7ocuk Edebiyat\u0131 \u00c7al\u0131\u015ftay\u0131, bug\u00fcn Atat\u00fcrk \u00d6\u011fretmen Akademisi\u2019nde ba\u015flad\u0131. \u0130ki g\u00fcn s\u00fcrecek \u00e7al\u0131\u015ftayda, T\u00fcrk d\u00fcnyas\u0131nda \u00e7ocuk edebiyat\u0131 ve gelece\u011fi irdelenecek. Ba\u015fbakan Yard\u0131mc\u0131l\u0131\u011f\u0131, Turizm, K\u00fclt\u00fcr, Gen\u00e7lik ve \u00c7evre Bakanl\u0131\u011f\u0131 K\u00fclt\u00fcr Dairesi, Milli E\u011fitim Bakanl\u0131\u011f\u0131 ile T\u00fcrk Dil Kurumu\u2019nun i\u015f birli\u011fi ve A\u00d6A\u2019n\u0131n katk\u0131lar\u0131yla bug\u00fcn ba\u015flayan ve yar\u0131n da devam edecek olan T\u00fcrk D\u00fcnyas\u0131 \u00c7ocuk Edebiyat\u0131\" \/>\n<meta property=\"og:url\" content=\"https:\/\/kibrisdakik.com\/?p=110742\" \/>\n<meta property=\"article:published_time\" content=\"2026-04-20T09:49:22+00:00\" \/>\n<meta property=\"og:image\" content=\"https:\/\/mhahabercom.teimg.com\/crop\/1280x720\/mhahaber-com\/uploads\/2026\/04\/mha-sari-beyaz-4796.png\" \/>\n<meta name=\"author\" content=\"admin\" \/>\n<meta name=\"twitter:card\" content=\"summary_large_image\" \/>\n<meta name=\"twitter:label1\" content=\"Yazan:\" \/>\n\t<meta name=\"twitter:data1\" content=\"admin\" \/>\n\t<meta name=\"twitter:label2\" content=\"Tahmini okuma s\u00fcresi\" \/>\n\t<meta name=\"twitter:data2\" content=\"5 dakika\" \/>\n<script type=\"application\/ld+json\" class=\"yoast-schema-graph\">{\"@context\":\"https:\\\/\\\/schema.org\",\"@graph\":[{\"@type\":\"Article\",\"@id\":\"https:\\\/\\\/kibrisdakik.com\\\/?p=110742#article\",\"isPartOf\":{\"@id\":\"https:\\\/\\\/kibrisdakik.com\\\/?p=110742\"},\"author\":{\"name\":\"admin\",\"@id\":\"https:\\\/\\\/kibrisdakik.com\\\/#\\\/schema\\\/person\\\/9cd9d437bbb44f72b73ba127e06d8e79\"},\"headline\":\"A\u00d6A\u2019DA 2 G\u00dcNL\u00dcK \u00c7OCUK EDEB\u0130YATI \u00c7ALI\u015eTAYI\",\"datePublished\":\"2026-04-20T09:49:22+00:00\",\"mainEntityOfPage\":{\"@id\":\"https:\\\/\\\/kibrisdakik.com\\\/?p=110742\"},\"wordCount\":916,\"commentCount\":0,\"image\":{\"@id\":\"https:\\\/\\\/kibrisdakik.com\\\/?p=110742#primaryimage\"},\"thumbnailUrl\":\"https:\\\/\\\/kibrisdakik.com\\\/wp-content\\\/uploads\\\/2026\\\/04\\\/mha-sari-beyaz-4796.png\",\"articleSection\":[\"K\u0131br\u0131s\"],\"inLanguage\":\"tr\",\"potentialAction\":[{\"@type\":\"CommentAction\",\"name\":\"Comment\",\"target\":[\"https:\\\/\\\/kibrisdakik.com\\\/?p=110742#respond\"]}]},{\"@type\":\"WebPage\",\"@id\":\"https:\\\/\\\/kibrisdakik.com\\\/?p=110742\",\"url\":\"https:\\\/\\\/kibrisdakik.com\\\/?p=110742\",\"name\":\"A\u00d6A\u2019DA 2 G\u00dcNL\u00dcK \u00c7OCUK EDEB\u0130YATI \u00c7ALI\u015eTAYI -\",\"isPartOf\":{\"@id\":\"https:\\\/\\\/kibrisdakik.com\\\/#website\"},\"primaryImageOfPage\":{\"@id\":\"https:\\\/\\\/kibrisdakik.com\\\/?p=110742#primaryimage\"},\"image\":{\"@id\":\"https:\\\/\\\/kibrisdakik.com\\\/?p=110742#primaryimage\"},\"thumbnailUrl\":\"https:\\\/\\\/kibrisdakik.com\\\/wp-content\\\/uploads\\\/2026\\\/04\\\/mha-sari-beyaz-4796.png\",\"datePublished\":\"2026-04-20T09:49:22+00:00\",\"author\":{\"@id\":\"https:\\\/\\\/kibrisdakik.com\\\/#\\\/schema\\\/person\\\/9cd9d437bbb44f72b73ba127e06d8e79\"},\"breadcrumb\":{\"@id\":\"https:\\\/\\\/kibrisdakik.com\\\/?p=110742#breadcrumb\"},\"inLanguage\":\"tr\",\"potentialAction\":[{\"@type\":\"ReadAction\",\"target\":[\"https:\\\/\\\/kibrisdakik.com\\\/?p=110742\"]}]},{\"@type\":\"ImageObject\",\"inLanguage\":\"tr\",\"@id\":\"https:\\\/\\\/kibrisdakik.com\\\/?p=110742#primaryimage\",\"url\":\"https:\\\/\\\/kibrisdakik.com\\\/wp-content\\\/uploads\\\/2026\\\/04\\\/mha-sari-beyaz-4796.png\",\"contentUrl\":\"https:\\\/\\\/kibrisdakik.com\\\/wp-content\\\/uploads\\\/2026\\\/04\\\/mha-sari-beyaz-4796.png\",\"width\":1280,\"height\":720},{\"@type\":\"BreadcrumbList\",\"@id\":\"https:\\\/\\\/kibrisdakik.com\\\/?p=110742#breadcrumb\",\"itemListElement\":[{\"@type\":\"ListItem\",\"position\":1,\"name\":\"Home\",\"item\":\"https:\\\/\\\/kibrisdakik.com\\\/\"},{\"@type\":\"ListItem\",\"position\":2,\"name\":\"A\u00d6A\u2019DA 2 G\u00dcNL\u00dcK \u00c7OCUK EDEB\u0130YATI \u00c7ALI\u015eTAYI\"}]},{\"@type\":\"WebSite\",\"@id\":\"https:\\\/\\\/kibrisdakik.com\\\/#website\",\"url\":\"https:\\\/\\\/kibrisdakik.com\\\/\",\"name\":\"\",\"description\":\"Tam vaktinde haber\",\"potentialAction\":[{\"@type\":\"SearchAction\",\"target\":{\"@type\":\"EntryPoint\",\"urlTemplate\":\"https:\\\/\\\/kibrisdakik.com\\\/?s={search_term_string}\"},\"query-input\":{\"@type\":\"PropertyValueSpecification\",\"valueRequired\":true,\"valueName\":\"search_term_string\"}}],\"inLanguage\":\"tr\"},{\"@type\":\"Person\",\"@id\":\"https:\\\/\\\/kibrisdakik.com\\\/#\\\/schema\\\/person\\\/9cd9d437bbb44f72b73ba127e06d8e79\",\"name\":\"admin\",\"image\":{\"@type\":\"ImageObject\",\"inLanguage\":\"tr\",\"@id\":\"https:\\\/\\\/secure.gravatar.com\\\/avatar\\\/ccc17943b9d660506c869530f897617f7cb1c21a4bf30023f252596d83e1f007?s=96&d=mm&r=g\",\"url\":\"https:\\\/\\\/secure.gravatar.com\\\/avatar\\\/ccc17943b9d660506c869530f897617f7cb1c21a4bf30023f252596d83e1f007?s=96&d=mm&r=g\",\"contentUrl\":\"https:\\\/\\\/secure.gravatar.com\\\/avatar\\\/ccc17943b9d660506c869530f897617f7cb1c21a4bf30023f252596d83e1f007?s=96&d=mm&r=g\",\"caption\":\"admin\"},\"sameAs\":[\"https:\\\/\\\/kibrisdakik.com\"],\"url\":\"https:\\\/\\\/kibrisdakik.com\\\/?author=1\"}]}<\/script>\n<!-- \/ Yoast SEO plugin. -->","yoast_head_json":{"title":"A\u00d6A\u2019DA 2 G\u00dcNL\u00dcK \u00c7OCUK EDEB\u0130YATI \u00c7ALI\u015eTAYI -","robots":{"index":"index","follow":"follow","max-snippet":"max-snippet:-1","max-image-preview":"max-image-preview:large","max-video-preview":"max-video-preview:-1"},"canonical":"https:\/\/kibrisdakik.com\/?p=110742","og_locale":"tr_TR","og_type":"article","og_title":"A\u00d6A\u2019DA 2 G\u00dcNL\u00dcK \u00c7OCUK EDEB\u0130YATI \u00c7ALI\u015eTAYI -","og_description":"T\u00fcrk D\u00fcnyas\u0131 \u00c7ocuk Edebiyat\u0131 \u00c7al\u0131\u015ftay\u0131, bug\u00fcn Atat\u00fcrk \u00d6\u011fretmen Akademisi\u2019nde ba\u015flad\u0131. \u0130ki g\u00fcn s\u00fcrecek \u00e7al\u0131\u015ftayda, T\u00fcrk d\u00fcnyas\u0131nda \u00e7ocuk edebiyat\u0131 ve gelece\u011fi irdelenecek. Ba\u015fbakan Yard\u0131mc\u0131l\u0131\u011f\u0131, Turizm, K\u00fclt\u00fcr, Gen\u00e7lik ve \u00c7evre Bakanl\u0131\u011f\u0131 K\u00fclt\u00fcr Dairesi, Milli E\u011fitim Bakanl\u0131\u011f\u0131 ile T\u00fcrk Dil Kurumu\u2019nun i\u015f birli\u011fi ve A\u00d6A\u2019n\u0131n katk\u0131lar\u0131yla bug\u00fcn ba\u015flayan ve yar\u0131n da devam edecek olan T\u00fcrk D\u00fcnyas\u0131 \u00c7ocuk Edebiyat\u0131","og_url":"https:\/\/kibrisdakik.com\/?p=110742","article_published_time":"2026-04-20T09:49:22+00:00","og_image":[{"url":"https:\/\/mhahabercom.teimg.com\/crop\/1280x720\/mhahaber-com\/uploads\/2026\/04\/mha-sari-beyaz-4796.png","type":"","width":"","height":""}],"author":"admin","twitter_card":"summary_large_image","twitter_misc":{"Yazan:":"admin","Tahmini okuma s\u00fcresi":"5 dakika"},"schema":{"@context":"https:\/\/schema.org","@graph":[{"@type":"Article","@id":"https:\/\/kibrisdakik.com\/?p=110742#article","isPartOf":{"@id":"https:\/\/kibrisdakik.com\/?p=110742"},"author":{"name":"admin","@id":"https:\/\/kibrisdakik.com\/#\/schema\/person\/9cd9d437bbb44f72b73ba127e06d8e79"},"headline":"A\u00d6A\u2019DA 2 G\u00dcNL\u00dcK \u00c7OCUK EDEB\u0130YATI \u00c7ALI\u015eTAYI","datePublished":"2026-04-20T09:49:22+00:00","mainEntityOfPage":{"@id":"https:\/\/kibrisdakik.com\/?p=110742"},"wordCount":916,"commentCount":0,"image":{"@id":"https:\/\/kibrisdakik.com\/?p=110742#primaryimage"},"thumbnailUrl":"https:\/\/kibrisdakik.com\/wp-content\/uploads\/2026\/04\/mha-sari-beyaz-4796.png","articleSection":["K\u0131br\u0131s"],"inLanguage":"tr","potentialAction":[{"@type":"CommentAction","name":"Comment","target":["https:\/\/kibrisdakik.com\/?p=110742#respond"]}]},{"@type":"WebPage","@id":"https:\/\/kibrisdakik.com\/?p=110742","url":"https:\/\/kibrisdakik.com\/?p=110742","name":"A\u00d6A\u2019DA 2 G\u00dcNL\u00dcK \u00c7OCUK EDEB\u0130YATI \u00c7ALI\u015eTAYI -","isPartOf":{"@id":"https:\/\/kibrisdakik.com\/#website"},"primaryImageOfPage":{"@id":"https:\/\/kibrisdakik.com\/?p=110742#primaryimage"},"image":{"@id":"https:\/\/kibrisdakik.com\/?p=110742#primaryimage"},"thumbnailUrl":"https:\/\/kibrisdakik.com\/wp-content\/uploads\/2026\/04\/mha-sari-beyaz-4796.png","datePublished":"2026-04-20T09:49:22+00:00","author":{"@id":"https:\/\/kibrisdakik.com\/#\/schema\/person\/9cd9d437bbb44f72b73ba127e06d8e79"},"breadcrumb":{"@id":"https:\/\/kibrisdakik.com\/?p=110742#breadcrumb"},"inLanguage":"tr","potentialAction":[{"@type":"ReadAction","target":["https:\/\/kibrisdakik.com\/?p=110742"]}]},{"@type":"ImageObject","inLanguage":"tr","@id":"https:\/\/kibrisdakik.com\/?p=110742#primaryimage","url":"https:\/\/kibrisdakik.com\/wp-content\/uploads\/2026\/04\/mha-sari-beyaz-4796.png","contentUrl":"https:\/\/kibrisdakik.com\/wp-content\/uploads\/2026\/04\/mha-sari-beyaz-4796.png","width":1280,"height":720},{"@type":"BreadcrumbList","@id":"https:\/\/kibrisdakik.com\/?p=110742#breadcrumb","itemListElement":[{"@type":"ListItem","position":1,"name":"Home","item":"https:\/\/kibrisdakik.com\/"},{"@type":"ListItem","position":2,"name":"A\u00d6A\u2019DA 2 G\u00dcNL\u00dcK \u00c7OCUK EDEB\u0130YATI \u00c7ALI\u015eTAYI"}]},{"@type":"WebSite","@id":"https:\/\/kibrisdakik.com\/#website","url":"https:\/\/kibrisdakik.com\/","name":"","description":"Tam vaktinde haber","potentialAction":[{"@type":"SearchAction","target":{"@type":"EntryPoint","urlTemplate":"https:\/\/kibrisdakik.com\/?s={search_term_string}"},"query-input":{"@type":"PropertyValueSpecification","valueRequired":true,"valueName":"search_term_string"}}],"inLanguage":"tr"},{"@type":"Person","@id":"https:\/\/kibrisdakik.com\/#\/schema\/person\/9cd9d437bbb44f72b73ba127e06d8e79","name":"admin","image":{"@type":"ImageObject","inLanguage":"tr","@id":"https:\/\/secure.gravatar.com\/avatar\/ccc17943b9d660506c869530f897617f7cb1c21a4bf30023f252596d83e1f007?s=96&d=mm&r=g","url":"https:\/\/secure.gravatar.com\/avatar\/ccc17943b9d660506c869530f897617f7cb1c21a4bf30023f252596d83e1f007?s=96&d=mm&r=g","contentUrl":"https:\/\/secure.gravatar.com\/avatar\/ccc17943b9d660506c869530f897617f7cb1c21a4bf30023f252596d83e1f007?s=96&d=mm&r=g","caption":"admin"},"sameAs":["https:\/\/kibrisdakik.com"],"url":"https:\/\/kibrisdakik.com\/?author=1"}]}},"_links":{"self":[{"href":"https:\/\/kibrisdakik.com\/index.php?rest_route=\/wp\/v2\/posts\/110742","targetHints":{"allow":["GET"]}}],"collection":[{"href":"https:\/\/kibrisdakik.com\/index.php?rest_route=\/wp\/v2\/posts"}],"about":[{"href":"https:\/\/kibrisdakik.com\/index.php?rest_route=\/wp\/v2\/types\/post"}],"author":[{"embeddable":true,"href":"https:\/\/kibrisdakik.com\/index.php?rest_route=\/wp\/v2\/users\/1"}],"replies":[{"embeddable":true,"href":"https:\/\/kibrisdakik.com\/index.php?rest_route=%2Fwp%2Fv2%2Fcomments&post=110742"}],"version-history":[{"count":0,"href":"https:\/\/kibrisdakik.com\/index.php?rest_route=\/wp\/v2\/posts\/110742\/revisions"}],"wp:featuredmedia":[{"embeddable":true,"href":"https:\/\/kibrisdakik.com\/index.php?rest_route=\/wp\/v2\/media\/110743"}],"wp:attachment":[{"href":"https:\/\/kibrisdakik.com\/index.php?rest_route=%2Fwp%2Fv2%2Fmedia&parent=110742"}],"wp:term":[{"taxonomy":"category","embeddable":true,"href":"https:\/\/kibrisdakik.com\/index.php?rest_route=%2Fwp%2Fv2%2Fcategories&post=110742"},{"taxonomy":"post_tag","embeddable":true,"href":"https:\/\/kibrisdakik.com\/index.php?rest_route=%2Fwp%2Fv2%2Ftags&post=110742"}],"curies":[{"name":"wp","href":"https:\/\/api.w.org\/{rel}","templated":true}]}}