{"id":110756,"date":"2026-04-20T13:37:17","date_gmt":"2026-04-20T10:37:17","guid":{"rendered":"https:\/\/kibrisdakik.com\/?p=110756"},"modified":"2026-04-20T13:37:17","modified_gmt":"2026-04-20T10:37:17","slug":"sadikoglu-sivil-savunma-ile-gonul-bagimiz-var","status":"publish","type":"post","link":"https:\/\/kibrisdakik.com\/?p=110756","title":{"rendered":"SADIKO\u011eLU: \u201cS\u0130V\u0130L SAVUNMA \u0130LE G\u00d6N\u00dcL BA\u011eIMIZ VAR\u201d"},"content":{"rendered":"<div data-text-id=\"200250\" property=\"articleBody\">\n<p>Sivil Savunma Te\u015fkilat Ba\u015fkanl\u0131\u011f\u0131 \u0130skele B\u00f6lge M\u00fcd\u00fcrl\u00fc\u011f\u00fc g\u00f6revine atanan Mahmut Balc\u0131, \u0130skele Belediye Ba\u015fkan\u0131 Hasan Sad\u0131ko\u011flu\u2019na nezaket ziyaretinde bulundu. Ziyarette, Sivil Savunma Te\u015fkilat\u0131\u2019n\u0131n b\u00f6lgede y\u00fcr\u00fctt\u00fc\u011f\u00fc \u00e7al\u0131\u015fmalar ile kurumlar aras\u0131 koordinasyon ve i\u015f birli\u011finin g\u00fc\u00e7lendirilmesine y\u00f6nelik de\u011ferlendirmelerde bulunuldu.<\/p>\n<p><strong>\u0130skele Belediyesi ile Sivil Savunma Te\u015fkilat\u0131 aras\u0131nda i\u015f birli\u011fi s\u00fcr\u00fcyor<\/strong><\/p>\n<p>\u0130skele Belediyesi\u2019nin, belediye s\u0131n\u0131rlar\u0131ndaki kamu-kurum ve kurulu\u015flarla i\u015f birli\u011fi devam ediyor. Sivil Savunma Te\u015fkilat Ba\u015fkanl\u0131\u011f\u0131\u2019n\u0131n \u0130skele B\u00f6lge M\u00fcd\u00fcrl\u00fc\u011f\u00fcyle de s\u00fcrekli isti\u015fare i\u00e7erisinde olan \u0130skele Belediyesi, afet ve acil durumlara y\u00f6nelik haz\u0131rl\u0131k, koordinasyon ve ortak \u00e7al\u0131\u015fmalar\u0131n\u0131 kararl\u0131l\u0131kla s\u00fcrd\u00fcr\u00fcyor.<\/p>\n<p><\/p>\n<p><strong>Sad\u0131ko\u011flu: \u201cSivil Savunma ile g\u00f6n\u00fcl ba\u011f\u0131m\u0131z var\u201d<\/strong><\/p>\n<p>23 y\u0131l boyunca Sivil Savunma Te\u015fkilat Ba\u015fkanl\u0131\u011f\u0131\u2019nda arama kurtarma \u015fube m\u00fcd\u00fcrl\u00fc\u011f\u00fcnde g\u00f6rev ald\u0131ktan sonra 1 Nisan 2026 itibari ile \u0130skele B\u00f6lge M\u00fcd\u00fcrl\u00fc\u011f\u00fc g\u00f6revine atanan Mahmut Balc\u0131 da bu kapsamda \u0130skele Belediye Ba\u015fkan\u0131 Hasan Sad\u0131ko\u011flu\u2019nu makam\u0131nda ziyaret etti. Kabulde konu\u015fan \u0130skele Belediye Ba\u015fkan\u0131 Hasan Sad\u0131ko\u011flu, ya\u011fmur, sel ya da olumsuz bir durum d\u0131\u015f\u0131nda \u0130skele Belediyesi\u2019ne ait sosyal faaliyetlerde de Sivil Savunma Te\u015fkilat\u0131n\u0131n kendilerini yaln\u0131z b\u0131rakmad\u0131\u011f\u0131n\u0131 ifade etti. Yeni s\u00fcre\u00e7te de \u0130skele Belediyesi olarak Sivil Savunma Te\u015fkilat Ba\u015fkanl\u0131\u011f\u0131 ile g\u00f6n\u00fcl ba\u011flar\u0131n\u0131n devam edece\u011fini belirten Ba\u015fkan Sad\u0131ko\u011flu, yeni g\u00f6revine ba\u015flayan Balc\u0131\u2019ya ba\u015far\u0131 dileklerini iletti. \u0130skele Belediyesi ile Sivil Savunma Te\u015fkilat\u0131 aras\u0131ndaki i\u015f birli\u011finin \u00f6nemine vurgu yapt\u0131. G\u00f6r\u00fc\u015fmede ayr\u0131ca, afet ve acil durumlara y\u00f6nelik koordinasyon ve ortak \u00e7al\u0131\u015fmalar ele al\u0131nd\u0131. Belediyeye ait<\/p>\n<p>Mahmut Balc\u0131 ise kabul\u00fcnden dolay\u0131 Ba\u015fkan Sad\u0131ko\u011flu\u2019na te\u015fekk\u00fcr ederek, \u0130skele\u2019de kamu kurumlar\u0131yla i\u015f birli\u011fi i\u00e7erisinde \u00e7al\u0131\u015fmaya \u00f6nem vereceklerini ifade etti, \u0130skele il\u00e7esine, vatana, millete ve insana hizmet i\u00e7in devrald\u0131\u011f\u0131 bayra\u011f\u0131 ba\u015far\u0131yla s\u00fcrd\u00fcrece\u011fine inan\u00e7 belirtti.<\/p>\n<p>Ziyarette Balc\u0131\u2019ya, Sivil Savunma Te\u015fkilat Ba\u015fkanl\u0131\u011f\u0131 \u0130skele B\u00f6lge M\u00fcd\u00fcrl\u00fc\u011f\u00fc\u2019nden Kadir Ye\u011fen ile Ahmet Or\u00e7an da e\u015flik etti.<\/p>\n<\/p><\/div>\n","protected":false},"excerpt":{"rendered":"<p>Sivil Savunma Te\u015fkilat Ba\u015fkanl\u0131\u011f\u0131 \u0130skele B\u00f6lge M\u00fcd\u00fcrl\u00fc\u011f\u00fc g\u00f6revine atanan Mahmut Balc\u0131, \u0130skele Belediye Ba\u015fkan\u0131 Hasan Sad\u0131ko\u011flu\u2019na nezaket ziyaretinde bulundu. Ziyarette, Sivil Savunma Te\u015fkilat\u0131\u2019n\u0131n b\u00f6lgede y\u00fcr\u00fctt\u00fc\u011f\u00fc \u00e7al\u0131\u015fmalar ile kurumlar aras\u0131 koordinasyon ve i\u015f birli\u011finin g\u00fc\u00e7lendirilmesine y\u00f6nelik de\u011ferlendirmelerde bulunuldu. \u0130skele Belediyesi ile Sivil Savunma Te\u015fkilat\u0131 aras\u0131nda i\u015f birli\u011fi s\u00fcr\u00fcyor \u0130skele Belediyesi\u2019nin, belediye s\u0131n\u0131rlar\u0131ndaki kamu-kurum ve kurulu\u015flarla i\u015f<\/p>\n","protected":false},"author":1,"featured_media":110757,"comment_status":"open","ping_status":"open","sticky":false,"template":"","format":"standard","meta":{"footnotes":""},"categories":[81],"tags":[],"class_list":["post-110756","post","type-post","status-publish","format-standard","has-post-thumbnail","hentry","category-kibris"],"yoast_head":"<!-- This site is optimized with the Yoast SEO plugin v27.4 - https:\/\/yoast.com\/product\/yoast-seo-wordpress\/ -->\n<title>SADIKO\u011eLU: \u201cS\u0130V\u0130L SAVUNMA \u0130LE G\u00d6N\u00dcL BA\u011eIMIZ VAR\u201d -<\/title>\n<meta name=\"robots\" content=\"index, follow, max-snippet:-1, max-image-preview:large, max-video-preview:-1\" \/>\n<link rel=\"canonical\" href=\"https:\/\/kibrisdakik.com\/?p=110756\" \/>\n<meta property=\"og:locale\" content=\"tr_TR\" \/>\n<meta property=\"og:type\" content=\"article\" \/>\n<meta property=\"og:title\" content=\"SADIKO\u011eLU: \u201cS\u0130V\u0130L SAVUNMA \u0130LE G\u00d6N\u00dcL BA\u011eIMIZ VAR\u201d -\" \/>\n<meta property=\"og:description\" content=\"Sivil Savunma Te\u015fkilat Ba\u015fkanl\u0131\u011f\u0131 \u0130skele B\u00f6lge M\u00fcd\u00fcrl\u00fc\u011f\u00fc g\u00f6revine atanan Mahmut Balc\u0131, \u0130skele Belediye Ba\u015fkan\u0131 Hasan Sad\u0131ko\u011flu\u2019na nezaket ziyaretinde bulundu. Ziyarette, Sivil Savunma Te\u015fkilat\u0131\u2019n\u0131n b\u00f6lgede y\u00fcr\u00fctt\u00fc\u011f\u00fc \u00e7al\u0131\u015fmalar ile kurumlar aras\u0131 koordinasyon ve i\u015f birli\u011finin g\u00fc\u00e7lendirilmesine y\u00f6nelik de\u011ferlendirmelerde bulunuldu. \u0130skele Belediyesi ile Sivil Savunma Te\u015fkilat\u0131 aras\u0131nda i\u015f birli\u011fi s\u00fcr\u00fcyor \u0130skele Belediyesi\u2019nin, belediye s\u0131n\u0131rlar\u0131ndaki kamu-kurum ve kurulu\u015flarla i\u015f\" \/>\n<meta property=\"og:url\" content=\"https:\/\/kibrisdakik.com\/?p=110756\" \/>\n<meta property=\"article:published_time\" content=\"2026-04-20T10:37:17+00:00\" \/>\n<meta property=\"og:image\" content=\"https:\/\/mhahabercom.teimg.com\/mhahaber-com\/uploads\/2026\/04\/photo-2026-04-20-13-26-53-2.jpg\" \/>\n<meta name=\"author\" content=\"admin\" \/>\n<meta name=\"twitter:card\" content=\"summary_large_image\" \/>\n<meta name=\"twitter:label1\" content=\"Yazan:\" \/>\n\t<meta name=\"twitter:data1\" content=\"admin\" \/>\n\t<meta name=\"twitter:label2\" content=\"Tahmini okuma s\u00fcresi\" \/>\n\t<meta name=\"twitter:data2\" content=\"2 dakika\" \/>\n<script type=\"application\/ld+json\" class=\"yoast-schema-graph\">{\"@context\":\"https:\\\/\\\/schema.org\",\"@graph\":[{\"@type\":\"Article\",\"@id\":\"https:\\\/\\\/kibrisdakik.com\\\/?p=110756#article\",\"isPartOf\":{\"@id\":\"https:\\\/\\\/kibrisdakik.com\\\/?p=110756\"},\"author\":{\"name\":\"admin\",\"@id\":\"https:\\\/\\\/kibrisdakik.com\\\/#\\\/schema\\\/person\\\/9cd9d437bbb44f72b73ba127e06d8e79\"},\"headline\":\"SADIKO\u011eLU: \u201cS\u0130V\u0130L SAVUNMA \u0130LE G\u00d6N\u00dcL BA\u011eIMIZ VAR\u201d\",\"datePublished\":\"2026-04-20T10:37:17+00:00\",\"mainEntityOfPage\":{\"@id\":\"https:\\\/\\\/kibrisdakik.com\\\/?p=110756\"},\"wordCount\":415,\"commentCount\":0,\"image\":{\"@id\":\"https:\\\/\\\/kibrisdakik.com\\\/?p=110756#primaryimage\"},\"thumbnailUrl\":\"https:\\\/\\\/kibrisdakik.com\\\/wp-content\\\/uploads\\\/2026\\\/04\\\/mha-sari-beyaz-4803.png\",\"articleSection\":[\"K\u0131br\u0131s\"],\"inLanguage\":\"tr\",\"potentialAction\":[{\"@type\":\"CommentAction\",\"name\":\"Comment\",\"target\":[\"https:\\\/\\\/kibrisdakik.com\\\/?p=110756#respond\"]}]},{\"@type\":\"WebPage\",\"@id\":\"https:\\\/\\\/kibrisdakik.com\\\/?p=110756\",\"url\":\"https:\\\/\\\/kibrisdakik.com\\\/?p=110756\",\"name\":\"SADIKO\u011eLU: \u201cS\u0130V\u0130L SAVUNMA \u0130LE G\u00d6N\u00dcL BA\u011eIMIZ VAR\u201d -\",\"isPartOf\":{\"@id\":\"https:\\\/\\\/kibrisdakik.com\\\/#website\"},\"primaryImageOfPage\":{\"@id\":\"https:\\\/\\\/kibrisdakik.com\\\/?p=110756#primaryimage\"},\"image\":{\"@id\":\"https:\\\/\\\/kibrisdakik.com\\\/?p=110756#primaryimage\"},\"thumbnailUrl\":\"https:\\\/\\\/kibrisdakik.com\\\/wp-content\\\/uploads\\\/2026\\\/04\\\/mha-sari-beyaz-4803.png\",\"datePublished\":\"2026-04-20T10:37:17+00:00\",\"author\":{\"@id\":\"https:\\\/\\\/kibrisdakik.com\\\/#\\\/schema\\\/person\\\/9cd9d437bbb44f72b73ba127e06d8e79\"},\"breadcrumb\":{\"@id\":\"https:\\\/\\\/kibrisdakik.com\\\/?p=110756#breadcrumb\"},\"inLanguage\":\"tr\",\"potentialAction\":[{\"@type\":\"ReadAction\",\"target\":[\"https:\\\/\\\/kibrisdakik.com\\\/?p=110756\"]}]},{\"@type\":\"ImageObject\",\"inLanguage\":\"tr\",\"@id\":\"https:\\\/\\\/kibrisdakik.com\\\/?p=110756#primaryimage\",\"url\":\"https:\\\/\\\/kibrisdakik.com\\\/wp-content\\\/uploads\\\/2026\\\/04\\\/mha-sari-beyaz-4803.png\",\"contentUrl\":\"https:\\\/\\\/kibrisdakik.com\\\/wp-content\\\/uploads\\\/2026\\\/04\\\/mha-sari-beyaz-4803.png\",\"width\":1280,\"height\":720},{\"@type\":\"BreadcrumbList\",\"@id\":\"https:\\\/\\\/kibrisdakik.com\\\/?p=110756#breadcrumb\",\"itemListElement\":[{\"@type\":\"ListItem\",\"position\":1,\"name\":\"Home\",\"item\":\"https:\\\/\\\/kibrisdakik.com\\\/\"},{\"@type\":\"ListItem\",\"position\":2,\"name\":\"SADIKO\u011eLU: \u201cS\u0130V\u0130L SAVUNMA \u0130LE G\u00d6N\u00dcL BA\u011eIMIZ VAR\u201d\"}]},{\"@type\":\"WebSite\",\"@id\":\"https:\\\/\\\/kibrisdakik.com\\\/#website\",\"url\":\"https:\\\/\\\/kibrisdakik.com\\\/\",\"name\":\"\",\"description\":\"Tam vaktinde haber\",\"potentialAction\":[{\"@type\":\"SearchAction\",\"target\":{\"@type\":\"EntryPoint\",\"urlTemplate\":\"https:\\\/\\\/kibrisdakik.com\\\/?s={search_term_string}\"},\"query-input\":{\"@type\":\"PropertyValueSpecification\",\"valueRequired\":true,\"valueName\":\"search_term_string\"}}],\"inLanguage\":\"tr\"},{\"@type\":\"Person\",\"@id\":\"https:\\\/\\\/kibrisdakik.com\\\/#\\\/schema\\\/person\\\/9cd9d437bbb44f72b73ba127e06d8e79\",\"name\":\"admin\",\"image\":{\"@type\":\"ImageObject\",\"inLanguage\":\"tr\",\"@id\":\"https:\\\/\\\/secure.gravatar.com\\\/avatar\\\/ccc17943b9d660506c869530f897617f7cb1c21a4bf30023f252596d83e1f007?s=96&d=mm&r=g\",\"url\":\"https:\\\/\\\/secure.gravatar.com\\\/avatar\\\/ccc17943b9d660506c869530f897617f7cb1c21a4bf30023f252596d83e1f007?s=96&d=mm&r=g\",\"contentUrl\":\"https:\\\/\\\/secure.gravatar.com\\\/avatar\\\/ccc17943b9d660506c869530f897617f7cb1c21a4bf30023f252596d83e1f007?s=96&d=mm&r=g\",\"caption\":\"admin\"},\"sameAs\":[\"https:\\\/\\\/kibrisdakik.com\"],\"url\":\"https:\\\/\\\/kibrisdakik.com\\\/?author=1\"}]}<\/script>\n<!-- \/ Yoast SEO plugin. -->","yoast_head_json":{"title":"SADIKO\u011eLU: \u201cS\u0130V\u0130L SAVUNMA \u0130LE G\u00d6N\u00dcL BA\u011eIMIZ VAR\u201d -","robots":{"index":"index","follow":"follow","max-snippet":"max-snippet:-1","max-image-preview":"max-image-preview:large","max-video-preview":"max-video-preview:-1"},"canonical":"https:\/\/kibrisdakik.com\/?p=110756","og_locale":"tr_TR","og_type":"article","og_title":"SADIKO\u011eLU: \u201cS\u0130V\u0130L SAVUNMA \u0130LE G\u00d6N\u00dcL BA\u011eIMIZ VAR\u201d -","og_description":"Sivil Savunma Te\u015fkilat Ba\u015fkanl\u0131\u011f\u0131 \u0130skele B\u00f6lge M\u00fcd\u00fcrl\u00fc\u011f\u00fc g\u00f6revine atanan Mahmut Balc\u0131, \u0130skele Belediye Ba\u015fkan\u0131 Hasan Sad\u0131ko\u011flu\u2019na nezaket ziyaretinde bulundu. Ziyarette, Sivil Savunma Te\u015fkilat\u0131\u2019n\u0131n b\u00f6lgede y\u00fcr\u00fctt\u00fc\u011f\u00fc \u00e7al\u0131\u015fmalar ile kurumlar aras\u0131 koordinasyon ve i\u015f birli\u011finin g\u00fc\u00e7lendirilmesine y\u00f6nelik de\u011ferlendirmelerde bulunuldu. \u0130skele Belediyesi ile Sivil Savunma Te\u015fkilat\u0131 aras\u0131nda i\u015f birli\u011fi s\u00fcr\u00fcyor \u0130skele Belediyesi\u2019nin, belediye s\u0131n\u0131rlar\u0131ndaki kamu-kurum ve kurulu\u015flarla i\u015f","og_url":"https:\/\/kibrisdakik.com\/?p=110756","article_published_time":"2026-04-20T10:37:17+00:00","og_image":[{"url":"https:\/\/mhahabercom.teimg.com\/mhahaber-com\/uploads\/2026\/04\/photo-2026-04-20-13-26-53-2.jpg","type":"","width":"","height":""}],"author":"admin","twitter_card":"summary_large_image","twitter_misc":{"Yazan:":"admin","Tahmini okuma s\u00fcresi":"2 dakika"},"schema":{"@context":"https:\/\/schema.org","@graph":[{"@type":"Article","@id":"https:\/\/kibrisdakik.com\/?p=110756#article","isPartOf":{"@id":"https:\/\/kibrisdakik.com\/?p=110756"},"author":{"name":"admin","@id":"https:\/\/kibrisdakik.com\/#\/schema\/person\/9cd9d437bbb44f72b73ba127e06d8e79"},"headline":"SADIKO\u011eLU: \u201cS\u0130V\u0130L SAVUNMA \u0130LE G\u00d6N\u00dcL BA\u011eIMIZ VAR\u201d","datePublished":"2026-04-20T10:37:17+00:00","mainEntityOfPage":{"@id":"https:\/\/kibrisdakik.com\/?p=110756"},"wordCount":415,"commentCount":0,"image":{"@id":"https:\/\/kibrisdakik.com\/?p=110756#primaryimage"},"thumbnailUrl":"https:\/\/kibrisdakik.com\/wp-content\/uploads\/2026\/04\/mha-sari-beyaz-4803.png","articleSection":["K\u0131br\u0131s"],"inLanguage":"tr","potentialAction":[{"@type":"CommentAction","name":"Comment","target":["https:\/\/kibrisdakik.com\/?p=110756#respond"]}]},{"@type":"WebPage","@id":"https:\/\/kibrisdakik.com\/?p=110756","url":"https:\/\/kibrisdakik.com\/?p=110756","name":"SADIKO\u011eLU: \u201cS\u0130V\u0130L SAVUNMA \u0130LE G\u00d6N\u00dcL BA\u011eIMIZ VAR\u201d -","isPartOf":{"@id":"https:\/\/kibrisdakik.com\/#website"},"primaryImageOfPage":{"@id":"https:\/\/kibrisdakik.com\/?p=110756#primaryimage"},"image":{"@id":"https:\/\/kibrisdakik.com\/?p=110756#primaryimage"},"thumbnailUrl":"https:\/\/kibrisdakik.com\/wp-content\/uploads\/2026\/04\/mha-sari-beyaz-4803.png","datePublished":"2026-04-20T10:37:17+00:00","author":{"@id":"https:\/\/kibrisdakik.com\/#\/schema\/person\/9cd9d437bbb44f72b73ba127e06d8e79"},"breadcrumb":{"@id":"https:\/\/kibrisdakik.com\/?p=110756#breadcrumb"},"inLanguage":"tr","potentialAction":[{"@type":"ReadAction","target":["https:\/\/kibrisdakik.com\/?p=110756"]}]},{"@type":"ImageObject","inLanguage":"tr","@id":"https:\/\/kibrisdakik.com\/?p=110756#primaryimage","url":"https:\/\/kibrisdakik.com\/wp-content\/uploads\/2026\/04\/mha-sari-beyaz-4803.png","contentUrl":"https:\/\/kibrisdakik.com\/wp-content\/uploads\/2026\/04\/mha-sari-beyaz-4803.png","width":1280,"height":720},{"@type":"BreadcrumbList","@id":"https:\/\/kibrisdakik.com\/?p=110756#breadcrumb","itemListElement":[{"@type":"ListItem","position":1,"name":"Home","item":"https:\/\/kibrisdakik.com\/"},{"@type":"ListItem","position":2,"name":"SADIKO\u011eLU: \u201cS\u0130V\u0130L SAVUNMA \u0130LE G\u00d6N\u00dcL BA\u011eIMIZ VAR\u201d"}]},{"@type":"WebSite","@id":"https:\/\/kibrisdakik.com\/#website","url":"https:\/\/kibrisdakik.com\/","name":"","description":"Tam vaktinde haber","potentialAction":[{"@type":"SearchAction","target":{"@type":"EntryPoint","urlTemplate":"https:\/\/kibrisdakik.com\/?s={search_term_string}"},"query-input":{"@type":"PropertyValueSpecification","valueRequired":true,"valueName":"search_term_string"}}],"inLanguage":"tr"},{"@type":"Person","@id":"https:\/\/kibrisdakik.com\/#\/schema\/person\/9cd9d437bbb44f72b73ba127e06d8e79","name":"admin","image":{"@type":"ImageObject","inLanguage":"tr","@id":"https:\/\/secure.gravatar.com\/avatar\/ccc17943b9d660506c869530f897617f7cb1c21a4bf30023f252596d83e1f007?s=96&d=mm&r=g","url":"https:\/\/secure.gravatar.com\/avatar\/ccc17943b9d660506c869530f897617f7cb1c21a4bf30023f252596d83e1f007?s=96&d=mm&r=g","contentUrl":"https:\/\/secure.gravatar.com\/avatar\/ccc17943b9d660506c869530f897617f7cb1c21a4bf30023f252596d83e1f007?s=96&d=mm&r=g","caption":"admin"},"sameAs":["https:\/\/kibrisdakik.com"],"url":"https:\/\/kibrisdakik.com\/?author=1"}]}},"_links":{"self":[{"href":"https:\/\/kibrisdakik.com\/index.php?rest_route=\/wp\/v2\/posts\/110756","targetHints":{"allow":["GET"]}}],"collection":[{"href":"https:\/\/kibrisdakik.com\/index.php?rest_route=\/wp\/v2\/posts"}],"about":[{"href":"https:\/\/kibrisdakik.com\/index.php?rest_route=\/wp\/v2\/types\/post"}],"author":[{"embeddable":true,"href":"https:\/\/kibrisdakik.com\/index.php?rest_route=\/wp\/v2\/users\/1"}],"replies":[{"embeddable":true,"href":"https:\/\/kibrisdakik.com\/index.php?rest_route=%2Fwp%2Fv2%2Fcomments&post=110756"}],"version-history":[{"count":0,"href":"https:\/\/kibrisdakik.com\/index.php?rest_route=\/wp\/v2\/posts\/110756\/revisions"}],"wp:featuredmedia":[{"embeddable":true,"href":"https:\/\/kibrisdakik.com\/index.php?rest_route=\/wp\/v2\/media\/110757"}],"wp:attachment":[{"href":"https:\/\/kibrisdakik.com\/index.php?rest_route=%2Fwp%2Fv2%2Fmedia&parent=110756"}],"wp:term":[{"taxonomy":"category","embeddable":true,"href":"https:\/\/kibrisdakik.com\/index.php?rest_route=%2Fwp%2Fv2%2Fcategories&post=110756"},{"taxonomy":"post_tag","embeddable":true,"href":"https:\/\/kibrisdakik.com\/index.php?rest_route=%2Fwp%2Fv2%2Ftags&post=110756"}],"curies":[{"name":"wp","href":"https:\/\/api.w.org\/{rel}","templated":true}]}}