{"id":110776,"date":"2026-04-20T15:13:42","date_gmt":"2026-04-20T12:13:42","guid":{"rendered":"https:\/\/kibrisdakik.com\/?p=110776"},"modified":"2026-04-20T15:13:42","modified_gmt":"2026-04-20T12:13:42","slug":"sendikacilar-meclisteydi","status":"publish","type":"post","link":"https:\/\/kibrisdakik.com\/?p=110776","title":{"rendered":"SEND\u0130KACILAR MECL\u0130S&#039;TEYD\u0130"},"content":{"rendered":"<p><\/p>\n<p>K\u0131br\u0131s T\u00fcrk \u0130\u015f\u00e7i Sendikalar\u0131 Federasyonu (T\u00fcrk-Sen) Genel Ba\u015fkan\u0131 Arslan B\u0131\u00e7akl\u0131, hayat pahal\u0131l\u0131\u011f\u0131 \u00f6dene\u011fini d\u00fczenleyen yasa tasar\u0131s\u0131n\u0131n Meclis alt komitesine \u00e7ekilmesine ili\u015fkin karar hakk\u0131nda, \u201cBizim istedi\u011fimiz nokta da buydu\u201d dedi.<\/p>\n<p>Kamuda \u00f6rg\u00fctl\u00fc sendikalar, Meclis\u2019te bas\u0131na a\u00e7\u0131klamas\u0131nda bulundu.<\/p>\n<\/p>\n<p>-B\u0131\u00e7akl\u0131<\/p>\n<p>Sendikalar ad\u0131na konu\u015fan T\u00fcrk-Sen Ba\u015fkan\u0131 Arslan B\u0131\u00e7akl\u0131, h\u00fck\u00fcmet temsilcilerinin, s\u00f6z konusu yasa tasar\u0131s\u0131na ili\u015fkin al\u0131nan karar\u0131 duyurmak i\u00e7in sendika yetkililerini toplant\u0131ya davet etti\u011fini belirtti.<\/p>\n<p>Yasa tasar\u0131s\u0131n\u0131n komiteye geri \u00e7ekilece\u011finin kendilerine aktar\u0131ld\u0131\u011f\u0131n\u0131 dile getiren B\u0131\u00e7akl\u0131, \u015f\u00f6yle konu\u015ftu:<\/p>\n<p>\u201cS\u00fcre\u00e7 i\u00e7erisinde yasa \u00fczerinde yeni bir \u015fekillendirme olmas\u0131 i\u00e7in bizimle zaman zaman g\u00f6r\u00fc\u015fmelerine devam edecekler. Bizimle uzla\u015f\u0131 sa\u011flad\u0131ktan sonra bu yasa \u00fczerinde yeni \u015fekillendirme yapacaklar diye beyan ettiler.\u201d<\/p>\n<p>-\u201cBizim istedi\u011fimiz nokta da buydu\u201d<\/p>\n<p>Sendikalar\u0131n istedi\u011fi noktan\u0131n bu oldu\u011funu kaydeden B\u0131\u00e7akl\u0131, \u201cYasa \u00e7ekilir, komiteye gelir. S\u00fcreci bekleriz. Muhtemelen haziran ay\u0131na kadar bu g\u00f6r\u00fc\u015fmeler devam edebilir. Haziran\u2019da hayat pahal\u0131l\u0131\u011f\u0131 noktas\u0131 da g\u00f6r\u00fcl\u00fcr ve ne yap\u0131laca\u011f\u0131 konusunda birlikte m\u00fczakere edilebilir.\u201d dedi.<\/p>\n<p>-\u201cHayat pahal\u0131l\u0131\u011f\u0131 \u00f6dene\u011fi bir art\u0131\u015f de\u011fildir\u201d<\/p>\n<p>\u00d6te yandan konunun yaln\u0131zca hayat pahal\u0131l\u0131\u011f\u0131 meselesi olmad\u0131\u011f\u0131n\u0131 ifade eden B\u0131\u00e7akl\u0131, hayat pahal\u0131l\u0131\u011f\u0131 \u00f6dene\u011finin bir art\u0131\u015f olmad\u0131\u011f\u0131n\u0131 s\u00f6yledi.<\/p>\n<p>Devletin a\u00e7\u0131klad\u0131\u011f\u0131 hayat pahal\u0131\u011f\u0131n\u0131n, \u00e7al\u0131\u015fanlar\u0131n al\u0131m g\u00fcc\u00fcn\u00fcn d\u00fc\u015ft\u00fc\u011f\u00fc anlam\u0131na geldi\u011fini belirten B\u0131\u00e7akl\u0131, \u201cBunu yerine koymak i\u00e7in \u00f6denen bir sistemdir hayat pahal\u0131l\u0131\u011f\u0131 \u00f6dene\u011fi, ayr\u0131ca bir art\u0131\u015f de\u011fildir\u201d dedi.<\/p>\n<p>Yaln\u0131zca hayat pahal\u0131l\u0131\u011f\u0131n\u0131 konu\u015fmak ve tart\u0131\u015fman\u0131n do\u011fru olmad\u0131\u011f\u0131n\u0131, bunu h\u00fck\u00fcmet yetkililerine s\u00f6ylediklerini belirten B\u0131\u00e7akl\u0131, devletin gelirlerini art\u0131r\u0131c\u0131, giderlerini azalt\u0131c\u0131 al\u0131nmas\u0131 gereken tedbirler oldu\u011funu ve bunlar\u0131n da konu\u015fulmas\u0131 tart\u0131\u015f\u0131lmas\u0131 gerekti\u011fini kaydetti.<\/p>\n<p>T\u00fcrk-Sen Ba\u015fkan\u0131 B\u0131\u00e7akl\u0131, hayat pahal\u0131l\u0131\u011f\u0131 \u00f6dene\u011fi konusundaki g\u00f6r\u00fc\u015flerini komitede g\u00fcn\u00fc geldi\u011finde yaz\u0131l\u0131 ve s\u00f6zl\u00fc olarak ileteceklerini s\u00f6yledi.<\/p>\n<p>Ba\u015fta \u00fcyeler olmak \u00fczere halka te\u015fekk\u00fcr eden B\u0131\u00e7akl\u0131, \u015funlar\u0131 kaydetti:<\/p>\n<p>\u201c\u00c7ok onurlu bir m\u00fccadele verildi 15 g\u00fcnd\u00fcr, dik duruldu\u2026 Halka ra\u011fmen bir \u015fey olmaz arkada\u015flar. H\u00fck\u00fcmetler, siyasiler halk i\u00e7in vard\u0131r. Ben \u00f6yle bilirim. Halka ra\u011fmen zorlamak do\u011fru bir hareket de\u011fildir. Bu da bize bir daha g\u00f6stermi\u015ftir ki, halk\u0131m\u0131z, \u00fcyelerimiz ve insan\u0131m\u0131z hakl\u0131 oldu\u011fu konularda dik durdu\u011fu, Anayasal ve yasal haklar\u0131n\u0131 kulland\u0131\u011f\u0131 s\u00fcrece sonu\u00e7 al\u0131nabilir.\u201d<\/p>\n<p>Bas\u0131n emek\u00e7ilerinin de \u00fcyelerin ve halk\u0131n sesi oldu\u011funu kaydeden B\u0131\u00e7akl\u0131, \u201cSizin hakk\u0131n\u0131z da \u00f6denmez. Hepinize te\u015fekk\u00fcr ederim\u201d dedi.<\/p>\n<p>Bir soruya kar\u015f\u0131l\u0131k B\u0131\u00e7akl\u0131, \u201cHayat pahal\u0131l\u0131\u011f\u0131 meselesi bana sorarsan\u0131z tart\u0131\u015fma konusu de\u011fildir. Hayat\u0131 pahal\u0131 etme, \u00f6dene\u011fini de verme\u201d ifadesini kulland\u0131.<\/p>\n<div id=\"ad_121\" data-channel=\"121\" data-advert=\"temedya\" data-rotation=\"120\" class=\"mb-3 text-center\"><\/div>\n<div id=\"ad_121_mobile\" data-channel=\"121\" data-advert=\"temedya\" data-rotation=\"120\" class=\"mb-3 text-center\"><\/div>\n<p>-\u201cErken se\u00e7imi konu\u015fmad\u0131k\u201d<\/p>\n<p>Ba\u015fka bir soru \u00fczerine B\u0131\u00e7akl\u0131, h\u00fck\u00fcmet yetkilileriyle, erken se\u00e7imle ilgili bir \u015fey konu\u015fmad\u0131klar\u0131n\u0131 s\u00f6yledi.<\/p>\n<p>Meclis\u2019teki eylemlerle ilgili bir\u00e7ok ki\u015fiye dava okunmas\u0131n\u0131n hat\u0131rlat\u0131lmas\u0131 \u00fczerine B\u0131\u00e7akl\u0131, \u201cDava konusu farkl\u0131 ve polisin s\u00fcrd\u00fcrd\u00fc\u011f\u00fc bir s\u00fcre\u00e7tir. O ayr\u0131 meseledir, bu toplant\u0131n\u0131n konusu de\u011fildir\u201d \u015feklinde konu\u015ftu.<\/p>\n<\/p>\n<div class=\"article-source py-3 small \">\n                <\/div>\n","protected":false},"excerpt":{"rendered":"<p>K\u0131br\u0131s T\u00fcrk \u0130\u015f\u00e7i Sendikalar\u0131 Federasyonu (T\u00fcrk-Sen) Genel Ba\u015fkan\u0131 Arslan B\u0131\u00e7akl\u0131, hayat pahal\u0131l\u0131\u011f\u0131 \u00f6dene\u011fini d\u00fczenleyen yasa tasar\u0131s\u0131n\u0131n Meclis alt komitesine \u00e7ekilmesine ili\u015fkin karar hakk\u0131nda, \u201cBizim istedi\u011fimiz nokta da buydu\u201d dedi. Kamuda \u00f6rg\u00fctl\u00fc sendikalar, Meclis\u2019te bas\u0131na a\u00e7\u0131klamas\u0131nda bulundu. -B\u0131\u00e7akl\u0131 Sendikalar ad\u0131na konu\u015fan T\u00fcrk-Sen Ba\u015fkan\u0131 Arslan B\u0131\u00e7akl\u0131, h\u00fck\u00fcmet temsilcilerinin, s\u00f6z konusu yasa tasar\u0131s\u0131na ili\u015fkin al\u0131nan karar\u0131 duyurmak i\u00e7in<\/p>\n","protected":false},"author":1,"featured_media":110777,"comment_status":"open","ping_status":"open","sticky":false,"template":"","format":"standard","meta":{"footnotes":""},"categories":[81],"tags":[],"class_list":["post-110776","post","type-post","status-publish","format-standard","has-post-thumbnail","hentry","category-kibris"],"yoast_head":"<!-- This site is optimized with the Yoast SEO plugin v27.4 - https:\/\/yoast.com\/product\/yoast-seo-wordpress\/ -->\n<title>SEND\u0130KACILAR MECL\u0130S&#039;TEYD\u0130 -<\/title>\n<meta name=\"robots\" content=\"index, follow, max-snippet:-1, max-image-preview:large, max-video-preview:-1\" \/>\n<link rel=\"canonical\" href=\"https:\/\/kibrisdakik.com\/?p=110776\" \/>\n<meta property=\"og:locale\" content=\"tr_TR\" \/>\n<meta property=\"og:type\" content=\"article\" \/>\n<meta property=\"og:title\" content=\"SEND\u0130KACILAR MECL\u0130S&#039;TEYD\u0130 -\" \/>\n<meta property=\"og:description\" content=\"K\u0131br\u0131s T\u00fcrk \u0130\u015f\u00e7i Sendikalar\u0131 Federasyonu (T\u00fcrk-Sen) Genel Ba\u015fkan\u0131 Arslan B\u0131\u00e7akl\u0131, hayat pahal\u0131l\u0131\u011f\u0131 \u00f6dene\u011fini d\u00fczenleyen yasa tasar\u0131s\u0131n\u0131n Meclis alt komitesine \u00e7ekilmesine ili\u015fkin karar hakk\u0131nda, \u201cBizim istedi\u011fimiz nokta da buydu\u201d dedi. Kamuda \u00f6rg\u00fctl\u00fc sendikalar, Meclis\u2019te bas\u0131na a\u00e7\u0131klamas\u0131nda bulundu. -B\u0131\u00e7akl\u0131 Sendikalar ad\u0131na konu\u015fan T\u00fcrk-Sen Ba\u015fkan\u0131 Arslan B\u0131\u00e7akl\u0131, h\u00fck\u00fcmet temsilcilerinin, s\u00f6z konusu yasa tasar\u0131s\u0131na ili\u015fkin al\u0131nan karar\u0131 duyurmak i\u00e7in\" \/>\n<meta property=\"og:url\" content=\"https:\/\/kibrisdakik.com\/?p=110776\" \/>\n<meta property=\"article:published_time\" content=\"2026-04-20T12:13:42+00:00\" \/>\n<meta property=\"og:image\" content=\"https:\/\/mhahabercom.teimg.com\/crop\/1280x720\/mhahaber-com\/uploads\/2026\/04\/mha-sari-beyaz-4814.png\" \/>\n<meta name=\"author\" content=\"admin\" \/>\n<meta name=\"twitter:card\" content=\"summary_large_image\" \/>\n<meta name=\"twitter:label1\" content=\"Yazan:\" \/>\n\t<meta name=\"twitter:data1\" content=\"admin\" \/>\n\t<meta name=\"twitter:label2\" content=\"Tahmini okuma s\u00fcresi\" \/>\n\t<meta name=\"twitter:data2\" content=\"3 dakika\" \/>\n<script type=\"application\/ld+json\" class=\"yoast-schema-graph\">{\"@context\":\"https:\\\/\\\/schema.org\",\"@graph\":[{\"@type\":\"Article\",\"@id\":\"https:\\\/\\\/kibrisdakik.com\\\/?p=110776#article\",\"isPartOf\":{\"@id\":\"https:\\\/\\\/kibrisdakik.com\\\/?p=110776\"},\"author\":{\"name\":\"admin\",\"@id\":\"https:\\\/\\\/kibrisdakik.com\\\/#\\\/schema\\\/person\\\/9cd9d437bbb44f72b73ba127e06d8e79\"},\"headline\":\"SEND\u0130KACILAR MECL\u0130S&#039;TEYD\u0130\",\"datePublished\":\"2026-04-20T12:13:42+00:00\",\"mainEntityOfPage\":{\"@id\":\"https:\\\/\\\/kibrisdakik.com\\\/?p=110776\"},\"wordCount\":594,\"commentCount\":0,\"image\":{\"@id\":\"https:\\\/\\\/kibrisdakik.com\\\/?p=110776#primaryimage\"},\"thumbnailUrl\":\"https:\\\/\\\/kibrisdakik.com\\\/wp-content\\\/uploads\\\/2026\\\/04\\\/mha-sari-beyaz-4814.png\",\"articleSection\":[\"K\u0131br\u0131s\"],\"inLanguage\":\"tr\",\"potentialAction\":[{\"@type\":\"CommentAction\",\"name\":\"Comment\",\"target\":[\"https:\\\/\\\/kibrisdakik.com\\\/?p=110776#respond\"]}]},{\"@type\":\"WebPage\",\"@id\":\"https:\\\/\\\/kibrisdakik.com\\\/?p=110776\",\"url\":\"https:\\\/\\\/kibrisdakik.com\\\/?p=110776\",\"name\":\"SEND\u0130KACILAR MECL\u0130S&#039;TEYD\u0130 -\",\"isPartOf\":{\"@id\":\"https:\\\/\\\/kibrisdakik.com\\\/#website\"},\"primaryImageOfPage\":{\"@id\":\"https:\\\/\\\/kibrisdakik.com\\\/?p=110776#primaryimage\"},\"image\":{\"@id\":\"https:\\\/\\\/kibrisdakik.com\\\/?p=110776#primaryimage\"},\"thumbnailUrl\":\"https:\\\/\\\/kibrisdakik.com\\\/wp-content\\\/uploads\\\/2026\\\/04\\\/mha-sari-beyaz-4814.png\",\"datePublished\":\"2026-04-20T12:13:42+00:00\",\"author\":{\"@id\":\"https:\\\/\\\/kibrisdakik.com\\\/#\\\/schema\\\/person\\\/9cd9d437bbb44f72b73ba127e06d8e79\"},\"breadcrumb\":{\"@id\":\"https:\\\/\\\/kibrisdakik.com\\\/?p=110776#breadcrumb\"},\"inLanguage\":\"tr\",\"potentialAction\":[{\"@type\":\"ReadAction\",\"target\":[\"https:\\\/\\\/kibrisdakik.com\\\/?p=110776\"]}]},{\"@type\":\"ImageObject\",\"inLanguage\":\"tr\",\"@id\":\"https:\\\/\\\/kibrisdakik.com\\\/?p=110776#primaryimage\",\"url\":\"https:\\\/\\\/kibrisdakik.com\\\/wp-content\\\/uploads\\\/2026\\\/04\\\/mha-sari-beyaz-4814.png\",\"contentUrl\":\"https:\\\/\\\/kibrisdakik.com\\\/wp-content\\\/uploads\\\/2026\\\/04\\\/mha-sari-beyaz-4814.png\",\"width\":1280,\"height\":720},{\"@type\":\"BreadcrumbList\",\"@id\":\"https:\\\/\\\/kibrisdakik.com\\\/?p=110776#breadcrumb\",\"itemListElement\":[{\"@type\":\"ListItem\",\"position\":1,\"name\":\"Home\",\"item\":\"https:\\\/\\\/kibrisdakik.com\\\/\"},{\"@type\":\"ListItem\",\"position\":2,\"name\":\"SEND\u0130KACILAR MECL\u0130S&#039;TEYD\u0130\"}]},{\"@type\":\"WebSite\",\"@id\":\"https:\\\/\\\/kibrisdakik.com\\\/#website\",\"url\":\"https:\\\/\\\/kibrisdakik.com\\\/\",\"name\":\"\",\"description\":\"Tam vaktinde haber\",\"potentialAction\":[{\"@type\":\"SearchAction\",\"target\":{\"@type\":\"EntryPoint\",\"urlTemplate\":\"https:\\\/\\\/kibrisdakik.com\\\/?s={search_term_string}\"},\"query-input\":{\"@type\":\"PropertyValueSpecification\",\"valueRequired\":true,\"valueName\":\"search_term_string\"}}],\"inLanguage\":\"tr\"},{\"@type\":\"Person\",\"@id\":\"https:\\\/\\\/kibrisdakik.com\\\/#\\\/schema\\\/person\\\/9cd9d437bbb44f72b73ba127e06d8e79\",\"name\":\"admin\",\"image\":{\"@type\":\"ImageObject\",\"inLanguage\":\"tr\",\"@id\":\"https:\\\/\\\/secure.gravatar.com\\\/avatar\\\/ccc17943b9d660506c869530f897617f7cb1c21a4bf30023f252596d83e1f007?s=96&d=mm&r=g\",\"url\":\"https:\\\/\\\/secure.gravatar.com\\\/avatar\\\/ccc17943b9d660506c869530f897617f7cb1c21a4bf30023f252596d83e1f007?s=96&d=mm&r=g\",\"contentUrl\":\"https:\\\/\\\/secure.gravatar.com\\\/avatar\\\/ccc17943b9d660506c869530f897617f7cb1c21a4bf30023f252596d83e1f007?s=96&d=mm&r=g\",\"caption\":\"admin\"},\"sameAs\":[\"https:\\\/\\\/kibrisdakik.com\"],\"url\":\"https:\\\/\\\/kibrisdakik.com\\\/?author=1\"}]}<\/script>\n<!-- \/ Yoast SEO plugin. -->","yoast_head_json":{"title":"SEND\u0130KACILAR MECL\u0130S&#039;TEYD\u0130 -","robots":{"index":"index","follow":"follow","max-snippet":"max-snippet:-1","max-image-preview":"max-image-preview:large","max-video-preview":"max-video-preview:-1"},"canonical":"https:\/\/kibrisdakik.com\/?p=110776","og_locale":"tr_TR","og_type":"article","og_title":"SEND\u0130KACILAR MECL\u0130S&#039;TEYD\u0130 -","og_description":"K\u0131br\u0131s T\u00fcrk \u0130\u015f\u00e7i Sendikalar\u0131 Federasyonu (T\u00fcrk-Sen) Genel Ba\u015fkan\u0131 Arslan B\u0131\u00e7akl\u0131, hayat pahal\u0131l\u0131\u011f\u0131 \u00f6dene\u011fini d\u00fczenleyen yasa tasar\u0131s\u0131n\u0131n Meclis alt komitesine \u00e7ekilmesine ili\u015fkin karar hakk\u0131nda, \u201cBizim istedi\u011fimiz nokta da buydu\u201d dedi. Kamuda \u00f6rg\u00fctl\u00fc sendikalar, Meclis\u2019te bas\u0131na a\u00e7\u0131klamas\u0131nda bulundu. -B\u0131\u00e7akl\u0131 Sendikalar ad\u0131na konu\u015fan T\u00fcrk-Sen Ba\u015fkan\u0131 Arslan B\u0131\u00e7akl\u0131, h\u00fck\u00fcmet temsilcilerinin, s\u00f6z konusu yasa tasar\u0131s\u0131na ili\u015fkin al\u0131nan karar\u0131 duyurmak i\u00e7in","og_url":"https:\/\/kibrisdakik.com\/?p=110776","article_published_time":"2026-04-20T12:13:42+00:00","og_image":[{"url":"https:\/\/mhahabercom.teimg.com\/crop\/1280x720\/mhahaber-com\/uploads\/2026\/04\/mha-sari-beyaz-4814.png","type":"","width":"","height":""}],"author":"admin","twitter_card":"summary_large_image","twitter_misc":{"Yazan:":"admin","Tahmini okuma s\u00fcresi":"3 dakika"},"schema":{"@context":"https:\/\/schema.org","@graph":[{"@type":"Article","@id":"https:\/\/kibrisdakik.com\/?p=110776#article","isPartOf":{"@id":"https:\/\/kibrisdakik.com\/?p=110776"},"author":{"name":"admin","@id":"https:\/\/kibrisdakik.com\/#\/schema\/person\/9cd9d437bbb44f72b73ba127e06d8e79"},"headline":"SEND\u0130KACILAR MECL\u0130S&#039;TEYD\u0130","datePublished":"2026-04-20T12:13:42+00:00","mainEntityOfPage":{"@id":"https:\/\/kibrisdakik.com\/?p=110776"},"wordCount":594,"commentCount":0,"image":{"@id":"https:\/\/kibrisdakik.com\/?p=110776#primaryimage"},"thumbnailUrl":"https:\/\/kibrisdakik.com\/wp-content\/uploads\/2026\/04\/mha-sari-beyaz-4814.png","articleSection":["K\u0131br\u0131s"],"inLanguage":"tr","potentialAction":[{"@type":"CommentAction","name":"Comment","target":["https:\/\/kibrisdakik.com\/?p=110776#respond"]}]},{"@type":"WebPage","@id":"https:\/\/kibrisdakik.com\/?p=110776","url":"https:\/\/kibrisdakik.com\/?p=110776","name":"SEND\u0130KACILAR MECL\u0130S&#039;TEYD\u0130 -","isPartOf":{"@id":"https:\/\/kibrisdakik.com\/#website"},"primaryImageOfPage":{"@id":"https:\/\/kibrisdakik.com\/?p=110776#primaryimage"},"image":{"@id":"https:\/\/kibrisdakik.com\/?p=110776#primaryimage"},"thumbnailUrl":"https:\/\/kibrisdakik.com\/wp-content\/uploads\/2026\/04\/mha-sari-beyaz-4814.png","datePublished":"2026-04-20T12:13:42+00:00","author":{"@id":"https:\/\/kibrisdakik.com\/#\/schema\/person\/9cd9d437bbb44f72b73ba127e06d8e79"},"breadcrumb":{"@id":"https:\/\/kibrisdakik.com\/?p=110776#breadcrumb"},"inLanguage":"tr","potentialAction":[{"@type":"ReadAction","target":["https:\/\/kibrisdakik.com\/?p=110776"]}]},{"@type":"ImageObject","inLanguage":"tr","@id":"https:\/\/kibrisdakik.com\/?p=110776#primaryimage","url":"https:\/\/kibrisdakik.com\/wp-content\/uploads\/2026\/04\/mha-sari-beyaz-4814.png","contentUrl":"https:\/\/kibrisdakik.com\/wp-content\/uploads\/2026\/04\/mha-sari-beyaz-4814.png","width":1280,"height":720},{"@type":"BreadcrumbList","@id":"https:\/\/kibrisdakik.com\/?p=110776#breadcrumb","itemListElement":[{"@type":"ListItem","position":1,"name":"Home","item":"https:\/\/kibrisdakik.com\/"},{"@type":"ListItem","position":2,"name":"SEND\u0130KACILAR MECL\u0130S&#039;TEYD\u0130"}]},{"@type":"WebSite","@id":"https:\/\/kibrisdakik.com\/#website","url":"https:\/\/kibrisdakik.com\/","name":"","description":"Tam vaktinde haber","potentialAction":[{"@type":"SearchAction","target":{"@type":"EntryPoint","urlTemplate":"https:\/\/kibrisdakik.com\/?s={search_term_string}"},"query-input":{"@type":"PropertyValueSpecification","valueRequired":true,"valueName":"search_term_string"}}],"inLanguage":"tr"},{"@type":"Person","@id":"https:\/\/kibrisdakik.com\/#\/schema\/person\/9cd9d437bbb44f72b73ba127e06d8e79","name":"admin","image":{"@type":"ImageObject","inLanguage":"tr","@id":"https:\/\/secure.gravatar.com\/avatar\/ccc17943b9d660506c869530f897617f7cb1c21a4bf30023f252596d83e1f007?s=96&d=mm&r=g","url":"https:\/\/secure.gravatar.com\/avatar\/ccc17943b9d660506c869530f897617f7cb1c21a4bf30023f252596d83e1f007?s=96&d=mm&r=g","contentUrl":"https:\/\/secure.gravatar.com\/avatar\/ccc17943b9d660506c869530f897617f7cb1c21a4bf30023f252596d83e1f007?s=96&d=mm&r=g","caption":"admin"},"sameAs":["https:\/\/kibrisdakik.com"],"url":"https:\/\/kibrisdakik.com\/?author=1"}]}},"_links":{"self":[{"href":"https:\/\/kibrisdakik.com\/index.php?rest_route=\/wp\/v2\/posts\/110776","targetHints":{"allow":["GET"]}}],"collection":[{"href":"https:\/\/kibrisdakik.com\/index.php?rest_route=\/wp\/v2\/posts"}],"about":[{"href":"https:\/\/kibrisdakik.com\/index.php?rest_route=\/wp\/v2\/types\/post"}],"author":[{"embeddable":true,"href":"https:\/\/kibrisdakik.com\/index.php?rest_route=\/wp\/v2\/users\/1"}],"replies":[{"embeddable":true,"href":"https:\/\/kibrisdakik.com\/index.php?rest_route=%2Fwp%2Fv2%2Fcomments&post=110776"}],"version-history":[{"count":0,"href":"https:\/\/kibrisdakik.com\/index.php?rest_route=\/wp\/v2\/posts\/110776\/revisions"}],"wp:featuredmedia":[{"embeddable":true,"href":"https:\/\/kibrisdakik.com\/index.php?rest_route=\/wp\/v2\/media\/110777"}],"wp:attachment":[{"href":"https:\/\/kibrisdakik.com\/index.php?rest_route=%2Fwp%2Fv2%2Fmedia&parent=110776"}],"wp:term":[{"taxonomy":"category","embeddable":true,"href":"https:\/\/kibrisdakik.com\/index.php?rest_route=%2Fwp%2Fv2%2Fcategories&post=110776"},{"taxonomy":"post_tag","embeddable":true,"href":"https:\/\/kibrisdakik.com\/index.php?rest_route=%2Fwp%2Fv2%2Ftags&post=110776"}],"curies":[{"name":"wp","href":"https:\/\/api.w.org\/{rel}","templated":true}]}}