{"id":110790,"date":"2026-04-20T16:34:00","date_gmt":"2026-04-20T13:34:00","guid":{"rendered":"https:\/\/kibrisdakik.com\/?p=110790"},"modified":"2026-04-20T16:34:00","modified_gmt":"2026-04-20T13:34:00","slug":"dau-matematik-yarismasinda-bireysel-final-tamamlandi","status":"publish","type":"post","link":"https:\/\/kibrisdakik.com\/?p=110790","title":{"rendered":"DA\u00dc MATEMAT\u0130K YARI\u015eMASINDA B\u0130REYSEL F\u0130NAL TAMAMLANDI"},"content":{"rendered":"<p><img decoding=\"async\" src=\"https:\/\/mhahabercom.teimg.com\/crop\/1280x720\/mhahaber-com\/uploads\/2026\/04\/mha-sari-beyaz-4821.png\" \/><\/p>\n<div data-text-id=\"200277\" property=\"articleBody\">\n<h2>Do\u011fu Akdeniz \u00dcniversitesi\u2019nde d\u00fczenlenen 30. Liseleraras\u0131 Matematik Yar\u0131\u015fmas\u0131\u2019n\u0131n bireysel kategorisi sonu\u00e7land\u0131. 131 \u00f6\u011frencinin kat\u0131ld\u0131\u011f\u0131 yar\u0131\u015fmada dereceye girenler ve \u00f6zel \u00f6d\u00fcl sahipleri belli olurken, ekip finali 24 Nisan\u2019da ger\u00e7ekle\u015ftirilecek.<\/h2>\n<p>Do\u011fu Akdeniz \u00dcniversitesi (DA\u00dc) Fen ve Edebiyat Fak\u00fcltesi Matematik B\u00f6l\u00fcm\u00fc taraf\u0131ndan, Onay Fad\u0131l Demirciler E\u011fitim ve Bilim Vakf\u0131\u2019n\u0131n mali katk\u0131lar\u0131yla d\u00fczenlenen \u201c30. Liseleraras\u0131 Matematik Yar\u0131\u015fmas\u0131\u201dn\u0131n bireysel kategorisi tamamland\u0131.<\/p>\n<p>Bu y\u0131l Anafartalar Lisesi, Bekirpa\u015fa Lisesi, B\u00fclent Ecevit Anadolu Lisesi, Erenk\u00f6y Lisesi, Gazima\u011fusa T\u00fcrk Maarif Koleji, G\u00fczelyurt T\u00fcrk Maarif Koleji, Hala Sultan \u0130lahiyat Koleji, \u0130skele Evkaf T\u00fcrk Maarif Koleji, Nam\u0131k Kemal Lisesi, 19 May\u0131s T\u00fcrk Maarif Koleji, TED Kuzey K\u0131br\u0131s Koleji, T\u00fcrk Maarif Koleji ve 20 Temmuz Fen Lisesi\u2019nden toplam 131 \u00f6\u011frenci yar\u0131\u015fmaya kat\u0131ld\u0131.<\/p>\n<p>Yar\u0131\u015fma bireysel kategori ve ekip \u00f6n eleme olmak \u00fczere iki a\u015famada ger\u00e7ekle\u015ftirildi.<\/p>\n<p>Bireysel kategoride T\u00fcrk Maarif Koleji \u00f6\u011frencisi Kamil Dede birinci, TED Kuzey K\u0131br\u0131s Koleji \u00f6\u011frencisi Gamze Selen Kum ikinci, Gazima\u011fusa T\u00fcrk Maarif Koleji \u00f6\u011frencileri Efe \u015eafak ile Naz Kaano\u011flu \u00fc\u00e7\u00fcnc\u00fc, B\u00fclent Ecevit Anadolu Lisesi \u00f6\u011frencisi Halef Yurtkuran ise d\u00f6rd\u00fcnc\u00fc oldu.<\/p>\n<p>Yar\u0131\u015fmada ayr\u0131ca \u00f6zel \u00f6d\u00fcller de sahiplerini buldu. 19 May\u0131s T\u00fcrk Maarif Koleji \u00f6\u011frencisi Nesibe \u00d6zt\u00fcrk \u201c30. Y\u0131l \u00d6zel \u00d6d\u00fcl\u00fc\u201d, B\u00fclent Ecevit Anadolu Lisesi \u00f6\u011frencisi Demir Karadeniz \u201cOnay Fad\u0131l Demirciler \u00d6zel \u00d6d\u00fcl\u00fc\u201d, Gazima\u011fusa T\u00fcrk Maarif Koleji \u00f6\u011frencisi Bartu \u00d6zayd\u0131n \u201cYrd. Do\u00e7. Dr. Kemal Demirciler \u00d6zel \u00d6d\u00fcl\u00fc\u201d, B\u00fclent Ecevit Anadolu Lisesi \u00f6\u011frencisi Cem Ba\u011fdatl\u0131o\u011flu \u201cDo\u00e7. Dr. Arif Akkele\u015f \u00d6zel \u00d6d\u00fcl\u00fc\u201d, 19 May\u0131s T\u00fcrk Maarif Koleji \u00f6\u011frencisi Egemen Kahyao\u011flu \u201cDo\u00e7. Dr. Murat Kirezci \u00d6zel \u00d6d\u00fcl\u00fc\u201d, T\u00fcrk Maarif Koleji \u00f6\u011frencisi Mert G\u00fcney Ta\u015fbel \u201cDo\u00e7. Dr. Peter Kas \u00d6zel \u00d6d\u00fcl\u00fc\u201d ve Beyza \u00c7all\u0131 \u201cDo\u00e7. Dr. Daoud S. Daoud \u00d6zel \u00d6d\u00fcl\u00fc\u201dn\u00fc kazand\u0131.<\/p>\n<p>Yar\u0131\u015fmada \u201c\u015eampiyon Melekler\u201d an\u0131s\u0131na verilen \u00f6zel \u00f6d\u00fcl ise 19 May\u0131s T\u00fcrk Maarif Koleji \u00f6\u011frencisi Kral Mehmet Diker ile G\u00fczelyurt T\u00fcrk Maarif Koleji \u00f6\u011frencisi Miray Korhanay\u2019a verildi.<\/p>\n<p>Ba\u015far\u0131 belgesi almaya hak kazanan \u00f6\u011frenciler aras\u0131nda B\u00fclent Ecevit Anadolu Lisesi\u2019nden Kayra \u00d6zdemir ve Eliz \u00d6rsdemir, TED Kuzey K\u0131br\u0131s Koleji\u2019nden Kardelen Eyl\u00fcl Arslan, 20 Temmuz Fen Lisesi\u2019nden Nahide Kar\u015f\u0131l\u0131, Gazima\u011fusa T\u00fcrk Maarif Koleji\u2019nden Ahmet Gazi Yard\u0131msevenler ve T\u00fcrk Maarif Koleji\u2019nden Deha Hasan Ulusoy yer ald\u0131.<\/p>\n<p>Ekip \u00f6n eleme yar\u0131\u015fmas\u0131 sonucunda Gazima\u011fusa T\u00fcrk Maarif Koleji, B\u00fclent Ecevit Anadolu Lisesi ve T\u00fcrk Maarif Koleji ilk \u00fc\u00e7 s\u0131ray\u0131 alarak finale do\u011frudan kat\u0131lma hakk\u0131 kazand\u0131. 19 May\u0131s T\u00fcrk Maarif Koleji, TED Kuzey K\u0131br\u0131s Koleji, G\u00fczelyurt T\u00fcrk Maarif Koleji, 20 Temmuz Fen Lisesi ve \u0130skele Evkaf T\u00fcrk Maarif Koleji ise yar\u0131 finale y\u00fckseldi.<\/p>\n<p>Yar\u0131 final 21 Nisan 2026 Sal\u0131 g\u00fcn\u00fc saat 10.30\u2019da, final ise 24 Nisan 2026 Cuma g\u00fcn\u00fc saat 14.30\u2019da ger\u00e7ekle\u015ftirilecek. Finalin ard\u0131ndan d\u00fczenlenecek t\u00f6rende dereceye giren \u00f6\u011frenci ve okullara \u00f6d\u00fclleri verilecek.<\/p>\n<\/p><\/div>\n","protected":false},"excerpt":{"rendered":"<p>Do\u011fu Akdeniz \u00dcniversitesi\u2019nde d\u00fczenlenen 30. Liseleraras\u0131 Matematik Yar\u0131\u015fmas\u0131\u2019n\u0131n bireysel kategorisi sonu\u00e7land\u0131. 131 \u00f6\u011frencinin kat\u0131ld\u0131\u011f\u0131 yar\u0131\u015fmada dereceye girenler ve \u00f6zel \u00f6d\u00fcl sahipleri belli olurken, ekip finali 24 Nisan\u2019da ger\u00e7ekle\u015ftirilecek. Do\u011fu Akdeniz \u00dcniversitesi (DA\u00dc) Fen ve Edebiyat Fak\u00fcltesi Matematik B\u00f6l\u00fcm\u00fc taraf\u0131ndan, Onay Fad\u0131l Demirciler E\u011fitim ve Bilim Vakf\u0131\u2019n\u0131n mali katk\u0131lar\u0131yla d\u00fczenlenen \u201c30. Liseleraras\u0131 Matematik Yar\u0131\u015fmas\u0131\u201dn\u0131n bireysel kategorisi<\/p>\n","protected":false},"author":1,"featured_media":0,"comment_status":"open","ping_status":"open","sticky":false,"template":"","format":"standard","meta":{"footnotes":""},"categories":[81],"tags":[],"class_list":["post-110790","post","type-post","status-publish","format-standard","hentry","category-kibris"],"yoast_head":"<!-- This site is optimized with the Yoast SEO plugin v27.5 - https:\/\/yoast.com\/product\/yoast-seo-wordpress\/ -->\n<title>DA\u00dc MATEMAT\u0130K YARI\u015eMASINDA B\u0130REYSEL F\u0130NAL TAMAMLANDI -<\/title>\n<meta name=\"robots\" content=\"index, follow, max-snippet:-1, max-image-preview:large, max-video-preview:-1\" \/>\n<link rel=\"canonical\" href=\"https:\/\/kibrisdakik.com\/?p=110790\" \/>\n<meta property=\"og:locale\" content=\"tr_TR\" \/>\n<meta property=\"og:type\" content=\"article\" \/>\n<meta property=\"og:title\" content=\"DA\u00dc MATEMAT\u0130K YARI\u015eMASINDA B\u0130REYSEL F\u0130NAL TAMAMLANDI -\" \/>\n<meta property=\"og:description\" content=\"Do\u011fu Akdeniz \u00dcniversitesi\u2019nde d\u00fczenlenen 30. Liseleraras\u0131 Matematik Yar\u0131\u015fmas\u0131\u2019n\u0131n bireysel kategorisi sonu\u00e7land\u0131. 131 \u00f6\u011frencinin kat\u0131ld\u0131\u011f\u0131 yar\u0131\u015fmada dereceye girenler ve \u00f6zel \u00f6d\u00fcl sahipleri belli olurken, ekip finali 24 Nisan\u2019da ger\u00e7ekle\u015ftirilecek. Do\u011fu Akdeniz \u00dcniversitesi (DA\u00dc) Fen ve Edebiyat Fak\u00fcltesi Matematik B\u00f6l\u00fcm\u00fc taraf\u0131ndan, Onay Fad\u0131l Demirciler E\u011fitim ve Bilim Vakf\u0131\u2019n\u0131n mali katk\u0131lar\u0131yla d\u00fczenlenen \u201c30. Liseleraras\u0131 Matematik Yar\u0131\u015fmas\u0131\u201dn\u0131n bireysel kategorisi\" \/>\n<meta property=\"og:url\" content=\"https:\/\/kibrisdakik.com\/?p=110790\" \/>\n<meta property=\"article:published_time\" content=\"2026-04-20T13:34:00+00:00\" \/>\n<meta property=\"og:image\" content=\"https:\/\/mhahabercom.teimg.com\/crop\/1280x720\/mhahaber-com\/uploads\/2026\/04\/mha-sari-beyaz-4821.png\" \/>\n<meta name=\"author\" content=\"admin\" \/>\n<meta name=\"twitter:card\" content=\"summary_large_image\" \/>\n<meta name=\"twitter:label1\" content=\"Yazan:\" \/>\n\t<meta name=\"twitter:data1\" content=\"admin\" \/>\n\t<meta name=\"twitter:label2\" content=\"Tahmini okuma s\u00fcresi\" \/>\n\t<meta name=\"twitter:data2\" content=\"3 dakika\" \/>\n<script type=\"application\/ld+json\" class=\"yoast-schema-graph\">{\"@context\":\"https:\\\/\\\/schema.org\",\"@graph\":[{\"@type\":\"Article\",\"@id\":\"https:\\\/\\\/kibrisdakik.com\\\/?p=110790#article\",\"isPartOf\":{\"@id\":\"https:\\\/\\\/kibrisdakik.com\\\/?p=110790\"},\"author\":{\"name\":\"admin\",\"@id\":\"https:\\\/\\\/kibrisdakik.com\\\/#\\\/schema\\\/person\\\/9cd9d437bbb44f72b73ba127e06d8e79\"},\"headline\":\"DA\u00dc MATEMAT\u0130K YARI\u015eMASINDA B\u0130REYSEL F\u0130NAL TAMAMLANDI\",\"datePublished\":\"2026-04-20T13:34:00+00:00\",\"mainEntityOfPage\":{\"@id\":\"https:\\\/\\\/kibrisdakik.com\\\/?p=110790\"},\"wordCount\":540,\"commentCount\":0,\"image\":{\"@id\":\"https:\\\/\\\/kibrisdakik.com\\\/?p=110790#primaryimage\"},\"thumbnailUrl\":\"https:\\\/\\\/mhahabercom.teimg.com\\\/crop\\\/1280x720\\\/mhahaber-com\\\/uploads\\\/2026\\\/04\\\/mha-sari-beyaz-4821.png\",\"articleSection\":[\"K\u0131br\u0131s\"],\"inLanguage\":\"tr\",\"potentialAction\":[{\"@type\":\"CommentAction\",\"name\":\"Comment\",\"target\":[\"https:\\\/\\\/kibrisdakik.com\\\/?p=110790#respond\"]}]},{\"@type\":\"WebPage\",\"@id\":\"https:\\\/\\\/kibrisdakik.com\\\/?p=110790\",\"url\":\"https:\\\/\\\/kibrisdakik.com\\\/?p=110790\",\"name\":\"DA\u00dc MATEMAT\u0130K YARI\u015eMASINDA B\u0130REYSEL F\u0130NAL TAMAMLANDI -\",\"isPartOf\":{\"@id\":\"https:\\\/\\\/kibrisdakik.com\\\/#website\"},\"primaryImageOfPage\":{\"@id\":\"https:\\\/\\\/kibrisdakik.com\\\/?p=110790#primaryimage\"},\"image\":{\"@id\":\"https:\\\/\\\/kibrisdakik.com\\\/?p=110790#primaryimage\"},\"thumbnailUrl\":\"https:\\\/\\\/mhahabercom.teimg.com\\\/crop\\\/1280x720\\\/mhahaber-com\\\/uploads\\\/2026\\\/04\\\/mha-sari-beyaz-4821.png\",\"datePublished\":\"2026-04-20T13:34:00+00:00\",\"author\":{\"@id\":\"https:\\\/\\\/kibrisdakik.com\\\/#\\\/schema\\\/person\\\/9cd9d437bbb44f72b73ba127e06d8e79\"},\"breadcrumb\":{\"@id\":\"https:\\\/\\\/kibrisdakik.com\\\/?p=110790#breadcrumb\"},\"inLanguage\":\"tr\",\"potentialAction\":[{\"@type\":\"ReadAction\",\"target\":[\"https:\\\/\\\/kibrisdakik.com\\\/?p=110790\"]}]},{\"@type\":\"ImageObject\",\"inLanguage\":\"tr\",\"@id\":\"https:\\\/\\\/kibrisdakik.com\\\/?p=110790#primaryimage\",\"url\":\"https:\\\/\\\/mhahabercom.teimg.com\\\/crop\\\/1280x720\\\/mhahaber-com\\\/uploads\\\/2026\\\/04\\\/mha-sari-beyaz-4821.png\",\"contentUrl\":\"https:\\\/\\\/mhahabercom.teimg.com\\\/crop\\\/1280x720\\\/mhahaber-com\\\/uploads\\\/2026\\\/04\\\/mha-sari-beyaz-4821.png\"},{\"@type\":\"BreadcrumbList\",\"@id\":\"https:\\\/\\\/kibrisdakik.com\\\/?p=110790#breadcrumb\",\"itemListElement\":[{\"@type\":\"ListItem\",\"position\":1,\"name\":\"Home\",\"item\":\"https:\\\/\\\/kibrisdakik.com\\\/\"},{\"@type\":\"ListItem\",\"position\":2,\"name\":\"DA\u00dc MATEMAT\u0130K YARI\u015eMASINDA B\u0130REYSEL F\u0130NAL TAMAMLANDI\"}]},{\"@type\":\"WebSite\",\"@id\":\"https:\\\/\\\/kibrisdakik.com\\\/#website\",\"url\":\"https:\\\/\\\/kibrisdakik.com\\\/\",\"name\":\"\",\"description\":\"Tam vaktinde haber\",\"potentialAction\":[{\"@type\":\"SearchAction\",\"target\":{\"@type\":\"EntryPoint\",\"urlTemplate\":\"https:\\\/\\\/kibrisdakik.com\\\/?s={search_term_string}\"},\"query-input\":{\"@type\":\"PropertyValueSpecification\",\"valueRequired\":true,\"valueName\":\"search_term_string\"}}],\"inLanguage\":\"tr\"},{\"@type\":\"Person\",\"@id\":\"https:\\\/\\\/kibrisdakik.com\\\/#\\\/schema\\\/person\\\/9cd9d437bbb44f72b73ba127e06d8e79\",\"name\":\"admin\",\"image\":{\"@type\":\"ImageObject\",\"inLanguage\":\"tr\",\"@id\":\"https:\\\/\\\/secure.gravatar.com\\\/avatar\\\/ccc17943b9d660506c869530f897617f7cb1c21a4bf30023f252596d83e1f007?s=96&d=mm&r=g\",\"url\":\"https:\\\/\\\/secure.gravatar.com\\\/avatar\\\/ccc17943b9d660506c869530f897617f7cb1c21a4bf30023f252596d83e1f007?s=96&d=mm&r=g\",\"contentUrl\":\"https:\\\/\\\/secure.gravatar.com\\\/avatar\\\/ccc17943b9d660506c869530f897617f7cb1c21a4bf30023f252596d83e1f007?s=96&d=mm&r=g\",\"caption\":\"admin\"},\"sameAs\":[\"https:\\\/\\\/kibrisdakik.com\"],\"url\":\"https:\\\/\\\/kibrisdakik.com\\\/?author=1\"}]}<\/script>\n<!-- \/ Yoast SEO plugin. -->","yoast_head_json":{"title":"DA\u00dc MATEMAT\u0130K YARI\u015eMASINDA B\u0130REYSEL F\u0130NAL TAMAMLANDI -","robots":{"index":"index","follow":"follow","max-snippet":"max-snippet:-1","max-image-preview":"max-image-preview:large","max-video-preview":"max-video-preview:-1"},"canonical":"https:\/\/kibrisdakik.com\/?p=110790","og_locale":"tr_TR","og_type":"article","og_title":"DA\u00dc MATEMAT\u0130K YARI\u015eMASINDA B\u0130REYSEL F\u0130NAL TAMAMLANDI -","og_description":"Do\u011fu Akdeniz \u00dcniversitesi\u2019nde d\u00fczenlenen 30. Liseleraras\u0131 Matematik Yar\u0131\u015fmas\u0131\u2019n\u0131n bireysel kategorisi sonu\u00e7land\u0131. 131 \u00f6\u011frencinin kat\u0131ld\u0131\u011f\u0131 yar\u0131\u015fmada dereceye girenler ve \u00f6zel \u00f6d\u00fcl sahipleri belli olurken, ekip finali 24 Nisan\u2019da ger\u00e7ekle\u015ftirilecek. Do\u011fu Akdeniz \u00dcniversitesi (DA\u00dc) Fen ve Edebiyat Fak\u00fcltesi Matematik B\u00f6l\u00fcm\u00fc taraf\u0131ndan, Onay Fad\u0131l Demirciler E\u011fitim ve Bilim Vakf\u0131\u2019n\u0131n mali katk\u0131lar\u0131yla d\u00fczenlenen \u201c30. Liseleraras\u0131 Matematik Yar\u0131\u015fmas\u0131\u201dn\u0131n bireysel kategorisi","og_url":"https:\/\/kibrisdakik.com\/?p=110790","article_published_time":"2026-04-20T13:34:00+00:00","og_image":[{"url":"https:\/\/mhahabercom.teimg.com\/crop\/1280x720\/mhahaber-com\/uploads\/2026\/04\/mha-sari-beyaz-4821.png","type":"","width":"","height":""}],"author":"admin","twitter_card":"summary_large_image","twitter_misc":{"Yazan:":"admin","Tahmini okuma s\u00fcresi":"3 dakika"},"schema":{"@context":"https:\/\/schema.org","@graph":[{"@type":"Article","@id":"https:\/\/kibrisdakik.com\/?p=110790#article","isPartOf":{"@id":"https:\/\/kibrisdakik.com\/?p=110790"},"author":{"name":"admin","@id":"https:\/\/kibrisdakik.com\/#\/schema\/person\/9cd9d437bbb44f72b73ba127e06d8e79"},"headline":"DA\u00dc MATEMAT\u0130K YARI\u015eMASINDA B\u0130REYSEL F\u0130NAL TAMAMLANDI","datePublished":"2026-04-20T13:34:00+00:00","mainEntityOfPage":{"@id":"https:\/\/kibrisdakik.com\/?p=110790"},"wordCount":540,"commentCount":0,"image":{"@id":"https:\/\/kibrisdakik.com\/?p=110790#primaryimage"},"thumbnailUrl":"https:\/\/mhahabercom.teimg.com\/crop\/1280x720\/mhahaber-com\/uploads\/2026\/04\/mha-sari-beyaz-4821.png","articleSection":["K\u0131br\u0131s"],"inLanguage":"tr","potentialAction":[{"@type":"CommentAction","name":"Comment","target":["https:\/\/kibrisdakik.com\/?p=110790#respond"]}]},{"@type":"WebPage","@id":"https:\/\/kibrisdakik.com\/?p=110790","url":"https:\/\/kibrisdakik.com\/?p=110790","name":"DA\u00dc MATEMAT\u0130K YARI\u015eMASINDA B\u0130REYSEL F\u0130NAL TAMAMLANDI -","isPartOf":{"@id":"https:\/\/kibrisdakik.com\/#website"},"primaryImageOfPage":{"@id":"https:\/\/kibrisdakik.com\/?p=110790#primaryimage"},"image":{"@id":"https:\/\/kibrisdakik.com\/?p=110790#primaryimage"},"thumbnailUrl":"https:\/\/mhahabercom.teimg.com\/crop\/1280x720\/mhahaber-com\/uploads\/2026\/04\/mha-sari-beyaz-4821.png","datePublished":"2026-04-20T13:34:00+00:00","author":{"@id":"https:\/\/kibrisdakik.com\/#\/schema\/person\/9cd9d437bbb44f72b73ba127e06d8e79"},"breadcrumb":{"@id":"https:\/\/kibrisdakik.com\/?p=110790#breadcrumb"},"inLanguage":"tr","potentialAction":[{"@type":"ReadAction","target":["https:\/\/kibrisdakik.com\/?p=110790"]}]},{"@type":"ImageObject","inLanguage":"tr","@id":"https:\/\/kibrisdakik.com\/?p=110790#primaryimage","url":"https:\/\/mhahabercom.teimg.com\/crop\/1280x720\/mhahaber-com\/uploads\/2026\/04\/mha-sari-beyaz-4821.png","contentUrl":"https:\/\/mhahabercom.teimg.com\/crop\/1280x720\/mhahaber-com\/uploads\/2026\/04\/mha-sari-beyaz-4821.png"},{"@type":"BreadcrumbList","@id":"https:\/\/kibrisdakik.com\/?p=110790#breadcrumb","itemListElement":[{"@type":"ListItem","position":1,"name":"Home","item":"https:\/\/kibrisdakik.com\/"},{"@type":"ListItem","position":2,"name":"DA\u00dc MATEMAT\u0130K YARI\u015eMASINDA B\u0130REYSEL F\u0130NAL TAMAMLANDI"}]},{"@type":"WebSite","@id":"https:\/\/kibrisdakik.com\/#website","url":"https:\/\/kibrisdakik.com\/","name":"","description":"Tam vaktinde haber","potentialAction":[{"@type":"SearchAction","target":{"@type":"EntryPoint","urlTemplate":"https:\/\/kibrisdakik.com\/?s={search_term_string}"},"query-input":{"@type":"PropertyValueSpecification","valueRequired":true,"valueName":"search_term_string"}}],"inLanguage":"tr"},{"@type":"Person","@id":"https:\/\/kibrisdakik.com\/#\/schema\/person\/9cd9d437bbb44f72b73ba127e06d8e79","name":"admin","image":{"@type":"ImageObject","inLanguage":"tr","@id":"https:\/\/secure.gravatar.com\/avatar\/ccc17943b9d660506c869530f897617f7cb1c21a4bf30023f252596d83e1f007?s=96&d=mm&r=g","url":"https:\/\/secure.gravatar.com\/avatar\/ccc17943b9d660506c869530f897617f7cb1c21a4bf30023f252596d83e1f007?s=96&d=mm&r=g","contentUrl":"https:\/\/secure.gravatar.com\/avatar\/ccc17943b9d660506c869530f897617f7cb1c21a4bf30023f252596d83e1f007?s=96&d=mm&r=g","caption":"admin"},"sameAs":["https:\/\/kibrisdakik.com"],"url":"https:\/\/kibrisdakik.com\/?author=1"}]}},"_links":{"self":[{"href":"https:\/\/kibrisdakik.com\/index.php?rest_route=\/wp\/v2\/posts\/110790","targetHints":{"allow":["GET"]}}],"collection":[{"href":"https:\/\/kibrisdakik.com\/index.php?rest_route=\/wp\/v2\/posts"}],"about":[{"href":"https:\/\/kibrisdakik.com\/index.php?rest_route=\/wp\/v2\/types\/post"}],"author":[{"embeddable":true,"href":"https:\/\/kibrisdakik.com\/index.php?rest_route=\/wp\/v2\/users\/1"}],"replies":[{"embeddable":true,"href":"https:\/\/kibrisdakik.com\/index.php?rest_route=%2Fwp%2Fv2%2Fcomments&post=110790"}],"version-history":[{"count":0,"href":"https:\/\/kibrisdakik.com\/index.php?rest_route=\/wp\/v2\/posts\/110790\/revisions"}],"wp:attachment":[{"href":"https:\/\/kibrisdakik.com\/index.php?rest_route=%2Fwp%2Fv2%2Fmedia&parent=110790"}],"wp:term":[{"taxonomy":"category","embeddable":true,"href":"https:\/\/kibrisdakik.com\/index.php?rest_route=%2Fwp%2Fv2%2Fcategories&post=110790"},{"taxonomy":"post_tag","embeddable":true,"href":"https:\/\/kibrisdakik.com\/index.php?rest_route=%2Fwp%2Fv2%2Ftags&post=110790"}],"curies":[{"name":"wp","href":"https:\/\/api.w.org\/{rel}","templated":true}]}}