{"id":110874,"date":"2026-04-21T15:29:16","date_gmt":"2026-04-21T12:29:16","guid":{"rendered":"https:\/\/kibrisdakik.com\/?p=110874"},"modified":"2026-04-21T15:29:16","modified_gmt":"2026-04-21T12:29:16","slug":"memisoglu-ve-dincyurek-istanbulda-gorustu","status":"publish","type":"post","link":"https:\/\/kibrisdakik.com\/?p=110874","title":{"rendered":"MEM\u0130\u015eO\u011eLU VE D\u0130N\u00c7Y\u00dcREK \u0130STANBUL\u2019DA G\u00d6R\u00dc\u015eT\u00dc"},"content":{"rendered":"<p><\/p>\n<p>Sa\u011fl\u0131k Bakan\u0131 Hakan Din\u00e7y\u00fcrek, \u0130stanbul&#8217;da T\u00fcrkiye Sa\u011fl\u0131k Bakan\u0131 Kemal Memi\u015fo\u011flu ile bir araya geldi.<\/p>\n<div id=\"ad_121\" data-channel=\"121\" data-advert=\"temedya\" data-rotation=\"120\" class=\"mb-3 text-center\"><\/div>\n<div id=\"ad_121_mobile\" data-channel=\"121\" data-advert=\"temedya\" data-rotation=\"120\" class=\"mb-3 text-center\"><\/div>\n<p>T\u00fcrkiye Sa\u011fl\u0131k Bakanl\u0131\u011f\u0131ndan yap\u0131lan a\u00e7\u0131klamaya g\u00f6re Memi\u015fo\u011flu, g\u00f6r\u00fc\u015fmede, T\u00fcrkiye&#8217;nin deste\u011fiyle KKTC&#8217;de in\u015faat\u0131 s\u00fcren hastanelere ili\u015fkin, K\u0131br\u0131s&#8217;ta nitelikli sa\u011fl\u0131k hizmeti verecek alanlar olu\u015fturuldu\u011funu belirtti.<\/p>\n<p>A\u00e7\u0131klamada, \u201cg\u00f6r\u00fc\u015fmede, KKTC&#8217;yi T\u00fcrkiye&#8217;den ay\u0131rmad\u0131klar\u0131n\u0131 vurgulayan Memi\u015fo\u011flu\u2019nun, KKTC&#8217;nin \u00f6nemli bir devlet olarak Akdeniz&#8217;de insanlara sa\u011fl\u0131k hizmeti ula\u015ft\u0131rabilmesi i\u00e7in T\u00fcrkiye Cumhurba\u015fkan\u0131 Recep Tayyip Erdo\u011fan&#8217;\u0131n liderli\u011finde her t\u00fcrl\u00fc i\u015fbirli\u011fine haz\u0131r olduklar\u0131n\u0131 belirtti\u011fi\u201d kaydedildi.<\/p>\n<p>Memi\u015fo\u011flu, T\u00fcrkiye&#8217;nin deste\u011fiyle KKTC&#8217;de in\u015faat\u0131 s\u00fcren hastanelere ili\u015fkin, &#8220;Cumhurba\u015fkan\u0131m\u0131z\u0131n bizzat talimat\u0131yla K\u0131br\u0131s&#8217;ta nitelikli sa\u011fl\u0131k hizmeti verecek alanlar olu\u015fturuluyor. Bunun haricinde, t\u0131bbi cihaz\u0131ndan ilac\u0131na kadar, insan g\u00fcc\u00fc anlam\u0131nda da elimizden geldi\u011fince destek vermeye \u00e7al\u0131\u015f\u0131yoruz. Sonu\u00e7ta sa\u011fl\u0131k, insanlar\u0131n iyi taraf\u0131, iyilik taraf\u0131. Biz de karde\u015flerimize \u00f6zellikle bu deste\u011fi veriyoruz.&#8221; ifadesini kulland\u0131.<\/p>\n<\/p>\n<div class=\"article-source py-3 small \">\n                <\/div>\n","protected":false},"excerpt":{"rendered":"<p>Sa\u011fl\u0131k Bakan\u0131 Hakan Din\u00e7y\u00fcrek, \u0130stanbul&#8217;da T\u00fcrkiye Sa\u011fl\u0131k Bakan\u0131 Kemal Memi\u015fo\u011flu ile bir araya geldi. T\u00fcrkiye Sa\u011fl\u0131k Bakanl\u0131\u011f\u0131ndan yap\u0131lan a\u00e7\u0131klamaya g\u00f6re Memi\u015fo\u011flu, g\u00f6r\u00fc\u015fmede, T\u00fcrkiye&#8217;nin deste\u011fiyle KKTC&#8217;de in\u015faat\u0131 s\u00fcren hastanelere ili\u015fkin, K\u0131br\u0131s&#8217;ta nitelikli sa\u011fl\u0131k hizmeti verecek alanlar olu\u015fturuldu\u011funu belirtti. A\u00e7\u0131klamada, \u201cg\u00f6r\u00fc\u015fmede, KKTC&#8217;yi T\u00fcrkiye&#8217;den ay\u0131rmad\u0131klar\u0131n\u0131 vurgulayan Memi\u015fo\u011flu\u2019nun, KKTC&#8217;nin \u00f6nemli bir devlet olarak Akdeniz&#8217;de insanlara sa\u011fl\u0131k hizmeti ula\u015ft\u0131rabilmesi i\u00e7in<\/p>\n","protected":false},"author":1,"featured_media":110875,"comment_status":"open","ping_status":"open","sticky":false,"template":"","format":"standard","meta":{"footnotes":""},"categories":[81],"tags":[],"class_list":["post-110874","post","type-post","status-publish","format-standard","has-post-thumbnail","hentry","category-kibris"],"yoast_head":"<!-- This site is optimized with the Yoast SEO plugin v27.5 - https:\/\/yoast.com\/product\/yoast-seo-wordpress\/ -->\n<title>MEM\u0130\u015eO\u011eLU VE D\u0130N\u00c7Y\u00dcREK \u0130STANBUL\u2019DA G\u00d6R\u00dc\u015eT\u00dc -<\/title>\n<meta name=\"robots\" content=\"index, follow, max-snippet:-1, max-image-preview:large, max-video-preview:-1\" \/>\n<link rel=\"canonical\" href=\"https:\/\/kibrisdakik.com\/?p=110874\" \/>\n<meta property=\"og:locale\" content=\"tr_TR\" \/>\n<meta property=\"og:type\" content=\"article\" \/>\n<meta property=\"og:title\" content=\"MEM\u0130\u015eO\u011eLU VE D\u0130N\u00c7Y\u00dcREK \u0130STANBUL\u2019DA G\u00d6R\u00dc\u015eT\u00dc -\" \/>\n<meta property=\"og:description\" content=\"Sa\u011fl\u0131k Bakan\u0131 Hakan Din\u00e7y\u00fcrek, \u0130stanbul&#8217;da T\u00fcrkiye Sa\u011fl\u0131k Bakan\u0131 Kemal Memi\u015fo\u011flu ile bir araya geldi. T\u00fcrkiye Sa\u011fl\u0131k Bakanl\u0131\u011f\u0131ndan yap\u0131lan a\u00e7\u0131klamaya g\u00f6re Memi\u015fo\u011flu, g\u00f6r\u00fc\u015fmede, T\u00fcrkiye&#8217;nin deste\u011fiyle KKTC&#8217;de in\u015faat\u0131 s\u00fcren hastanelere ili\u015fkin, K\u0131br\u0131s&#8217;ta nitelikli sa\u011fl\u0131k hizmeti verecek alanlar olu\u015fturuldu\u011funu belirtti. A\u00e7\u0131klamada, \u201cg\u00f6r\u00fc\u015fmede, KKTC&#8217;yi T\u00fcrkiye&#8217;den ay\u0131rmad\u0131klar\u0131n\u0131 vurgulayan Memi\u015fo\u011flu\u2019nun, KKTC&#8217;nin \u00f6nemli bir devlet olarak Akdeniz&#8217;de insanlara sa\u011fl\u0131k hizmeti ula\u015ft\u0131rabilmesi i\u00e7in\" \/>\n<meta property=\"og:url\" content=\"https:\/\/kibrisdakik.com\/?p=110874\" \/>\n<meta property=\"article:published_time\" content=\"2026-04-21T12:29:16+00:00\" \/>\n<meta property=\"og:image\" content=\"https:\/\/mhahabercom.teimg.com\/crop\/1280x720\/mhahaber-com\/uploads\/2026\/04\/mha-sari-beyaz-kurtarildi-10.png\" \/>\n<meta name=\"author\" content=\"admin\" \/>\n<meta name=\"twitter:card\" content=\"summary_large_image\" \/>\n<meta name=\"twitter:label1\" content=\"Yazan:\" \/>\n\t<meta name=\"twitter:data1\" content=\"admin\" \/>\n\t<meta name=\"twitter:label2\" content=\"Tahmini okuma s\u00fcresi\" \/>\n\t<meta name=\"twitter:data2\" content=\"1 dakika\" \/>\n<script type=\"application\/ld+json\" class=\"yoast-schema-graph\">{\"@context\":\"https:\\\/\\\/schema.org\",\"@graph\":[{\"@type\":\"Article\",\"@id\":\"https:\\\/\\\/kibrisdakik.com\\\/?p=110874#article\",\"isPartOf\":{\"@id\":\"https:\\\/\\\/kibrisdakik.com\\\/?p=110874\"},\"author\":{\"name\":\"admin\",\"@id\":\"https:\\\/\\\/kibrisdakik.com\\\/#\\\/schema\\\/person\\\/9cd9d437bbb44f72b73ba127e06d8e79\"},\"headline\":\"MEM\u0130\u015eO\u011eLU VE D\u0130N\u00c7Y\u00dcREK \u0130STANBUL\u2019DA G\u00d6R\u00dc\u015eT\u00dc\",\"datePublished\":\"2026-04-21T12:29:16+00:00\",\"mainEntityOfPage\":{\"@id\":\"https:\\\/\\\/kibrisdakik.com\\\/?p=110874\"},\"wordCount\":217,\"commentCount\":0,\"image\":{\"@id\":\"https:\\\/\\\/kibrisdakik.com\\\/?p=110874#primaryimage\"},\"thumbnailUrl\":\"https:\\\/\\\/kibrisdakik.com\\\/wp-content\\\/uploads\\\/2026\\\/04\\\/mha-sari-beyaz-kurtarildi-10.png\",\"articleSection\":[\"K\u0131br\u0131s\"],\"inLanguage\":\"tr\",\"potentialAction\":[{\"@type\":\"CommentAction\",\"name\":\"Comment\",\"target\":[\"https:\\\/\\\/kibrisdakik.com\\\/?p=110874#respond\"]}]},{\"@type\":\"WebPage\",\"@id\":\"https:\\\/\\\/kibrisdakik.com\\\/?p=110874\",\"url\":\"https:\\\/\\\/kibrisdakik.com\\\/?p=110874\",\"name\":\"MEM\u0130\u015eO\u011eLU VE D\u0130N\u00c7Y\u00dcREK \u0130STANBUL\u2019DA G\u00d6R\u00dc\u015eT\u00dc -\",\"isPartOf\":{\"@id\":\"https:\\\/\\\/kibrisdakik.com\\\/#website\"},\"primaryImageOfPage\":{\"@id\":\"https:\\\/\\\/kibrisdakik.com\\\/?p=110874#primaryimage\"},\"image\":{\"@id\":\"https:\\\/\\\/kibrisdakik.com\\\/?p=110874#primaryimage\"},\"thumbnailUrl\":\"https:\\\/\\\/kibrisdakik.com\\\/wp-content\\\/uploads\\\/2026\\\/04\\\/mha-sari-beyaz-kurtarildi-10.png\",\"datePublished\":\"2026-04-21T12:29:16+00:00\",\"author\":{\"@id\":\"https:\\\/\\\/kibrisdakik.com\\\/#\\\/schema\\\/person\\\/9cd9d437bbb44f72b73ba127e06d8e79\"},\"breadcrumb\":{\"@id\":\"https:\\\/\\\/kibrisdakik.com\\\/?p=110874#breadcrumb\"},\"inLanguage\":\"tr\",\"potentialAction\":[{\"@type\":\"ReadAction\",\"target\":[\"https:\\\/\\\/kibrisdakik.com\\\/?p=110874\"]}]},{\"@type\":\"ImageObject\",\"inLanguage\":\"tr\",\"@id\":\"https:\\\/\\\/kibrisdakik.com\\\/?p=110874#primaryimage\",\"url\":\"https:\\\/\\\/kibrisdakik.com\\\/wp-content\\\/uploads\\\/2026\\\/04\\\/mha-sari-beyaz-kurtarildi-10.png\",\"contentUrl\":\"https:\\\/\\\/kibrisdakik.com\\\/wp-content\\\/uploads\\\/2026\\\/04\\\/mha-sari-beyaz-kurtarildi-10.png\",\"width\":1280,\"height\":720},{\"@type\":\"BreadcrumbList\",\"@id\":\"https:\\\/\\\/kibrisdakik.com\\\/?p=110874#breadcrumb\",\"itemListElement\":[{\"@type\":\"ListItem\",\"position\":1,\"name\":\"Home\",\"item\":\"https:\\\/\\\/kibrisdakik.com\\\/\"},{\"@type\":\"ListItem\",\"position\":2,\"name\":\"MEM\u0130\u015eO\u011eLU VE D\u0130N\u00c7Y\u00dcREK \u0130STANBUL\u2019DA G\u00d6R\u00dc\u015eT\u00dc\"}]},{\"@type\":\"WebSite\",\"@id\":\"https:\\\/\\\/kibrisdakik.com\\\/#website\",\"url\":\"https:\\\/\\\/kibrisdakik.com\\\/\",\"name\":\"\",\"description\":\"Tam vaktinde haber\",\"potentialAction\":[{\"@type\":\"SearchAction\",\"target\":{\"@type\":\"EntryPoint\",\"urlTemplate\":\"https:\\\/\\\/kibrisdakik.com\\\/?s={search_term_string}\"},\"query-input\":{\"@type\":\"PropertyValueSpecification\",\"valueRequired\":true,\"valueName\":\"search_term_string\"}}],\"inLanguage\":\"tr\"},{\"@type\":\"Person\",\"@id\":\"https:\\\/\\\/kibrisdakik.com\\\/#\\\/schema\\\/person\\\/9cd9d437bbb44f72b73ba127e06d8e79\",\"name\":\"admin\",\"image\":{\"@type\":\"ImageObject\",\"inLanguage\":\"tr\",\"@id\":\"https:\\\/\\\/secure.gravatar.com\\\/avatar\\\/ccc17943b9d660506c869530f897617f7cb1c21a4bf30023f252596d83e1f007?s=96&d=mm&r=g\",\"url\":\"https:\\\/\\\/secure.gravatar.com\\\/avatar\\\/ccc17943b9d660506c869530f897617f7cb1c21a4bf30023f252596d83e1f007?s=96&d=mm&r=g\",\"contentUrl\":\"https:\\\/\\\/secure.gravatar.com\\\/avatar\\\/ccc17943b9d660506c869530f897617f7cb1c21a4bf30023f252596d83e1f007?s=96&d=mm&r=g\",\"caption\":\"admin\"},\"sameAs\":[\"https:\\\/\\\/kibrisdakik.com\"],\"url\":\"https:\\\/\\\/kibrisdakik.com\\\/?author=1\"}]}<\/script>\n<!-- \/ Yoast SEO plugin. -->","yoast_head_json":{"title":"MEM\u0130\u015eO\u011eLU VE D\u0130N\u00c7Y\u00dcREK \u0130STANBUL\u2019DA G\u00d6R\u00dc\u015eT\u00dc -","robots":{"index":"index","follow":"follow","max-snippet":"max-snippet:-1","max-image-preview":"max-image-preview:large","max-video-preview":"max-video-preview:-1"},"canonical":"https:\/\/kibrisdakik.com\/?p=110874","og_locale":"tr_TR","og_type":"article","og_title":"MEM\u0130\u015eO\u011eLU VE D\u0130N\u00c7Y\u00dcREK \u0130STANBUL\u2019DA G\u00d6R\u00dc\u015eT\u00dc -","og_description":"Sa\u011fl\u0131k Bakan\u0131 Hakan Din\u00e7y\u00fcrek, \u0130stanbul&#8217;da T\u00fcrkiye Sa\u011fl\u0131k Bakan\u0131 Kemal Memi\u015fo\u011flu ile bir araya geldi. T\u00fcrkiye Sa\u011fl\u0131k Bakanl\u0131\u011f\u0131ndan yap\u0131lan a\u00e7\u0131klamaya g\u00f6re Memi\u015fo\u011flu, g\u00f6r\u00fc\u015fmede, T\u00fcrkiye&#8217;nin deste\u011fiyle KKTC&#8217;de in\u015faat\u0131 s\u00fcren hastanelere ili\u015fkin, K\u0131br\u0131s&#8217;ta nitelikli sa\u011fl\u0131k hizmeti verecek alanlar olu\u015fturuldu\u011funu belirtti. A\u00e7\u0131klamada, \u201cg\u00f6r\u00fc\u015fmede, KKTC&#8217;yi T\u00fcrkiye&#8217;den ay\u0131rmad\u0131klar\u0131n\u0131 vurgulayan Memi\u015fo\u011flu\u2019nun, KKTC&#8217;nin \u00f6nemli bir devlet olarak Akdeniz&#8217;de insanlara sa\u011fl\u0131k hizmeti ula\u015ft\u0131rabilmesi i\u00e7in","og_url":"https:\/\/kibrisdakik.com\/?p=110874","article_published_time":"2026-04-21T12:29:16+00:00","og_image":[{"url":"https:\/\/mhahabercom.teimg.com\/crop\/1280x720\/mhahaber-com\/uploads\/2026\/04\/mha-sari-beyaz-kurtarildi-10.png","type":"","width":"","height":""}],"author":"admin","twitter_card":"summary_large_image","twitter_misc":{"Yazan:":"admin","Tahmini okuma s\u00fcresi":"1 dakika"},"schema":{"@context":"https:\/\/schema.org","@graph":[{"@type":"Article","@id":"https:\/\/kibrisdakik.com\/?p=110874#article","isPartOf":{"@id":"https:\/\/kibrisdakik.com\/?p=110874"},"author":{"name":"admin","@id":"https:\/\/kibrisdakik.com\/#\/schema\/person\/9cd9d437bbb44f72b73ba127e06d8e79"},"headline":"MEM\u0130\u015eO\u011eLU VE D\u0130N\u00c7Y\u00dcREK \u0130STANBUL\u2019DA G\u00d6R\u00dc\u015eT\u00dc","datePublished":"2026-04-21T12:29:16+00:00","mainEntityOfPage":{"@id":"https:\/\/kibrisdakik.com\/?p=110874"},"wordCount":217,"commentCount":0,"image":{"@id":"https:\/\/kibrisdakik.com\/?p=110874#primaryimage"},"thumbnailUrl":"https:\/\/kibrisdakik.com\/wp-content\/uploads\/2026\/04\/mha-sari-beyaz-kurtarildi-10.png","articleSection":["K\u0131br\u0131s"],"inLanguage":"tr","potentialAction":[{"@type":"CommentAction","name":"Comment","target":["https:\/\/kibrisdakik.com\/?p=110874#respond"]}]},{"@type":"WebPage","@id":"https:\/\/kibrisdakik.com\/?p=110874","url":"https:\/\/kibrisdakik.com\/?p=110874","name":"MEM\u0130\u015eO\u011eLU VE D\u0130N\u00c7Y\u00dcREK \u0130STANBUL\u2019DA G\u00d6R\u00dc\u015eT\u00dc -","isPartOf":{"@id":"https:\/\/kibrisdakik.com\/#website"},"primaryImageOfPage":{"@id":"https:\/\/kibrisdakik.com\/?p=110874#primaryimage"},"image":{"@id":"https:\/\/kibrisdakik.com\/?p=110874#primaryimage"},"thumbnailUrl":"https:\/\/kibrisdakik.com\/wp-content\/uploads\/2026\/04\/mha-sari-beyaz-kurtarildi-10.png","datePublished":"2026-04-21T12:29:16+00:00","author":{"@id":"https:\/\/kibrisdakik.com\/#\/schema\/person\/9cd9d437bbb44f72b73ba127e06d8e79"},"breadcrumb":{"@id":"https:\/\/kibrisdakik.com\/?p=110874#breadcrumb"},"inLanguage":"tr","potentialAction":[{"@type":"ReadAction","target":["https:\/\/kibrisdakik.com\/?p=110874"]}]},{"@type":"ImageObject","inLanguage":"tr","@id":"https:\/\/kibrisdakik.com\/?p=110874#primaryimage","url":"https:\/\/kibrisdakik.com\/wp-content\/uploads\/2026\/04\/mha-sari-beyaz-kurtarildi-10.png","contentUrl":"https:\/\/kibrisdakik.com\/wp-content\/uploads\/2026\/04\/mha-sari-beyaz-kurtarildi-10.png","width":1280,"height":720},{"@type":"BreadcrumbList","@id":"https:\/\/kibrisdakik.com\/?p=110874#breadcrumb","itemListElement":[{"@type":"ListItem","position":1,"name":"Home","item":"https:\/\/kibrisdakik.com\/"},{"@type":"ListItem","position":2,"name":"MEM\u0130\u015eO\u011eLU VE D\u0130N\u00c7Y\u00dcREK \u0130STANBUL\u2019DA G\u00d6R\u00dc\u015eT\u00dc"}]},{"@type":"WebSite","@id":"https:\/\/kibrisdakik.com\/#website","url":"https:\/\/kibrisdakik.com\/","name":"","description":"Tam vaktinde haber","potentialAction":[{"@type":"SearchAction","target":{"@type":"EntryPoint","urlTemplate":"https:\/\/kibrisdakik.com\/?s={search_term_string}"},"query-input":{"@type":"PropertyValueSpecification","valueRequired":true,"valueName":"search_term_string"}}],"inLanguage":"tr"},{"@type":"Person","@id":"https:\/\/kibrisdakik.com\/#\/schema\/person\/9cd9d437bbb44f72b73ba127e06d8e79","name":"admin","image":{"@type":"ImageObject","inLanguage":"tr","@id":"https:\/\/secure.gravatar.com\/avatar\/ccc17943b9d660506c869530f897617f7cb1c21a4bf30023f252596d83e1f007?s=96&d=mm&r=g","url":"https:\/\/secure.gravatar.com\/avatar\/ccc17943b9d660506c869530f897617f7cb1c21a4bf30023f252596d83e1f007?s=96&d=mm&r=g","contentUrl":"https:\/\/secure.gravatar.com\/avatar\/ccc17943b9d660506c869530f897617f7cb1c21a4bf30023f252596d83e1f007?s=96&d=mm&r=g","caption":"admin"},"sameAs":["https:\/\/kibrisdakik.com"],"url":"https:\/\/kibrisdakik.com\/?author=1"}]}},"_links":{"self":[{"href":"https:\/\/kibrisdakik.com\/index.php?rest_route=\/wp\/v2\/posts\/110874","targetHints":{"allow":["GET"]}}],"collection":[{"href":"https:\/\/kibrisdakik.com\/index.php?rest_route=\/wp\/v2\/posts"}],"about":[{"href":"https:\/\/kibrisdakik.com\/index.php?rest_route=\/wp\/v2\/types\/post"}],"author":[{"embeddable":true,"href":"https:\/\/kibrisdakik.com\/index.php?rest_route=\/wp\/v2\/users\/1"}],"replies":[{"embeddable":true,"href":"https:\/\/kibrisdakik.com\/index.php?rest_route=%2Fwp%2Fv2%2Fcomments&post=110874"}],"version-history":[{"count":0,"href":"https:\/\/kibrisdakik.com\/index.php?rest_route=\/wp\/v2\/posts\/110874\/revisions"}],"wp:featuredmedia":[{"embeddable":true,"href":"https:\/\/kibrisdakik.com\/index.php?rest_route=\/wp\/v2\/media\/110875"}],"wp:attachment":[{"href":"https:\/\/kibrisdakik.com\/index.php?rest_route=%2Fwp%2Fv2%2Fmedia&parent=110874"}],"wp:term":[{"taxonomy":"category","embeddable":true,"href":"https:\/\/kibrisdakik.com\/index.php?rest_route=%2Fwp%2Fv2%2Fcategories&post=110874"},{"taxonomy":"post_tag","embeddable":true,"href":"https:\/\/kibrisdakik.com\/index.php?rest_route=%2Fwp%2Fv2%2Ftags&post=110874"}],"curies":[{"name":"wp","href":"https:\/\/api.w.org\/{rel}","templated":true}]}}