{"id":110919,"date":"2026-04-22T10:12:18","date_gmt":"2026-04-22T07:12:18","guid":{"rendered":"https:\/\/kibrisdakik.com\/?p=110919"},"modified":"2026-04-22T10:12:18","modified_gmt":"2026-04-22T07:12:18","slug":"iklim-ve-doga-icin-acil-eylem-cagrisi","status":"publish","type":"post","link":"https:\/\/kibrisdakik.com\/?p=110919","title":{"rendered":"\u0130KL\u0130M VE DO\u011eA \u0130\u00c7\u0130N AC\u0130L EYLEM \u00c7A\u011eRISI"},"content":{"rendered":"<p><\/p>\n<p>Lefke \u00c7evre ve Ekoloji Derne\u011fi, 22 Nisan D\u00fcnya G\u00fcn\u00fc dolay\u0131s\u0131yla yapt\u0131\u011f\u0131 a\u00e7\u0131klamada iklim krizi, plastik kirlili\u011fi ve biyolojik \u00e7e\u015fitlilik kayb\u0131na kar\u015f\u0131 acil ve somut ad\u0131mlar at\u0131lmas\u0131 gerekti\u011fini vurgulad\u0131; yerel projeler ve e\u011fitimlerle \u00e7evre bilincini art\u0131rma s\u00f6z\u00fc verdi. Lefke \u00c7evre ve Ekoloji Derne\u011fi, iklim de\u011fi\u015fikli\u011fi, do\u011fal kaynaklar\u0131n t\u00fckenmesi, plastik kirlili\u011fi ve biyolojik \u00e7e\u015fitlili\u011fin azalmas\u0131 gibi sorunlar\u0131n ertelenemez bir noktaya ula\u015ft\u0131\u011f\u0131na dikkat \u00e7ekerek acil ve somut ad\u0131mlar at\u0131lmas\u0131n\u0131 istedi. Lefke \u00c7evre ve Ekoloji Derne\u011fi 22 Nisan D\u00fcnya G\u00fcn\u00fc dolay\u0131s\u0131yla mesaj yay\u0131mlayarak \u00e7evre i\u00e7in harekete ge\u00e7me zaman\u0131 oldu\u011funu vurgulad\u0131. Mesajda D\u00fcnya G\u00fcn\u00fc\u2019n\u00fcn yaln\u0131zca bir fark\u0131ndal\u0131k olmad\u0131\u011f\u0131; do\u011faya kar\u015f\u0131 sorumluluklar\u0131 hat\u0131rlatan k\u00fcresel bir hareket niteli\u011fi ta\u015f\u0131d\u0131\u011f\u0131 belirtildi. Lefke \u00c7evre ve Ekoloji Derne\u011fi\u2019nin \u00e7e\u015fitli projeler hayata ge\u00e7irdi\u011fi kaydedilen mesajda, \u201cYerel ekosistemleri korumaya y\u00f6nelik g\u00f6n\u00fcll\u00fc \u00e7al\u0131\u015fmalar\u0131n art\u0131r\u0131lmas\u0131, at\u0131k azal\u0131m\u0131 ve geri d\u00f6n\u00fc\u015f\u00fcm bilincini yayg\u0131nla\u015ft\u0131racak e\u011fitim programlar\u0131 d\u00fczenlenece\u011fi, gen\u00e7lere y\u00f6nelik \u00e7evre fark\u0131ndal\u0131\u011f\u0131 projeleri ve at\u00f6lyeler yap\u0131laca\u011f\u0131 ve do\u011fal ya\u015fam alanlar\u0131n\u0131n korunmas\u0131 i\u00e7in i\u015f birlikleri ve saha \u00e7al\u0131\u015fmalar\u0131 hayata ge\u00e7irilece\u011fi\u201d taahh\u00fctlerinde bulunuldu.<\/p>\n<div id=\"ad_121\" data-channel=\"121\" data-advert=\"temedya\" data-rotation=\"120\" class=\"mb-3 text-center\"><\/div>\n<div id=\"ad_121_mobile\" data-channel=\"121\" data-advert=\"temedya\" data-rotation=\"120\" class=\"mb-3 text-center\"><\/div>\n<\/p>\n<div class=\"article-source py-3 small \">\n                <\/div>\n","protected":false},"excerpt":{"rendered":"<p>Lefke \u00c7evre ve Ekoloji Derne\u011fi, 22 Nisan D\u00fcnya G\u00fcn\u00fc dolay\u0131s\u0131yla yapt\u0131\u011f\u0131 a\u00e7\u0131klamada iklim krizi, plastik kirlili\u011fi ve biyolojik \u00e7e\u015fitlilik kayb\u0131na kar\u015f\u0131 acil ve somut ad\u0131mlar at\u0131lmas\u0131 gerekti\u011fini vurgulad\u0131; yerel projeler ve e\u011fitimlerle \u00e7evre bilincini art\u0131rma s\u00f6z\u00fc verdi. Lefke \u00c7evre ve Ekoloji Derne\u011fi, iklim de\u011fi\u015fikli\u011fi, do\u011fal kaynaklar\u0131n t\u00fckenmesi, plastik kirlili\u011fi ve biyolojik \u00e7e\u015fitlili\u011fin azalmas\u0131 gibi sorunlar\u0131n<\/p>\n","protected":false},"author":1,"featured_media":110920,"comment_status":"open","ping_status":"open","sticky":false,"template":"","format":"standard","meta":{"footnotes":""},"categories":[81],"tags":[],"class_list":["post-110919","post","type-post","status-publish","format-standard","has-post-thumbnail","hentry","category-kibris"],"yoast_head":"<!-- This site is optimized with the Yoast SEO plugin v27.5 - https:\/\/yoast.com\/product\/yoast-seo-wordpress\/ -->\n<title>\u0130KL\u0130M VE DO\u011eA \u0130\u00c7\u0130N AC\u0130L EYLEM \u00c7A\u011eRISI -<\/title>\n<meta name=\"robots\" content=\"index, follow, max-snippet:-1, max-image-preview:large, max-video-preview:-1\" \/>\n<link rel=\"canonical\" href=\"https:\/\/kibrisdakik.com\/?p=110919\" \/>\n<meta property=\"og:locale\" content=\"tr_TR\" \/>\n<meta property=\"og:type\" content=\"article\" \/>\n<meta property=\"og:title\" content=\"\u0130KL\u0130M VE DO\u011eA \u0130\u00c7\u0130N AC\u0130L EYLEM \u00c7A\u011eRISI -\" \/>\n<meta property=\"og:description\" content=\"Lefke \u00c7evre ve Ekoloji Derne\u011fi, 22 Nisan D\u00fcnya G\u00fcn\u00fc dolay\u0131s\u0131yla yapt\u0131\u011f\u0131 a\u00e7\u0131klamada iklim krizi, plastik kirlili\u011fi ve biyolojik \u00e7e\u015fitlilik kayb\u0131na kar\u015f\u0131 acil ve somut ad\u0131mlar at\u0131lmas\u0131 gerekti\u011fini vurgulad\u0131; yerel projeler ve e\u011fitimlerle \u00e7evre bilincini art\u0131rma s\u00f6z\u00fc verdi. Lefke \u00c7evre ve Ekoloji Derne\u011fi, iklim de\u011fi\u015fikli\u011fi, do\u011fal kaynaklar\u0131n t\u00fckenmesi, plastik kirlili\u011fi ve biyolojik \u00e7e\u015fitlili\u011fin azalmas\u0131 gibi sorunlar\u0131n\" \/>\n<meta property=\"og:url\" content=\"https:\/\/kibrisdakik.com\/?p=110919\" \/>\n<meta property=\"article:published_time\" content=\"2026-04-22T07:12:18+00:00\" \/>\n<meta property=\"og:image\" content=\"https:\/\/mhahabercom.teimg.com\/crop\/1280x720\/mhahaber-com\/uploads\/2026\/04\/mha-sari-beyaz-kurtarildi-11.png\" \/>\n<meta name=\"author\" content=\"admin\" \/>\n<meta name=\"twitter:card\" content=\"summary_large_image\" \/>\n<meta name=\"twitter:label1\" content=\"Yazan:\" \/>\n\t<meta name=\"twitter:data1\" content=\"admin\" \/>\n\t<meta name=\"twitter:label2\" content=\"Tahmini okuma s\u00fcresi\" \/>\n\t<meta name=\"twitter:data2\" content=\"1 dakika\" \/>\n<script type=\"application\/ld+json\" class=\"yoast-schema-graph\">{\"@context\":\"https:\\\/\\\/schema.org\",\"@graph\":[{\"@type\":\"Article\",\"@id\":\"https:\\\/\\\/kibrisdakik.com\\\/?p=110919#article\",\"isPartOf\":{\"@id\":\"https:\\\/\\\/kibrisdakik.com\\\/?p=110919\"},\"author\":{\"name\":\"admin\",\"@id\":\"https:\\\/\\\/kibrisdakik.com\\\/#\\\/schema\\\/person\\\/9cd9d437bbb44f72b73ba127e06d8e79\"},\"headline\":\"\u0130KL\u0130M VE DO\u011eA \u0130\u00c7\u0130N AC\u0130L EYLEM \u00c7A\u011eRISI\",\"datePublished\":\"2026-04-22T07:12:18+00:00\",\"mainEntityOfPage\":{\"@id\":\"https:\\\/\\\/kibrisdakik.com\\\/?p=110919\"},\"wordCount\":251,\"commentCount\":0,\"image\":{\"@id\":\"https:\\\/\\\/kibrisdakik.com\\\/?p=110919#primaryimage\"},\"thumbnailUrl\":\"https:\\\/\\\/kibrisdakik.com\\\/wp-content\\\/uploads\\\/2026\\\/04\\\/mha-sari-beyaz-kurtarildi-11.png\",\"articleSection\":[\"K\u0131br\u0131s\"],\"inLanguage\":\"tr\",\"potentialAction\":[{\"@type\":\"CommentAction\",\"name\":\"Comment\",\"target\":[\"https:\\\/\\\/kibrisdakik.com\\\/?p=110919#respond\"]}]},{\"@type\":\"WebPage\",\"@id\":\"https:\\\/\\\/kibrisdakik.com\\\/?p=110919\",\"url\":\"https:\\\/\\\/kibrisdakik.com\\\/?p=110919\",\"name\":\"\u0130KL\u0130M VE DO\u011eA \u0130\u00c7\u0130N AC\u0130L EYLEM \u00c7A\u011eRISI -\",\"isPartOf\":{\"@id\":\"https:\\\/\\\/kibrisdakik.com\\\/#website\"},\"primaryImageOfPage\":{\"@id\":\"https:\\\/\\\/kibrisdakik.com\\\/?p=110919#primaryimage\"},\"image\":{\"@id\":\"https:\\\/\\\/kibrisdakik.com\\\/?p=110919#primaryimage\"},\"thumbnailUrl\":\"https:\\\/\\\/kibrisdakik.com\\\/wp-content\\\/uploads\\\/2026\\\/04\\\/mha-sari-beyaz-kurtarildi-11.png\",\"datePublished\":\"2026-04-22T07:12:18+00:00\",\"author\":{\"@id\":\"https:\\\/\\\/kibrisdakik.com\\\/#\\\/schema\\\/person\\\/9cd9d437bbb44f72b73ba127e06d8e79\"},\"breadcrumb\":{\"@id\":\"https:\\\/\\\/kibrisdakik.com\\\/?p=110919#breadcrumb\"},\"inLanguage\":\"tr\",\"potentialAction\":[{\"@type\":\"ReadAction\",\"target\":[\"https:\\\/\\\/kibrisdakik.com\\\/?p=110919\"]}]},{\"@type\":\"ImageObject\",\"inLanguage\":\"tr\",\"@id\":\"https:\\\/\\\/kibrisdakik.com\\\/?p=110919#primaryimage\",\"url\":\"https:\\\/\\\/kibrisdakik.com\\\/wp-content\\\/uploads\\\/2026\\\/04\\\/mha-sari-beyaz-kurtarildi-11.png\",\"contentUrl\":\"https:\\\/\\\/kibrisdakik.com\\\/wp-content\\\/uploads\\\/2026\\\/04\\\/mha-sari-beyaz-kurtarildi-11.png\",\"width\":1280,\"height\":720},{\"@type\":\"BreadcrumbList\",\"@id\":\"https:\\\/\\\/kibrisdakik.com\\\/?p=110919#breadcrumb\",\"itemListElement\":[{\"@type\":\"ListItem\",\"position\":1,\"name\":\"Home\",\"item\":\"https:\\\/\\\/kibrisdakik.com\\\/\"},{\"@type\":\"ListItem\",\"position\":2,\"name\":\"\u0130KL\u0130M VE DO\u011eA \u0130\u00c7\u0130N AC\u0130L EYLEM \u00c7A\u011eRISI\"}]},{\"@type\":\"WebSite\",\"@id\":\"https:\\\/\\\/kibrisdakik.com\\\/#website\",\"url\":\"https:\\\/\\\/kibrisdakik.com\\\/\",\"name\":\"\",\"description\":\"Tam vaktinde haber\",\"potentialAction\":[{\"@type\":\"SearchAction\",\"target\":{\"@type\":\"EntryPoint\",\"urlTemplate\":\"https:\\\/\\\/kibrisdakik.com\\\/?s={search_term_string}\"},\"query-input\":{\"@type\":\"PropertyValueSpecification\",\"valueRequired\":true,\"valueName\":\"search_term_string\"}}],\"inLanguage\":\"tr\"},{\"@type\":\"Person\",\"@id\":\"https:\\\/\\\/kibrisdakik.com\\\/#\\\/schema\\\/person\\\/9cd9d437bbb44f72b73ba127e06d8e79\",\"name\":\"admin\",\"image\":{\"@type\":\"ImageObject\",\"inLanguage\":\"tr\",\"@id\":\"https:\\\/\\\/secure.gravatar.com\\\/avatar\\\/ccc17943b9d660506c869530f897617f7cb1c21a4bf30023f252596d83e1f007?s=96&d=mm&r=g\",\"url\":\"https:\\\/\\\/secure.gravatar.com\\\/avatar\\\/ccc17943b9d660506c869530f897617f7cb1c21a4bf30023f252596d83e1f007?s=96&d=mm&r=g\",\"contentUrl\":\"https:\\\/\\\/secure.gravatar.com\\\/avatar\\\/ccc17943b9d660506c869530f897617f7cb1c21a4bf30023f252596d83e1f007?s=96&d=mm&r=g\",\"caption\":\"admin\"},\"sameAs\":[\"https:\\\/\\\/kibrisdakik.com\"],\"url\":\"https:\\\/\\\/kibrisdakik.com\\\/?author=1\"}]}<\/script>\n<!-- \/ Yoast SEO plugin. -->","yoast_head_json":{"title":"\u0130KL\u0130M VE DO\u011eA \u0130\u00c7\u0130N AC\u0130L EYLEM \u00c7A\u011eRISI -","robots":{"index":"index","follow":"follow","max-snippet":"max-snippet:-1","max-image-preview":"max-image-preview:large","max-video-preview":"max-video-preview:-1"},"canonical":"https:\/\/kibrisdakik.com\/?p=110919","og_locale":"tr_TR","og_type":"article","og_title":"\u0130KL\u0130M VE DO\u011eA \u0130\u00c7\u0130N AC\u0130L EYLEM \u00c7A\u011eRISI -","og_description":"Lefke \u00c7evre ve Ekoloji Derne\u011fi, 22 Nisan D\u00fcnya G\u00fcn\u00fc dolay\u0131s\u0131yla yapt\u0131\u011f\u0131 a\u00e7\u0131klamada iklim krizi, plastik kirlili\u011fi ve biyolojik \u00e7e\u015fitlilik kayb\u0131na kar\u015f\u0131 acil ve somut ad\u0131mlar at\u0131lmas\u0131 gerekti\u011fini vurgulad\u0131; yerel projeler ve e\u011fitimlerle \u00e7evre bilincini art\u0131rma s\u00f6z\u00fc verdi. Lefke \u00c7evre ve Ekoloji Derne\u011fi, iklim de\u011fi\u015fikli\u011fi, do\u011fal kaynaklar\u0131n t\u00fckenmesi, plastik kirlili\u011fi ve biyolojik \u00e7e\u015fitlili\u011fin azalmas\u0131 gibi sorunlar\u0131n","og_url":"https:\/\/kibrisdakik.com\/?p=110919","article_published_time":"2026-04-22T07:12:18+00:00","og_image":[{"url":"https:\/\/mhahabercom.teimg.com\/crop\/1280x720\/mhahaber-com\/uploads\/2026\/04\/mha-sari-beyaz-kurtarildi-11.png","type":"","width":"","height":""}],"author":"admin","twitter_card":"summary_large_image","twitter_misc":{"Yazan:":"admin","Tahmini okuma s\u00fcresi":"1 dakika"},"schema":{"@context":"https:\/\/schema.org","@graph":[{"@type":"Article","@id":"https:\/\/kibrisdakik.com\/?p=110919#article","isPartOf":{"@id":"https:\/\/kibrisdakik.com\/?p=110919"},"author":{"name":"admin","@id":"https:\/\/kibrisdakik.com\/#\/schema\/person\/9cd9d437bbb44f72b73ba127e06d8e79"},"headline":"\u0130KL\u0130M VE DO\u011eA \u0130\u00c7\u0130N AC\u0130L EYLEM \u00c7A\u011eRISI","datePublished":"2026-04-22T07:12:18+00:00","mainEntityOfPage":{"@id":"https:\/\/kibrisdakik.com\/?p=110919"},"wordCount":251,"commentCount":0,"image":{"@id":"https:\/\/kibrisdakik.com\/?p=110919#primaryimage"},"thumbnailUrl":"https:\/\/kibrisdakik.com\/wp-content\/uploads\/2026\/04\/mha-sari-beyaz-kurtarildi-11.png","articleSection":["K\u0131br\u0131s"],"inLanguage":"tr","potentialAction":[{"@type":"CommentAction","name":"Comment","target":["https:\/\/kibrisdakik.com\/?p=110919#respond"]}]},{"@type":"WebPage","@id":"https:\/\/kibrisdakik.com\/?p=110919","url":"https:\/\/kibrisdakik.com\/?p=110919","name":"\u0130KL\u0130M VE DO\u011eA \u0130\u00c7\u0130N AC\u0130L EYLEM \u00c7A\u011eRISI -","isPartOf":{"@id":"https:\/\/kibrisdakik.com\/#website"},"primaryImageOfPage":{"@id":"https:\/\/kibrisdakik.com\/?p=110919#primaryimage"},"image":{"@id":"https:\/\/kibrisdakik.com\/?p=110919#primaryimage"},"thumbnailUrl":"https:\/\/kibrisdakik.com\/wp-content\/uploads\/2026\/04\/mha-sari-beyaz-kurtarildi-11.png","datePublished":"2026-04-22T07:12:18+00:00","author":{"@id":"https:\/\/kibrisdakik.com\/#\/schema\/person\/9cd9d437bbb44f72b73ba127e06d8e79"},"breadcrumb":{"@id":"https:\/\/kibrisdakik.com\/?p=110919#breadcrumb"},"inLanguage":"tr","potentialAction":[{"@type":"ReadAction","target":["https:\/\/kibrisdakik.com\/?p=110919"]}]},{"@type":"ImageObject","inLanguage":"tr","@id":"https:\/\/kibrisdakik.com\/?p=110919#primaryimage","url":"https:\/\/kibrisdakik.com\/wp-content\/uploads\/2026\/04\/mha-sari-beyaz-kurtarildi-11.png","contentUrl":"https:\/\/kibrisdakik.com\/wp-content\/uploads\/2026\/04\/mha-sari-beyaz-kurtarildi-11.png","width":1280,"height":720},{"@type":"BreadcrumbList","@id":"https:\/\/kibrisdakik.com\/?p=110919#breadcrumb","itemListElement":[{"@type":"ListItem","position":1,"name":"Home","item":"https:\/\/kibrisdakik.com\/"},{"@type":"ListItem","position":2,"name":"\u0130KL\u0130M VE DO\u011eA \u0130\u00c7\u0130N AC\u0130L EYLEM \u00c7A\u011eRISI"}]},{"@type":"WebSite","@id":"https:\/\/kibrisdakik.com\/#website","url":"https:\/\/kibrisdakik.com\/","name":"","description":"Tam vaktinde haber","potentialAction":[{"@type":"SearchAction","target":{"@type":"EntryPoint","urlTemplate":"https:\/\/kibrisdakik.com\/?s={search_term_string}"},"query-input":{"@type":"PropertyValueSpecification","valueRequired":true,"valueName":"search_term_string"}}],"inLanguage":"tr"},{"@type":"Person","@id":"https:\/\/kibrisdakik.com\/#\/schema\/person\/9cd9d437bbb44f72b73ba127e06d8e79","name":"admin","image":{"@type":"ImageObject","inLanguage":"tr","@id":"https:\/\/secure.gravatar.com\/avatar\/ccc17943b9d660506c869530f897617f7cb1c21a4bf30023f252596d83e1f007?s=96&d=mm&r=g","url":"https:\/\/secure.gravatar.com\/avatar\/ccc17943b9d660506c869530f897617f7cb1c21a4bf30023f252596d83e1f007?s=96&d=mm&r=g","contentUrl":"https:\/\/secure.gravatar.com\/avatar\/ccc17943b9d660506c869530f897617f7cb1c21a4bf30023f252596d83e1f007?s=96&d=mm&r=g","caption":"admin"},"sameAs":["https:\/\/kibrisdakik.com"],"url":"https:\/\/kibrisdakik.com\/?author=1"}]}},"_links":{"self":[{"href":"https:\/\/kibrisdakik.com\/index.php?rest_route=\/wp\/v2\/posts\/110919","targetHints":{"allow":["GET"]}}],"collection":[{"href":"https:\/\/kibrisdakik.com\/index.php?rest_route=\/wp\/v2\/posts"}],"about":[{"href":"https:\/\/kibrisdakik.com\/index.php?rest_route=\/wp\/v2\/types\/post"}],"author":[{"embeddable":true,"href":"https:\/\/kibrisdakik.com\/index.php?rest_route=\/wp\/v2\/users\/1"}],"replies":[{"embeddable":true,"href":"https:\/\/kibrisdakik.com\/index.php?rest_route=%2Fwp%2Fv2%2Fcomments&post=110919"}],"version-history":[{"count":0,"href":"https:\/\/kibrisdakik.com\/index.php?rest_route=\/wp\/v2\/posts\/110919\/revisions"}],"wp:featuredmedia":[{"embeddable":true,"href":"https:\/\/kibrisdakik.com\/index.php?rest_route=\/wp\/v2\/media\/110920"}],"wp:attachment":[{"href":"https:\/\/kibrisdakik.com\/index.php?rest_route=%2Fwp%2Fv2%2Fmedia&parent=110919"}],"wp:term":[{"taxonomy":"category","embeddable":true,"href":"https:\/\/kibrisdakik.com\/index.php?rest_route=%2Fwp%2Fv2%2Fcategories&post=110919"},{"taxonomy":"post_tag","embeddable":true,"href":"https:\/\/kibrisdakik.com\/index.php?rest_route=%2Fwp%2Fv2%2Ftags&post=110919"}],"curies":[{"name":"wp","href":"https:\/\/api.w.org\/{rel}","templated":true}]}}