{"id":110940,"date":"2026-04-22T11:25:22","date_gmt":"2026-04-22T08:25:22","guid":{"rendered":"https:\/\/kibrisdakik.com\/?p=110940"},"modified":"2026-04-22T11:25:22","modified_gmt":"2026-04-22T08:25:22","slug":"temellide-egitim-ucusu-yapan-askeri-helikopter-dustu","status":"publish","type":"post","link":"https:\/\/kibrisdakik.com\/?p=110940","title":{"rendered":"TEMELL\u0130\u2019DE E\u011e\u0130T\u0130M U\u00c7U\u015eU YAPAN ASKER\u0130 HEL\u0130KOPTER D\u00dc\u015eT\u00dc"},"content":{"rendered":"<p><\/p>\n<div data-text-id=\"200449\" property=\"articleBody\">\n<p>Ankara&#8217;n\u0131n Temelli b\u00f6lgesinde e\u011fitim u\u00e7u\u015fu ger\u00e7ekle\u015ftiren Kara Havac\u0131l\u0131k Komutanl\u0131\u011f\u0131&#8217;na ait CH-47 tipi a\u011f\u0131r nakliye helikopteri kaza k\u0131r\u0131ma u\u011frad\u0131. Meydana gelen olayda herhangi bir can kayb\u0131 veya yaralanma ya\u015fanmad\u0131\u011f\u0131, personelin durumunun iyi oldu\u011fu a\u00e7\u0131kland\u0131.<\/p>\n<p>Yetkili makamlarca yap\u0131lan resmi bas\u0131n duyurusunda, helikopterin d\u00fc\u015f\u00fc\u015f nedeninin hen\u00fcz tespit edilemedi\u011fi belirtildi.<\/p>\n<p>D\u00fc\u015fme nedeninin yap\u0131lacak detayl\u0131 teknik incelemenin ard\u0131ndan netlik kazanaca\u011f\u0131 ifade edilen a\u00e7\u0131klamada \u015fu bilgilere yer verildi:<\/p>\n<p><em>&#8220;Kara Havac\u0131l\u0131k Komutanl\u0131\u011f\u0131m\u0131za ait bir CH-47 A\u011f\u0131r Nakliye Helikopterimiz, e\u011fitim u\u00e7u\u015fu icra etti\u011fi Ankara\/Temelli b\u00f6lgesinde hen\u00fcz bilinmeyen bir nedenle kaza k\u0131r\u0131ma u\u011fram\u0131\u015ft\u0131r. Personelimizde herhangi bir olumsuz durum yoktur. Kaza k\u0131r\u0131m nedeni yap\u0131lacak detayl\u0131 inceleme sonucunda belirlenecektir.&#8221;<\/em><\/p>\n<\/p><\/div>\n","protected":false},"excerpt":{"rendered":"<p>Ankara&#8217;n\u0131n Temelli b\u00f6lgesinde e\u011fitim u\u00e7u\u015fu ger\u00e7ekle\u015ftiren Kara Havac\u0131l\u0131k Komutanl\u0131\u011f\u0131&#8217;na ait CH-47 tipi a\u011f\u0131r nakliye helikopteri kaza k\u0131r\u0131ma u\u011frad\u0131. Meydana gelen olayda herhangi bir can kayb\u0131 veya yaralanma ya\u015fanmad\u0131\u011f\u0131, personelin durumunun iyi oldu\u011fu a\u00e7\u0131kland\u0131. Yetkili makamlarca yap\u0131lan resmi bas\u0131n duyurusunda, helikopterin d\u00fc\u015f\u00fc\u015f nedeninin hen\u00fcz tespit edilemedi\u011fi belirtildi. D\u00fc\u015fme nedeninin yap\u0131lacak detayl\u0131 teknik incelemenin ard\u0131ndan netlik kazanaca\u011f\u0131<\/p>\n","protected":false},"author":1,"featured_media":110941,"comment_status":"open","ping_status":"open","sticky":false,"template":"","format":"standard","meta":{"footnotes":""},"categories":[81],"tags":[],"class_list":["post-110940","post","type-post","status-publish","format-standard","has-post-thumbnail","hentry","category-kibris"],"yoast_head":"<!-- This site is optimized with the Yoast SEO plugin v27.4 - https:\/\/yoast.com\/product\/yoast-seo-wordpress\/ -->\n<title>TEMELL\u0130\u2019DE E\u011e\u0130T\u0130M U\u00c7U\u015eU YAPAN ASKER\u0130 HEL\u0130KOPTER D\u00dc\u015eT\u00dc -<\/title>\n<meta name=\"robots\" content=\"index, follow, max-snippet:-1, max-image-preview:large, max-video-preview:-1\" \/>\n<link rel=\"canonical\" href=\"https:\/\/kibrisdakik.com\/?p=110940\" \/>\n<meta property=\"og:locale\" content=\"tr_TR\" \/>\n<meta property=\"og:type\" content=\"article\" \/>\n<meta property=\"og:title\" content=\"TEMELL\u0130\u2019DE E\u011e\u0130T\u0130M U\u00c7U\u015eU YAPAN ASKER\u0130 HEL\u0130KOPTER D\u00dc\u015eT\u00dc -\" \/>\n<meta property=\"og:description\" content=\"Ankara&#8217;n\u0131n Temelli b\u00f6lgesinde e\u011fitim u\u00e7u\u015fu ger\u00e7ekle\u015ftiren Kara Havac\u0131l\u0131k Komutanl\u0131\u011f\u0131&#8217;na ait CH-47 tipi a\u011f\u0131r nakliye helikopteri kaza k\u0131r\u0131ma u\u011frad\u0131. Meydana gelen olayda herhangi bir can kayb\u0131 veya yaralanma ya\u015fanmad\u0131\u011f\u0131, personelin durumunun iyi oldu\u011fu a\u00e7\u0131kland\u0131. Yetkili makamlarca yap\u0131lan resmi bas\u0131n duyurusunda, helikopterin d\u00fc\u015f\u00fc\u015f nedeninin hen\u00fcz tespit edilemedi\u011fi belirtildi. D\u00fc\u015fme nedeninin yap\u0131lacak detayl\u0131 teknik incelemenin ard\u0131ndan netlik kazanaca\u011f\u0131\" \/>\n<meta property=\"og:url\" content=\"https:\/\/kibrisdakik.com\/?p=110940\" \/>\n<meta property=\"article:published_time\" content=\"2026-04-22T08:25:22+00:00\" \/>\n<meta property=\"og:image\" content=\"https:\/\/mhahabercom.teimg.com\/crop\/1280x720\/mhahaber-com\/uploads\/2026\/04\/mha-sari-beyaz-kurtarildi-16.png\" \/>\n<meta name=\"author\" content=\"admin\" \/>\n<meta name=\"twitter:card\" content=\"summary_large_image\" \/>\n<meta name=\"twitter:label1\" content=\"Yazan:\" \/>\n\t<meta name=\"twitter:data1\" content=\"admin\" \/>\n\t<meta name=\"twitter:label2\" content=\"Tahmini okuma s\u00fcresi\" \/>\n\t<meta name=\"twitter:data2\" content=\"1 dakika\" \/>\n<script type=\"application\/ld+json\" class=\"yoast-schema-graph\">{\"@context\":\"https:\\\/\\\/schema.org\",\"@graph\":[{\"@type\":\"Article\",\"@id\":\"https:\\\/\\\/kibrisdakik.com\\\/?p=110940#article\",\"isPartOf\":{\"@id\":\"https:\\\/\\\/kibrisdakik.com\\\/?p=110940\"},\"author\":{\"name\":\"admin\",\"@id\":\"https:\\\/\\\/kibrisdakik.com\\\/#\\\/schema\\\/person\\\/9cd9d437bbb44f72b73ba127e06d8e79\"},\"headline\":\"TEMELL\u0130\u2019DE E\u011e\u0130T\u0130M U\u00c7U\u015eU YAPAN ASKER\u0130 HEL\u0130KOPTER D\u00dc\u015eT\u00dc\",\"datePublished\":\"2026-04-22T08:25:22+00:00\",\"mainEntityOfPage\":{\"@id\":\"https:\\\/\\\/kibrisdakik.com\\\/?p=110940\"},\"wordCount\":157,\"commentCount\":0,\"image\":{\"@id\":\"https:\\\/\\\/kibrisdakik.com\\\/?p=110940#primaryimage\"},\"thumbnailUrl\":\"https:\\\/\\\/kibrisdakik.com\\\/wp-content\\\/uploads\\\/2026\\\/04\\\/mha-sari-beyaz-kurtarildi-16.png\",\"articleSection\":[\"K\u0131br\u0131s\"],\"inLanguage\":\"tr\",\"potentialAction\":[{\"@type\":\"CommentAction\",\"name\":\"Comment\",\"target\":[\"https:\\\/\\\/kibrisdakik.com\\\/?p=110940#respond\"]}]},{\"@type\":\"WebPage\",\"@id\":\"https:\\\/\\\/kibrisdakik.com\\\/?p=110940\",\"url\":\"https:\\\/\\\/kibrisdakik.com\\\/?p=110940\",\"name\":\"TEMELL\u0130\u2019DE E\u011e\u0130T\u0130M U\u00c7U\u015eU YAPAN ASKER\u0130 HEL\u0130KOPTER D\u00dc\u015eT\u00dc -\",\"isPartOf\":{\"@id\":\"https:\\\/\\\/kibrisdakik.com\\\/#website\"},\"primaryImageOfPage\":{\"@id\":\"https:\\\/\\\/kibrisdakik.com\\\/?p=110940#primaryimage\"},\"image\":{\"@id\":\"https:\\\/\\\/kibrisdakik.com\\\/?p=110940#primaryimage\"},\"thumbnailUrl\":\"https:\\\/\\\/kibrisdakik.com\\\/wp-content\\\/uploads\\\/2026\\\/04\\\/mha-sari-beyaz-kurtarildi-16.png\",\"datePublished\":\"2026-04-22T08:25:22+00:00\",\"author\":{\"@id\":\"https:\\\/\\\/kibrisdakik.com\\\/#\\\/schema\\\/person\\\/9cd9d437bbb44f72b73ba127e06d8e79\"},\"breadcrumb\":{\"@id\":\"https:\\\/\\\/kibrisdakik.com\\\/?p=110940#breadcrumb\"},\"inLanguage\":\"tr\",\"potentialAction\":[{\"@type\":\"ReadAction\",\"target\":[\"https:\\\/\\\/kibrisdakik.com\\\/?p=110940\"]}]},{\"@type\":\"ImageObject\",\"inLanguage\":\"tr\",\"@id\":\"https:\\\/\\\/kibrisdakik.com\\\/?p=110940#primaryimage\",\"url\":\"https:\\\/\\\/kibrisdakik.com\\\/wp-content\\\/uploads\\\/2026\\\/04\\\/mha-sari-beyaz-kurtarildi-16.png\",\"contentUrl\":\"https:\\\/\\\/kibrisdakik.com\\\/wp-content\\\/uploads\\\/2026\\\/04\\\/mha-sari-beyaz-kurtarildi-16.png\",\"width\":1280,\"height\":720},{\"@type\":\"BreadcrumbList\",\"@id\":\"https:\\\/\\\/kibrisdakik.com\\\/?p=110940#breadcrumb\",\"itemListElement\":[{\"@type\":\"ListItem\",\"position\":1,\"name\":\"Home\",\"item\":\"https:\\\/\\\/kibrisdakik.com\\\/\"},{\"@type\":\"ListItem\",\"position\":2,\"name\":\"TEMELL\u0130\u2019DE E\u011e\u0130T\u0130M U\u00c7U\u015eU YAPAN ASKER\u0130 HEL\u0130KOPTER D\u00dc\u015eT\u00dc\"}]},{\"@type\":\"WebSite\",\"@id\":\"https:\\\/\\\/kibrisdakik.com\\\/#website\",\"url\":\"https:\\\/\\\/kibrisdakik.com\\\/\",\"name\":\"\",\"description\":\"Tam vaktinde haber\",\"potentialAction\":[{\"@type\":\"SearchAction\",\"target\":{\"@type\":\"EntryPoint\",\"urlTemplate\":\"https:\\\/\\\/kibrisdakik.com\\\/?s={search_term_string}\"},\"query-input\":{\"@type\":\"PropertyValueSpecification\",\"valueRequired\":true,\"valueName\":\"search_term_string\"}}],\"inLanguage\":\"tr\"},{\"@type\":\"Person\",\"@id\":\"https:\\\/\\\/kibrisdakik.com\\\/#\\\/schema\\\/person\\\/9cd9d437bbb44f72b73ba127e06d8e79\",\"name\":\"admin\",\"image\":{\"@type\":\"ImageObject\",\"inLanguage\":\"tr\",\"@id\":\"https:\\\/\\\/secure.gravatar.com\\\/avatar\\\/ccc17943b9d660506c869530f897617f7cb1c21a4bf30023f252596d83e1f007?s=96&d=mm&r=g\",\"url\":\"https:\\\/\\\/secure.gravatar.com\\\/avatar\\\/ccc17943b9d660506c869530f897617f7cb1c21a4bf30023f252596d83e1f007?s=96&d=mm&r=g\",\"contentUrl\":\"https:\\\/\\\/secure.gravatar.com\\\/avatar\\\/ccc17943b9d660506c869530f897617f7cb1c21a4bf30023f252596d83e1f007?s=96&d=mm&r=g\",\"caption\":\"admin\"},\"sameAs\":[\"https:\\\/\\\/kibrisdakik.com\"],\"url\":\"https:\\\/\\\/kibrisdakik.com\\\/?author=1\"}]}<\/script>\n<!-- \/ Yoast SEO plugin. -->","yoast_head_json":{"title":"TEMELL\u0130\u2019DE E\u011e\u0130T\u0130M U\u00c7U\u015eU YAPAN ASKER\u0130 HEL\u0130KOPTER D\u00dc\u015eT\u00dc -","robots":{"index":"index","follow":"follow","max-snippet":"max-snippet:-1","max-image-preview":"max-image-preview:large","max-video-preview":"max-video-preview:-1"},"canonical":"https:\/\/kibrisdakik.com\/?p=110940","og_locale":"tr_TR","og_type":"article","og_title":"TEMELL\u0130\u2019DE E\u011e\u0130T\u0130M U\u00c7U\u015eU YAPAN ASKER\u0130 HEL\u0130KOPTER D\u00dc\u015eT\u00dc -","og_description":"Ankara&#8217;n\u0131n Temelli b\u00f6lgesinde e\u011fitim u\u00e7u\u015fu ger\u00e7ekle\u015ftiren Kara Havac\u0131l\u0131k Komutanl\u0131\u011f\u0131&#8217;na ait CH-47 tipi a\u011f\u0131r nakliye helikopteri kaza k\u0131r\u0131ma u\u011frad\u0131. Meydana gelen olayda herhangi bir can kayb\u0131 veya yaralanma ya\u015fanmad\u0131\u011f\u0131, personelin durumunun iyi oldu\u011fu a\u00e7\u0131kland\u0131. Yetkili makamlarca yap\u0131lan resmi bas\u0131n duyurusunda, helikopterin d\u00fc\u015f\u00fc\u015f nedeninin hen\u00fcz tespit edilemedi\u011fi belirtildi. D\u00fc\u015fme nedeninin yap\u0131lacak detayl\u0131 teknik incelemenin ard\u0131ndan netlik kazanaca\u011f\u0131","og_url":"https:\/\/kibrisdakik.com\/?p=110940","article_published_time":"2026-04-22T08:25:22+00:00","og_image":[{"url":"https:\/\/mhahabercom.teimg.com\/crop\/1280x720\/mhahaber-com\/uploads\/2026\/04\/mha-sari-beyaz-kurtarildi-16.png","type":"","width":"","height":""}],"author":"admin","twitter_card":"summary_large_image","twitter_misc":{"Yazan:":"admin","Tahmini okuma s\u00fcresi":"1 dakika"},"schema":{"@context":"https:\/\/schema.org","@graph":[{"@type":"Article","@id":"https:\/\/kibrisdakik.com\/?p=110940#article","isPartOf":{"@id":"https:\/\/kibrisdakik.com\/?p=110940"},"author":{"name":"admin","@id":"https:\/\/kibrisdakik.com\/#\/schema\/person\/9cd9d437bbb44f72b73ba127e06d8e79"},"headline":"TEMELL\u0130\u2019DE E\u011e\u0130T\u0130M U\u00c7U\u015eU YAPAN ASKER\u0130 HEL\u0130KOPTER D\u00dc\u015eT\u00dc","datePublished":"2026-04-22T08:25:22+00:00","mainEntityOfPage":{"@id":"https:\/\/kibrisdakik.com\/?p=110940"},"wordCount":157,"commentCount":0,"image":{"@id":"https:\/\/kibrisdakik.com\/?p=110940#primaryimage"},"thumbnailUrl":"https:\/\/kibrisdakik.com\/wp-content\/uploads\/2026\/04\/mha-sari-beyaz-kurtarildi-16.png","articleSection":["K\u0131br\u0131s"],"inLanguage":"tr","potentialAction":[{"@type":"CommentAction","name":"Comment","target":["https:\/\/kibrisdakik.com\/?p=110940#respond"]}]},{"@type":"WebPage","@id":"https:\/\/kibrisdakik.com\/?p=110940","url":"https:\/\/kibrisdakik.com\/?p=110940","name":"TEMELL\u0130\u2019DE E\u011e\u0130T\u0130M U\u00c7U\u015eU YAPAN ASKER\u0130 HEL\u0130KOPTER D\u00dc\u015eT\u00dc -","isPartOf":{"@id":"https:\/\/kibrisdakik.com\/#website"},"primaryImageOfPage":{"@id":"https:\/\/kibrisdakik.com\/?p=110940#primaryimage"},"image":{"@id":"https:\/\/kibrisdakik.com\/?p=110940#primaryimage"},"thumbnailUrl":"https:\/\/kibrisdakik.com\/wp-content\/uploads\/2026\/04\/mha-sari-beyaz-kurtarildi-16.png","datePublished":"2026-04-22T08:25:22+00:00","author":{"@id":"https:\/\/kibrisdakik.com\/#\/schema\/person\/9cd9d437bbb44f72b73ba127e06d8e79"},"breadcrumb":{"@id":"https:\/\/kibrisdakik.com\/?p=110940#breadcrumb"},"inLanguage":"tr","potentialAction":[{"@type":"ReadAction","target":["https:\/\/kibrisdakik.com\/?p=110940"]}]},{"@type":"ImageObject","inLanguage":"tr","@id":"https:\/\/kibrisdakik.com\/?p=110940#primaryimage","url":"https:\/\/kibrisdakik.com\/wp-content\/uploads\/2026\/04\/mha-sari-beyaz-kurtarildi-16.png","contentUrl":"https:\/\/kibrisdakik.com\/wp-content\/uploads\/2026\/04\/mha-sari-beyaz-kurtarildi-16.png","width":1280,"height":720},{"@type":"BreadcrumbList","@id":"https:\/\/kibrisdakik.com\/?p=110940#breadcrumb","itemListElement":[{"@type":"ListItem","position":1,"name":"Home","item":"https:\/\/kibrisdakik.com\/"},{"@type":"ListItem","position":2,"name":"TEMELL\u0130\u2019DE E\u011e\u0130T\u0130M U\u00c7U\u015eU YAPAN ASKER\u0130 HEL\u0130KOPTER D\u00dc\u015eT\u00dc"}]},{"@type":"WebSite","@id":"https:\/\/kibrisdakik.com\/#website","url":"https:\/\/kibrisdakik.com\/","name":"","description":"Tam vaktinde haber","potentialAction":[{"@type":"SearchAction","target":{"@type":"EntryPoint","urlTemplate":"https:\/\/kibrisdakik.com\/?s={search_term_string}"},"query-input":{"@type":"PropertyValueSpecification","valueRequired":true,"valueName":"search_term_string"}}],"inLanguage":"tr"},{"@type":"Person","@id":"https:\/\/kibrisdakik.com\/#\/schema\/person\/9cd9d437bbb44f72b73ba127e06d8e79","name":"admin","image":{"@type":"ImageObject","inLanguage":"tr","@id":"https:\/\/secure.gravatar.com\/avatar\/ccc17943b9d660506c869530f897617f7cb1c21a4bf30023f252596d83e1f007?s=96&d=mm&r=g","url":"https:\/\/secure.gravatar.com\/avatar\/ccc17943b9d660506c869530f897617f7cb1c21a4bf30023f252596d83e1f007?s=96&d=mm&r=g","contentUrl":"https:\/\/secure.gravatar.com\/avatar\/ccc17943b9d660506c869530f897617f7cb1c21a4bf30023f252596d83e1f007?s=96&d=mm&r=g","caption":"admin"},"sameAs":["https:\/\/kibrisdakik.com"],"url":"https:\/\/kibrisdakik.com\/?author=1"}]}},"_links":{"self":[{"href":"https:\/\/kibrisdakik.com\/index.php?rest_route=\/wp\/v2\/posts\/110940","targetHints":{"allow":["GET"]}}],"collection":[{"href":"https:\/\/kibrisdakik.com\/index.php?rest_route=\/wp\/v2\/posts"}],"about":[{"href":"https:\/\/kibrisdakik.com\/index.php?rest_route=\/wp\/v2\/types\/post"}],"author":[{"embeddable":true,"href":"https:\/\/kibrisdakik.com\/index.php?rest_route=\/wp\/v2\/users\/1"}],"replies":[{"embeddable":true,"href":"https:\/\/kibrisdakik.com\/index.php?rest_route=%2Fwp%2Fv2%2Fcomments&post=110940"}],"version-history":[{"count":0,"href":"https:\/\/kibrisdakik.com\/index.php?rest_route=\/wp\/v2\/posts\/110940\/revisions"}],"wp:featuredmedia":[{"embeddable":true,"href":"https:\/\/kibrisdakik.com\/index.php?rest_route=\/wp\/v2\/media\/110941"}],"wp:attachment":[{"href":"https:\/\/kibrisdakik.com\/index.php?rest_route=%2Fwp%2Fv2%2Fmedia&parent=110940"}],"wp:term":[{"taxonomy":"category","embeddable":true,"href":"https:\/\/kibrisdakik.com\/index.php?rest_route=%2Fwp%2Fv2%2Fcategories&post=110940"},{"taxonomy":"post_tag","embeddable":true,"href":"https:\/\/kibrisdakik.com\/index.php?rest_route=%2Fwp%2Fv2%2Ftags&post=110940"}],"curies":[{"name":"wp","href":"https:\/\/api.w.org\/{rel}","templated":true}]}}