{"id":110956,"date":"2026-04-22T13:05:52","date_gmt":"2026-04-22T10:05:52","guid":{"rendered":"https:\/\/kibrisdakik.com\/?p=110956"},"modified":"2026-04-22T13:05:52","modified_gmt":"2026-04-22T10:05:52","slug":"trumptan-irana-ateskes-hamlesi-pakistanin-talebiyle-sure-uzatildi","status":"publish","type":"post","link":"https:\/\/kibrisdakik.com\/?p=110956","title":{"rendered":"TRUMP\u2019TAN \u0130RAN\u2019A ATE\u015eKES HAMLES\u0130: PAK\u0130STAN\u2019IN TALEB\u0130YLE S\u00dcRE UZATILDI"},"content":{"rendered":"<p><\/p>\n<p>ABD Ba\u015fkan\u0131 Donald Trump, Pakistan&#8217;\u0131n da talebi \u00fczerine, \u0130ran&#8217;\u0131n anla\u015fmaya y\u00f6nelik \u00f6nerisini sunana kadar ate\u015fkesi uzatma karar\u0131 ald\u0131\u011f\u0131n\u0131 duyurdu.<\/p>\n<p>ABD Ba\u015fkan\u0131 Trump, \u0130ran&#8217;la m\u00fczakereler konusundaki belirsizlik s\u00fcrerken, Truth Social hesab\u0131ndan \u00f6nemli bir a\u00e7\u0131klama yapt\u0131.<\/p>\n<p>Trump, \u0130ran y\u00f6netiminin &#8220;b\u00f6l\u00fcnm\u00fc\u015f&#8221; oldu\u011funu savunarak, Pakistan&#8217;\u0131n da ate\u015fkesle ilgili talebini dikkate alarak, bug\u00fcn sona erecek olan ge\u00e7ici ate\u015fkesi uzatt\u0131\u011f\u0131n\u0131 a\u00e7\u0131klad\u0131.<\/p>\n<div id=\"ad_121\" data-channel=\"121\" data-advert=\"temedya\" data-rotation=\"120\" class=\"mb-3 text-center\"><\/div>\n<div id=\"ad_121_mobile\" data-channel=\"121\" data-advert=\"temedya\" data-rotation=\"120\" class=\"mb-3 text-center\"><\/div>\n<p>Trump, a\u00e7\u0131klamas\u0131nda, \u015fu ifadeleri kulland\u0131:<\/p>\n<p>&#8220;\u0130ran y\u00f6netiminin ciddi bir b\u00f6l\u00fcnme i\u00e7inde oldu\u011fu ger\u00e7e\u011fi ve Pakistan&#8217;dan Mare\u015fal As\u0131m M\u00fcnir ile Ba\u015fbakan \u015eahbaz \u015eerif&#8217;in de talebi \u00fczerine, liderleri ve temsilcileri ortak bir \u00f6neri sunana kadar \u0130ran&#8217;a y\u00f6nelik sald\u0131r\u0131m\u0131z\u0131 ask\u0131ya almam\u0131z istendi. Bu nedenle ordumuza ablukay\u0131 s\u00fcrd\u00fcrme ve her a\u00e7\u0131dan haz\u0131r kalmalar\u0131 talimat\u0131 verdim; dolay\u0131s\u0131yla (\u0130ran&#8217;\u0131n) \u00f6nerisi sunulana ve m\u00fczakereler bir \u015fekilde sonu\u00e7lanana kadar ate\u015fkesi uzataca\u011f\u0131m.&#8221;<\/p>\n<p>-\u0130ran: \u201cAte\u015fkesin uzat\u0131lmas\u0131 karar\u0131 \u0130ran&#8217;a yeni sald\u0131r\u0131lar i\u00e7in zaman kazanma amac\u0131 ta\u015f\u0131yor\u201d<\/p>\n<p>\u0130ran Meclis Ba\u015fkan\u0131 Muhammed Bak\u0131r Kalibaf&#8217;\u0131n dan\u0131\u015fman\u0131 Mehdi Muhammedi, Trump&#8217;\u0131n &#8220;\u0130ran ile var\u0131lan ge\u00e7ici ate\u015fkesi uzatt\u0131\u011f\u0131na&#8221; y\u00f6nelik a\u00e7\u0131klamas\u0131na ili\u015fkin, &#8220;Kaybeden taraf \u015fartlar\u0131 belirleyemez.&#8221; ifadesini kulland\u0131.<\/p>\n<p>Muhammedi, X\u2019ten yapt\u0131\u011f\u0131 payla\u015f\u0131mda, ABD&#8217;nin H\u00fcrm\u00fcz Bo\u011faz\u0131&#8217;nda devam ettirme karar\u0131 ald\u0131\u011f\u0131 deniz ablukas\u0131n\u0131n, bombard\u0131mandan farks\u0131z oldu\u011funu ve askeri olarak kar\u015f\u0131l\u0131k verilmesi gerekti\u011fini savunarak, &#8220;Kaybeden taraf \u015fartlar\u0131 belirleyemez.&#8221; dedi.<\/p>\n<p>Muhammedi, ABD&#8217;nin ate\u015fkesin uzat\u0131lmas\u0131na y\u00f6nelik karar\u0131n\u0131n \u0130ran&#8217;a y\u00f6nelik yeni sald\u0131r\u0131lar i\u00e7in zaman kazanma amac\u0131 ta\u015f\u0131d\u0131\u011f\u0131n\u0131 vurgulad\u0131.<\/p>\n<p>&#8211; Pakistan Ba\u015fbakan\u0131, ate\u015fkesi uzatan Trump&#8217;a te\u015fekk\u00fcr etti<\/p>\n<p>\u00d6te yandan Pakistan Ba\u015fbakan\u0131 \u015eahbaz \u015eerif, \u0130ran&#8217;la ge\u00e7ici ate\u015fkesin uzat\u0131lmas\u0131 y\u00f6n\u00fcndeki taleplerini kabul etmesi nedeniyle ABD Ba\u015fkan\u0131 Donald Trump&#8217;a te\u015fekk\u00fcr etti.<\/p>\n<p>\u015eerif, X\u2019ten yapt\u0131\u011f\u0131 payla\u015f\u0131mda, diplomatik \u00e7abalar\u0131n devam edebilmesi amac\u0131yla ate\u015fkesin uzat\u0131lmas\u0131 y\u00f6n\u00fcndeki taleplerini kabul etti\u011fi i\u00e7in Trump&#8217;a te\u015fekk\u00fcr etti\u011fini ifade ederek, Pakistan&#8217;\u0131n \u00e7at\u0131\u015fman\u0131n m\u00fczakere yoluyla \u00e7\u00f6z\u00fcm\u00fcne y\u00f6nelik \u00e7abalar\u0131n\u0131 s\u00fcrd\u00fcrece\u011fini belirtti.<\/p>\n<p>\u015eerif, &#8220;Her iki taraf\u0131n da ate\u015fkesi s\u00fcrd\u00fcrmesini ve \u00e7at\u0131\u015fmaya kal\u0131c\u0131 bir son vermek amac\u0131yla \u0130slamabad&#8217;da yap\u0131lmas\u0131 planlanan ikinci tur m\u00fczakerelerinde kapsaml\u0131 bir &#8216;bar\u0131\u015f anla\u015fmas\u0131na&#8217; var\u0131lmas\u0131n\u0131 i\u00e7tenlikle umuyorum.&#8221; ifadesini kulland\u0131.<\/p>\n<\/p>\n<div class=\"article-source py-3 small \">\n                <\/div>\n","protected":false},"excerpt":{"rendered":"<p>ABD Ba\u015fkan\u0131 Donald Trump, Pakistan&#8217;\u0131n da talebi \u00fczerine, \u0130ran&#8217;\u0131n anla\u015fmaya y\u00f6nelik \u00f6nerisini sunana kadar ate\u015fkesi uzatma karar\u0131 ald\u0131\u011f\u0131n\u0131 duyurdu. ABD Ba\u015fkan\u0131 Trump, \u0130ran&#8217;la m\u00fczakereler konusundaki belirsizlik s\u00fcrerken, Truth Social hesab\u0131ndan \u00f6nemli bir a\u00e7\u0131klama yapt\u0131. Trump, \u0130ran y\u00f6netiminin &#8220;b\u00f6l\u00fcnm\u00fc\u015f&#8221; oldu\u011funu savunarak, Pakistan&#8217;\u0131n da ate\u015fkesle ilgili talebini dikkate alarak, bug\u00fcn sona erecek olan ge\u00e7ici ate\u015fkesi uzatt\u0131\u011f\u0131n\u0131 a\u00e7\u0131klad\u0131.<\/p>\n","protected":false},"author":1,"featured_media":110957,"comment_status":"open","ping_status":"open","sticky":false,"template":"","format":"standard","meta":{"footnotes":""},"categories":[81],"tags":[],"class_list":["post-110956","post","type-post","status-publish","format-standard","has-post-thumbnail","hentry","category-kibris"],"yoast_head":"<!-- This site is optimized with the Yoast SEO plugin v27.4 - https:\/\/yoast.com\/product\/yoast-seo-wordpress\/ -->\n<title>TRUMP\u2019TAN \u0130RAN\u2019A ATE\u015eKES HAMLES\u0130: PAK\u0130STAN\u2019IN TALEB\u0130YLE S\u00dcRE UZATILDI -<\/title>\n<meta name=\"robots\" content=\"index, follow, max-snippet:-1, max-image-preview:large, max-video-preview:-1\" \/>\n<link rel=\"canonical\" href=\"https:\/\/kibrisdakik.com\/?p=110956\" \/>\n<meta property=\"og:locale\" content=\"tr_TR\" \/>\n<meta property=\"og:type\" content=\"article\" \/>\n<meta property=\"og:title\" content=\"TRUMP\u2019TAN \u0130RAN\u2019A ATE\u015eKES HAMLES\u0130: PAK\u0130STAN\u2019IN TALEB\u0130YLE S\u00dcRE UZATILDI -\" \/>\n<meta property=\"og:description\" content=\"ABD Ba\u015fkan\u0131 Donald Trump, Pakistan&#8217;\u0131n da talebi \u00fczerine, \u0130ran&#8217;\u0131n anla\u015fmaya y\u00f6nelik \u00f6nerisini sunana kadar ate\u015fkesi uzatma karar\u0131 ald\u0131\u011f\u0131n\u0131 duyurdu. ABD Ba\u015fkan\u0131 Trump, \u0130ran&#8217;la m\u00fczakereler konusundaki belirsizlik s\u00fcrerken, Truth Social hesab\u0131ndan \u00f6nemli bir a\u00e7\u0131klama yapt\u0131. Trump, \u0130ran y\u00f6netiminin &#8220;b\u00f6l\u00fcnm\u00fc\u015f&#8221; oldu\u011funu savunarak, Pakistan&#8217;\u0131n da ate\u015fkesle ilgili talebini dikkate alarak, bug\u00fcn sona erecek olan ge\u00e7ici ate\u015fkesi uzatt\u0131\u011f\u0131n\u0131 a\u00e7\u0131klad\u0131.\" \/>\n<meta property=\"og:url\" content=\"https:\/\/kibrisdakik.com\/?p=110956\" \/>\n<meta property=\"article:published_time\" content=\"2026-04-22T10:05:52+00:00\" \/>\n<meta property=\"og:image\" content=\"https:\/\/mhahabercom.teimg.com\/crop\/1280x720\/mhahaber-com\/uploads\/2026\/04\/mha-sari-beyaz-kurtarildi-18.png\" \/>\n<meta name=\"author\" content=\"admin\" \/>\n<meta name=\"twitter:card\" content=\"summary_large_image\" \/>\n<meta name=\"twitter:label1\" content=\"Yazan:\" \/>\n\t<meta name=\"twitter:data1\" content=\"admin\" \/>\n\t<meta name=\"twitter:label2\" content=\"Tahmini okuma s\u00fcresi\" \/>\n\t<meta name=\"twitter:data2\" content=\"2 dakika\" \/>\n<script type=\"application\/ld+json\" class=\"yoast-schema-graph\">{\"@context\":\"https:\\\/\\\/schema.org\",\"@graph\":[{\"@type\":\"Article\",\"@id\":\"https:\\\/\\\/kibrisdakik.com\\\/?p=110956#article\",\"isPartOf\":{\"@id\":\"https:\\\/\\\/kibrisdakik.com\\\/?p=110956\"},\"author\":{\"name\":\"admin\",\"@id\":\"https:\\\/\\\/kibrisdakik.com\\\/#\\\/schema\\\/person\\\/9cd9d437bbb44f72b73ba127e06d8e79\"},\"headline\":\"TRUMP\u2019TAN \u0130RAN\u2019A ATE\u015eKES HAMLES\u0130: PAK\u0130STAN\u2019IN TALEB\u0130YLE S\u00dcRE UZATILDI\",\"datePublished\":\"2026-04-22T10:05:52+00:00\",\"mainEntityOfPage\":{\"@id\":\"https:\\\/\\\/kibrisdakik.com\\\/?p=110956\"},\"wordCount\":452,\"commentCount\":0,\"image\":{\"@id\":\"https:\\\/\\\/kibrisdakik.com\\\/?p=110956#primaryimage\"},\"thumbnailUrl\":\"https:\\\/\\\/kibrisdakik.com\\\/wp-content\\\/uploads\\\/2026\\\/04\\\/mha-sari-beyaz-kurtarildi-18.png\",\"articleSection\":[\"K\u0131br\u0131s\"],\"inLanguage\":\"tr\",\"potentialAction\":[{\"@type\":\"CommentAction\",\"name\":\"Comment\",\"target\":[\"https:\\\/\\\/kibrisdakik.com\\\/?p=110956#respond\"]}]},{\"@type\":\"WebPage\",\"@id\":\"https:\\\/\\\/kibrisdakik.com\\\/?p=110956\",\"url\":\"https:\\\/\\\/kibrisdakik.com\\\/?p=110956\",\"name\":\"TRUMP\u2019TAN \u0130RAN\u2019A ATE\u015eKES HAMLES\u0130: PAK\u0130STAN\u2019IN TALEB\u0130YLE S\u00dcRE UZATILDI -\",\"isPartOf\":{\"@id\":\"https:\\\/\\\/kibrisdakik.com\\\/#website\"},\"primaryImageOfPage\":{\"@id\":\"https:\\\/\\\/kibrisdakik.com\\\/?p=110956#primaryimage\"},\"image\":{\"@id\":\"https:\\\/\\\/kibrisdakik.com\\\/?p=110956#primaryimage\"},\"thumbnailUrl\":\"https:\\\/\\\/kibrisdakik.com\\\/wp-content\\\/uploads\\\/2026\\\/04\\\/mha-sari-beyaz-kurtarildi-18.png\",\"datePublished\":\"2026-04-22T10:05:52+00:00\",\"author\":{\"@id\":\"https:\\\/\\\/kibrisdakik.com\\\/#\\\/schema\\\/person\\\/9cd9d437bbb44f72b73ba127e06d8e79\"},\"breadcrumb\":{\"@id\":\"https:\\\/\\\/kibrisdakik.com\\\/?p=110956#breadcrumb\"},\"inLanguage\":\"tr\",\"potentialAction\":[{\"@type\":\"ReadAction\",\"target\":[\"https:\\\/\\\/kibrisdakik.com\\\/?p=110956\"]}]},{\"@type\":\"ImageObject\",\"inLanguage\":\"tr\",\"@id\":\"https:\\\/\\\/kibrisdakik.com\\\/?p=110956#primaryimage\",\"url\":\"https:\\\/\\\/kibrisdakik.com\\\/wp-content\\\/uploads\\\/2026\\\/04\\\/mha-sari-beyaz-kurtarildi-18.png\",\"contentUrl\":\"https:\\\/\\\/kibrisdakik.com\\\/wp-content\\\/uploads\\\/2026\\\/04\\\/mha-sari-beyaz-kurtarildi-18.png\",\"width\":1280,\"height\":720},{\"@type\":\"BreadcrumbList\",\"@id\":\"https:\\\/\\\/kibrisdakik.com\\\/?p=110956#breadcrumb\",\"itemListElement\":[{\"@type\":\"ListItem\",\"position\":1,\"name\":\"Home\",\"item\":\"https:\\\/\\\/kibrisdakik.com\\\/\"},{\"@type\":\"ListItem\",\"position\":2,\"name\":\"TRUMP\u2019TAN \u0130RAN\u2019A ATE\u015eKES HAMLES\u0130: PAK\u0130STAN\u2019IN TALEB\u0130YLE S\u00dcRE UZATILDI\"}]},{\"@type\":\"WebSite\",\"@id\":\"https:\\\/\\\/kibrisdakik.com\\\/#website\",\"url\":\"https:\\\/\\\/kibrisdakik.com\\\/\",\"name\":\"\",\"description\":\"Tam vaktinde haber\",\"potentialAction\":[{\"@type\":\"SearchAction\",\"target\":{\"@type\":\"EntryPoint\",\"urlTemplate\":\"https:\\\/\\\/kibrisdakik.com\\\/?s={search_term_string}\"},\"query-input\":{\"@type\":\"PropertyValueSpecification\",\"valueRequired\":true,\"valueName\":\"search_term_string\"}}],\"inLanguage\":\"tr\"},{\"@type\":\"Person\",\"@id\":\"https:\\\/\\\/kibrisdakik.com\\\/#\\\/schema\\\/person\\\/9cd9d437bbb44f72b73ba127e06d8e79\",\"name\":\"admin\",\"image\":{\"@type\":\"ImageObject\",\"inLanguage\":\"tr\",\"@id\":\"https:\\\/\\\/secure.gravatar.com\\\/avatar\\\/ccc17943b9d660506c869530f897617f7cb1c21a4bf30023f252596d83e1f007?s=96&d=mm&r=g\",\"url\":\"https:\\\/\\\/secure.gravatar.com\\\/avatar\\\/ccc17943b9d660506c869530f897617f7cb1c21a4bf30023f252596d83e1f007?s=96&d=mm&r=g\",\"contentUrl\":\"https:\\\/\\\/secure.gravatar.com\\\/avatar\\\/ccc17943b9d660506c869530f897617f7cb1c21a4bf30023f252596d83e1f007?s=96&d=mm&r=g\",\"caption\":\"admin\"},\"sameAs\":[\"https:\\\/\\\/kibrisdakik.com\"],\"url\":\"https:\\\/\\\/kibrisdakik.com\\\/?author=1\"}]}<\/script>\n<!-- \/ Yoast SEO plugin. -->","yoast_head_json":{"title":"TRUMP\u2019TAN \u0130RAN\u2019A ATE\u015eKES HAMLES\u0130: PAK\u0130STAN\u2019IN TALEB\u0130YLE S\u00dcRE UZATILDI -","robots":{"index":"index","follow":"follow","max-snippet":"max-snippet:-1","max-image-preview":"max-image-preview:large","max-video-preview":"max-video-preview:-1"},"canonical":"https:\/\/kibrisdakik.com\/?p=110956","og_locale":"tr_TR","og_type":"article","og_title":"TRUMP\u2019TAN \u0130RAN\u2019A ATE\u015eKES HAMLES\u0130: PAK\u0130STAN\u2019IN TALEB\u0130YLE S\u00dcRE UZATILDI -","og_description":"ABD Ba\u015fkan\u0131 Donald Trump, Pakistan&#8217;\u0131n da talebi \u00fczerine, \u0130ran&#8217;\u0131n anla\u015fmaya y\u00f6nelik \u00f6nerisini sunana kadar ate\u015fkesi uzatma karar\u0131 ald\u0131\u011f\u0131n\u0131 duyurdu. ABD Ba\u015fkan\u0131 Trump, \u0130ran&#8217;la m\u00fczakereler konusundaki belirsizlik s\u00fcrerken, Truth Social hesab\u0131ndan \u00f6nemli bir a\u00e7\u0131klama yapt\u0131. Trump, \u0130ran y\u00f6netiminin &#8220;b\u00f6l\u00fcnm\u00fc\u015f&#8221; oldu\u011funu savunarak, Pakistan&#8217;\u0131n da ate\u015fkesle ilgili talebini dikkate alarak, bug\u00fcn sona erecek olan ge\u00e7ici ate\u015fkesi uzatt\u0131\u011f\u0131n\u0131 a\u00e7\u0131klad\u0131.","og_url":"https:\/\/kibrisdakik.com\/?p=110956","article_published_time":"2026-04-22T10:05:52+00:00","og_image":[{"url":"https:\/\/mhahabercom.teimg.com\/crop\/1280x720\/mhahaber-com\/uploads\/2026\/04\/mha-sari-beyaz-kurtarildi-18.png","type":"","width":"","height":""}],"author":"admin","twitter_card":"summary_large_image","twitter_misc":{"Yazan:":"admin","Tahmini okuma s\u00fcresi":"2 dakika"},"schema":{"@context":"https:\/\/schema.org","@graph":[{"@type":"Article","@id":"https:\/\/kibrisdakik.com\/?p=110956#article","isPartOf":{"@id":"https:\/\/kibrisdakik.com\/?p=110956"},"author":{"name":"admin","@id":"https:\/\/kibrisdakik.com\/#\/schema\/person\/9cd9d437bbb44f72b73ba127e06d8e79"},"headline":"TRUMP\u2019TAN \u0130RAN\u2019A ATE\u015eKES HAMLES\u0130: PAK\u0130STAN\u2019IN TALEB\u0130YLE S\u00dcRE UZATILDI","datePublished":"2026-04-22T10:05:52+00:00","mainEntityOfPage":{"@id":"https:\/\/kibrisdakik.com\/?p=110956"},"wordCount":452,"commentCount":0,"image":{"@id":"https:\/\/kibrisdakik.com\/?p=110956#primaryimage"},"thumbnailUrl":"https:\/\/kibrisdakik.com\/wp-content\/uploads\/2026\/04\/mha-sari-beyaz-kurtarildi-18.png","articleSection":["K\u0131br\u0131s"],"inLanguage":"tr","potentialAction":[{"@type":"CommentAction","name":"Comment","target":["https:\/\/kibrisdakik.com\/?p=110956#respond"]}]},{"@type":"WebPage","@id":"https:\/\/kibrisdakik.com\/?p=110956","url":"https:\/\/kibrisdakik.com\/?p=110956","name":"TRUMP\u2019TAN \u0130RAN\u2019A ATE\u015eKES HAMLES\u0130: PAK\u0130STAN\u2019IN TALEB\u0130YLE S\u00dcRE UZATILDI -","isPartOf":{"@id":"https:\/\/kibrisdakik.com\/#website"},"primaryImageOfPage":{"@id":"https:\/\/kibrisdakik.com\/?p=110956#primaryimage"},"image":{"@id":"https:\/\/kibrisdakik.com\/?p=110956#primaryimage"},"thumbnailUrl":"https:\/\/kibrisdakik.com\/wp-content\/uploads\/2026\/04\/mha-sari-beyaz-kurtarildi-18.png","datePublished":"2026-04-22T10:05:52+00:00","author":{"@id":"https:\/\/kibrisdakik.com\/#\/schema\/person\/9cd9d437bbb44f72b73ba127e06d8e79"},"breadcrumb":{"@id":"https:\/\/kibrisdakik.com\/?p=110956#breadcrumb"},"inLanguage":"tr","potentialAction":[{"@type":"ReadAction","target":["https:\/\/kibrisdakik.com\/?p=110956"]}]},{"@type":"ImageObject","inLanguage":"tr","@id":"https:\/\/kibrisdakik.com\/?p=110956#primaryimage","url":"https:\/\/kibrisdakik.com\/wp-content\/uploads\/2026\/04\/mha-sari-beyaz-kurtarildi-18.png","contentUrl":"https:\/\/kibrisdakik.com\/wp-content\/uploads\/2026\/04\/mha-sari-beyaz-kurtarildi-18.png","width":1280,"height":720},{"@type":"BreadcrumbList","@id":"https:\/\/kibrisdakik.com\/?p=110956#breadcrumb","itemListElement":[{"@type":"ListItem","position":1,"name":"Home","item":"https:\/\/kibrisdakik.com\/"},{"@type":"ListItem","position":2,"name":"TRUMP\u2019TAN \u0130RAN\u2019A ATE\u015eKES HAMLES\u0130: PAK\u0130STAN\u2019IN TALEB\u0130YLE S\u00dcRE UZATILDI"}]},{"@type":"WebSite","@id":"https:\/\/kibrisdakik.com\/#website","url":"https:\/\/kibrisdakik.com\/","name":"","description":"Tam vaktinde haber","potentialAction":[{"@type":"SearchAction","target":{"@type":"EntryPoint","urlTemplate":"https:\/\/kibrisdakik.com\/?s={search_term_string}"},"query-input":{"@type":"PropertyValueSpecification","valueRequired":true,"valueName":"search_term_string"}}],"inLanguage":"tr"},{"@type":"Person","@id":"https:\/\/kibrisdakik.com\/#\/schema\/person\/9cd9d437bbb44f72b73ba127e06d8e79","name":"admin","image":{"@type":"ImageObject","inLanguage":"tr","@id":"https:\/\/secure.gravatar.com\/avatar\/ccc17943b9d660506c869530f897617f7cb1c21a4bf30023f252596d83e1f007?s=96&d=mm&r=g","url":"https:\/\/secure.gravatar.com\/avatar\/ccc17943b9d660506c869530f897617f7cb1c21a4bf30023f252596d83e1f007?s=96&d=mm&r=g","contentUrl":"https:\/\/secure.gravatar.com\/avatar\/ccc17943b9d660506c869530f897617f7cb1c21a4bf30023f252596d83e1f007?s=96&d=mm&r=g","caption":"admin"},"sameAs":["https:\/\/kibrisdakik.com"],"url":"https:\/\/kibrisdakik.com\/?author=1"}]}},"_links":{"self":[{"href":"https:\/\/kibrisdakik.com\/index.php?rest_route=\/wp\/v2\/posts\/110956","targetHints":{"allow":["GET"]}}],"collection":[{"href":"https:\/\/kibrisdakik.com\/index.php?rest_route=\/wp\/v2\/posts"}],"about":[{"href":"https:\/\/kibrisdakik.com\/index.php?rest_route=\/wp\/v2\/types\/post"}],"author":[{"embeddable":true,"href":"https:\/\/kibrisdakik.com\/index.php?rest_route=\/wp\/v2\/users\/1"}],"replies":[{"embeddable":true,"href":"https:\/\/kibrisdakik.com\/index.php?rest_route=%2Fwp%2Fv2%2Fcomments&post=110956"}],"version-history":[{"count":0,"href":"https:\/\/kibrisdakik.com\/index.php?rest_route=\/wp\/v2\/posts\/110956\/revisions"}],"wp:featuredmedia":[{"embeddable":true,"href":"https:\/\/kibrisdakik.com\/index.php?rest_route=\/wp\/v2\/media\/110957"}],"wp:attachment":[{"href":"https:\/\/kibrisdakik.com\/index.php?rest_route=%2Fwp%2Fv2%2Fmedia&parent=110956"}],"wp:term":[{"taxonomy":"category","embeddable":true,"href":"https:\/\/kibrisdakik.com\/index.php?rest_route=%2Fwp%2Fv2%2Fcategories&post=110956"},{"taxonomy":"post_tag","embeddable":true,"href":"https:\/\/kibrisdakik.com\/index.php?rest_route=%2Fwp%2Fv2%2Ftags&post=110956"}],"curies":[{"name":"wp","href":"https:\/\/api.w.org\/{rel}","templated":true}]}}