{"id":111000,"date":"2026-04-22T17:17:19","date_gmt":"2026-04-22T14:17:19","guid":{"rendered":"https:\/\/kibrisdakik.com\/?p=111000"},"modified":"2026-04-22T17:17:19","modified_gmt":"2026-04-22T14:17:19","slug":"ustel-guclu-devlet-guclu-nesillerle-kurulur","status":"publish","type":"post","link":"https:\/\/kibrisdakik.com\/?p=111000","title":{"rendered":"\u00dcSTEL: G\u00dc\u00c7L\u00dc DEVLET G\u00dc\u00c7L\u00dc NES\u0130LLERLE KURULUR"},"content":{"rendered":"<p><\/p>\n<div data-text-id=\"200509\" property=\"articleBody\">\n<p>Ba\u015fbakan \u00dcnal \u00dcstel, \u00e7ocuklar\u0131n yaln\u0131zca yar\u0131nlar\u0131n de\u011fil, bug\u00fcn\u00fcn de en k\u0131ymetli g\u00fcvencesi oldu\u011funu s\u00f6yleyerek, \u201cG\u00fc\u00e7l\u00fc bir devletin temeli; sa\u011fl\u0131kl\u0131, e\u011fitimli, \u00f6zg\u00fcveni y\u00fcksek ve milli de\u011ferlerine sahip \u00e7\u0131kan nesillerle at\u0131l\u0131r.\u201d dedi.<\/p>\n<p>Ba\u015fbakan \u00dcnal \u00dcstel, 23 Nisan Ulusal Egemenlik ve \u00c7ocuk Bayram\u0131 nedeniyle yay\u0131mlad\u0131\u011f\u0131 mesajda, h\u00fck\u00fcmetin, \u00e7ocuklar\u0131n ve gen\u00e7lerin daha iyi \u015fartlarda yeti\u015fmesi i\u00e7in e\u011fitime, bilime ve teknolojiye y\u00f6nelik yat\u0131r\u0131mlar\u0131n\u0131 kararl\u0131l\u0131kla s\u00fcrd\u00fcrd\u00fc\u011f\u00fcn\u00fc vurgulad\u0131.<\/p>\n<p>Ama\u00e7lar\u0131n\u0131n kendi kimli\u011fine ba\u011fl\u0131, \u00e7a\u011f\u0131n gerekleriyle donanm\u0131\u015f, \u00fcretken ve \u00f6zg\u00fcvenli bireyler yeti\u015ftirerek devleti daha da ileriye ta\u015f\u0131mak oldu\u011funu belirten Ba\u015fbakan \u00dcstel mesaj\u0131nda \u015fu ifadelere yer verdi:<\/p>\n<p>\u2018\u201823 Nisan, halk iradesinin her t\u00fcrl\u00fc g\u00fcc\u00fcn \u00fczerinde oldu\u011funun t\u00fcm d\u00fcnyaya ilan edildi\u011fi, tarihimizin en anlaml\u0131 d\u00f6n\u00fcm noktalar\u0131ndan biridir.<\/p>\n<p>Gazi Mustafa Kemal Atat\u00fcrk\u2019\u00fcn \u00e7ocuklara arma\u011fan etti\u011fi bu anlaml\u0131 g\u00fcn; ulusal egemenli\u011fimizin ve gelece\u011fe duydu\u011fumuz sars\u0131lmaz g\u00fcvenin en g\u00fc\u00e7l\u00fc simgesidir. Atat\u00fcrk\u2019\u00fcn \u2018Gelece\u011fin \u00fcmidi, \u0131\u015f\u0131kl\u0131 \u00e7i\u00e7ekleri onlard\u0131r. B\u00fct\u00fcn \u00fcmidim gen\u00e7liktedir.\u2019 s\u00f6z\u00fc, \u00e7ocuklar\u0131m\u0131za ve gen\u00e7lerimize duyulan inanc\u0131n en a\u00e7\u0131k ifadesidir.<\/p>\n<p>\u00c7ocuklar\u0131m\u0131z, yaln\u0131zca yar\u0131nlar\u0131m\u0131z\u0131n de\u011fil; bug\u00fcn\u00fcm\u00fcz\u00fcn de en k\u0131ymetli g\u00fcvencesidir. G\u00fc\u00e7l\u00fc bir devletin temeli; sa\u011fl\u0131kl\u0131, e\u011fitimli, \u00f6zg\u00fcveni y\u00fcksek ve milli de\u011ferlerine sahip \u00e7\u0131kan nesillerle at\u0131l\u0131r. Kuzey K\u0131br\u0131s T\u00fcrk Cumhuriyeti olarak bizler de egemenli\u011fimize ve devletimize sahip \u00e7\u0131karken, \u00e7ocuklar\u0131m\u0131z\u0131 g\u00fc\u00e7l\u00fc yar\u0131nlara haz\u0131rlamay\u0131 en temel sorumlulu\u011fumuz olarak g\u00f6r\u00fcyoruz.<\/p>\n<p>H\u00fck\u00fcmet olarak, \u00e7ocuklar\u0131m\u0131z\u0131n ve gen\u00e7lerimizin daha iyi \u015fartlarda yeti\u015fmesi i\u00e7in e\u011fitime, bilime ve teknolojiye y\u00f6nelik yat\u0131r\u0131mlar\u0131m\u0131z\u0131 kararl\u0131l\u0131kla s\u00fcrd\u00fcr\u00fcyoruz. Amac\u0131m\u0131z; kendi kimli\u011fine ba\u011fl\u0131, \u00e7a\u011f\u0131n gerekleriyle donanm\u0131\u015f, \u00fcretken ve \u00f6zg\u00fcvenli bireyler yeti\u015ftirerek devletimizi daha da ileriye ta\u015f\u0131makt\u0131r.<\/p>\n<p>Bu duygu ve d\u00fc\u015f\u00fcncelerle, ba\u015fta Kuzey K\u0131br\u0131s T\u00fcrk Cumhuriyeti\u2019nde ya\u015fayan \u00e7ocuklar\u0131m\u0131z olmak \u00fczere t\u00fcm \u00e7ocuklar\u0131m\u0131z\u0131n 23 Nisan Ulusal Egemenlik ve \u00c7ocuk Bayram\u0131\u2019n\u0131 en i\u00e7ten dileklerimle kutluyor; sa\u011fl\u0131k, mutluluk ve ba\u015far\u0131 dolu bir gelecek diliyorum.\u2019\u2019<\/p>\n<\/p><\/div>\n","protected":false},"excerpt":{"rendered":"<p>Ba\u015fbakan \u00dcnal \u00dcstel, \u00e7ocuklar\u0131n yaln\u0131zca yar\u0131nlar\u0131n de\u011fil, bug\u00fcn\u00fcn de en k\u0131ymetli g\u00fcvencesi oldu\u011funu s\u00f6yleyerek, \u201cG\u00fc\u00e7l\u00fc bir devletin temeli; sa\u011fl\u0131kl\u0131, e\u011fitimli, \u00f6zg\u00fcveni y\u00fcksek ve milli de\u011ferlerine sahip \u00e7\u0131kan nesillerle at\u0131l\u0131r.\u201d dedi. Ba\u015fbakan \u00dcnal \u00dcstel, 23 Nisan Ulusal Egemenlik ve \u00c7ocuk Bayram\u0131 nedeniyle yay\u0131mlad\u0131\u011f\u0131 mesajda, h\u00fck\u00fcmetin, \u00e7ocuklar\u0131n ve gen\u00e7lerin daha iyi \u015fartlarda yeti\u015fmesi i\u00e7in e\u011fitime, bilime ve<\/p>\n","protected":false},"author":1,"featured_media":111001,"comment_status":"open","ping_status":"open","sticky":false,"template":"","format":"standard","meta":{"footnotes":""},"categories":[81],"tags":[],"class_list":["post-111000","post","type-post","status-publish","format-standard","has-post-thumbnail","hentry","category-kibris"],"yoast_head":"<!-- This site is optimized with the Yoast SEO plugin v27.5 - https:\/\/yoast.com\/product\/yoast-seo-wordpress\/ -->\n<title>\u00dcSTEL: G\u00dc\u00c7L\u00dc DEVLET G\u00dc\u00c7L\u00dc NES\u0130LLERLE KURULUR -<\/title>\n<meta name=\"robots\" content=\"index, follow, max-snippet:-1, max-image-preview:large, max-video-preview:-1\" \/>\n<link rel=\"canonical\" href=\"https:\/\/kibrisdakik.com\/?p=111000\" \/>\n<meta property=\"og:locale\" content=\"tr_TR\" \/>\n<meta property=\"og:type\" content=\"article\" \/>\n<meta property=\"og:title\" content=\"\u00dcSTEL: G\u00dc\u00c7L\u00dc DEVLET G\u00dc\u00c7L\u00dc NES\u0130LLERLE KURULUR -\" \/>\n<meta property=\"og:description\" content=\"Ba\u015fbakan \u00dcnal \u00dcstel, \u00e7ocuklar\u0131n yaln\u0131zca yar\u0131nlar\u0131n de\u011fil, bug\u00fcn\u00fcn de en k\u0131ymetli g\u00fcvencesi oldu\u011funu s\u00f6yleyerek, \u201cG\u00fc\u00e7l\u00fc bir devletin temeli; sa\u011fl\u0131kl\u0131, e\u011fitimli, \u00f6zg\u00fcveni y\u00fcksek ve milli de\u011ferlerine sahip \u00e7\u0131kan nesillerle at\u0131l\u0131r.\u201d dedi. Ba\u015fbakan \u00dcnal \u00dcstel, 23 Nisan Ulusal Egemenlik ve \u00c7ocuk Bayram\u0131 nedeniyle yay\u0131mlad\u0131\u011f\u0131 mesajda, h\u00fck\u00fcmetin, \u00e7ocuklar\u0131n ve gen\u00e7lerin daha iyi \u015fartlarda yeti\u015fmesi i\u00e7in e\u011fitime, bilime ve\" \/>\n<meta property=\"og:url\" content=\"https:\/\/kibrisdakik.com\/?p=111000\" \/>\n<meta property=\"article:published_time\" content=\"2026-04-22T14:17:19+00:00\" \/>\n<meta property=\"og:image\" content=\"https:\/\/mhahabercom.teimg.com\/crop\/1280x720\/mhahaber-com\/uploads\/2026\/04\/mha-sari-beyaz-4885.png\" \/>\n<meta name=\"author\" content=\"admin\" \/>\n<meta name=\"twitter:card\" content=\"summary_large_image\" \/>\n<meta name=\"twitter:label1\" content=\"Yazan:\" \/>\n\t<meta name=\"twitter:data1\" content=\"admin\" \/>\n\t<meta name=\"twitter:label2\" content=\"Tahmini okuma s\u00fcresi\" \/>\n\t<meta name=\"twitter:data2\" content=\"2 dakika\" \/>\n<script type=\"application\/ld+json\" class=\"yoast-schema-graph\">{\"@context\":\"https:\\\/\\\/schema.org\",\"@graph\":[{\"@type\":\"Article\",\"@id\":\"https:\\\/\\\/kibrisdakik.com\\\/?p=111000#article\",\"isPartOf\":{\"@id\":\"https:\\\/\\\/kibrisdakik.com\\\/?p=111000\"},\"author\":{\"name\":\"admin\",\"@id\":\"https:\\\/\\\/kibrisdakik.com\\\/#\\\/schema\\\/person\\\/9cd9d437bbb44f72b73ba127e06d8e79\"},\"headline\":\"\u00dcSTEL: G\u00dc\u00c7L\u00dc DEVLET G\u00dc\u00c7L\u00dc NES\u0130LLERLE KURULUR\",\"datePublished\":\"2026-04-22T14:17:19+00:00\",\"mainEntityOfPage\":{\"@id\":\"https:\\\/\\\/kibrisdakik.com\\\/?p=111000\"},\"wordCount\":431,\"commentCount\":0,\"image\":{\"@id\":\"https:\\\/\\\/kibrisdakik.com\\\/?p=111000#primaryimage\"},\"thumbnailUrl\":\"https:\\\/\\\/kibrisdakik.com\\\/wp-content\\\/uploads\\\/2026\\\/04\\\/mha-sari-beyaz-4885.png\",\"articleSection\":[\"K\u0131br\u0131s\"],\"inLanguage\":\"tr\",\"potentialAction\":[{\"@type\":\"CommentAction\",\"name\":\"Comment\",\"target\":[\"https:\\\/\\\/kibrisdakik.com\\\/?p=111000#respond\"]}]},{\"@type\":\"WebPage\",\"@id\":\"https:\\\/\\\/kibrisdakik.com\\\/?p=111000\",\"url\":\"https:\\\/\\\/kibrisdakik.com\\\/?p=111000\",\"name\":\"\u00dcSTEL: G\u00dc\u00c7L\u00dc DEVLET G\u00dc\u00c7L\u00dc NES\u0130LLERLE KURULUR -\",\"isPartOf\":{\"@id\":\"https:\\\/\\\/kibrisdakik.com\\\/#website\"},\"primaryImageOfPage\":{\"@id\":\"https:\\\/\\\/kibrisdakik.com\\\/?p=111000#primaryimage\"},\"image\":{\"@id\":\"https:\\\/\\\/kibrisdakik.com\\\/?p=111000#primaryimage\"},\"thumbnailUrl\":\"https:\\\/\\\/kibrisdakik.com\\\/wp-content\\\/uploads\\\/2026\\\/04\\\/mha-sari-beyaz-4885.png\",\"datePublished\":\"2026-04-22T14:17:19+00:00\",\"author\":{\"@id\":\"https:\\\/\\\/kibrisdakik.com\\\/#\\\/schema\\\/person\\\/9cd9d437bbb44f72b73ba127e06d8e79\"},\"breadcrumb\":{\"@id\":\"https:\\\/\\\/kibrisdakik.com\\\/?p=111000#breadcrumb\"},\"inLanguage\":\"tr\",\"potentialAction\":[{\"@type\":\"ReadAction\",\"target\":[\"https:\\\/\\\/kibrisdakik.com\\\/?p=111000\"]}]},{\"@type\":\"ImageObject\",\"inLanguage\":\"tr\",\"@id\":\"https:\\\/\\\/kibrisdakik.com\\\/?p=111000#primaryimage\",\"url\":\"https:\\\/\\\/kibrisdakik.com\\\/wp-content\\\/uploads\\\/2026\\\/04\\\/mha-sari-beyaz-4885.png\",\"contentUrl\":\"https:\\\/\\\/kibrisdakik.com\\\/wp-content\\\/uploads\\\/2026\\\/04\\\/mha-sari-beyaz-4885.png\",\"width\":1280,\"height\":720},{\"@type\":\"BreadcrumbList\",\"@id\":\"https:\\\/\\\/kibrisdakik.com\\\/?p=111000#breadcrumb\",\"itemListElement\":[{\"@type\":\"ListItem\",\"position\":1,\"name\":\"Home\",\"item\":\"https:\\\/\\\/kibrisdakik.com\\\/\"},{\"@type\":\"ListItem\",\"position\":2,\"name\":\"\u00dcSTEL: G\u00dc\u00c7L\u00dc DEVLET G\u00dc\u00c7L\u00dc NES\u0130LLERLE KURULUR\"}]},{\"@type\":\"WebSite\",\"@id\":\"https:\\\/\\\/kibrisdakik.com\\\/#website\",\"url\":\"https:\\\/\\\/kibrisdakik.com\\\/\",\"name\":\"\",\"description\":\"Tam vaktinde haber\",\"potentialAction\":[{\"@type\":\"SearchAction\",\"target\":{\"@type\":\"EntryPoint\",\"urlTemplate\":\"https:\\\/\\\/kibrisdakik.com\\\/?s={search_term_string}\"},\"query-input\":{\"@type\":\"PropertyValueSpecification\",\"valueRequired\":true,\"valueName\":\"search_term_string\"}}],\"inLanguage\":\"tr\"},{\"@type\":\"Person\",\"@id\":\"https:\\\/\\\/kibrisdakik.com\\\/#\\\/schema\\\/person\\\/9cd9d437bbb44f72b73ba127e06d8e79\",\"name\":\"admin\",\"image\":{\"@type\":\"ImageObject\",\"inLanguage\":\"tr\",\"@id\":\"https:\\\/\\\/secure.gravatar.com\\\/avatar\\\/ccc17943b9d660506c869530f897617f7cb1c21a4bf30023f252596d83e1f007?s=96&d=mm&r=g\",\"url\":\"https:\\\/\\\/secure.gravatar.com\\\/avatar\\\/ccc17943b9d660506c869530f897617f7cb1c21a4bf30023f252596d83e1f007?s=96&d=mm&r=g\",\"contentUrl\":\"https:\\\/\\\/secure.gravatar.com\\\/avatar\\\/ccc17943b9d660506c869530f897617f7cb1c21a4bf30023f252596d83e1f007?s=96&d=mm&r=g\",\"caption\":\"admin\"},\"sameAs\":[\"https:\\\/\\\/kibrisdakik.com\"],\"url\":\"https:\\\/\\\/kibrisdakik.com\\\/?author=1\"}]}<\/script>\n<!-- \/ Yoast SEO plugin. -->","yoast_head_json":{"title":"\u00dcSTEL: G\u00dc\u00c7L\u00dc DEVLET G\u00dc\u00c7L\u00dc NES\u0130LLERLE KURULUR -","robots":{"index":"index","follow":"follow","max-snippet":"max-snippet:-1","max-image-preview":"max-image-preview:large","max-video-preview":"max-video-preview:-1"},"canonical":"https:\/\/kibrisdakik.com\/?p=111000","og_locale":"tr_TR","og_type":"article","og_title":"\u00dcSTEL: G\u00dc\u00c7L\u00dc DEVLET G\u00dc\u00c7L\u00dc NES\u0130LLERLE KURULUR -","og_description":"Ba\u015fbakan \u00dcnal \u00dcstel, \u00e7ocuklar\u0131n yaln\u0131zca yar\u0131nlar\u0131n de\u011fil, bug\u00fcn\u00fcn de en k\u0131ymetli g\u00fcvencesi oldu\u011funu s\u00f6yleyerek, \u201cG\u00fc\u00e7l\u00fc bir devletin temeli; sa\u011fl\u0131kl\u0131, e\u011fitimli, \u00f6zg\u00fcveni y\u00fcksek ve milli de\u011ferlerine sahip \u00e7\u0131kan nesillerle at\u0131l\u0131r.\u201d dedi. Ba\u015fbakan \u00dcnal \u00dcstel, 23 Nisan Ulusal Egemenlik ve \u00c7ocuk Bayram\u0131 nedeniyle yay\u0131mlad\u0131\u011f\u0131 mesajda, h\u00fck\u00fcmetin, \u00e7ocuklar\u0131n ve gen\u00e7lerin daha iyi \u015fartlarda yeti\u015fmesi i\u00e7in e\u011fitime, bilime ve","og_url":"https:\/\/kibrisdakik.com\/?p=111000","article_published_time":"2026-04-22T14:17:19+00:00","og_image":[{"url":"https:\/\/mhahabercom.teimg.com\/crop\/1280x720\/mhahaber-com\/uploads\/2026\/04\/mha-sari-beyaz-4885.png","type":"","width":"","height":""}],"author":"admin","twitter_card":"summary_large_image","twitter_misc":{"Yazan:":"admin","Tahmini okuma s\u00fcresi":"2 dakika"},"schema":{"@context":"https:\/\/schema.org","@graph":[{"@type":"Article","@id":"https:\/\/kibrisdakik.com\/?p=111000#article","isPartOf":{"@id":"https:\/\/kibrisdakik.com\/?p=111000"},"author":{"name":"admin","@id":"https:\/\/kibrisdakik.com\/#\/schema\/person\/9cd9d437bbb44f72b73ba127e06d8e79"},"headline":"\u00dcSTEL: G\u00dc\u00c7L\u00dc DEVLET G\u00dc\u00c7L\u00dc NES\u0130LLERLE KURULUR","datePublished":"2026-04-22T14:17:19+00:00","mainEntityOfPage":{"@id":"https:\/\/kibrisdakik.com\/?p=111000"},"wordCount":431,"commentCount":0,"image":{"@id":"https:\/\/kibrisdakik.com\/?p=111000#primaryimage"},"thumbnailUrl":"https:\/\/kibrisdakik.com\/wp-content\/uploads\/2026\/04\/mha-sari-beyaz-4885.png","articleSection":["K\u0131br\u0131s"],"inLanguage":"tr","potentialAction":[{"@type":"CommentAction","name":"Comment","target":["https:\/\/kibrisdakik.com\/?p=111000#respond"]}]},{"@type":"WebPage","@id":"https:\/\/kibrisdakik.com\/?p=111000","url":"https:\/\/kibrisdakik.com\/?p=111000","name":"\u00dcSTEL: G\u00dc\u00c7L\u00dc DEVLET G\u00dc\u00c7L\u00dc NES\u0130LLERLE KURULUR -","isPartOf":{"@id":"https:\/\/kibrisdakik.com\/#website"},"primaryImageOfPage":{"@id":"https:\/\/kibrisdakik.com\/?p=111000#primaryimage"},"image":{"@id":"https:\/\/kibrisdakik.com\/?p=111000#primaryimage"},"thumbnailUrl":"https:\/\/kibrisdakik.com\/wp-content\/uploads\/2026\/04\/mha-sari-beyaz-4885.png","datePublished":"2026-04-22T14:17:19+00:00","author":{"@id":"https:\/\/kibrisdakik.com\/#\/schema\/person\/9cd9d437bbb44f72b73ba127e06d8e79"},"breadcrumb":{"@id":"https:\/\/kibrisdakik.com\/?p=111000#breadcrumb"},"inLanguage":"tr","potentialAction":[{"@type":"ReadAction","target":["https:\/\/kibrisdakik.com\/?p=111000"]}]},{"@type":"ImageObject","inLanguage":"tr","@id":"https:\/\/kibrisdakik.com\/?p=111000#primaryimage","url":"https:\/\/kibrisdakik.com\/wp-content\/uploads\/2026\/04\/mha-sari-beyaz-4885.png","contentUrl":"https:\/\/kibrisdakik.com\/wp-content\/uploads\/2026\/04\/mha-sari-beyaz-4885.png","width":1280,"height":720},{"@type":"BreadcrumbList","@id":"https:\/\/kibrisdakik.com\/?p=111000#breadcrumb","itemListElement":[{"@type":"ListItem","position":1,"name":"Home","item":"https:\/\/kibrisdakik.com\/"},{"@type":"ListItem","position":2,"name":"\u00dcSTEL: G\u00dc\u00c7L\u00dc DEVLET G\u00dc\u00c7L\u00dc NES\u0130LLERLE KURULUR"}]},{"@type":"WebSite","@id":"https:\/\/kibrisdakik.com\/#website","url":"https:\/\/kibrisdakik.com\/","name":"","description":"Tam vaktinde haber","potentialAction":[{"@type":"SearchAction","target":{"@type":"EntryPoint","urlTemplate":"https:\/\/kibrisdakik.com\/?s={search_term_string}"},"query-input":{"@type":"PropertyValueSpecification","valueRequired":true,"valueName":"search_term_string"}}],"inLanguage":"tr"},{"@type":"Person","@id":"https:\/\/kibrisdakik.com\/#\/schema\/person\/9cd9d437bbb44f72b73ba127e06d8e79","name":"admin","image":{"@type":"ImageObject","inLanguage":"tr","@id":"https:\/\/secure.gravatar.com\/avatar\/ccc17943b9d660506c869530f897617f7cb1c21a4bf30023f252596d83e1f007?s=96&d=mm&r=g","url":"https:\/\/secure.gravatar.com\/avatar\/ccc17943b9d660506c869530f897617f7cb1c21a4bf30023f252596d83e1f007?s=96&d=mm&r=g","contentUrl":"https:\/\/secure.gravatar.com\/avatar\/ccc17943b9d660506c869530f897617f7cb1c21a4bf30023f252596d83e1f007?s=96&d=mm&r=g","caption":"admin"},"sameAs":["https:\/\/kibrisdakik.com"],"url":"https:\/\/kibrisdakik.com\/?author=1"}]}},"_links":{"self":[{"href":"https:\/\/kibrisdakik.com\/index.php?rest_route=\/wp\/v2\/posts\/111000","targetHints":{"allow":["GET"]}}],"collection":[{"href":"https:\/\/kibrisdakik.com\/index.php?rest_route=\/wp\/v2\/posts"}],"about":[{"href":"https:\/\/kibrisdakik.com\/index.php?rest_route=\/wp\/v2\/types\/post"}],"author":[{"embeddable":true,"href":"https:\/\/kibrisdakik.com\/index.php?rest_route=\/wp\/v2\/users\/1"}],"replies":[{"embeddable":true,"href":"https:\/\/kibrisdakik.com\/index.php?rest_route=%2Fwp%2Fv2%2Fcomments&post=111000"}],"version-history":[{"count":0,"href":"https:\/\/kibrisdakik.com\/index.php?rest_route=\/wp\/v2\/posts\/111000\/revisions"}],"wp:featuredmedia":[{"embeddable":true,"href":"https:\/\/kibrisdakik.com\/index.php?rest_route=\/wp\/v2\/media\/111001"}],"wp:attachment":[{"href":"https:\/\/kibrisdakik.com\/index.php?rest_route=%2Fwp%2Fv2%2Fmedia&parent=111000"}],"wp:term":[{"taxonomy":"category","embeddable":true,"href":"https:\/\/kibrisdakik.com\/index.php?rest_route=%2Fwp%2Fv2%2Fcategories&post=111000"},{"taxonomy":"post_tag","embeddable":true,"href":"https:\/\/kibrisdakik.com\/index.php?rest_route=%2Fwp%2Fv2%2Ftags&post=111000"}],"curies":[{"name":"wp","href":"https:\/\/api.w.org\/{rel}","templated":true}]}}