{"id":111012,"date":"2026-04-22T20:54:17","date_gmt":"2026-04-22T17:54:17","guid":{"rendered":"https:\/\/kibrisdakik.com\/?p=111012"},"modified":"2026-04-22T20:54:17","modified_gmt":"2026-04-22T17:54:17","slug":"21-gun-kacti-sonunda-yakalandi","status":"publish","type":"post","link":"https:\/\/kibrisdakik.com\/?p=111012","title":{"rendered":"21 G\u00dcN KA\u00c7TI, SONUNDA YAKALANDI"},"content":{"rendered":"<p><\/p>\n<div data-text-id=\"200521\" property=\"articleBody\">\n<p><strong>SESS\u0130ZL\u0130K TARTI\u015eMASI KANLI B\u0130TT\u0130<\/strong><\/p>\n<p>Girne\u2019de Mart ay\u0131n\u0131n son g\u00fcnlerinde ya\u015fanan olay, k\u00fc\u00e7\u00fck bir anla\u015fmazl\u0131\u011f\u0131n nas\u0131l a\u011f\u0131r bir \u015fiddet vakas\u0131na d\u00f6n\u00fc\u015febilece\u011fini g\u00f6zler \u00f6n\u00fcne serdi. Ayn\u0131 evi payla\u015ft\u0131\u011f\u0131 arkada\u015f\u0131n\u0131n kendisiyle konu\u015fmamas\u0131na \u00f6fkelenen Fas uyruklu \u00f6\u011frenci H. C., tart\u0131\u015fman\u0131n b\u00fcy\u00fcmesi \u00fczerine kontrol\u00fcn\u00fc kaybederek sald\u0131r\u0131ya ge\u00e7ti.<\/p>\n<p>\u0130ddiaya g\u00f6re zanl\u0131, ev arkada\u015f\u0131na \u00f6nce tokat atarak darp etti, ard\u0131ndan yan\u0131nda bulundurdu\u011fu b\u0131\u00e7akla kula\u011f\u0131n\u0131 yaralad\u0131. Olay\u0131n ard\u0131ndan zanl\u0131 ortadan kaybolurken, yaralanan ki\u015fi hastaneye kald\u0131r\u0131larak tedavi alt\u0131na al\u0131nd\u0131.<\/p>\n<p><strong>21 G\u00fcn Boyunca \u0130zini Kaybettirdi<\/strong><\/p>\n<p>Polis ekipleri olay\u0131n ard\u0131ndan geni\u015f \u00e7apl\u0131 soru\u015fturma ba\u015flatt\u0131. Ancak zanl\u0131 H. C. yakla\u015f\u0131k 21 g\u00fcn boyunca bulunamad\u0131. Yap\u0131lan \u00e7al\u0131\u015fmalar sonucunda yeri tespit edilen zanl\u0131, olaydan haftalar sonra yakalanarak g\u00f6zalt\u0131na al\u0131nd\u0131. Girne Adli \u015eube\u2019de g\u00f6revli polis memuru Kemal Dilek, zanl\u0131n\u0131n \u201cyaralama\u201d, \u201cciddi darp\u201d ve \u201ckanunsuz b\u0131\u00e7ak ta\u015f\u0131ma\u201d su\u00e7lar\u0131ndan tutukland\u0131\u011f\u0131n\u0131 a\u00e7\u0131klad\u0131. Olay\u0131n 31 Mart tarihinde ger\u00e7ekle\u015fti\u011fini belirten Dilek, ma\u011fdurun sa\u011fl\u0131k durumunun iyi oldu\u011funu da vurgulad\u0131.<\/p>\n<p><strong>\u00d6\u011frenci Vizesiyle \u00dclkeye Girmi\u015f<\/strong><\/p>\n<p>Yap\u0131lan incelemelerde zanl\u0131n\u0131n 24 Eyl\u00fcl 2025 tarihinde \u00f6\u011frenci vizesiyle \u00fclkeye giri\u015f yapt\u0131\u011f\u0131 ve 30 Eyl\u00fcl 2026 tarihine kadar ge\u00e7erli oturum izni bulundu\u011fu ortaya \u00e7\u0131kt\u0131. Bu durum, olay\u0131n hukuki boyutuna ek olarak yabanc\u0131 uyruklu \u00f6\u011frencilerin denetimi konusunu da yeniden g\u00fcndeme getirdi.<\/p>\n<p><strong>Mahkemeden S\u0131k\u0131 Tedbirler<\/strong><\/p>\n<p>Mahkemede g\u00f6r\u00fc\u015f\u00fclen davada Yarg\u0131\u00e7 Mine G. Serden, zanl\u0131n\u0131n \u00fclkedeki stat\u00fcs\u00fcne dikkat \u00e7ekerek ciddi bir teminat \u015fart\u0131 belirledi.<\/p>\n<p>Zanl\u0131n\u0131n yurt d\u0131\u015f\u0131na \u00e7\u0131k\u0131\u015f\u0131 yasakland\u0131, 200 bin TL nakit teminat yat\u0131rmas\u0131 istendi. Ancak zanl\u0131 bu teminat\u0131 kar\u015f\u0131layamad\u0131. Bunun \u00fczerine mahkeme, H. C.\u2019nin yarg\u0131lan\u0131ncaya kadar 30 g\u00fcn\u00fc a\u015fmayacak \u015fekilde h\u00fck\u00fcms\u00fcz tutuklu olarak merkezi cezaevine g\u00f6nderilmesine karar verdi.<\/p>\n<\/p><\/div>\n","protected":false},"excerpt":{"rendered":"<p>SESS\u0130ZL\u0130K TARTI\u015eMASI KANLI B\u0130TT\u0130 Girne\u2019de Mart ay\u0131n\u0131n son g\u00fcnlerinde ya\u015fanan olay, k\u00fc\u00e7\u00fck bir anla\u015fmazl\u0131\u011f\u0131n nas\u0131l a\u011f\u0131r bir \u015fiddet vakas\u0131na d\u00f6n\u00fc\u015febilece\u011fini g\u00f6zler \u00f6n\u00fcne serdi. Ayn\u0131 evi payla\u015ft\u0131\u011f\u0131 arkada\u015f\u0131n\u0131n kendisiyle konu\u015fmamas\u0131na \u00f6fkelenen Fas uyruklu \u00f6\u011frenci H. C., tart\u0131\u015fman\u0131n b\u00fcy\u00fcmesi \u00fczerine kontrol\u00fcn\u00fc kaybederek sald\u0131r\u0131ya ge\u00e7ti. \u0130ddiaya g\u00f6re zanl\u0131, ev arkada\u015f\u0131na \u00f6nce tokat atarak darp etti, ard\u0131ndan yan\u0131nda bulundurdu\u011fu<\/p>\n","protected":false},"author":1,"featured_media":111013,"comment_status":"open","ping_status":"open","sticky":false,"template":"","format":"standard","meta":{"footnotes":""},"categories":[81],"tags":[],"class_list":["post-111012","post","type-post","status-publish","format-standard","has-post-thumbnail","hentry","category-kibris"],"yoast_head":"<!-- This site is optimized with the Yoast SEO plugin v27.5 - https:\/\/yoast.com\/product\/yoast-seo-wordpress\/ -->\n<title>21 G\u00dcN KA\u00c7TI, SONUNDA YAKALANDI -<\/title>\n<meta name=\"robots\" content=\"index, follow, max-snippet:-1, max-image-preview:large, max-video-preview:-1\" \/>\n<link rel=\"canonical\" href=\"https:\/\/kibrisdakik.com\/?p=111012\" \/>\n<meta property=\"og:locale\" content=\"tr_TR\" \/>\n<meta property=\"og:type\" content=\"article\" \/>\n<meta property=\"og:title\" content=\"21 G\u00dcN KA\u00c7TI, SONUNDA YAKALANDI -\" \/>\n<meta property=\"og:description\" content=\"SESS\u0130ZL\u0130K TARTI\u015eMASI KANLI B\u0130TT\u0130 Girne\u2019de Mart ay\u0131n\u0131n son g\u00fcnlerinde ya\u015fanan olay, k\u00fc\u00e7\u00fck bir anla\u015fmazl\u0131\u011f\u0131n nas\u0131l a\u011f\u0131r bir \u015fiddet vakas\u0131na d\u00f6n\u00fc\u015febilece\u011fini g\u00f6zler \u00f6n\u00fcne serdi. Ayn\u0131 evi payla\u015ft\u0131\u011f\u0131 arkada\u015f\u0131n\u0131n kendisiyle konu\u015fmamas\u0131na \u00f6fkelenen Fas uyruklu \u00f6\u011frenci H. C., tart\u0131\u015fman\u0131n b\u00fcy\u00fcmesi \u00fczerine kontrol\u00fcn\u00fc kaybederek sald\u0131r\u0131ya ge\u00e7ti. \u0130ddiaya g\u00f6re zanl\u0131, ev arkada\u015f\u0131na \u00f6nce tokat atarak darp etti, ard\u0131ndan yan\u0131nda bulundurdu\u011fu\" \/>\n<meta property=\"og:url\" content=\"https:\/\/kibrisdakik.com\/?p=111012\" \/>\n<meta property=\"article:published_time\" content=\"2026-04-22T17:54:17+00:00\" \/>\n<meta property=\"og:image\" content=\"https:\/\/mhahabercom.teimg.com\/crop\/1280x720\/mhahaber-com\/uploads\/2026\/04\/mha-sari-beyaz-4891.png\" \/>\n<meta name=\"author\" content=\"admin\" \/>\n<meta name=\"twitter:card\" content=\"summary_large_image\" \/>\n<meta name=\"twitter:label1\" content=\"Yazan:\" \/>\n\t<meta name=\"twitter:data1\" content=\"admin\" \/>\n\t<meta name=\"twitter:label2\" content=\"Tahmini okuma s\u00fcresi\" \/>\n\t<meta name=\"twitter:data2\" content=\"2 dakika\" \/>\n<script type=\"application\/ld+json\" class=\"yoast-schema-graph\">{\"@context\":\"https:\\\/\\\/schema.org\",\"@graph\":[{\"@type\":\"Article\",\"@id\":\"https:\\\/\\\/kibrisdakik.com\\\/?p=111012#article\",\"isPartOf\":{\"@id\":\"https:\\\/\\\/kibrisdakik.com\\\/?p=111012\"},\"author\":{\"name\":\"admin\",\"@id\":\"https:\\\/\\\/kibrisdakik.com\\\/#\\\/schema\\\/person\\\/9cd9d437bbb44f72b73ba127e06d8e79\"},\"headline\":\"21 G\u00dcN KA\u00c7TI, SONUNDA YAKALANDI\",\"datePublished\":\"2026-04-22T17:54:17+00:00\",\"mainEntityOfPage\":{\"@id\":\"https:\\\/\\\/kibrisdakik.com\\\/?p=111012\"},\"wordCount\":342,\"commentCount\":0,\"image\":{\"@id\":\"https:\\\/\\\/kibrisdakik.com\\\/?p=111012#primaryimage\"},\"thumbnailUrl\":\"https:\\\/\\\/kibrisdakik.com\\\/wp-content\\\/uploads\\\/2026\\\/04\\\/mha-sari-beyaz-4891.png\",\"articleSection\":[\"K\u0131br\u0131s\"],\"inLanguage\":\"tr\",\"potentialAction\":[{\"@type\":\"CommentAction\",\"name\":\"Comment\",\"target\":[\"https:\\\/\\\/kibrisdakik.com\\\/?p=111012#respond\"]}]},{\"@type\":\"WebPage\",\"@id\":\"https:\\\/\\\/kibrisdakik.com\\\/?p=111012\",\"url\":\"https:\\\/\\\/kibrisdakik.com\\\/?p=111012\",\"name\":\"21 G\u00dcN KA\u00c7TI, SONUNDA YAKALANDI -\",\"isPartOf\":{\"@id\":\"https:\\\/\\\/kibrisdakik.com\\\/#website\"},\"primaryImageOfPage\":{\"@id\":\"https:\\\/\\\/kibrisdakik.com\\\/?p=111012#primaryimage\"},\"image\":{\"@id\":\"https:\\\/\\\/kibrisdakik.com\\\/?p=111012#primaryimage\"},\"thumbnailUrl\":\"https:\\\/\\\/kibrisdakik.com\\\/wp-content\\\/uploads\\\/2026\\\/04\\\/mha-sari-beyaz-4891.png\",\"datePublished\":\"2026-04-22T17:54:17+00:00\",\"author\":{\"@id\":\"https:\\\/\\\/kibrisdakik.com\\\/#\\\/schema\\\/person\\\/9cd9d437bbb44f72b73ba127e06d8e79\"},\"breadcrumb\":{\"@id\":\"https:\\\/\\\/kibrisdakik.com\\\/?p=111012#breadcrumb\"},\"inLanguage\":\"tr\",\"potentialAction\":[{\"@type\":\"ReadAction\",\"target\":[\"https:\\\/\\\/kibrisdakik.com\\\/?p=111012\"]}]},{\"@type\":\"ImageObject\",\"inLanguage\":\"tr\",\"@id\":\"https:\\\/\\\/kibrisdakik.com\\\/?p=111012#primaryimage\",\"url\":\"https:\\\/\\\/kibrisdakik.com\\\/wp-content\\\/uploads\\\/2026\\\/04\\\/mha-sari-beyaz-4891.png\",\"contentUrl\":\"https:\\\/\\\/kibrisdakik.com\\\/wp-content\\\/uploads\\\/2026\\\/04\\\/mha-sari-beyaz-4891.png\",\"width\":1280,\"height\":720},{\"@type\":\"BreadcrumbList\",\"@id\":\"https:\\\/\\\/kibrisdakik.com\\\/?p=111012#breadcrumb\",\"itemListElement\":[{\"@type\":\"ListItem\",\"position\":1,\"name\":\"Home\",\"item\":\"https:\\\/\\\/kibrisdakik.com\\\/\"},{\"@type\":\"ListItem\",\"position\":2,\"name\":\"21 G\u00dcN KA\u00c7TI, SONUNDA YAKALANDI\"}]},{\"@type\":\"WebSite\",\"@id\":\"https:\\\/\\\/kibrisdakik.com\\\/#website\",\"url\":\"https:\\\/\\\/kibrisdakik.com\\\/\",\"name\":\"\",\"description\":\"Tam vaktinde haber\",\"potentialAction\":[{\"@type\":\"SearchAction\",\"target\":{\"@type\":\"EntryPoint\",\"urlTemplate\":\"https:\\\/\\\/kibrisdakik.com\\\/?s={search_term_string}\"},\"query-input\":{\"@type\":\"PropertyValueSpecification\",\"valueRequired\":true,\"valueName\":\"search_term_string\"}}],\"inLanguage\":\"tr\"},{\"@type\":\"Person\",\"@id\":\"https:\\\/\\\/kibrisdakik.com\\\/#\\\/schema\\\/person\\\/9cd9d437bbb44f72b73ba127e06d8e79\",\"name\":\"admin\",\"image\":{\"@type\":\"ImageObject\",\"inLanguage\":\"tr\",\"@id\":\"https:\\\/\\\/secure.gravatar.com\\\/avatar\\\/ccc17943b9d660506c869530f897617f7cb1c21a4bf30023f252596d83e1f007?s=96&d=mm&r=g\",\"url\":\"https:\\\/\\\/secure.gravatar.com\\\/avatar\\\/ccc17943b9d660506c869530f897617f7cb1c21a4bf30023f252596d83e1f007?s=96&d=mm&r=g\",\"contentUrl\":\"https:\\\/\\\/secure.gravatar.com\\\/avatar\\\/ccc17943b9d660506c869530f897617f7cb1c21a4bf30023f252596d83e1f007?s=96&d=mm&r=g\",\"caption\":\"admin\"},\"sameAs\":[\"https:\\\/\\\/kibrisdakik.com\"],\"url\":\"https:\\\/\\\/kibrisdakik.com\\\/?author=1\"}]}<\/script>\n<!-- \/ Yoast SEO plugin. -->","yoast_head_json":{"title":"21 G\u00dcN KA\u00c7TI, SONUNDA YAKALANDI -","robots":{"index":"index","follow":"follow","max-snippet":"max-snippet:-1","max-image-preview":"max-image-preview:large","max-video-preview":"max-video-preview:-1"},"canonical":"https:\/\/kibrisdakik.com\/?p=111012","og_locale":"tr_TR","og_type":"article","og_title":"21 G\u00dcN KA\u00c7TI, SONUNDA YAKALANDI -","og_description":"SESS\u0130ZL\u0130K TARTI\u015eMASI KANLI B\u0130TT\u0130 Girne\u2019de Mart ay\u0131n\u0131n son g\u00fcnlerinde ya\u015fanan olay, k\u00fc\u00e7\u00fck bir anla\u015fmazl\u0131\u011f\u0131n nas\u0131l a\u011f\u0131r bir \u015fiddet vakas\u0131na d\u00f6n\u00fc\u015febilece\u011fini g\u00f6zler \u00f6n\u00fcne serdi. Ayn\u0131 evi payla\u015ft\u0131\u011f\u0131 arkada\u015f\u0131n\u0131n kendisiyle konu\u015fmamas\u0131na \u00f6fkelenen Fas uyruklu \u00f6\u011frenci H. C., tart\u0131\u015fman\u0131n b\u00fcy\u00fcmesi \u00fczerine kontrol\u00fcn\u00fc kaybederek sald\u0131r\u0131ya ge\u00e7ti. \u0130ddiaya g\u00f6re zanl\u0131, ev arkada\u015f\u0131na \u00f6nce tokat atarak darp etti, ard\u0131ndan yan\u0131nda bulundurdu\u011fu","og_url":"https:\/\/kibrisdakik.com\/?p=111012","article_published_time":"2026-04-22T17:54:17+00:00","og_image":[{"url":"https:\/\/mhahabercom.teimg.com\/crop\/1280x720\/mhahaber-com\/uploads\/2026\/04\/mha-sari-beyaz-4891.png","type":"","width":"","height":""}],"author":"admin","twitter_card":"summary_large_image","twitter_misc":{"Yazan:":"admin","Tahmini okuma s\u00fcresi":"2 dakika"},"schema":{"@context":"https:\/\/schema.org","@graph":[{"@type":"Article","@id":"https:\/\/kibrisdakik.com\/?p=111012#article","isPartOf":{"@id":"https:\/\/kibrisdakik.com\/?p=111012"},"author":{"name":"admin","@id":"https:\/\/kibrisdakik.com\/#\/schema\/person\/9cd9d437bbb44f72b73ba127e06d8e79"},"headline":"21 G\u00dcN KA\u00c7TI, SONUNDA YAKALANDI","datePublished":"2026-04-22T17:54:17+00:00","mainEntityOfPage":{"@id":"https:\/\/kibrisdakik.com\/?p=111012"},"wordCount":342,"commentCount":0,"image":{"@id":"https:\/\/kibrisdakik.com\/?p=111012#primaryimage"},"thumbnailUrl":"https:\/\/kibrisdakik.com\/wp-content\/uploads\/2026\/04\/mha-sari-beyaz-4891.png","articleSection":["K\u0131br\u0131s"],"inLanguage":"tr","potentialAction":[{"@type":"CommentAction","name":"Comment","target":["https:\/\/kibrisdakik.com\/?p=111012#respond"]}]},{"@type":"WebPage","@id":"https:\/\/kibrisdakik.com\/?p=111012","url":"https:\/\/kibrisdakik.com\/?p=111012","name":"21 G\u00dcN KA\u00c7TI, SONUNDA YAKALANDI -","isPartOf":{"@id":"https:\/\/kibrisdakik.com\/#website"},"primaryImageOfPage":{"@id":"https:\/\/kibrisdakik.com\/?p=111012#primaryimage"},"image":{"@id":"https:\/\/kibrisdakik.com\/?p=111012#primaryimage"},"thumbnailUrl":"https:\/\/kibrisdakik.com\/wp-content\/uploads\/2026\/04\/mha-sari-beyaz-4891.png","datePublished":"2026-04-22T17:54:17+00:00","author":{"@id":"https:\/\/kibrisdakik.com\/#\/schema\/person\/9cd9d437bbb44f72b73ba127e06d8e79"},"breadcrumb":{"@id":"https:\/\/kibrisdakik.com\/?p=111012#breadcrumb"},"inLanguage":"tr","potentialAction":[{"@type":"ReadAction","target":["https:\/\/kibrisdakik.com\/?p=111012"]}]},{"@type":"ImageObject","inLanguage":"tr","@id":"https:\/\/kibrisdakik.com\/?p=111012#primaryimage","url":"https:\/\/kibrisdakik.com\/wp-content\/uploads\/2026\/04\/mha-sari-beyaz-4891.png","contentUrl":"https:\/\/kibrisdakik.com\/wp-content\/uploads\/2026\/04\/mha-sari-beyaz-4891.png","width":1280,"height":720},{"@type":"BreadcrumbList","@id":"https:\/\/kibrisdakik.com\/?p=111012#breadcrumb","itemListElement":[{"@type":"ListItem","position":1,"name":"Home","item":"https:\/\/kibrisdakik.com\/"},{"@type":"ListItem","position":2,"name":"21 G\u00dcN KA\u00c7TI, SONUNDA YAKALANDI"}]},{"@type":"WebSite","@id":"https:\/\/kibrisdakik.com\/#website","url":"https:\/\/kibrisdakik.com\/","name":"","description":"Tam vaktinde haber","potentialAction":[{"@type":"SearchAction","target":{"@type":"EntryPoint","urlTemplate":"https:\/\/kibrisdakik.com\/?s={search_term_string}"},"query-input":{"@type":"PropertyValueSpecification","valueRequired":true,"valueName":"search_term_string"}}],"inLanguage":"tr"},{"@type":"Person","@id":"https:\/\/kibrisdakik.com\/#\/schema\/person\/9cd9d437bbb44f72b73ba127e06d8e79","name":"admin","image":{"@type":"ImageObject","inLanguage":"tr","@id":"https:\/\/secure.gravatar.com\/avatar\/ccc17943b9d660506c869530f897617f7cb1c21a4bf30023f252596d83e1f007?s=96&d=mm&r=g","url":"https:\/\/secure.gravatar.com\/avatar\/ccc17943b9d660506c869530f897617f7cb1c21a4bf30023f252596d83e1f007?s=96&d=mm&r=g","contentUrl":"https:\/\/secure.gravatar.com\/avatar\/ccc17943b9d660506c869530f897617f7cb1c21a4bf30023f252596d83e1f007?s=96&d=mm&r=g","caption":"admin"},"sameAs":["https:\/\/kibrisdakik.com"],"url":"https:\/\/kibrisdakik.com\/?author=1"}]}},"_links":{"self":[{"href":"https:\/\/kibrisdakik.com\/index.php?rest_route=\/wp\/v2\/posts\/111012","targetHints":{"allow":["GET"]}}],"collection":[{"href":"https:\/\/kibrisdakik.com\/index.php?rest_route=\/wp\/v2\/posts"}],"about":[{"href":"https:\/\/kibrisdakik.com\/index.php?rest_route=\/wp\/v2\/types\/post"}],"author":[{"embeddable":true,"href":"https:\/\/kibrisdakik.com\/index.php?rest_route=\/wp\/v2\/users\/1"}],"replies":[{"embeddable":true,"href":"https:\/\/kibrisdakik.com\/index.php?rest_route=%2Fwp%2Fv2%2Fcomments&post=111012"}],"version-history":[{"count":0,"href":"https:\/\/kibrisdakik.com\/index.php?rest_route=\/wp\/v2\/posts\/111012\/revisions"}],"wp:featuredmedia":[{"embeddable":true,"href":"https:\/\/kibrisdakik.com\/index.php?rest_route=\/wp\/v2\/media\/111013"}],"wp:attachment":[{"href":"https:\/\/kibrisdakik.com\/index.php?rest_route=%2Fwp%2Fv2%2Fmedia&parent=111012"}],"wp:term":[{"taxonomy":"category","embeddable":true,"href":"https:\/\/kibrisdakik.com\/index.php?rest_route=%2Fwp%2Fv2%2Fcategories&post=111012"},{"taxonomy":"post_tag","embeddable":true,"href":"https:\/\/kibrisdakik.com\/index.php?rest_route=%2Fwp%2Fv2%2Ftags&post=111012"}],"curies":[{"name":"wp","href":"https:\/\/api.w.org\/{rel}","templated":true}]}}