{"id":111026,"date":"2026-04-23T09:24:58","date_gmt":"2026-04-23T06:24:58","guid":{"rendered":"https:\/\/kibrisdakik.com\/?p=111026"},"modified":"2026-04-23T09:24:58","modified_gmt":"2026-04-23T06:24:58","slug":"cavusoglu-egemenligin-en-buyuk-guvencesi-cocuklardir","status":"publish","type":"post","link":"https:\/\/kibrisdakik.com\/?p=111026","title":{"rendered":"\u00c7AVU\u015eO\u011eLU: \u201cEGEMENL\u0130\u011e\u0130N EN B\u00dcY\u00dcK G\u00dcVENCES\u0130 \u00c7OCUKLARDIR\u201d"},"content":{"rendered":"<p><\/p>\n<div data-text-id=\"200528\" property=\"articleBody\">\n<p>Milli E\u011fitim Bakan\u0131 Naz\u0131m \u00c7avu\u015fo\u011flu, 23 Nisan\u2019\u0131n T\u00fcrk milletinin ba\u011f\u0131ms\u0131zl\u0131k ve egemenlik iradesini t\u00fcm d\u00fcnyaya ilan etti\u011fi anlaml\u0131 bir g\u00fcn oldu\u011funu ifade ederek, bu anlaml\u0131 g\u00fcn\u00fcn K\u0131br\u0131s T\u00fcrk halk\u0131 i\u00e7in de ilham kayna\u011f\u0131 oldu\u011funu, verilen varolu\u015f ve \u00f6zg\u00fcrl\u00fck m\u00fccadelesine \u0131\u015f\u0131k tuttu\u011funu belirtti.<\/p>\n<p>23 Nisan\u2019\u0131n yaln\u0131zca bir tarih de\u011fil; \u201cbir ruhu, bir dirili\u015fi ve bir gelece\u011fi temsil eden\u201d bir g\u00fcn oldu\u011funu vurgulayan \u00c7avu\u015fo\u011flu, T\u00fcrk milletinin ba\u011f\u0131ms\u0131zl\u0131k ve egemenlik iradesinin t\u00fcm d\u00fcnyaya ilan edildi\u011fi bu \u00f6nemli g\u00fcn\u00fcn; ayn\u0131 zamanda d\u00fcnyada \u00e7ocuklara arma\u011fan edilen ilk ve tek bayram oldu\u011funu vurgulad\u0131.<\/p>\n<p>\u00c7avu\u015fo\u011flu, bunun \u00e7ocuklara duyulan g\u00fcvenin en g\u00fc\u00e7l\u00fc g\u00f6stergesi oldu\u011funu kaydetti.<\/p>\n<p>Milli E\u011fitim Bakan\u0131 Naz\u0131m \u00c7avu\u015fo\u011flu, 23 Nisan Ulusal Egemenlik ve \u00c7ocuk Bayram\u0131 dolay\u0131s\u0131yla Bayrak Radyo ve Televizyonu\u2019nda (BRT) konu\u015fma yapt\u0131.<\/p>\n<p>Konu\u015fmas\u0131nda, milletlerin tarihinde baz\u0131 g\u00fcnlerin yaln\u0131zca bir tarihi de\u011fil; bir ruhu, dirili\u015fi ve gelece\u011fi temsil etti\u011fini vurgulayan \u00c7avu\u015fo\u011flu, 23 Nisan\u2019\u0131n da T\u00fcrk milletinin ba\u011f\u0131ms\u0131zl\u0131k ve egemenlik iradesini t\u00fcm d\u00fcnyaya ilan etti\u011fi anlaml\u0131 bir g\u00fcn oldu\u011funu ifade etti.<\/p>\n<p>-\u201cBu b\u00fcy\u00fck miras, gelece\u011fimizin teminat\u0131 \u00e7ocuklar\u0131m\u0131za b\u0131rak\u0131lan en g\u00fc\u00e7l\u00fc g\u00fcven ni\u015fanesidir.\u201d<\/p>\n<p>23 Nisan\u2019\u0131n \u00e7ocuklara arma\u011fan edilen ilk ve tek bayram oldu\u011funa da dikkat \u00e7eken \u00c7avu\u015fo\u011flu, \u201cBu b\u00fcy\u00fck miras, gelece\u011fimizin teminat\u0131 \u00e7ocuklar\u0131m\u0131za b\u0131rak\u0131lan en g\u00fc\u00e7l\u00fc g\u00fcven ni\u015fanesidir.\u201d dedi.<\/p>\n<p>-\u201c23 Nisan, K\u0131br\u0131s T\u00fcrk halk\u0131n\u0131n varolu\u015f ve \u00f6zg\u00fcrl\u00fck m\u00fccadelesine \u0131\u015f\u0131k tutmu\u015ftur\u201d<\/p>\n<p>Ulu \u00d6nder Mustafa Kemal Atat\u00fcrk\u2019\u00fcn \u00e7ocuklara hitaben s\u00f6yledi\u011fi; \u201cK\u00fc\u00e7\u00fck han\u0131mlar, k\u00fc\u00e7\u00fck beyler! Sizler, hepiniz gelece\u011fin bir g\u00fcl\u00fc, y\u0131ld\u0131z\u0131 ve ikbal \u0131\u015f\u0131\u011f\u0131s\u0131n\u0131z. Memleketi as\u0131l ayd\u0131nl\u0131\u011fa bo\u011facak olan sizsiniz.\u201d s\u00f6zlerinin milletin \u00e7ocuklardan beklentisini en iyi \u015fekilde ortaya koydu\u011funu belirten \u00c7avu\u015fo\u011flu, bu \u00e7er\u00e7evede 23 Nisan\u2019\u0131n K\u0131br\u0131s T\u00fcrk halk\u0131 i\u00e7in de ilham kayna\u011f\u0131 oldu\u011funu, varolu\u015f ve \u00f6zg\u00fcrl\u00fck m\u00fccadelesine \u0131\u015f\u0131k tuttu\u011funu ifade etti.<\/p>\n<p>&#8211; \u201cDaha g\u00fc\u00e7l\u00fc bir e\u011fitim sistemi, daha nitelikli imk\u00e2nlar ve daha ayd\u0131nl\u0131k yar\u0131nlar\u201d<\/p>\n<p>Atat\u00fcrk\u2019\u00fcn \u201c\u00c7ocuklar, milletimizin gelece\u011fidir. Onlar\u0131 en iyi \u015fekilde yeti\u015ftirmek, en \u00f6nemli g\u00f6revimizdir.\u201d s\u00f6z\u00fcn\u00fc \u015fiar edindiklerini belirten \u00c7avu\u015fo\u011flu, bu \u00e7er\u00e7evede \u00e7ocuklar i\u00e7in daha g\u00fc\u00e7l\u00fc bir e\u011fitim sistemi, daha nitelikli imk\u00e2nlar ve daha ayd\u0131nl\u0131k yar\u0131nlar olu\u015fturmak amac\u0131yla \u00e7al\u0131\u015fmalar\u0131n\u0131 s\u00fcrd\u00fcrd\u00fcklerini kaydetti.<\/p>\n<p>\u00c7avu\u015fo\u011flu konu\u015fmas\u0131n\u0131 \u015f\u00f6yle s\u00fcrd\u00fcrd\u00fc:<\/p>\n<p>\u201cBizler ge\u00e7mi\u015ften ald\u0131\u011f\u0131m\u0131z miras ve de\u011ferlerle bug\u00fcnlere ula\u015ft\u0131k. Bu de\u011ferleri ya\u015fatacak ve daha ileriye ta\u015f\u0131yacak olan sizlersiniz. Bilimi kendinize rehber edinirken, vicdan\u0131n\u0131z\u0131 pusulan\u0131z yap\u0131n. Merhametli, adaletli, hakkaniyetli ve vatan\u0131n\u0131 seven bireyler olarak yeti\u015fmeniz, yaln\u0131zca ailenizin de\u011fil milletimizin de en b\u00fcy\u00fck arzusudur.\u201d<\/p>\n<p>&#8211; G\u00fc\u00e7l\u00fc toplumun temeli: Adalet, merhamet, cesaret ve hakkaniyet<\/p>\n<p>Bir milletin yaln\u0131zca teknoloji, sanayi ya da ekonomik g\u00fc\u00e7le b\u00fcy\u00fcmeyece\u011fini ifade eden \u00c7avu\u015fo\u011flu, ger\u00e7ek g\u00fcc\u00fcn adalet, merhamet, cesaret ve hakkaniyet duygular\u0131nda sakl\u0131 oldu\u011funu belirterek, bu de\u011ferlerin bir milleti ayakta tutan en g\u00fc\u00e7l\u00fc temeller oldu\u011funu s\u00f6yledi.<\/p>\n<p>Konu\u015fmas\u0131nda \u00e7ocuklara da seslenen \u00c7avu\u015fo\u011flu, \u201cUnutmay\u0131n ki ulusal egemenli\u011fimizin en b\u00fcy\u00fck g\u00fcvencesi sizlersiniz. Bu \u00fclkenin yar\u0131nlar\u0131 sizlerin omuzlar\u0131nda y\u00fckselecek. Bizler sizlere inan\u0131yor, sizlere g\u00fcveniyoruz.\u201d dedi.<\/p>\n<p>Konu\u015fmas\u0131n\u0131n sonunda ba\u015fta Gazi Mustafa Kemal Atat\u00fcrk ve silah arkada\u015flar\u0131 olmak \u00fczere, bu anlaml\u0131 g\u00fcn\u00fc arma\u011fan eden t\u00fcm kahramanlar\u0131 rahmet ve minnetle and\u0131\u011f\u0131n\u0131 belirten \u00c7avu\u015fo\u011flu, t\u00fcm \u00e7ocuklar\u0131n ve halk\u0131n 23 Nisan Ulusal Egemenlik ve \u00c7ocuk Bayram\u0131\u2019n\u0131 kutlayarak sa\u011fl\u0131k, mutluluk ve ba\u015far\u0131 dolu bir gelecek temennisinde bulundu.<\/p>\n<\/p><\/div>\n","protected":false},"excerpt":{"rendered":"<p>Milli E\u011fitim Bakan\u0131 Naz\u0131m \u00c7avu\u015fo\u011flu, 23 Nisan\u2019\u0131n T\u00fcrk milletinin ba\u011f\u0131ms\u0131zl\u0131k ve egemenlik iradesini t\u00fcm d\u00fcnyaya ilan etti\u011fi anlaml\u0131 bir g\u00fcn oldu\u011funu ifade ederek, bu anlaml\u0131 g\u00fcn\u00fcn K\u0131br\u0131s T\u00fcrk halk\u0131 i\u00e7in de ilham kayna\u011f\u0131 oldu\u011funu, verilen varolu\u015f ve \u00f6zg\u00fcrl\u00fck m\u00fccadelesine \u0131\u015f\u0131k tuttu\u011funu belirtti. 23 Nisan\u2019\u0131n yaln\u0131zca bir tarih de\u011fil; \u201cbir ruhu, bir dirili\u015fi ve bir gelece\u011fi<\/p>\n","protected":false},"author":1,"featured_media":111027,"comment_status":"open","ping_status":"open","sticky":false,"template":"","format":"standard","meta":{"footnotes":""},"categories":[81],"tags":[],"class_list":["post-111026","post","type-post","status-publish","format-standard","has-post-thumbnail","hentry","category-kibris"],"yoast_head":"<!-- This site is optimized with the Yoast SEO plugin v27.4 - https:\/\/yoast.com\/product\/yoast-seo-wordpress\/ -->\n<title>\u00c7AVU\u015eO\u011eLU: \u201cEGEMENL\u0130\u011e\u0130N EN B\u00dcY\u00dcK G\u00dcVENCES\u0130 \u00c7OCUKLARDIR\u201d -<\/title>\n<meta name=\"robots\" content=\"index, follow, max-snippet:-1, max-image-preview:large, max-video-preview:-1\" \/>\n<link rel=\"canonical\" href=\"https:\/\/kibrisdakik.com\/?p=111026\" \/>\n<meta property=\"og:locale\" content=\"tr_TR\" \/>\n<meta property=\"og:type\" content=\"article\" \/>\n<meta property=\"og:title\" content=\"\u00c7AVU\u015eO\u011eLU: \u201cEGEMENL\u0130\u011e\u0130N EN B\u00dcY\u00dcK G\u00dcVENCES\u0130 \u00c7OCUKLARDIR\u201d -\" \/>\n<meta property=\"og:description\" content=\"Milli E\u011fitim Bakan\u0131 Naz\u0131m \u00c7avu\u015fo\u011flu, 23 Nisan\u2019\u0131n T\u00fcrk milletinin ba\u011f\u0131ms\u0131zl\u0131k ve egemenlik iradesini t\u00fcm d\u00fcnyaya ilan etti\u011fi anlaml\u0131 bir g\u00fcn oldu\u011funu ifade ederek, bu anlaml\u0131 g\u00fcn\u00fcn K\u0131br\u0131s T\u00fcrk halk\u0131 i\u00e7in de ilham kayna\u011f\u0131 oldu\u011funu, verilen varolu\u015f ve \u00f6zg\u00fcrl\u00fck m\u00fccadelesine \u0131\u015f\u0131k tuttu\u011funu belirtti. 23 Nisan\u2019\u0131n yaln\u0131zca bir tarih de\u011fil; \u201cbir ruhu, bir dirili\u015fi ve bir gelece\u011fi\" \/>\n<meta property=\"og:url\" content=\"https:\/\/kibrisdakik.com\/?p=111026\" \/>\n<meta property=\"article:published_time\" content=\"2026-04-23T06:24:58+00:00\" \/>\n<meta property=\"og:image\" content=\"https:\/\/mhahabercom.teimg.com\/crop\/1280x720\/mhahaber-com\/uploads\/2026\/04\/mha-sari-beyaz-4893.png\" \/>\n<meta name=\"author\" content=\"admin\" \/>\n<meta name=\"twitter:card\" content=\"summary_large_image\" \/>\n<meta name=\"twitter:label1\" content=\"Yazan:\" \/>\n\t<meta name=\"twitter:data1\" content=\"admin\" \/>\n\t<meta name=\"twitter:label2\" content=\"Tahmini okuma s\u00fcresi\" \/>\n\t<meta name=\"twitter:data2\" content=\"4 dakika\" \/>\n<script type=\"application\/ld+json\" class=\"yoast-schema-graph\">{\"@context\":\"https:\\\/\\\/schema.org\",\"@graph\":[{\"@type\":\"Article\",\"@id\":\"https:\\\/\\\/kibrisdakik.com\\\/?p=111026#article\",\"isPartOf\":{\"@id\":\"https:\\\/\\\/kibrisdakik.com\\\/?p=111026\"},\"author\":{\"name\":\"admin\",\"@id\":\"https:\\\/\\\/kibrisdakik.com\\\/#\\\/schema\\\/person\\\/9cd9d437bbb44f72b73ba127e06d8e79\"},\"headline\":\"\u00c7AVU\u015eO\u011eLU: \u201cEGEMENL\u0130\u011e\u0130N EN B\u00dcY\u00dcK G\u00dcVENCES\u0130 \u00c7OCUKLARDIR\u201d\",\"datePublished\":\"2026-04-23T06:24:58+00:00\",\"mainEntityOfPage\":{\"@id\":\"https:\\\/\\\/kibrisdakik.com\\\/?p=111026\"},\"wordCount\":730,\"commentCount\":0,\"image\":{\"@id\":\"https:\\\/\\\/kibrisdakik.com\\\/?p=111026#primaryimage\"},\"thumbnailUrl\":\"https:\\\/\\\/kibrisdakik.com\\\/wp-content\\\/uploads\\\/2026\\\/04\\\/mha-sari-beyaz-4893.png\",\"articleSection\":[\"K\u0131br\u0131s\"],\"inLanguage\":\"tr\",\"potentialAction\":[{\"@type\":\"CommentAction\",\"name\":\"Comment\",\"target\":[\"https:\\\/\\\/kibrisdakik.com\\\/?p=111026#respond\"]}]},{\"@type\":\"WebPage\",\"@id\":\"https:\\\/\\\/kibrisdakik.com\\\/?p=111026\",\"url\":\"https:\\\/\\\/kibrisdakik.com\\\/?p=111026\",\"name\":\"\u00c7AVU\u015eO\u011eLU: \u201cEGEMENL\u0130\u011e\u0130N EN B\u00dcY\u00dcK G\u00dcVENCES\u0130 \u00c7OCUKLARDIR\u201d -\",\"isPartOf\":{\"@id\":\"https:\\\/\\\/kibrisdakik.com\\\/#website\"},\"primaryImageOfPage\":{\"@id\":\"https:\\\/\\\/kibrisdakik.com\\\/?p=111026#primaryimage\"},\"image\":{\"@id\":\"https:\\\/\\\/kibrisdakik.com\\\/?p=111026#primaryimage\"},\"thumbnailUrl\":\"https:\\\/\\\/kibrisdakik.com\\\/wp-content\\\/uploads\\\/2026\\\/04\\\/mha-sari-beyaz-4893.png\",\"datePublished\":\"2026-04-23T06:24:58+00:00\",\"author\":{\"@id\":\"https:\\\/\\\/kibrisdakik.com\\\/#\\\/schema\\\/person\\\/9cd9d437bbb44f72b73ba127e06d8e79\"},\"breadcrumb\":{\"@id\":\"https:\\\/\\\/kibrisdakik.com\\\/?p=111026#breadcrumb\"},\"inLanguage\":\"tr\",\"potentialAction\":[{\"@type\":\"ReadAction\",\"target\":[\"https:\\\/\\\/kibrisdakik.com\\\/?p=111026\"]}]},{\"@type\":\"ImageObject\",\"inLanguage\":\"tr\",\"@id\":\"https:\\\/\\\/kibrisdakik.com\\\/?p=111026#primaryimage\",\"url\":\"https:\\\/\\\/kibrisdakik.com\\\/wp-content\\\/uploads\\\/2026\\\/04\\\/mha-sari-beyaz-4893.png\",\"contentUrl\":\"https:\\\/\\\/kibrisdakik.com\\\/wp-content\\\/uploads\\\/2026\\\/04\\\/mha-sari-beyaz-4893.png\",\"width\":1280,\"height\":720},{\"@type\":\"BreadcrumbList\",\"@id\":\"https:\\\/\\\/kibrisdakik.com\\\/?p=111026#breadcrumb\",\"itemListElement\":[{\"@type\":\"ListItem\",\"position\":1,\"name\":\"Home\",\"item\":\"https:\\\/\\\/kibrisdakik.com\\\/\"},{\"@type\":\"ListItem\",\"position\":2,\"name\":\"\u00c7AVU\u015eO\u011eLU: \u201cEGEMENL\u0130\u011e\u0130N EN B\u00dcY\u00dcK G\u00dcVENCES\u0130 \u00c7OCUKLARDIR\u201d\"}]},{\"@type\":\"WebSite\",\"@id\":\"https:\\\/\\\/kibrisdakik.com\\\/#website\",\"url\":\"https:\\\/\\\/kibrisdakik.com\\\/\",\"name\":\"\",\"description\":\"Tam vaktinde haber\",\"potentialAction\":[{\"@type\":\"SearchAction\",\"target\":{\"@type\":\"EntryPoint\",\"urlTemplate\":\"https:\\\/\\\/kibrisdakik.com\\\/?s={search_term_string}\"},\"query-input\":{\"@type\":\"PropertyValueSpecification\",\"valueRequired\":true,\"valueName\":\"search_term_string\"}}],\"inLanguage\":\"tr\"},{\"@type\":\"Person\",\"@id\":\"https:\\\/\\\/kibrisdakik.com\\\/#\\\/schema\\\/person\\\/9cd9d437bbb44f72b73ba127e06d8e79\",\"name\":\"admin\",\"image\":{\"@type\":\"ImageObject\",\"inLanguage\":\"tr\",\"@id\":\"https:\\\/\\\/secure.gravatar.com\\\/avatar\\\/ccc17943b9d660506c869530f897617f7cb1c21a4bf30023f252596d83e1f007?s=96&d=mm&r=g\",\"url\":\"https:\\\/\\\/secure.gravatar.com\\\/avatar\\\/ccc17943b9d660506c869530f897617f7cb1c21a4bf30023f252596d83e1f007?s=96&d=mm&r=g\",\"contentUrl\":\"https:\\\/\\\/secure.gravatar.com\\\/avatar\\\/ccc17943b9d660506c869530f897617f7cb1c21a4bf30023f252596d83e1f007?s=96&d=mm&r=g\",\"caption\":\"admin\"},\"sameAs\":[\"https:\\\/\\\/kibrisdakik.com\"],\"url\":\"https:\\\/\\\/kibrisdakik.com\\\/?author=1\"}]}<\/script>\n<!-- \/ Yoast SEO plugin. -->","yoast_head_json":{"title":"\u00c7AVU\u015eO\u011eLU: \u201cEGEMENL\u0130\u011e\u0130N EN B\u00dcY\u00dcK G\u00dcVENCES\u0130 \u00c7OCUKLARDIR\u201d -","robots":{"index":"index","follow":"follow","max-snippet":"max-snippet:-1","max-image-preview":"max-image-preview:large","max-video-preview":"max-video-preview:-1"},"canonical":"https:\/\/kibrisdakik.com\/?p=111026","og_locale":"tr_TR","og_type":"article","og_title":"\u00c7AVU\u015eO\u011eLU: \u201cEGEMENL\u0130\u011e\u0130N EN B\u00dcY\u00dcK G\u00dcVENCES\u0130 \u00c7OCUKLARDIR\u201d -","og_description":"Milli E\u011fitim Bakan\u0131 Naz\u0131m \u00c7avu\u015fo\u011flu, 23 Nisan\u2019\u0131n T\u00fcrk milletinin ba\u011f\u0131ms\u0131zl\u0131k ve egemenlik iradesini t\u00fcm d\u00fcnyaya ilan etti\u011fi anlaml\u0131 bir g\u00fcn oldu\u011funu ifade ederek, bu anlaml\u0131 g\u00fcn\u00fcn K\u0131br\u0131s T\u00fcrk halk\u0131 i\u00e7in de ilham kayna\u011f\u0131 oldu\u011funu, verilen varolu\u015f ve \u00f6zg\u00fcrl\u00fck m\u00fccadelesine \u0131\u015f\u0131k tuttu\u011funu belirtti. 23 Nisan\u2019\u0131n yaln\u0131zca bir tarih de\u011fil; \u201cbir ruhu, bir dirili\u015fi ve bir gelece\u011fi","og_url":"https:\/\/kibrisdakik.com\/?p=111026","article_published_time":"2026-04-23T06:24:58+00:00","og_image":[{"url":"https:\/\/mhahabercom.teimg.com\/crop\/1280x720\/mhahaber-com\/uploads\/2026\/04\/mha-sari-beyaz-4893.png","type":"","width":"","height":""}],"author":"admin","twitter_card":"summary_large_image","twitter_misc":{"Yazan:":"admin","Tahmini okuma s\u00fcresi":"4 dakika"},"schema":{"@context":"https:\/\/schema.org","@graph":[{"@type":"Article","@id":"https:\/\/kibrisdakik.com\/?p=111026#article","isPartOf":{"@id":"https:\/\/kibrisdakik.com\/?p=111026"},"author":{"name":"admin","@id":"https:\/\/kibrisdakik.com\/#\/schema\/person\/9cd9d437bbb44f72b73ba127e06d8e79"},"headline":"\u00c7AVU\u015eO\u011eLU: \u201cEGEMENL\u0130\u011e\u0130N EN B\u00dcY\u00dcK G\u00dcVENCES\u0130 \u00c7OCUKLARDIR\u201d","datePublished":"2026-04-23T06:24:58+00:00","mainEntityOfPage":{"@id":"https:\/\/kibrisdakik.com\/?p=111026"},"wordCount":730,"commentCount":0,"image":{"@id":"https:\/\/kibrisdakik.com\/?p=111026#primaryimage"},"thumbnailUrl":"https:\/\/kibrisdakik.com\/wp-content\/uploads\/2026\/04\/mha-sari-beyaz-4893.png","articleSection":["K\u0131br\u0131s"],"inLanguage":"tr","potentialAction":[{"@type":"CommentAction","name":"Comment","target":["https:\/\/kibrisdakik.com\/?p=111026#respond"]}]},{"@type":"WebPage","@id":"https:\/\/kibrisdakik.com\/?p=111026","url":"https:\/\/kibrisdakik.com\/?p=111026","name":"\u00c7AVU\u015eO\u011eLU: \u201cEGEMENL\u0130\u011e\u0130N EN B\u00dcY\u00dcK G\u00dcVENCES\u0130 \u00c7OCUKLARDIR\u201d -","isPartOf":{"@id":"https:\/\/kibrisdakik.com\/#website"},"primaryImageOfPage":{"@id":"https:\/\/kibrisdakik.com\/?p=111026#primaryimage"},"image":{"@id":"https:\/\/kibrisdakik.com\/?p=111026#primaryimage"},"thumbnailUrl":"https:\/\/kibrisdakik.com\/wp-content\/uploads\/2026\/04\/mha-sari-beyaz-4893.png","datePublished":"2026-04-23T06:24:58+00:00","author":{"@id":"https:\/\/kibrisdakik.com\/#\/schema\/person\/9cd9d437bbb44f72b73ba127e06d8e79"},"breadcrumb":{"@id":"https:\/\/kibrisdakik.com\/?p=111026#breadcrumb"},"inLanguage":"tr","potentialAction":[{"@type":"ReadAction","target":["https:\/\/kibrisdakik.com\/?p=111026"]}]},{"@type":"ImageObject","inLanguage":"tr","@id":"https:\/\/kibrisdakik.com\/?p=111026#primaryimage","url":"https:\/\/kibrisdakik.com\/wp-content\/uploads\/2026\/04\/mha-sari-beyaz-4893.png","contentUrl":"https:\/\/kibrisdakik.com\/wp-content\/uploads\/2026\/04\/mha-sari-beyaz-4893.png","width":1280,"height":720},{"@type":"BreadcrumbList","@id":"https:\/\/kibrisdakik.com\/?p=111026#breadcrumb","itemListElement":[{"@type":"ListItem","position":1,"name":"Home","item":"https:\/\/kibrisdakik.com\/"},{"@type":"ListItem","position":2,"name":"\u00c7AVU\u015eO\u011eLU: \u201cEGEMENL\u0130\u011e\u0130N EN B\u00dcY\u00dcK G\u00dcVENCES\u0130 \u00c7OCUKLARDIR\u201d"}]},{"@type":"WebSite","@id":"https:\/\/kibrisdakik.com\/#website","url":"https:\/\/kibrisdakik.com\/","name":"","description":"Tam vaktinde haber","potentialAction":[{"@type":"SearchAction","target":{"@type":"EntryPoint","urlTemplate":"https:\/\/kibrisdakik.com\/?s={search_term_string}"},"query-input":{"@type":"PropertyValueSpecification","valueRequired":true,"valueName":"search_term_string"}}],"inLanguage":"tr"},{"@type":"Person","@id":"https:\/\/kibrisdakik.com\/#\/schema\/person\/9cd9d437bbb44f72b73ba127e06d8e79","name":"admin","image":{"@type":"ImageObject","inLanguage":"tr","@id":"https:\/\/secure.gravatar.com\/avatar\/ccc17943b9d660506c869530f897617f7cb1c21a4bf30023f252596d83e1f007?s=96&d=mm&r=g","url":"https:\/\/secure.gravatar.com\/avatar\/ccc17943b9d660506c869530f897617f7cb1c21a4bf30023f252596d83e1f007?s=96&d=mm&r=g","contentUrl":"https:\/\/secure.gravatar.com\/avatar\/ccc17943b9d660506c869530f897617f7cb1c21a4bf30023f252596d83e1f007?s=96&d=mm&r=g","caption":"admin"},"sameAs":["https:\/\/kibrisdakik.com"],"url":"https:\/\/kibrisdakik.com\/?author=1"}]}},"_links":{"self":[{"href":"https:\/\/kibrisdakik.com\/index.php?rest_route=\/wp\/v2\/posts\/111026","targetHints":{"allow":["GET"]}}],"collection":[{"href":"https:\/\/kibrisdakik.com\/index.php?rest_route=\/wp\/v2\/posts"}],"about":[{"href":"https:\/\/kibrisdakik.com\/index.php?rest_route=\/wp\/v2\/types\/post"}],"author":[{"embeddable":true,"href":"https:\/\/kibrisdakik.com\/index.php?rest_route=\/wp\/v2\/users\/1"}],"replies":[{"embeddable":true,"href":"https:\/\/kibrisdakik.com\/index.php?rest_route=%2Fwp%2Fv2%2Fcomments&post=111026"}],"version-history":[{"count":0,"href":"https:\/\/kibrisdakik.com\/index.php?rest_route=\/wp\/v2\/posts\/111026\/revisions"}],"wp:featuredmedia":[{"embeddable":true,"href":"https:\/\/kibrisdakik.com\/index.php?rest_route=\/wp\/v2\/media\/111027"}],"wp:attachment":[{"href":"https:\/\/kibrisdakik.com\/index.php?rest_route=%2Fwp%2Fv2%2Fmedia&parent=111026"}],"wp:term":[{"taxonomy":"category","embeddable":true,"href":"https:\/\/kibrisdakik.com\/index.php?rest_route=%2Fwp%2Fv2%2Fcategories&post=111026"},{"taxonomy":"post_tag","embeddable":true,"href":"https:\/\/kibrisdakik.com\/index.php?rest_route=%2Fwp%2Fv2%2Ftags&post=111026"}],"curies":[{"name":"wp","href":"https:\/\/api.w.org\/{rel}","templated":true}]}}