{"id":111028,"date":"2026-04-23T09:33:18","date_gmt":"2026-04-23T06:33:18","guid":{"rendered":"https:\/\/kibrisdakik.com\/?p=111028"},"modified":"2026-04-23T09:33:18","modified_gmt":"2026-04-23T06:33:18","slug":"ozturkler-cocuklar-icin-saglam-gelecek-kuracagiz","status":"publish","type":"post","link":"https:\/\/kibrisdakik.com\/?p=111028","title":{"rendered":"\u00d6ZT\u00dcRKLER: \u00c7OCUKLAR \u0130\u00c7\u0130N SA\u011eLAM GELECEK KURACA\u011eIZ"},"content":{"rendered":"<p><\/p>\n<div data-text-id=\"200530\" property=\"articleBody\">\n<p>Cumhuriyet Meclisi Ba\u015fkan\u0131 Ziya \u00d6zt\u00fcrkler K\u0131br\u0131s adas\u0131nda ge\u00e7mi\u015fte ya\u015fanan karanl\u0131k g\u00fcnlerden ald\u0131klar\u0131 derslerle, \u00e7ocuklar\u0131n bir daha benzer ac\u0131lar ya\u015famamas\u0131 i\u00e7in geleceklerini sa\u011flam temeller \u00fczerine kurma kararl\u0131l\u0131\u011f\u0131nda olduklar\u0131n\u0131 vurgulad\u0131.<\/p>\n<p>\u00d6zt\u00fcrkler tarihten ald\u0131klar\u0131 g\u00fc\u00e7le, bar\u0131\u015f\u0131n, huzurun ve istikrar\u0131n h\u00e2kim oldu\u011fu bir gelecek i\u00e7in \u00e7al\u0131\u015fmaya devam ettiklerini kaydetti.<\/p>\n<p>Cumhuriyet Meclisi Ba\u015fkan\u0131 Ziya \u00d6zt\u00fcrkler, 23 Nisan Ulusal Egemenlik ve \u00c7ocuk Bayram\u0131 nedeniyle mesaj yay\u0131nlad\u0131.<\/p>\n<p>T\u00fcm \u00e7ocuklar\u0131n 23 Nisan Ulusal Egemenlik ve \u00c7ocuk Bayram\u0131\u2019n\u0131 en i\u00e7ten dilekleriyle kutlayan; sa\u011fl\u0131k, mutluluk ve ba\u015far\u0131 dolu bir gelecek dileyen \u00d6zt\u00fcrkler, mesaj\u0131nda \u015funlar\u0131 kaydetti:<\/p>\n<p>\u201cK\u0131br\u0131s T\u00fcrk halk\u0131, Gazi Mustafa Kemal Atat\u00fcrk\u2019\u00fcn ilke ve ink\u0131laplar\u0131n\u0131 \u00e7ok eskiden beri benimsemi\u015f, bu de\u011ferleri varolu\u015f m\u00fccadelesinin en temel dayanaklar\u0131ndan biri haline getirmi\u015ftir.<\/p>\n<p>Atat\u00fcrk\u2019\u00fcn \u00e7a\u011fda\u015fl\u0131k, ba\u011f\u0131ms\u0131zl\u0131k ve egemenlik anlay\u0131\u015f\u0131, bug\u00fcnlere ula\u015fmam\u0131zda yol g\u00f6sterici olmu\u015f; bu bilin\u00e7 nesilden nesle aktar\u0131lm\u0131\u015ft\u0131r.<\/p>\n<p>23 Nisan Ulusal Egemenlik ve \u00c7ocuk Bayram\u0131, T\u00fcrkiye Cumhuriyeti ile birlikte, K\u0131br\u0131s T\u00fcrk halk\u0131n\u0131n da egemenlik iradesinin, \u00f6zg\u00fcrl\u00fck tutkusunun ve gelece\u011fe olan inanc\u0131n\u0131n simgesidir. Bu anlaml\u0131 g\u00fcn, halk\u0131m\u0131z i\u00e7in tarihsel ba\u011flar\u0131m\u0131z\u0131n, ortak de\u011ferlerimizin ve g\u00fc\u00e7l\u00fc dayan\u0131\u015fmam\u0131z\u0131n en \u00f6nemli g\u00f6stergelerinden biridir.<\/p>\n<p>Bizler, \u00e7ocuklar\u0131m\u0131z\u0131n daha g\u00fc\u00e7l\u00fc, daha m\u00fcreffeh ve daha ayd\u0131nl\u0131k bir \u00fclkede ya\u015famalar\u0131 i\u00e7in var g\u00fcc\u00fcm\u00fczle \u00e7al\u0131\u015f\u0131yoruz. \u00c7ocuklar\u0131m\u0131z\u0131n huzur, g\u00fcven ve refah i\u00e7erisinde b\u00fcy\u00fcyebilece\u011fi bir gelecek in\u015fa etmek, en b\u00fcy\u00fck sorumlulu\u011fumuz ve \u00f6nceli\u011fimizdir.<\/p>\n<p>K\u0131br\u0131s adas\u0131nda ge\u00e7mi\u015fte ya\u015fanan karanl\u0131k g\u00fcnlerden ald\u0131\u011f\u0131m\u0131z derslerle, \u00e7ocuklar\u0131m\u0131z\u0131n bir daha benzer ac\u0131lar ya\u015famamas\u0131 ad\u0131na gelece\u011fimizi sa\u011flam temeller \u00fczerine kurma kararl\u0131l\u0131\u011f\u0131nday\u0131z. Tarihten ald\u0131\u011f\u0131m\u0131z g\u00fc\u00e7le, bar\u0131\u015f\u0131n, huzurun ve istikrar\u0131n h\u00e2kim oldu\u011fu bir gelecek i\u00e7in \u00e7al\u0131\u015fmaya devam ediyoruz.<\/p>\n<p>Ulu \u00f6nder Mustafa Kemal Atat\u00fcrk\u2019\u00fcn 23 Nisan\u2019\u0131 \u00e7ocuklara arma\u011fan etmesi, \u00e7ocuklara verdi\u011fi de\u011ferin ve duydu\u011fu g\u00fcvenin en a\u00e7\u0131k g\u00f6stergesidir.<\/p>\n<p>Bu duygu ve d\u00fc\u015f\u00fcncelerle, t\u00fcm \u00e7ocuklar\u0131n 23 Nisan Ulusal Egemenlik ve \u00c7ocuk Bayram\u0131\u2019n\u0131 en i\u00e7ten dileklerimle kutluyor; sa\u011fl\u0131k, mutluluk ve ba\u015far\u0131 dolu bir gelecek diliyorum.\u201d<\/p>\n<\/p><\/div>\n","protected":false},"excerpt":{"rendered":"<p>Cumhuriyet Meclisi Ba\u015fkan\u0131 Ziya \u00d6zt\u00fcrkler K\u0131br\u0131s adas\u0131nda ge\u00e7mi\u015fte ya\u015fanan karanl\u0131k g\u00fcnlerden ald\u0131klar\u0131 derslerle, \u00e7ocuklar\u0131n bir daha benzer ac\u0131lar ya\u015famamas\u0131 i\u00e7in geleceklerini sa\u011flam temeller \u00fczerine kurma kararl\u0131l\u0131\u011f\u0131nda olduklar\u0131n\u0131 vurgulad\u0131. \u00d6zt\u00fcrkler tarihten ald\u0131klar\u0131 g\u00fc\u00e7le, bar\u0131\u015f\u0131n, huzurun ve istikrar\u0131n h\u00e2kim oldu\u011fu bir gelecek i\u00e7in \u00e7al\u0131\u015fmaya devam ettiklerini kaydetti. Cumhuriyet Meclisi Ba\u015fkan\u0131 Ziya \u00d6zt\u00fcrkler, 23 Nisan Ulusal Egemenlik ve<\/p>\n","protected":false},"author":1,"featured_media":111029,"comment_status":"open","ping_status":"open","sticky":false,"template":"","format":"standard","meta":{"footnotes":""},"categories":[81],"tags":[],"class_list":["post-111028","post","type-post","status-publish","format-standard","has-post-thumbnail","hentry","category-kibris"],"yoast_head":"<!-- This site is optimized with the Yoast SEO plugin v27.4 - https:\/\/yoast.com\/product\/yoast-seo-wordpress\/ -->\n<title>\u00d6ZT\u00dcRKLER: \u00c7OCUKLAR \u0130\u00c7\u0130N SA\u011eLAM GELECEK KURACA\u011eIZ -<\/title>\n<meta name=\"robots\" content=\"index, follow, max-snippet:-1, max-image-preview:large, max-video-preview:-1\" \/>\n<link rel=\"canonical\" href=\"https:\/\/kibrisdakik.com\/?p=111028\" \/>\n<meta property=\"og:locale\" content=\"tr_TR\" \/>\n<meta property=\"og:type\" content=\"article\" \/>\n<meta property=\"og:title\" content=\"\u00d6ZT\u00dcRKLER: \u00c7OCUKLAR \u0130\u00c7\u0130N SA\u011eLAM GELECEK KURACA\u011eIZ -\" \/>\n<meta property=\"og:description\" content=\"Cumhuriyet Meclisi Ba\u015fkan\u0131 Ziya \u00d6zt\u00fcrkler K\u0131br\u0131s adas\u0131nda ge\u00e7mi\u015fte ya\u015fanan karanl\u0131k g\u00fcnlerden ald\u0131klar\u0131 derslerle, \u00e7ocuklar\u0131n bir daha benzer ac\u0131lar ya\u015famamas\u0131 i\u00e7in geleceklerini sa\u011flam temeller \u00fczerine kurma kararl\u0131l\u0131\u011f\u0131nda olduklar\u0131n\u0131 vurgulad\u0131. \u00d6zt\u00fcrkler tarihten ald\u0131klar\u0131 g\u00fc\u00e7le, bar\u0131\u015f\u0131n, huzurun ve istikrar\u0131n h\u00e2kim oldu\u011fu bir gelecek i\u00e7in \u00e7al\u0131\u015fmaya devam ettiklerini kaydetti. Cumhuriyet Meclisi Ba\u015fkan\u0131 Ziya \u00d6zt\u00fcrkler, 23 Nisan Ulusal Egemenlik ve\" \/>\n<meta property=\"og:url\" content=\"https:\/\/kibrisdakik.com\/?p=111028\" \/>\n<meta property=\"article:published_time\" content=\"2026-04-23T06:33:18+00:00\" \/>\n<meta property=\"og:image\" content=\"https:\/\/mhahabercom.teimg.com\/crop\/1280x720\/mhahaber-com\/uploads\/2026\/04\/mha-sari-beyaz-4894.png\" \/>\n<meta name=\"author\" content=\"admin\" \/>\n<meta name=\"twitter:card\" content=\"summary_large_image\" \/>\n<meta name=\"twitter:label1\" content=\"Yazan:\" \/>\n\t<meta name=\"twitter:data1\" content=\"admin\" \/>\n\t<meta name=\"twitter:label2\" content=\"Tahmini okuma s\u00fcresi\" \/>\n\t<meta name=\"twitter:data2\" content=\"2 dakika\" \/>\n<script type=\"application\/ld+json\" class=\"yoast-schema-graph\">{\"@context\":\"https:\\\/\\\/schema.org\",\"@graph\":[{\"@type\":\"Article\",\"@id\":\"https:\\\/\\\/kibrisdakik.com\\\/?p=111028#article\",\"isPartOf\":{\"@id\":\"https:\\\/\\\/kibrisdakik.com\\\/?p=111028\"},\"author\":{\"name\":\"admin\",\"@id\":\"https:\\\/\\\/kibrisdakik.com\\\/#\\\/schema\\\/person\\\/9cd9d437bbb44f72b73ba127e06d8e79\"},\"headline\":\"\u00d6ZT\u00dcRKLER: \u00c7OCUKLAR \u0130\u00c7\u0130N SA\u011eLAM GELECEK KURACA\u011eIZ\",\"datePublished\":\"2026-04-23T06:33:18+00:00\",\"mainEntityOfPage\":{\"@id\":\"https:\\\/\\\/kibrisdakik.com\\\/?p=111028\"},\"wordCount\":445,\"commentCount\":0,\"image\":{\"@id\":\"https:\\\/\\\/kibrisdakik.com\\\/?p=111028#primaryimage\"},\"thumbnailUrl\":\"https:\\\/\\\/kibrisdakik.com\\\/wp-content\\\/uploads\\\/2026\\\/04\\\/mha-sari-beyaz-4894.png\",\"articleSection\":[\"K\u0131br\u0131s\"],\"inLanguage\":\"tr\",\"potentialAction\":[{\"@type\":\"CommentAction\",\"name\":\"Comment\",\"target\":[\"https:\\\/\\\/kibrisdakik.com\\\/?p=111028#respond\"]}]},{\"@type\":\"WebPage\",\"@id\":\"https:\\\/\\\/kibrisdakik.com\\\/?p=111028\",\"url\":\"https:\\\/\\\/kibrisdakik.com\\\/?p=111028\",\"name\":\"\u00d6ZT\u00dcRKLER: \u00c7OCUKLAR \u0130\u00c7\u0130N SA\u011eLAM GELECEK KURACA\u011eIZ -\",\"isPartOf\":{\"@id\":\"https:\\\/\\\/kibrisdakik.com\\\/#website\"},\"primaryImageOfPage\":{\"@id\":\"https:\\\/\\\/kibrisdakik.com\\\/?p=111028#primaryimage\"},\"image\":{\"@id\":\"https:\\\/\\\/kibrisdakik.com\\\/?p=111028#primaryimage\"},\"thumbnailUrl\":\"https:\\\/\\\/kibrisdakik.com\\\/wp-content\\\/uploads\\\/2026\\\/04\\\/mha-sari-beyaz-4894.png\",\"datePublished\":\"2026-04-23T06:33:18+00:00\",\"author\":{\"@id\":\"https:\\\/\\\/kibrisdakik.com\\\/#\\\/schema\\\/person\\\/9cd9d437bbb44f72b73ba127e06d8e79\"},\"breadcrumb\":{\"@id\":\"https:\\\/\\\/kibrisdakik.com\\\/?p=111028#breadcrumb\"},\"inLanguage\":\"tr\",\"potentialAction\":[{\"@type\":\"ReadAction\",\"target\":[\"https:\\\/\\\/kibrisdakik.com\\\/?p=111028\"]}]},{\"@type\":\"ImageObject\",\"inLanguage\":\"tr\",\"@id\":\"https:\\\/\\\/kibrisdakik.com\\\/?p=111028#primaryimage\",\"url\":\"https:\\\/\\\/kibrisdakik.com\\\/wp-content\\\/uploads\\\/2026\\\/04\\\/mha-sari-beyaz-4894.png\",\"contentUrl\":\"https:\\\/\\\/kibrisdakik.com\\\/wp-content\\\/uploads\\\/2026\\\/04\\\/mha-sari-beyaz-4894.png\",\"width\":1280,\"height\":720},{\"@type\":\"BreadcrumbList\",\"@id\":\"https:\\\/\\\/kibrisdakik.com\\\/?p=111028#breadcrumb\",\"itemListElement\":[{\"@type\":\"ListItem\",\"position\":1,\"name\":\"Home\",\"item\":\"https:\\\/\\\/kibrisdakik.com\\\/\"},{\"@type\":\"ListItem\",\"position\":2,\"name\":\"\u00d6ZT\u00dcRKLER: \u00c7OCUKLAR \u0130\u00c7\u0130N SA\u011eLAM GELECEK KURACA\u011eIZ\"}]},{\"@type\":\"WebSite\",\"@id\":\"https:\\\/\\\/kibrisdakik.com\\\/#website\",\"url\":\"https:\\\/\\\/kibrisdakik.com\\\/\",\"name\":\"\",\"description\":\"Tam vaktinde haber\",\"potentialAction\":[{\"@type\":\"SearchAction\",\"target\":{\"@type\":\"EntryPoint\",\"urlTemplate\":\"https:\\\/\\\/kibrisdakik.com\\\/?s={search_term_string}\"},\"query-input\":{\"@type\":\"PropertyValueSpecification\",\"valueRequired\":true,\"valueName\":\"search_term_string\"}}],\"inLanguage\":\"tr\"},{\"@type\":\"Person\",\"@id\":\"https:\\\/\\\/kibrisdakik.com\\\/#\\\/schema\\\/person\\\/9cd9d437bbb44f72b73ba127e06d8e79\",\"name\":\"admin\",\"image\":{\"@type\":\"ImageObject\",\"inLanguage\":\"tr\",\"@id\":\"https:\\\/\\\/secure.gravatar.com\\\/avatar\\\/ccc17943b9d660506c869530f897617f7cb1c21a4bf30023f252596d83e1f007?s=96&d=mm&r=g\",\"url\":\"https:\\\/\\\/secure.gravatar.com\\\/avatar\\\/ccc17943b9d660506c869530f897617f7cb1c21a4bf30023f252596d83e1f007?s=96&d=mm&r=g\",\"contentUrl\":\"https:\\\/\\\/secure.gravatar.com\\\/avatar\\\/ccc17943b9d660506c869530f897617f7cb1c21a4bf30023f252596d83e1f007?s=96&d=mm&r=g\",\"caption\":\"admin\"},\"sameAs\":[\"https:\\\/\\\/kibrisdakik.com\"],\"url\":\"https:\\\/\\\/kibrisdakik.com\\\/?author=1\"}]}<\/script>\n<!-- \/ Yoast SEO plugin. -->","yoast_head_json":{"title":"\u00d6ZT\u00dcRKLER: \u00c7OCUKLAR \u0130\u00c7\u0130N SA\u011eLAM GELECEK KURACA\u011eIZ -","robots":{"index":"index","follow":"follow","max-snippet":"max-snippet:-1","max-image-preview":"max-image-preview:large","max-video-preview":"max-video-preview:-1"},"canonical":"https:\/\/kibrisdakik.com\/?p=111028","og_locale":"tr_TR","og_type":"article","og_title":"\u00d6ZT\u00dcRKLER: \u00c7OCUKLAR \u0130\u00c7\u0130N SA\u011eLAM GELECEK KURACA\u011eIZ -","og_description":"Cumhuriyet Meclisi Ba\u015fkan\u0131 Ziya \u00d6zt\u00fcrkler K\u0131br\u0131s adas\u0131nda ge\u00e7mi\u015fte ya\u015fanan karanl\u0131k g\u00fcnlerden ald\u0131klar\u0131 derslerle, \u00e7ocuklar\u0131n bir daha benzer ac\u0131lar ya\u015famamas\u0131 i\u00e7in geleceklerini sa\u011flam temeller \u00fczerine kurma kararl\u0131l\u0131\u011f\u0131nda olduklar\u0131n\u0131 vurgulad\u0131. \u00d6zt\u00fcrkler tarihten ald\u0131klar\u0131 g\u00fc\u00e7le, bar\u0131\u015f\u0131n, huzurun ve istikrar\u0131n h\u00e2kim oldu\u011fu bir gelecek i\u00e7in \u00e7al\u0131\u015fmaya devam ettiklerini kaydetti. Cumhuriyet Meclisi Ba\u015fkan\u0131 Ziya \u00d6zt\u00fcrkler, 23 Nisan Ulusal Egemenlik ve","og_url":"https:\/\/kibrisdakik.com\/?p=111028","article_published_time":"2026-04-23T06:33:18+00:00","og_image":[{"url":"https:\/\/mhahabercom.teimg.com\/crop\/1280x720\/mhahaber-com\/uploads\/2026\/04\/mha-sari-beyaz-4894.png","type":"","width":"","height":""}],"author":"admin","twitter_card":"summary_large_image","twitter_misc":{"Yazan:":"admin","Tahmini okuma s\u00fcresi":"2 dakika"},"schema":{"@context":"https:\/\/schema.org","@graph":[{"@type":"Article","@id":"https:\/\/kibrisdakik.com\/?p=111028#article","isPartOf":{"@id":"https:\/\/kibrisdakik.com\/?p=111028"},"author":{"name":"admin","@id":"https:\/\/kibrisdakik.com\/#\/schema\/person\/9cd9d437bbb44f72b73ba127e06d8e79"},"headline":"\u00d6ZT\u00dcRKLER: \u00c7OCUKLAR \u0130\u00c7\u0130N SA\u011eLAM GELECEK KURACA\u011eIZ","datePublished":"2026-04-23T06:33:18+00:00","mainEntityOfPage":{"@id":"https:\/\/kibrisdakik.com\/?p=111028"},"wordCount":445,"commentCount":0,"image":{"@id":"https:\/\/kibrisdakik.com\/?p=111028#primaryimage"},"thumbnailUrl":"https:\/\/kibrisdakik.com\/wp-content\/uploads\/2026\/04\/mha-sari-beyaz-4894.png","articleSection":["K\u0131br\u0131s"],"inLanguage":"tr","potentialAction":[{"@type":"CommentAction","name":"Comment","target":["https:\/\/kibrisdakik.com\/?p=111028#respond"]}]},{"@type":"WebPage","@id":"https:\/\/kibrisdakik.com\/?p=111028","url":"https:\/\/kibrisdakik.com\/?p=111028","name":"\u00d6ZT\u00dcRKLER: \u00c7OCUKLAR \u0130\u00c7\u0130N SA\u011eLAM GELECEK KURACA\u011eIZ -","isPartOf":{"@id":"https:\/\/kibrisdakik.com\/#website"},"primaryImageOfPage":{"@id":"https:\/\/kibrisdakik.com\/?p=111028#primaryimage"},"image":{"@id":"https:\/\/kibrisdakik.com\/?p=111028#primaryimage"},"thumbnailUrl":"https:\/\/kibrisdakik.com\/wp-content\/uploads\/2026\/04\/mha-sari-beyaz-4894.png","datePublished":"2026-04-23T06:33:18+00:00","author":{"@id":"https:\/\/kibrisdakik.com\/#\/schema\/person\/9cd9d437bbb44f72b73ba127e06d8e79"},"breadcrumb":{"@id":"https:\/\/kibrisdakik.com\/?p=111028#breadcrumb"},"inLanguage":"tr","potentialAction":[{"@type":"ReadAction","target":["https:\/\/kibrisdakik.com\/?p=111028"]}]},{"@type":"ImageObject","inLanguage":"tr","@id":"https:\/\/kibrisdakik.com\/?p=111028#primaryimage","url":"https:\/\/kibrisdakik.com\/wp-content\/uploads\/2026\/04\/mha-sari-beyaz-4894.png","contentUrl":"https:\/\/kibrisdakik.com\/wp-content\/uploads\/2026\/04\/mha-sari-beyaz-4894.png","width":1280,"height":720},{"@type":"BreadcrumbList","@id":"https:\/\/kibrisdakik.com\/?p=111028#breadcrumb","itemListElement":[{"@type":"ListItem","position":1,"name":"Home","item":"https:\/\/kibrisdakik.com\/"},{"@type":"ListItem","position":2,"name":"\u00d6ZT\u00dcRKLER: \u00c7OCUKLAR \u0130\u00c7\u0130N SA\u011eLAM GELECEK KURACA\u011eIZ"}]},{"@type":"WebSite","@id":"https:\/\/kibrisdakik.com\/#website","url":"https:\/\/kibrisdakik.com\/","name":"","description":"Tam vaktinde haber","potentialAction":[{"@type":"SearchAction","target":{"@type":"EntryPoint","urlTemplate":"https:\/\/kibrisdakik.com\/?s={search_term_string}"},"query-input":{"@type":"PropertyValueSpecification","valueRequired":true,"valueName":"search_term_string"}}],"inLanguage":"tr"},{"@type":"Person","@id":"https:\/\/kibrisdakik.com\/#\/schema\/person\/9cd9d437bbb44f72b73ba127e06d8e79","name":"admin","image":{"@type":"ImageObject","inLanguage":"tr","@id":"https:\/\/secure.gravatar.com\/avatar\/ccc17943b9d660506c869530f897617f7cb1c21a4bf30023f252596d83e1f007?s=96&d=mm&r=g","url":"https:\/\/secure.gravatar.com\/avatar\/ccc17943b9d660506c869530f897617f7cb1c21a4bf30023f252596d83e1f007?s=96&d=mm&r=g","contentUrl":"https:\/\/secure.gravatar.com\/avatar\/ccc17943b9d660506c869530f897617f7cb1c21a4bf30023f252596d83e1f007?s=96&d=mm&r=g","caption":"admin"},"sameAs":["https:\/\/kibrisdakik.com"],"url":"https:\/\/kibrisdakik.com\/?author=1"}]}},"_links":{"self":[{"href":"https:\/\/kibrisdakik.com\/index.php?rest_route=\/wp\/v2\/posts\/111028","targetHints":{"allow":["GET"]}}],"collection":[{"href":"https:\/\/kibrisdakik.com\/index.php?rest_route=\/wp\/v2\/posts"}],"about":[{"href":"https:\/\/kibrisdakik.com\/index.php?rest_route=\/wp\/v2\/types\/post"}],"author":[{"embeddable":true,"href":"https:\/\/kibrisdakik.com\/index.php?rest_route=\/wp\/v2\/users\/1"}],"replies":[{"embeddable":true,"href":"https:\/\/kibrisdakik.com\/index.php?rest_route=%2Fwp%2Fv2%2Fcomments&post=111028"}],"version-history":[{"count":0,"href":"https:\/\/kibrisdakik.com\/index.php?rest_route=\/wp\/v2\/posts\/111028\/revisions"}],"wp:featuredmedia":[{"embeddable":true,"href":"https:\/\/kibrisdakik.com\/index.php?rest_route=\/wp\/v2\/media\/111029"}],"wp:attachment":[{"href":"https:\/\/kibrisdakik.com\/index.php?rest_route=%2Fwp%2Fv2%2Fmedia&parent=111028"}],"wp:term":[{"taxonomy":"category","embeddable":true,"href":"https:\/\/kibrisdakik.com\/index.php?rest_route=%2Fwp%2Fv2%2Fcategories&post=111028"},{"taxonomy":"post_tag","embeddable":true,"href":"https:\/\/kibrisdakik.com\/index.php?rest_route=%2Fwp%2Fv2%2Ftags&post=111028"}],"curies":[{"name":"wp","href":"https:\/\/api.w.org\/{rel}","templated":true}]}}