{"id":111032,"date":"2026-04-23T09:47:52","date_gmt":"2026-04-23T06:47:52","guid":{"rendered":"https:\/\/kibrisdakik.com\/?p=111032"},"modified":"2026-04-23T09:47:52","modified_gmt":"2026-04-23T06:47:52","slug":"oguz-egitim-ve-ozguven-gelecegi-belirler","status":"publish","type":"post","link":"https:\/\/kibrisdakik.com\/?p=111032","title":{"rendered":"O\u011eUZ: E\u011e\u0130T\u0130M VE \u00d6ZG\u00dcVEN GELECE\u011e\u0130 BEL\u0130RLER"},"content":{"rendered":"<p><\/p>\n<p>\u0130\u00e7i\u015fleri Bakan\u0131 Dursun O\u011fuz, \u00e7ocuklar\u0131n \u00fclkenin en k\u0131ymetli hazinesi ve gelece\u011fin teminat\u0131 oldu\u011funu vurgulad\u0131.<\/p>\n<p>Bakan O\u011fuz, 23 Nisan Ulusal Egemenlik ve \u00c7ocuk Bayram\u0131 dolay\u0131s\u0131yla mesaj yay\u0131mlad\u0131.<\/p>\n<p>O\u011fuz mesaj\u0131nda \u015fu ifadelere yer verdi: \u201cGelece\u011fin parlayan y\u0131ld\u0131zlar\u0131, \u00fclkemizin \u0131\u015f\u0131\u011f\u0131 sevgili \u00e7ocuklar\u2026 Sizlerin mutlulu\u011fu, e\u011fitimi ve ba\u015far\u0131lar\u0131 yar\u0131nlar\u0131m\u0131z\u0131n en b\u00fcy\u00fck g\u00fcvencesidir. Sevgiyle b\u00fcy\u00fcyen, bilgiyle donanan ve \u00f6zg\u00fcvenle gelece\u011fe y\u00fcr\u00fcyen her \u00e7ocuk, \u00fclkemizin umut dolu yar\u0131nlar\u0131n\u0131 in\u015fa edecektir.\u201d<\/p>\n<p>\u00c7ocuklar\u0131n bar\u0131\u015f, huzur ve g\u00fcven i\u00e7inde b\u00fcy\u00fcmesinin herkesin ortak sorumlulu\u011fu oldu\u011funu belirten O\u011fuz, \u201cSizlere daha g\u00fczel bir \u00fclke b\u0131rakmak i\u00e7in \u00e7al\u0131\u015fmaya devam ediyoruz. Y\u00fcz\u00fcn\u00fczdeki g\u00fcl\u00fcmseme hi\u00e7 eksik olmas\u0131n. Hayalleriniz b\u00fcy\u00fck, yolunuz a\u00e7\u0131k olsun\u201d dedi.<\/p>\n<div id=\"ad_121\" data-channel=\"121\" data-advert=\"temedya\" data-rotation=\"120\" class=\"mb-3 text-center\"><\/div>\n<div id=\"ad_121_mobile\" data-channel=\"121\" data-advert=\"temedya\" data-rotation=\"120\" class=\"mb-3 text-center\"><\/div>\n<p>Dursun O\u011fuz, t\u00fcm \u00e7ocuklar\u0131n bayram\u0131n\u0131 kutlayarak, sa\u011fl\u0131k, mutluluk ve ba\u015far\u0131 dolu bir gelecek temennisinde bulundu.<\/p>\n<\/p>\n<div class=\"article-source py-3 small \">\n                <\/div>\n","protected":false},"excerpt":{"rendered":"<p>\u0130\u00e7i\u015fleri Bakan\u0131 Dursun O\u011fuz, \u00e7ocuklar\u0131n \u00fclkenin en k\u0131ymetli hazinesi ve gelece\u011fin teminat\u0131 oldu\u011funu vurgulad\u0131. Bakan O\u011fuz, 23 Nisan Ulusal Egemenlik ve \u00c7ocuk Bayram\u0131 dolay\u0131s\u0131yla mesaj yay\u0131mlad\u0131. O\u011fuz mesaj\u0131nda \u015fu ifadelere yer verdi: \u201cGelece\u011fin parlayan y\u0131ld\u0131zlar\u0131, \u00fclkemizin \u0131\u015f\u0131\u011f\u0131 sevgili \u00e7ocuklar\u2026 Sizlerin mutlulu\u011fu, e\u011fitimi ve ba\u015far\u0131lar\u0131 yar\u0131nlar\u0131m\u0131z\u0131n en b\u00fcy\u00fck g\u00fcvencesidir. Sevgiyle b\u00fcy\u00fcyen, bilgiyle donanan ve \u00f6zg\u00fcvenle gelece\u011fe<\/p>\n","protected":false},"author":1,"featured_media":111033,"comment_status":"open","ping_status":"open","sticky":false,"template":"","format":"standard","meta":{"footnotes":""},"categories":[81],"tags":[],"class_list":["post-111032","post","type-post","status-publish","format-standard","has-post-thumbnail","hentry","category-kibris"],"yoast_head":"<!-- This site is optimized with the Yoast SEO plugin v27.4 - https:\/\/yoast.com\/product\/yoast-seo-wordpress\/ -->\n<title>O\u011eUZ: E\u011e\u0130T\u0130M VE \u00d6ZG\u00dcVEN GELECE\u011e\u0130 BEL\u0130RLER -<\/title>\n<meta name=\"robots\" content=\"index, follow, max-snippet:-1, max-image-preview:large, max-video-preview:-1\" \/>\n<link rel=\"canonical\" href=\"https:\/\/kibrisdakik.com\/?p=111032\" \/>\n<meta property=\"og:locale\" content=\"tr_TR\" \/>\n<meta property=\"og:type\" content=\"article\" \/>\n<meta property=\"og:title\" content=\"O\u011eUZ: E\u011e\u0130T\u0130M VE \u00d6ZG\u00dcVEN GELECE\u011e\u0130 BEL\u0130RLER -\" \/>\n<meta property=\"og:description\" content=\"\u0130\u00e7i\u015fleri Bakan\u0131 Dursun O\u011fuz, \u00e7ocuklar\u0131n \u00fclkenin en k\u0131ymetli hazinesi ve gelece\u011fin teminat\u0131 oldu\u011funu vurgulad\u0131. Bakan O\u011fuz, 23 Nisan Ulusal Egemenlik ve \u00c7ocuk Bayram\u0131 dolay\u0131s\u0131yla mesaj yay\u0131mlad\u0131. O\u011fuz mesaj\u0131nda \u015fu ifadelere yer verdi: \u201cGelece\u011fin parlayan y\u0131ld\u0131zlar\u0131, \u00fclkemizin \u0131\u015f\u0131\u011f\u0131 sevgili \u00e7ocuklar\u2026 Sizlerin mutlulu\u011fu, e\u011fitimi ve ba\u015far\u0131lar\u0131 yar\u0131nlar\u0131m\u0131z\u0131n en b\u00fcy\u00fck g\u00fcvencesidir. Sevgiyle b\u00fcy\u00fcyen, bilgiyle donanan ve \u00f6zg\u00fcvenle gelece\u011fe\" \/>\n<meta property=\"og:url\" content=\"https:\/\/kibrisdakik.com\/?p=111032\" \/>\n<meta property=\"article:published_time\" content=\"2026-04-23T06:47:52+00:00\" \/>\n<meta property=\"og:image\" content=\"https:\/\/mhahabercom.teimg.com\/crop\/1280x720\/mhahaber-com\/uploads\/2026\/04\/mha-sari-beyaz-4896.png\" \/>\n<meta name=\"author\" content=\"admin\" \/>\n<meta name=\"twitter:card\" content=\"summary_large_image\" \/>\n<meta name=\"twitter:label1\" content=\"Yazan:\" \/>\n\t<meta name=\"twitter:data1\" content=\"admin\" \/>\n\t<meta name=\"twitter:label2\" content=\"Tahmini okuma s\u00fcresi\" \/>\n\t<meta name=\"twitter:data2\" content=\"1 dakika\" \/>\n<script type=\"application\/ld+json\" class=\"yoast-schema-graph\">{\"@context\":\"https:\\\/\\\/schema.org\",\"@graph\":[{\"@type\":\"Article\",\"@id\":\"https:\\\/\\\/kibrisdakik.com\\\/?p=111032#article\",\"isPartOf\":{\"@id\":\"https:\\\/\\\/kibrisdakik.com\\\/?p=111032\"},\"author\":{\"name\":\"admin\",\"@id\":\"https:\\\/\\\/kibrisdakik.com\\\/#\\\/schema\\\/person\\\/9cd9d437bbb44f72b73ba127e06d8e79\"},\"headline\":\"O\u011eUZ: E\u011e\u0130T\u0130M VE \u00d6ZG\u00dcVEN GELECE\u011e\u0130 BEL\u0130RLER\",\"datePublished\":\"2026-04-23T06:47:52+00:00\",\"mainEntityOfPage\":{\"@id\":\"https:\\\/\\\/kibrisdakik.com\\\/?p=111032\"},\"wordCount\":185,\"commentCount\":0,\"image\":{\"@id\":\"https:\\\/\\\/kibrisdakik.com\\\/?p=111032#primaryimage\"},\"thumbnailUrl\":\"https:\\\/\\\/kibrisdakik.com\\\/wp-content\\\/uploads\\\/2026\\\/04\\\/mha-sari-beyaz-4896.png\",\"articleSection\":[\"K\u0131br\u0131s\"],\"inLanguage\":\"tr\",\"potentialAction\":[{\"@type\":\"CommentAction\",\"name\":\"Comment\",\"target\":[\"https:\\\/\\\/kibrisdakik.com\\\/?p=111032#respond\"]}]},{\"@type\":\"WebPage\",\"@id\":\"https:\\\/\\\/kibrisdakik.com\\\/?p=111032\",\"url\":\"https:\\\/\\\/kibrisdakik.com\\\/?p=111032\",\"name\":\"O\u011eUZ: E\u011e\u0130T\u0130M VE \u00d6ZG\u00dcVEN GELECE\u011e\u0130 BEL\u0130RLER -\",\"isPartOf\":{\"@id\":\"https:\\\/\\\/kibrisdakik.com\\\/#website\"},\"primaryImageOfPage\":{\"@id\":\"https:\\\/\\\/kibrisdakik.com\\\/?p=111032#primaryimage\"},\"image\":{\"@id\":\"https:\\\/\\\/kibrisdakik.com\\\/?p=111032#primaryimage\"},\"thumbnailUrl\":\"https:\\\/\\\/kibrisdakik.com\\\/wp-content\\\/uploads\\\/2026\\\/04\\\/mha-sari-beyaz-4896.png\",\"datePublished\":\"2026-04-23T06:47:52+00:00\",\"author\":{\"@id\":\"https:\\\/\\\/kibrisdakik.com\\\/#\\\/schema\\\/person\\\/9cd9d437bbb44f72b73ba127e06d8e79\"},\"breadcrumb\":{\"@id\":\"https:\\\/\\\/kibrisdakik.com\\\/?p=111032#breadcrumb\"},\"inLanguage\":\"tr\",\"potentialAction\":[{\"@type\":\"ReadAction\",\"target\":[\"https:\\\/\\\/kibrisdakik.com\\\/?p=111032\"]}]},{\"@type\":\"ImageObject\",\"inLanguage\":\"tr\",\"@id\":\"https:\\\/\\\/kibrisdakik.com\\\/?p=111032#primaryimage\",\"url\":\"https:\\\/\\\/kibrisdakik.com\\\/wp-content\\\/uploads\\\/2026\\\/04\\\/mha-sari-beyaz-4896.png\",\"contentUrl\":\"https:\\\/\\\/kibrisdakik.com\\\/wp-content\\\/uploads\\\/2026\\\/04\\\/mha-sari-beyaz-4896.png\",\"width\":1280,\"height\":720},{\"@type\":\"BreadcrumbList\",\"@id\":\"https:\\\/\\\/kibrisdakik.com\\\/?p=111032#breadcrumb\",\"itemListElement\":[{\"@type\":\"ListItem\",\"position\":1,\"name\":\"Home\",\"item\":\"https:\\\/\\\/kibrisdakik.com\\\/\"},{\"@type\":\"ListItem\",\"position\":2,\"name\":\"O\u011eUZ: E\u011e\u0130T\u0130M VE \u00d6ZG\u00dcVEN GELECE\u011e\u0130 BEL\u0130RLER\"}]},{\"@type\":\"WebSite\",\"@id\":\"https:\\\/\\\/kibrisdakik.com\\\/#website\",\"url\":\"https:\\\/\\\/kibrisdakik.com\\\/\",\"name\":\"\",\"description\":\"Tam vaktinde haber\",\"potentialAction\":[{\"@type\":\"SearchAction\",\"target\":{\"@type\":\"EntryPoint\",\"urlTemplate\":\"https:\\\/\\\/kibrisdakik.com\\\/?s={search_term_string}\"},\"query-input\":{\"@type\":\"PropertyValueSpecification\",\"valueRequired\":true,\"valueName\":\"search_term_string\"}}],\"inLanguage\":\"tr\"},{\"@type\":\"Person\",\"@id\":\"https:\\\/\\\/kibrisdakik.com\\\/#\\\/schema\\\/person\\\/9cd9d437bbb44f72b73ba127e06d8e79\",\"name\":\"admin\",\"image\":{\"@type\":\"ImageObject\",\"inLanguage\":\"tr\",\"@id\":\"https:\\\/\\\/secure.gravatar.com\\\/avatar\\\/ccc17943b9d660506c869530f897617f7cb1c21a4bf30023f252596d83e1f007?s=96&d=mm&r=g\",\"url\":\"https:\\\/\\\/secure.gravatar.com\\\/avatar\\\/ccc17943b9d660506c869530f897617f7cb1c21a4bf30023f252596d83e1f007?s=96&d=mm&r=g\",\"contentUrl\":\"https:\\\/\\\/secure.gravatar.com\\\/avatar\\\/ccc17943b9d660506c869530f897617f7cb1c21a4bf30023f252596d83e1f007?s=96&d=mm&r=g\",\"caption\":\"admin\"},\"sameAs\":[\"https:\\\/\\\/kibrisdakik.com\"],\"url\":\"https:\\\/\\\/kibrisdakik.com\\\/?author=1\"}]}<\/script>\n<!-- \/ Yoast SEO plugin. -->","yoast_head_json":{"title":"O\u011eUZ: E\u011e\u0130T\u0130M VE \u00d6ZG\u00dcVEN GELECE\u011e\u0130 BEL\u0130RLER -","robots":{"index":"index","follow":"follow","max-snippet":"max-snippet:-1","max-image-preview":"max-image-preview:large","max-video-preview":"max-video-preview:-1"},"canonical":"https:\/\/kibrisdakik.com\/?p=111032","og_locale":"tr_TR","og_type":"article","og_title":"O\u011eUZ: E\u011e\u0130T\u0130M VE \u00d6ZG\u00dcVEN GELECE\u011e\u0130 BEL\u0130RLER -","og_description":"\u0130\u00e7i\u015fleri Bakan\u0131 Dursun O\u011fuz, \u00e7ocuklar\u0131n \u00fclkenin en k\u0131ymetli hazinesi ve gelece\u011fin teminat\u0131 oldu\u011funu vurgulad\u0131. Bakan O\u011fuz, 23 Nisan Ulusal Egemenlik ve \u00c7ocuk Bayram\u0131 dolay\u0131s\u0131yla mesaj yay\u0131mlad\u0131. O\u011fuz mesaj\u0131nda \u015fu ifadelere yer verdi: \u201cGelece\u011fin parlayan y\u0131ld\u0131zlar\u0131, \u00fclkemizin \u0131\u015f\u0131\u011f\u0131 sevgili \u00e7ocuklar\u2026 Sizlerin mutlulu\u011fu, e\u011fitimi ve ba\u015far\u0131lar\u0131 yar\u0131nlar\u0131m\u0131z\u0131n en b\u00fcy\u00fck g\u00fcvencesidir. Sevgiyle b\u00fcy\u00fcyen, bilgiyle donanan ve \u00f6zg\u00fcvenle gelece\u011fe","og_url":"https:\/\/kibrisdakik.com\/?p=111032","article_published_time":"2026-04-23T06:47:52+00:00","og_image":[{"url":"https:\/\/mhahabercom.teimg.com\/crop\/1280x720\/mhahaber-com\/uploads\/2026\/04\/mha-sari-beyaz-4896.png","type":"","width":"","height":""}],"author":"admin","twitter_card":"summary_large_image","twitter_misc":{"Yazan:":"admin","Tahmini okuma s\u00fcresi":"1 dakika"},"schema":{"@context":"https:\/\/schema.org","@graph":[{"@type":"Article","@id":"https:\/\/kibrisdakik.com\/?p=111032#article","isPartOf":{"@id":"https:\/\/kibrisdakik.com\/?p=111032"},"author":{"name":"admin","@id":"https:\/\/kibrisdakik.com\/#\/schema\/person\/9cd9d437bbb44f72b73ba127e06d8e79"},"headline":"O\u011eUZ: E\u011e\u0130T\u0130M VE \u00d6ZG\u00dcVEN GELECE\u011e\u0130 BEL\u0130RLER","datePublished":"2026-04-23T06:47:52+00:00","mainEntityOfPage":{"@id":"https:\/\/kibrisdakik.com\/?p=111032"},"wordCount":185,"commentCount":0,"image":{"@id":"https:\/\/kibrisdakik.com\/?p=111032#primaryimage"},"thumbnailUrl":"https:\/\/kibrisdakik.com\/wp-content\/uploads\/2026\/04\/mha-sari-beyaz-4896.png","articleSection":["K\u0131br\u0131s"],"inLanguage":"tr","potentialAction":[{"@type":"CommentAction","name":"Comment","target":["https:\/\/kibrisdakik.com\/?p=111032#respond"]}]},{"@type":"WebPage","@id":"https:\/\/kibrisdakik.com\/?p=111032","url":"https:\/\/kibrisdakik.com\/?p=111032","name":"O\u011eUZ: E\u011e\u0130T\u0130M VE \u00d6ZG\u00dcVEN GELECE\u011e\u0130 BEL\u0130RLER -","isPartOf":{"@id":"https:\/\/kibrisdakik.com\/#website"},"primaryImageOfPage":{"@id":"https:\/\/kibrisdakik.com\/?p=111032#primaryimage"},"image":{"@id":"https:\/\/kibrisdakik.com\/?p=111032#primaryimage"},"thumbnailUrl":"https:\/\/kibrisdakik.com\/wp-content\/uploads\/2026\/04\/mha-sari-beyaz-4896.png","datePublished":"2026-04-23T06:47:52+00:00","author":{"@id":"https:\/\/kibrisdakik.com\/#\/schema\/person\/9cd9d437bbb44f72b73ba127e06d8e79"},"breadcrumb":{"@id":"https:\/\/kibrisdakik.com\/?p=111032#breadcrumb"},"inLanguage":"tr","potentialAction":[{"@type":"ReadAction","target":["https:\/\/kibrisdakik.com\/?p=111032"]}]},{"@type":"ImageObject","inLanguage":"tr","@id":"https:\/\/kibrisdakik.com\/?p=111032#primaryimage","url":"https:\/\/kibrisdakik.com\/wp-content\/uploads\/2026\/04\/mha-sari-beyaz-4896.png","contentUrl":"https:\/\/kibrisdakik.com\/wp-content\/uploads\/2026\/04\/mha-sari-beyaz-4896.png","width":1280,"height":720},{"@type":"BreadcrumbList","@id":"https:\/\/kibrisdakik.com\/?p=111032#breadcrumb","itemListElement":[{"@type":"ListItem","position":1,"name":"Home","item":"https:\/\/kibrisdakik.com\/"},{"@type":"ListItem","position":2,"name":"O\u011eUZ: E\u011e\u0130T\u0130M VE \u00d6ZG\u00dcVEN GELECE\u011e\u0130 BEL\u0130RLER"}]},{"@type":"WebSite","@id":"https:\/\/kibrisdakik.com\/#website","url":"https:\/\/kibrisdakik.com\/","name":"","description":"Tam vaktinde haber","potentialAction":[{"@type":"SearchAction","target":{"@type":"EntryPoint","urlTemplate":"https:\/\/kibrisdakik.com\/?s={search_term_string}"},"query-input":{"@type":"PropertyValueSpecification","valueRequired":true,"valueName":"search_term_string"}}],"inLanguage":"tr"},{"@type":"Person","@id":"https:\/\/kibrisdakik.com\/#\/schema\/person\/9cd9d437bbb44f72b73ba127e06d8e79","name":"admin","image":{"@type":"ImageObject","inLanguage":"tr","@id":"https:\/\/secure.gravatar.com\/avatar\/ccc17943b9d660506c869530f897617f7cb1c21a4bf30023f252596d83e1f007?s=96&d=mm&r=g","url":"https:\/\/secure.gravatar.com\/avatar\/ccc17943b9d660506c869530f897617f7cb1c21a4bf30023f252596d83e1f007?s=96&d=mm&r=g","contentUrl":"https:\/\/secure.gravatar.com\/avatar\/ccc17943b9d660506c869530f897617f7cb1c21a4bf30023f252596d83e1f007?s=96&d=mm&r=g","caption":"admin"},"sameAs":["https:\/\/kibrisdakik.com"],"url":"https:\/\/kibrisdakik.com\/?author=1"}]}},"_links":{"self":[{"href":"https:\/\/kibrisdakik.com\/index.php?rest_route=\/wp\/v2\/posts\/111032","targetHints":{"allow":["GET"]}}],"collection":[{"href":"https:\/\/kibrisdakik.com\/index.php?rest_route=\/wp\/v2\/posts"}],"about":[{"href":"https:\/\/kibrisdakik.com\/index.php?rest_route=\/wp\/v2\/types\/post"}],"author":[{"embeddable":true,"href":"https:\/\/kibrisdakik.com\/index.php?rest_route=\/wp\/v2\/users\/1"}],"replies":[{"embeddable":true,"href":"https:\/\/kibrisdakik.com\/index.php?rest_route=%2Fwp%2Fv2%2Fcomments&post=111032"}],"version-history":[{"count":0,"href":"https:\/\/kibrisdakik.com\/index.php?rest_route=\/wp\/v2\/posts\/111032\/revisions"}],"wp:featuredmedia":[{"embeddable":true,"href":"https:\/\/kibrisdakik.com\/index.php?rest_route=\/wp\/v2\/media\/111033"}],"wp:attachment":[{"href":"https:\/\/kibrisdakik.com\/index.php?rest_route=%2Fwp%2Fv2%2Fmedia&parent=111032"}],"wp:term":[{"taxonomy":"category","embeddable":true,"href":"https:\/\/kibrisdakik.com\/index.php?rest_route=%2Fwp%2Fv2%2Fcategories&post=111032"},{"taxonomy":"post_tag","embeddable":true,"href":"https:\/\/kibrisdakik.com\/index.php?rest_route=%2Fwp%2Fv2%2Ftags&post=111032"}],"curies":[{"name":"wp","href":"https:\/\/api.w.org\/{rel}","templated":true}]}}