{"id":111039,"date":"2026-04-23T10:11:53","date_gmt":"2026-04-23T07:11:53","guid":{"rendered":"https:\/\/kibrisdakik.com\/?p=111039"},"modified":"2026-04-23T10:11:53","modified_gmt":"2026-04-23T07:11:53","slug":"serdaroglu-sendikalar-haziran-ayinda-cikacak-hp-oranin-yuzde-50sinin-odenmesi-yonunde-bir-oneride-bulunmadi","status":"publish","type":"post","link":"https:\/\/kibrisdakik.com\/?p=111039","title":{"rendered":"SERDARO\u011eLU: &quot;SEND\u0130KALAR HAZ\u0130RAN AYINDA \u00c7IKACAK HP ORANIN Y\u00dcZDE 50\u2019S\u0130N\u0130N \u00d6DENMES\u0130 Y\u00d6N\u00dcNDE B\u0130R \u00d6NER\u0130DE BULUNMADI&quot;"},"content":{"rendered":"<p><\/p>\n<div data-text-id=\"200545\" property=\"articleBody\">\n<p>KKTC H\u00fcr \u0130\u015f\u00e7i Sendikalar\u0131 Federasyonu (H\u00fcr-\u0130\u015f) ve K\u0131br\u0131s T\u00fcrk Kamu \u0130\u015f\u00e7ileri Sendikas\u0131 (Kamu-\u0130\u015f) Ba\u015fkan\u0131 Ahmet Serdaro\u011flu, sendikalar\u0131n haziran ay\u0131nda \u00e7\u0131kacak hayat pahal\u0131l\u0131\u011f\u0131na (HP) ili\u015fkin oran\u0131n y\u00fczde 50\u2019sinin \u00f6denmesi y\u00f6n\u00fcnde bir \u00f6neride bulunmad\u0131\u011f\u0131n\u0131 kaydetti; bu y\u00f6ndeki s\u00f6ylemlerin ger\u00e7ekle ba\u011fda\u015fmad\u0131\u011f\u0131n\u0131 belirtti.<\/p>\n<p>Serdaro\u011flu yaz\u0131l\u0131 a\u00e7\u0131klamas\u0131nda, sendikalar\u0131n \u00e7al\u0131\u015fanlar\u0131n haklar\u0131n\u0131 koruma ad\u0131na y\u00fcr\u00fctt\u00fckleri m\u00fccadelede, hayat pahal\u0131l\u0131\u011f\u0131na ili\u015fkin eksik ve yetersiz hi\u00e7bir \u00f6neriyi kabul etmediklerini ve etmeyeceklerini ifade etti.<\/p>\n<p>\u00c7al\u0131\u015fma ve Sosyal G\u00fcvenlik Bakan\u0131 O\u011fuzhan Hasipo\u011flu\u2019nun sendikalar\u0131n b\u00f6yle bir \u00f6neride bulundu\u011funu ifade etti\u011fini savunan Serdaro\u011flu, \u201cHen\u00fcz uzla\u015f\u0131 masas\u0131 kurulmadan ve taraflar aras\u0131nda herhangi bir mutabakat sa\u011flanmadan bu y\u00f6nde bir s\u00f6ylemde bulunulmas\u0131 kabul edilemezdir.\u201d dedi.<\/p>\n<p>Ge\u00e7mi\u015f s\u00fcre\u00e7te UBP-DP-YDP H\u00fck\u00fcmeti\u2019nin g\u00fcndeme getirdi\u011fi; \u00fc\u00e7 ayl\u0131k hayat pahal\u0131l\u0131\u011f\u0131n\u0131n \u00f6denmesi ve geri kalan k\u0131sm\u0131n ertelenmesine y\u00f6nelik giri\u015fimlere de a\u00e7\u0131k\u00e7a kar\u015f\u0131 \u00e7\u0131kt\u0131klar\u0131n\u0131 belirten Serrdaro\u011flu, syn\u0131 \u015fekilde, olu\u015fan hayat pahal\u0131l\u0131\u011f\u0131n\u0131n yaln\u0131zca y\u00fczde 50\u2019sinin \u00f6denmesine y\u00f6nelik yakla\u015f\u0131m\u0131 da reddettiklerini vurgulad\u0131.<\/p>\n<p>\u201cDaha uzla\u015f\u0131 masas\u0131 kurulmadan, Haziran ay\u0131nda ortaya \u00e7\u0131kacak oran dahi belli de\u011filken, nas\u0131l olur da sendikalar\u0131n b\u00f6yle bir \u00f6neri sundu\u011fu iddia edilebilir?\u201d diye soran Serdaro\u011flu, bu a\u00e7\u0131klamalar\u0131n, \u201cya ciddi bir yanl\u0131\u015f de\u011ferlendirme ya da kamuoyunu y\u00f6nlendirmeye y\u00f6nelik bir tutum oldu\u011fu\u201d de\u011ferlendirmesinde bulundu.<br \/>&#13;<br \/>\nSerdaro\u011flu, Bakan Hasipo\u011flu\u2019na sendikalar\u0131n bu y\u00f6nde bir \u00f6neriyi ne zaman ve hangi toplant\u0131da dile getirdi\u011fini kamuoyuyla payla\u015fma \u00e7a\u011fr\u0131s\u0131 da yapt\u0131.<\/p>\n<\/p><\/div>\n","protected":false},"excerpt":{"rendered":"<p>KKTC H\u00fcr \u0130\u015f\u00e7i Sendikalar\u0131 Federasyonu (H\u00fcr-\u0130\u015f) ve K\u0131br\u0131s T\u00fcrk Kamu \u0130\u015f\u00e7ileri Sendikas\u0131 (Kamu-\u0130\u015f) Ba\u015fkan\u0131 Ahmet Serdaro\u011flu, sendikalar\u0131n haziran ay\u0131nda \u00e7\u0131kacak hayat pahal\u0131l\u0131\u011f\u0131na (HP) ili\u015fkin oran\u0131n y\u00fczde 50\u2019sinin \u00f6denmesi y\u00f6n\u00fcnde bir \u00f6neride bulunmad\u0131\u011f\u0131n\u0131 kaydetti; bu y\u00f6ndeki s\u00f6ylemlerin ger\u00e7ekle ba\u011fda\u015fmad\u0131\u011f\u0131n\u0131 belirtti. Serdaro\u011flu yaz\u0131l\u0131 a\u00e7\u0131klamas\u0131nda, sendikalar\u0131n \u00e7al\u0131\u015fanlar\u0131n haklar\u0131n\u0131 koruma ad\u0131na y\u00fcr\u00fctt\u00fckleri m\u00fccadelede, hayat pahal\u0131l\u0131\u011f\u0131na ili\u015fkin eksik ve yetersiz<\/p>\n","protected":false},"author":1,"featured_media":111040,"comment_status":"open","ping_status":"open","sticky":false,"template":"","format":"standard","meta":{"footnotes":""},"categories":[81],"tags":[],"class_list":["post-111039","post","type-post","status-publish","format-standard","has-post-thumbnail","hentry","category-kibris"],"yoast_head":"<!-- This site is optimized with the Yoast SEO plugin v27.5 - https:\/\/yoast.com\/product\/yoast-seo-wordpress\/ -->\n<title>SERDARO\u011eLU: &quot;SEND\u0130KALAR HAZ\u0130RAN AYINDA \u00c7IKACAK HP ORANIN Y\u00dcZDE 50\u2019S\u0130N\u0130N \u00d6DENMES\u0130 Y\u00d6N\u00dcNDE B\u0130R \u00d6NER\u0130DE BULUNMADI&quot; -<\/title>\n<meta name=\"robots\" content=\"index, follow, max-snippet:-1, max-image-preview:large, max-video-preview:-1\" \/>\n<link rel=\"canonical\" href=\"https:\/\/kibrisdakik.com\/?p=111039\" \/>\n<meta property=\"og:locale\" content=\"tr_TR\" \/>\n<meta property=\"og:type\" content=\"article\" \/>\n<meta property=\"og:title\" content=\"SERDARO\u011eLU: &quot;SEND\u0130KALAR HAZ\u0130RAN AYINDA \u00c7IKACAK HP ORANIN Y\u00dcZDE 50\u2019S\u0130N\u0130N \u00d6DENMES\u0130 Y\u00d6N\u00dcNDE B\u0130R \u00d6NER\u0130DE BULUNMADI&quot; -\" \/>\n<meta property=\"og:description\" content=\"KKTC H\u00fcr \u0130\u015f\u00e7i Sendikalar\u0131 Federasyonu (H\u00fcr-\u0130\u015f) ve K\u0131br\u0131s T\u00fcrk Kamu \u0130\u015f\u00e7ileri Sendikas\u0131 (Kamu-\u0130\u015f) Ba\u015fkan\u0131 Ahmet Serdaro\u011flu, sendikalar\u0131n haziran ay\u0131nda \u00e7\u0131kacak hayat pahal\u0131l\u0131\u011f\u0131na (HP) ili\u015fkin oran\u0131n y\u00fczde 50\u2019sinin \u00f6denmesi y\u00f6n\u00fcnde bir \u00f6neride bulunmad\u0131\u011f\u0131n\u0131 kaydetti; bu y\u00f6ndeki s\u00f6ylemlerin ger\u00e7ekle ba\u011fda\u015fmad\u0131\u011f\u0131n\u0131 belirtti. Serdaro\u011flu yaz\u0131l\u0131 a\u00e7\u0131klamas\u0131nda, sendikalar\u0131n \u00e7al\u0131\u015fanlar\u0131n haklar\u0131n\u0131 koruma ad\u0131na y\u00fcr\u00fctt\u00fckleri m\u00fccadelede, hayat pahal\u0131l\u0131\u011f\u0131na ili\u015fkin eksik ve yetersiz\" \/>\n<meta property=\"og:url\" content=\"https:\/\/kibrisdakik.com\/?p=111039\" \/>\n<meta property=\"article:published_time\" content=\"2026-04-23T07:11:53+00:00\" \/>\n<meta property=\"og:image\" content=\"https:\/\/mhahabercom.teimg.com\/crop\/1280x720\/mhahaber-com\/uploads\/2026\/04\/mha-sari-beyaz-kurtarildi-kurtarildi-2.png\" \/>\n<meta name=\"author\" content=\"admin\" \/>\n<meta name=\"twitter:card\" content=\"summary_large_image\" \/>\n<meta name=\"twitter:label1\" content=\"Yazan:\" \/>\n\t<meta name=\"twitter:data1\" content=\"admin\" \/>\n\t<meta name=\"twitter:label2\" content=\"Tahmini okuma s\u00fcresi\" \/>\n\t<meta name=\"twitter:data2\" content=\"2 dakika\" \/>\n<script type=\"application\/ld+json\" class=\"yoast-schema-graph\">{\"@context\":\"https:\\\/\\\/schema.org\",\"@graph\":[{\"@type\":\"Article\",\"@id\":\"https:\\\/\\\/kibrisdakik.com\\\/?p=111039#article\",\"isPartOf\":{\"@id\":\"https:\\\/\\\/kibrisdakik.com\\\/?p=111039\"},\"author\":{\"name\":\"admin\",\"@id\":\"https:\\\/\\\/kibrisdakik.com\\\/#\\\/schema\\\/person\\\/9cd9d437bbb44f72b73ba127e06d8e79\"},\"headline\":\"SERDARO\u011eLU: &quot;SEND\u0130KALAR HAZ\u0130RAN AYINDA \u00c7IKACAK HP ORANIN Y\u00dcZDE 50\u2019S\u0130N\u0130N \u00d6DENMES\u0130 Y\u00d6N\u00dcNDE B\u0130R \u00d6NER\u0130DE BULUNMADI&quot;\",\"datePublished\":\"2026-04-23T07:11:53+00:00\",\"mainEntityOfPage\":{\"@id\":\"https:\\\/\\\/kibrisdakik.com\\\/?p=111039\"},\"wordCount\":331,\"commentCount\":0,\"image\":{\"@id\":\"https:\\\/\\\/kibrisdakik.com\\\/?p=111039#primaryimage\"},\"thumbnailUrl\":\"https:\\\/\\\/kibrisdakik.com\\\/wp-content\\\/uploads\\\/2026\\\/04\\\/mha-sari-beyaz-kurtarildi-kurtarildi-2.png\",\"articleSection\":[\"K\u0131br\u0131s\"],\"inLanguage\":\"tr\",\"potentialAction\":[{\"@type\":\"CommentAction\",\"name\":\"Comment\",\"target\":[\"https:\\\/\\\/kibrisdakik.com\\\/?p=111039#respond\"]}]},{\"@type\":\"WebPage\",\"@id\":\"https:\\\/\\\/kibrisdakik.com\\\/?p=111039\",\"url\":\"https:\\\/\\\/kibrisdakik.com\\\/?p=111039\",\"name\":\"SERDARO\u011eLU: &quot;SEND\u0130KALAR HAZ\u0130RAN AYINDA \u00c7IKACAK HP ORANIN Y\u00dcZDE 50\u2019S\u0130N\u0130N \u00d6DENMES\u0130 Y\u00d6N\u00dcNDE B\u0130R \u00d6NER\u0130DE BULUNMADI&quot; -\",\"isPartOf\":{\"@id\":\"https:\\\/\\\/kibrisdakik.com\\\/#website\"},\"primaryImageOfPage\":{\"@id\":\"https:\\\/\\\/kibrisdakik.com\\\/?p=111039#primaryimage\"},\"image\":{\"@id\":\"https:\\\/\\\/kibrisdakik.com\\\/?p=111039#primaryimage\"},\"thumbnailUrl\":\"https:\\\/\\\/kibrisdakik.com\\\/wp-content\\\/uploads\\\/2026\\\/04\\\/mha-sari-beyaz-kurtarildi-kurtarildi-2.png\",\"datePublished\":\"2026-04-23T07:11:53+00:00\",\"author\":{\"@id\":\"https:\\\/\\\/kibrisdakik.com\\\/#\\\/schema\\\/person\\\/9cd9d437bbb44f72b73ba127e06d8e79\"},\"breadcrumb\":{\"@id\":\"https:\\\/\\\/kibrisdakik.com\\\/?p=111039#breadcrumb\"},\"inLanguage\":\"tr\",\"potentialAction\":[{\"@type\":\"ReadAction\",\"target\":[\"https:\\\/\\\/kibrisdakik.com\\\/?p=111039\"]}]},{\"@type\":\"ImageObject\",\"inLanguage\":\"tr\",\"@id\":\"https:\\\/\\\/kibrisdakik.com\\\/?p=111039#primaryimage\",\"url\":\"https:\\\/\\\/kibrisdakik.com\\\/wp-content\\\/uploads\\\/2026\\\/04\\\/mha-sari-beyaz-kurtarildi-kurtarildi-2.png\",\"contentUrl\":\"https:\\\/\\\/kibrisdakik.com\\\/wp-content\\\/uploads\\\/2026\\\/04\\\/mha-sari-beyaz-kurtarildi-kurtarildi-2.png\",\"width\":1280,\"height\":720},{\"@type\":\"BreadcrumbList\",\"@id\":\"https:\\\/\\\/kibrisdakik.com\\\/?p=111039#breadcrumb\",\"itemListElement\":[{\"@type\":\"ListItem\",\"position\":1,\"name\":\"Home\",\"item\":\"https:\\\/\\\/kibrisdakik.com\\\/\"},{\"@type\":\"ListItem\",\"position\":2,\"name\":\"SERDARO\u011eLU: &quot;SEND\u0130KALAR HAZ\u0130RAN AYINDA \u00c7IKACAK HP ORANIN Y\u00dcZDE 50\u2019S\u0130N\u0130N \u00d6DENMES\u0130 Y\u00d6N\u00dcNDE B\u0130R \u00d6NER\u0130DE BULUNMADI&quot;\"}]},{\"@type\":\"WebSite\",\"@id\":\"https:\\\/\\\/kibrisdakik.com\\\/#website\",\"url\":\"https:\\\/\\\/kibrisdakik.com\\\/\",\"name\":\"\",\"description\":\"Tam vaktinde haber\",\"potentialAction\":[{\"@type\":\"SearchAction\",\"target\":{\"@type\":\"EntryPoint\",\"urlTemplate\":\"https:\\\/\\\/kibrisdakik.com\\\/?s={search_term_string}\"},\"query-input\":{\"@type\":\"PropertyValueSpecification\",\"valueRequired\":true,\"valueName\":\"search_term_string\"}}],\"inLanguage\":\"tr\"},{\"@type\":\"Person\",\"@id\":\"https:\\\/\\\/kibrisdakik.com\\\/#\\\/schema\\\/person\\\/9cd9d437bbb44f72b73ba127e06d8e79\",\"name\":\"admin\",\"image\":{\"@type\":\"ImageObject\",\"inLanguage\":\"tr\",\"@id\":\"https:\\\/\\\/secure.gravatar.com\\\/avatar\\\/ccc17943b9d660506c869530f897617f7cb1c21a4bf30023f252596d83e1f007?s=96&d=mm&r=g\",\"url\":\"https:\\\/\\\/secure.gravatar.com\\\/avatar\\\/ccc17943b9d660506c869530f897617f7cb1c21a4bf30023f252596d83e1f007?s=96&d=mm&r=g\",\"contentUrl\":\"https:\\\/\\\/secure.gravatar.com\\\/avatar\\\/ccc17943b9d660506c869530f897617f7cb1c21a4bf30023f252596d83e1f007?s=96&d=mm&r=g\",\"caption\":\"admin\"},\"sameAs\":[\"https:\\\/\\\/kibrisdakik.com\"],\"url\":\"https:\\\/\\\/kibrisdakik.com\\\/?author=1\"}]}<\/script>\n<!-- \/ Yoast SEO plugin. -->","yoast_head_json":{"title":"SERDARO\u011eLU: &quot;SEND\u0130KALAR HAZ\u0130RAN AYINDA \u00c7IKACAK HP ORANIN Y\u00dcZDE 50\u2019S\u0130N\u0130N \u00d6DENMES\u0130 Y\u00d6N\u00dcNDE B\u0130R \u00d6NER\u0130DE BULUNMADI&quot; -","robots":{"index":"index","follow":"follow","max-snippet":"max-snippet:-1","max-image-preview":"max-image-preview:large","max-video-preview":"max-video-preview:-1"},"canonical":"https:\/\/kibrisdakik.com\/?p=111039","og_locale":"tr_TR","og_type":"article","og_title":"SERDARO\u011eLU: &quot;SEND\u0130KALAR HAZ\u0130RAN AYINDA \u00c7IKACAK HP ORANIN Y\u00dcZDE 50\u2019S\u0130N\u0130N \u00d6DENMES\u0130 Y\u00d6N\u00dcNDE B\u0130R \u00d6NER\u0130DE BULUNMADI&quot; -","og_description":"KKTC H\u00fcr \u0130\u015f\u00e7i Sendikalar\u0131 Federasyonu (H\u00fcr-\u0130\u015f) ve K\u0131br\u0131s T\u00fcrk Kamu \u0130\u015f\u00e7ileri Sendikas\u0131 (Kamu-\u0130\u015f) Ba\u015fkan\u0131 Ahmet Serdaro\u011flu, sendikalar\u0131n haziran ay\u0131nda \u00e7\u0131kacak hayat pahal\u0131l\u0131\u011f\u0131na (HP) ili\u015fkin oran\u0131n y\u00fczde 50\u2019sinin \u00f6denmesi y\u00f6n\u00fcnde bir \u00f6neride bulunmad\u0131\u011f\u0131n\u0131 kaydetti; bu y\u00f6ndeki s\u00f6ylemlerin ger\u00e7ekle ba\u011fda\u015fmad\u0131\u011f\u0131n\u0131 belirtti. Serdaro\u011flu yaz\u0131l\u0131 a\u00e7\u0131klamas\u0131nda, sendikalar\u0131n \u00e7al\u0131\u015fanlar\u0131n haklar\u0131n\u0131 koruma ad\u0131na y\u00fcr\u00fctt\u00fckleri m\u00fccadelede, hayat pahal\u0131l\u0131\u011f\u0131na ili\u015fkin eksik ve yetersiz","og_url":"https:\/\/kibrisdakik.com\/?p=111039","article_published_time":"2026-04-23T07:11:53+00:00","og_image":[{"url":"https:\/\/mhahabercom.teimg.com\/crop\/1280x720\/mhahaber-com\/uploads\/2026\/04\/mha-sari-beyaz-kurtarildi-kurtarildi-2.png","type":"","width":"","height":""}],"author":"admin","twitter_card":"summary_large_image","twitter_misc":{"Yazan:":"admin","Tahmini okuma s\u00fcresi":"2 dakika"},"schema":{"@context":"https:\/\/schema.org","@graph":[{"@type":"Article","@id":"https:\/\/kibrisdakik.com\/?p=111039#article","isPartOf":{"@id":"https:\/\/kibrisdakik.com\/?p=111039"},"author":{"name":"admin","@id":"https:\/\/kibrisdakik.com\/#\/schema\/person\/9cd9d437bbb44f72b73ba127e06d8e79"},"headline":"SERDARO\u011eLU: &quot;SEND\u0130KALAR HAZ\u0130RAN AYINDA \u00c7IKACAK HP ORANIN Y\u00dcZDE 50\u2019S\u0130N\u0130N \u00d6DENMES\u0130 Y\u00d6N\u00dcNDE B\u0130R \u00d6NER\u0130DE BULUNMADI&quot;","datePublished":"2026-04-23T07:11:53+00:00","mainEntityOfPage":{"@id":"https:\/\/kibrisdakik.com\/?p=111039"},"wordCount":331,"commentCount":0,"image":{"@id":"https:\/\/kibrisdakik.com\/?p=111039#primaryimage"},"thumbnailUrl":"https:\/\/kibrisdakik.com\/wp-content\/uploads\/2026\/04\/mha-sari-beyaz-kurtarildi-kurtarildi-2.png","articleSection":["K\u0131br\u0131s"],"inLanguage":"tr","potentialAction":[{"@type":"CommentAction","name":"Comment","target":["https:\/\/kibrisdakik.com\/?p=111039#respond"]}]},{"@type":"WebPage","@id":"https:\/\/kibrisdakik.com\/?p=111039","url":"https:\/\/kibrisdakik.com\/?p=111039","name":"SERDARO\u011eLU: &quot;SEND\u0130KALAR HAZ\u0130RAN AYINDA \u00c7IKACAK HP ORANIN Y\u00dcZDE 50\u2019S\u0130N\u0130N \u00d6DENMES\u0130 Y\u00d6N\u00dcNDE B\u0130R \u00d6NER\u0130DE BULUNMADI&quot; -","isPartOf":{"@id":"https:\/\/kibrisdakik.com\/#website"},"primaryImageOfPage":{"@id":"https:\/\/kibrisdakik.com\/?p=111039#primaryimage"},"image":{"@id":"https:\/\/kibrisdakik.com\/?p=111039#primaryimage"},"thumbnailUrl":"https:\/\/kibrisdakik.com\/wp-content\/uploads\/2026\/04\/mha-sari-beyaz-kurtarildi-kurtarildi-2.png","datePublished":"2026-04-23T07:11:53+00:00","author":{"@id":"https:\/\/kibrisdakik.com\/#\/schema\/person\/9cd9d437bbb44f72b73ba127e06d8e79"},"breadcrumb":{"@id":"https:\/\/kibrisdakik.com\/?p=111039#breadcrumb"},"inLanguage":"tr","potentialAction":[{"@type":"ReadAction","target":["https:\/\/kibrisdakik.com\/?p=111039"]}]},{"@type":"ImageObject","inLanguage":"tr","@id":"https:\/\/kibrisdakik.com\/?p=111039#primaryimage","url":"https:\/\/kibrisdakik.com\/wp-content\/uploads\/2026\/04\/mha-sari-beyaz-kurtarildi-kurtarildi-2.png","contentUrl":"https:\/\/kibrisdakik.com\/wp-content\/uploads\/2026\/04\/mha-sari-beyaz-kurtarildi-kurtarildi-2.png","width":1280,"height":720},{"@type":"BreadcrumbList","@id":"https:\/\/kibrisdakik.com\/?p=111039#breadcrumb","itemListElement":[{"@type":"ListItem","position":1,"name":"Home","item":"https:\/\/kibrisdakik.com\/"},{"@type":"ListItem","position":2,"name":"SERDARO\u011eLU: &quot;SEND\u0130KALAR HAZ\u0130RAN AYINDA \u00c7IKACAK HP ORANIN Y\u00dcZDE 50\u2019S\u0130N\u0130N \u00d6DENMES\u0130 Y\u00d6N\u00dcNDE B\u0130R \u00d6NER\u0130DE BULUNMADI&quot;"}]},{"@type":"WebSite","@id":"https:\/\/kibrisdakik.com\/#website","url":"https:\/\/kibrisdakik.com\/","name":"","description":"Tam vaktinde haber","potentialAction":[{"@type":"SearchAction","target":{"@type":"EntryPoint","urlTemplate":"https:\/\/kibrisdakik.com\/?s={search_term_string}"},"query-input":{"@type":"PropertyValueSpecification","valueRequired":true,"valueName":"search_term_string"}}],"inLanguage":"tr"},{"@type":"Person","@id":"https:\/\/kibrisdakik.com\/#\/schema\/person\/9cd9d437bbb44f72b73ba127e06d8e79","name":"admin","image":{"@type":"ImageObject","inLanguage":"tr","@id":"https:\/\/secure.gravatar.com\/avatar\/ccc17943b9d660506c869530f897617f7cb1c21a4bf30023f252596d83e1f007?s=96&d=mm&r=g","url":"https:\/\/secure.gravatar.com\/avatar\/ccc17943b9d660506c869530f897617f7cb1c21a4bf30023f252596d83e1f007?s=96&d=mm&r=g","contentUrl":"https:\/\/secure.gravatar.com\/avatar\/ccc17943b9d660506c869530f897617f7cb1c21a4bf30023f252596d83e1f007?s=96&d=mm&r=g","caption":"admin"},"sameAs":["https:\/\/kibrisdakik.com"],"url":"https:\/\/kibrisdakik.com\/?author=1"}]}},"_links":{"self":[{"href":"https:\/\/kibrisdakik.com\/index.php?rest_route=\/wp\/v2\/posts\/111039","targetHints":{"allow":["GET"]}}],"collection":[{"href":"https:\/\/kibrisdakik.com\/index.php?rest_route=\/wp\/v2\/posts"}],"about":[{"href":"https:\/\/kibrisdakik.com\/index.php?rest_route=\/wp\/v2\/types\/post"}],"author":[{"embeddable":true,"href":"https:\/\/kibrisdakik.com\/index.php?rest_route=\/wp\/v2\/users\/1"}],"replies":[{"embeddable":true,"href":"https:\/\/kibrisdakik.com\/index.php?rest_route=%2Fwp%2Fv2%2Fcomments&post=111039"}],"version-history":[{"count":0,"href":"https:\/\/kibrisdakik.com\/index.php?rest_route=\/wp\/v2\/posts\/111039\/revisions"}],"wp:featuredmedia":[{"embeddable":true,"href":"https:\/\/kibrisdakik.com\/index.php?rest_route=\/wp\/v2\/media\/111040"}],"wp:attachment":[{"href":"https:\/\/kibrisdakik.com\/index.php?rest_route=%2Fwp%2Fv2%2Fmedia&parent=111039"}],"wp:term":[{"taxonomy":"category","embeddable":true,"href":"https:\/\/kibrisdakik.com\/index.php?rest_route=%2Fwp%2Fv2%2Fcategories&post=111039"},{"taxonomy":"post_tag","embeddable":true,"href":"https:\/\/kibrisdakik.com\/index.php?rest_route=%2Fwp%2Fv2%2Ftags&post=111039"}],"curies":[{"name":"wp","href":"https:\/\/api.w.org\/{rel}","templated":true}]}}