{"id":111045,"date":"2026-04-23T10:38:26","date_gmt":"2026-04-23T07:38:26","guid":{"rendered":"https:\/\/kibrisdakik.com\/?p=111045"},"modified":"2026-04-23T10:38:26","modified_gmt":"2026-04-23T07:38:26","slug":"lefkosada-daire-yangini","status":"publish","type":"post","link":"https:\/\/kibrisdakik.com\/?p=111045","title":{"rendered":"LEFKO\u015eA\u2019DA DA\u0130RE YANGINI"},"content":{"rendered":"<p><\/p>\n<div data-text-id=\"200553\" property=\"articleBody\">\n<p>Lefko\u015fa\u2019da Yeni\u015fehir b\u00f6lgesinde bir apartman dairesinde \u00e7\u0131kan yang\u0131n, maddi hasara yol a\u00e7t\u0131.<\/p>\n<p>23 Nisan 2026 tarihinde saat 06.15 s\u0131ralar\u0131nda, \u015eht. Recep Mustafa Sokak \u00fczerinde bulunan bir dairede meydana gelen yang\u0131n\u0131n, sandalye \u00fczerinde unutulan s\u00f6nmemi\u015f sigara izmaritinin sandalyeyi tutu\u015fturmas\u0131 sonucu \u00e7\u0131kt\u0131\u011f\u0131 belirlendi.<\/p>\n<p>\u0130tfaiye ekiplerinin m\u00fcdahalesiyle s\u00f6nd\u00fcr\u00fclen yang\u0131nda, bir adet sandalye, bir adet koltuk, bir adet orta masa, klima i\u00e7 \u00fcnitesi, televizyon ve mutfak dolap kapaklar\u0131 yanarak zarar g\u00f6rd\u00fc. Ayr\u0131ca, d\u00f6rt pencere cam\u0131 \u0131s\u0131n\u0131n etkisiyle \u00e7atlad\u0131, oda duvarlar\u0131 ise islenerek hasar ald\u0131.<\/p>\n<p>Olayla ilgili soru\u015fturma s\u00fcr\u00fcyor.<\/p>\n<\/p><\/div>\n","protected":false},"excerpt":{"rendered":"<p>Lefko\u015fa\u2019da Yeni\u015fehir b\u00f6lgesinde bir apartman dairesinde \u00e7\u0131kan yang\u0131n, maddi hasara yol a\u00e7t\u0131. 23 Nisan 2026 tarihinde saat 06.15 s\u0131ralar\u0131nda, \u015eht. Recep Mustafa Sokak \u00fczerinde bulunan bir dairede meydana gelen yang\u0131n\u0131n, sandalye \u00fczerinde unutulan s\u00f6nmemi\u015f sigara izmaritinin sandalyeyi tutu\u015fturmas\u0131 sonucu \u00e7\u0131kt\u0131\u011f\u0131 belirlendi. \u0130tfaiye ekiplerinin m\u00fcdahalesiyle s\u00f6nd\u00fcr\u00fclen yang\u0131nda, bir adet sandalye, bir adet koltuk, bir adet orta<\/p>\n","protected":false},"author":1,"featured_media":111046,"comment_status":"open","ping_status":"open","sticky":false,"template":"","format":"standard","meta":{"footnotes":""},"categories":[81],"tags":[],"class_list":["post-111045","post","type-post","status-publish","format-standard","has-post-thumbnail","hentry","category-kibris"],"yoast_head":"<!-- This site is optimized with the Yoast SEO plugin v27.4 - https:\/\/yoast.com\/product\/yoast-seo-wordpress\/ -->\n<title>LEFKO\u015eA\u2019DA DA\u0130RE YANGINI -<\/title>\n<meta name=\"robots\" content=\"index, follow, max-snippet:-1, max-image-preview:large, max-video-preview:-1\" \/>\n<link rel=\"canonical\" href=\"https:\/\/kibrisdakik.com\/?p=111045\" \/>\n<meta property=\"og:locale\" content=\"tr_TR\" \/>\n<meta property=\"og:type\" content=\"article\" \/>\n<meta property=\"og:title\" content=\"LEFKO\u015eA\u2019DA DA\u0130RE YANGINI -\" \/>\n<meta property=\"og:description\" content=\"Lefko\u015fa\u2019da Yeni\u015fehir b\u00f6lgesinde bir apartman dairesinde \u00e7\u0131kan yang\u0131n, maddi hasara yol a\u00e7t\u0131. 23 Nisan 2026 tarihinde saat 06.15 s\u0131ralar\u0131nda, \u015eht. Recep Mustafa Sokak \u00fczerinde bulunan bir dairede meydana gelen yang\u0131n\u0131n, sandalye \u00fczerinde unutulan s\u00f6nmemi\u015f sigara izmaritinin sandalyeyi tutu\u015fturmas\u0131 sonucu \u00e7\u0131kt\u0131\u011f\u0131 belirlendi. \u0130tfaiye ekiplerinin m\u00fcdahalesiyle s\u00f6nd\u00fcr\u00fclen yang\u0131nda, bir adet sandalye, bir adet koltuk, bir adet orta\" \/>\n<meta property=\"og:url\" content=\"https:\/\/kibrisdakik.com\/?p=111045\" \/>\n<meta property=\"article:published_time\" content=\"2026-04-23T07:38:26+00:00\" \/>\n<meta property=\"og:image\" content=\"https:\/\/mhahabercom.teimg.com\/crop\/1280x720\/mhahaber-com\/uploads\/2026\/04\/mha-sari-beyaz-kurtarildi-kurtarildi-3.png\" \/>\n<meta name=\"author\" content=\"admin\" \/>\n<meta name=\"twitter:card\" content=\"summary_large_image\" \/>\n<meta name=\"twitter:label1\" content=\"Yazan:\" \/>\n\t<meta name=\"twitter:data1\" content=\"admin\" \/>\n\t<meta name=\"twitter:label2\" content=\"Tahmini okuma s\u00fcresi\" \/>\n\t<meta name=\"twitter:data2\" content=\"1 dakika\" \/>\n<script type=\"application\/ld+json\" class=\"yoast-schema-graph\">{\"@context\":\"https:\\\/\\\/schema.org\",\"@graph\":[{\"@type\":\"Article\",\"@id\":\"https:\\\/\\\/kibrisdakik.com\\\/?p=111045#article\",\"isPartOf\":{\"@id\":\"https:\\\/\\\/kibrisdakik.com\\\/?p=111045\"},\"author\":{\"name\":\"admin\",\"@id\":\"https:\\\/\\\/kibrisdakik.com\\\/#\\\/schema\\\/person\\\/9cd9d437bbb44f72b73ba127e06d8e79\"},\"headline\":\"LEFKO\u015eA\u2019DA DA\u0130RE YANGINI\",\"datePublished\":\"2026-04-23T07:38:26+00:00\",\"mainEntityOfPage\":{\"@id\":\"https:\\\/\\\/kibrisdakik.com\\\/?p=111045\"},\"wordCount\":112,\"commentCount\":0,\"image\":{\"@id\":\"https:\\\/\\\/kibrisdakik.com\\\/?p=111045#primaryimage\"},\"thumbnailUrl\":\"https:\\\/\\\/kibrisdakik.com\\\/wp-content\\\/uploads\\\/2026\\\/04\\\/mha-sari-beyaz-kurtarildi-kurtarildi-3.png\",\"articleSection\":[\"K\u0131br\u0131s\"],\"inLanguage\":\"tr\",\"potentialAction\":[{\"@type\":\"CommentAction\",\"name\":\"Comment\",\"target\":[\"https:\\\/\\\/kibrisdakik.com\\\/?p=111045#respond\"]}]},{\"@type\":\"WebPage\",\"@id\":\"https:\\\/\\\/kibrisdakik.com\\\/?p=111045\",\"url\":\"https:\\\/\\\/kibrisdakik.com\\\/?p=111045\",\"name\":\"LEFKO\u015eA\u2019DA DA\u0130RE YANGINI -\",\"isPartOf\":{\"@id\":\"https:\\\/\\\/kibrisdakik.com\\\/#website\"},\"primaryImageOfPage\":{\"@id\":\"https:\\\/\\\/kibrisdakik.com\\\/?p=111045#primaryimage\"},\"image\":{\"@id\":\"https:\\\/\\\/kibrisdakik.com\\\/?p=111045#primaryimage\"},\"thumbnailUrl\":\"https:\\\/\\\/kibrisdakik.com\\\/wp-content\\\/uploads\\\/2026\\\/04\\\/mha-sari-beyaz-kurtarildi-kurtarildi-3.png\",\"datePublished\":\"2026-04-23T07:38:26+00:00\",\"author\":{\"@id\":\"https:\\\/\\\/kibrisdakik.com\\\/#\\\/schema\\\/person\\\/9cd9d437bbb44f72b73ba127e06d8e79\"},\"breadcrumb\":{\"@id\":\"https:\\\/\\\/kibrisdakik.com\\\/?p=111045#breadcrumb\"},\"inLanguage\":\"tr\",\"potentialAction\":[{\"@type\":\"ReadAction\",\"target\":[\"https:\\\/\\\/kibrisdakik.com\\\/?p=111045\"]}]},{\"@type\":\"ImageObject\",\"inLanguage\":\"tr\",\"@id\":\"https:\\\/\\\/kibrisdakik.com\\\/?p=111045#primaryimage\",\"url\":\"https:\\\/\\\/kibrisdakik.com\\\/wp-content\\\/uploads\\\/2026\\\/04\\\/mha-sari-beyaz-kurtarildi-kurtarildi-3.png\",\"contentUrl\":\"https:\\\/\\\/kibrisdakik.com\\\/wp-content\\\/uploads\\\/2026\\\/04\\\/mha-sari-beyaz-kurtarildi-kurtarildi-3.png\",\"width\":1280,\"height\":720},{\"@type\":\"BreadcrumbList\",\"@id\":\"https:\\\/\\\/kibrisdakik.com\\\/?p=111045#breadcrumb\",\"itemListElement\":[{\"@type\":\"ListItem\",\"position\":1,\"name\":\"Home\",\"item\":\"https:\\\/\\\/kibrisdakik.com\\\/\"},{\"@type\":\"ListItem\",\"position\":2,\"name\":\"LEFKO\u015eA\u2019DA DA\u0130RE YANGINI\"}]},{\"@type\":\"WebSite\",\"@id\":\"https:\\\/\\\/kibrisdakik.com\\\/#website\",\"url\":\"https:\\\/\\\/kibrisdakik.com\\\/\",\"name\":\"\",\"description\":\"Tam vaktinde haber\",\"potentialAction\":[{\"@type\":\"SearchAction\",\"target\":{\"@type\":\"EntryPoint\",\"urlTemplate\":\"https:\\\/\\\/kibrisdakik.com\\\/?s={search_term_string}\"},\"query-input\":{\"@type\":\"PropertyValueSpecification\",\"valueRequired\":true,\"valueName\":\"search_term_string\"}}],\"inLanguage\":\"tr\"},{\"@type\":\"Person\",\"@id\":\"https:\\\/\\\/kibrisdakik.com\\\/#\\\/schema\\\/person\\\/9cd9d437bbb44f72b73ba127e06d8e79\",\"name\":\"admin\",\"image\":{\"@type\":\"ImageObject\",\"inLanguage\":\"tr\",\"@id\":\"https:\\\/\\\/secure.gravatar.com\\\/avatar\\\/ccc17943b9d660506c869530f897617f7cb1c21a4bf30023f252596d83e1f007?s=96&d=mm&r=g\",\"url\":\"https:\\\/\\\/secure.gravatar.com\\\/avatar\\\/ccc17943b9d660506c869530f897617f7cb1c21a4bf30023f252596d83e1f007?s=96&d=mm&r=g\",\"contentUrl\":\"https:\\\/\\\/secure.gravatar.com\\\/avatar\\\/ccc17943b9d660506c869530f897617f7cb1c21a4bf30023f252596d83e1f007?s=96&d=mm&r=g\",\"caption\":\"admin\"},\"sameAs\":[\"https:\\\/\\\/kibrisdakik.com\"],\"url\":\"https:\\\/\\\/kibrisdakik.com\\\/?author=1\"}]}<\/script>\n<!-- \/ Yoast SEO plugin. -->","yoast_head_json":{"title":"LEFKO\u015eA\u2019DA DA\u0130RE YANGINI -","robots":{"index":"index","follow":"follow","max-snippet":"max-snippet:-1","max-image-preview":"max-image-preview:large","max-video-preview":"max-video-preview:-1"},"canonical":"https:\/\/kibrisdakik.com\/?p=111045","og_locale":"tr_TR","og_type":"article","og_title":"LEFKO\u015eA\u2019DA DA\u0130RE YANGINI -","og_description":"Lefko\u015fa\u2019da Yeni\u015fehir b\u00f6lgesinde bir apartman dairesinde \u00e7\u0131kan yang\u0131n, maddi hasara yol a\u00e7t\u0131. 23 Nisan 2026 tarihinde saat 06.15 s\u0131ralar\u0131nda, \u015eht. Recep Mustafa Sokak \u00fczerinde bulunan bir dairede meydana gelen yang\u0131n\u0131n, sandalye \u00fczerinde unutulan s\u00f6nmemi\u015f sigara izmaritinin sandalyeyi tutu\u015fturmas\u0131 sonucu \u00e7\u0131kt\u0131\u011f\u0131 belirlendi. \u0130tfaiye ekiplerinin m\u00fcdahalesiyle s\u00f6nd\u00fcr\u00fclen yang\u0131nda, bir adet sandalye, bir adet koltuk, bir adet orta","og_url":"https:\/\/kibrisdakik.com\/?p=111045","article_published_time":"2026-04-23T07:38:26+00:00","og_image":[{"url":"https:\/\/mhahabercom.teimg.com\/crop\/1280x720\/mhahaber-com\/uploads\/2026\/04\/mha-sari-beyaz-kurtarildi-kurtarildi-3.png","type":"","width":"","height":""}],"author":"admin","twitter_card":"summary_large_image","twitter_misc":{"Yazan:":"admin","Tahmini okuma s\u00fcresi":"1 dakika"},"schema":{"@context":"https:\/\/schema.org","@graph":[{"@type":"Article","@id":"https:\/\/kibrisdakik.com\/?p=111045#article","isPartOf":{"@id":"https:\/\/kibrisdakik.com\/?p=111045"},"author":{"name":"admin","@id":"https:\/\/kibrisdakik.com\/#\/schema\/person\/9cd9d437bbb44f72b73ba127e06d8e79"},"headline":"LEFKO\u015eA\u2019DA DA\u0130RE YANGINI","datePublished":"2026-04-23T07:38:26+00:00","mainEntityOfPage":{"@id":"https:\/\/kibrisdakik.com\/?p=111045"},"wordCount":112,"commentCount":0,"image":{"@id":"https:\/\/kibrisdakik.com\/?p=111045#primaryimage"},"thumbnailUrl":"https:\/\/kibrisdakik.com\/wp-content\/uploads\/2026\/04\/mha-sari-beyaz-kurtarildi-kurtarildi-3.png","articleSection":["K\u0131br\u0131s"],"inLanguage":"tr","potentialAction":[{"@type":"CommentAction","name":"Comment","target":["https:\/\/kibrisdakik.com\/?p=111045#respond"]}]},{"@type":"WebPage","@id":"https:\/\/kibrisdakik.com\/?p=111045","url":"https:\/\/kibrisdakik.com\/?p=111045","name":"LEFKO\u015eA\u2019DA DA\u0130RE YANGINI -","isPartOf":{"@id":"https:\/\/kibrisdakik.com\/#website"},"primaryImageOfPage":{"@id":"https:\/\/kibrisdakik.com\/?p=111045#primaryimage"},"image":{"@id":"https:\/\/kibrisdakik.com\/?p=111045#primaryimage"},"thumbnailUrl":"https:\/\/kibrisdakik.com\/wp-content\/uploads\/2026\/04\/mha-sari-beyaz-kurtarildi-kurtarildi-3.png","datePublished":"2026-04-23T07:38:26+00:00","author":{"@id":"https:\/\/kibrisdakik.com\/#\/schema\/person\/9cd9d437bbb44f72b73ba127e06d8e79"},"breadcrumb":{"@id":"https:\/\/kibrisdakik.com\/?p=111045#breadcrumb"},"inLanguage":"tr","potentialAction":[{"@type":"ReadAction","target":["https:\/\/kibrisdakik.com\/?p=111045"]}]},{"@type":"ImageObject","inLanguage":"tr","@id":"https:\/\/kibrisdakik.com\/?p=111045#primaryimage","url":"https:\/\/kibrisdakik.com\/wp-content\/uploads\/2026\/04\/mha-sari-beyaz-kurtarildi-kurtarildi-3.png","contentUrl":"https:\/\/kibrisdakik.com\/wp-content\/uploads\/2026\/04\/mha-sari-beyaz-kurtarildi-kurtarildi-3.png","width":1280,"height":720},{"@type":"BreadcrumbList","@id":"https:\/\/kibrisdakik.com\/?p=111045#breadcrumb","itemListElement":[{"@type":"ListItem","position":1,"name":"Home","item":"https:\/\/kibrisdakik.com\/"},{"@type":"ListItem","position":2,"name":"LEFKO\u015eA\u2019DA DA\u0130RE YANGINI"}]},{"@type":"WebSite","@id":"https:\/\/kibrisdakik.com\/#website","url":"https:\/\/kibrisdakik.com\/","name":"","description":"Tam vaktinde haber","potentialAction":[{"@type":"SearchAction","target":{"@type":"EntryPoint","urlTemplate":"https:\/\/kibrisdakik.com\/?s={search_term_string}"},"query-input":{"@type":"PropertyValueSpecification","valueRequired":true,"valueName":"search_term_string"}}],"inLanguage":"tr"},{"@type":"Person","@id":"https:\/\/kibrisdakik.com\/#\/schema\/person\/9cd9d437bbb44f72b73ba127e06d8e79","name":"admin","image":{"@type":"ImageObject","inLanguage":"tr","@id":"https:\/\/secure.gravatar.com\/avatar\/ccc17943b9d660506c869530f897617f7cb1c21a4bf30023f252596d83e1f007?s=96&d=mm&r=g","url":"https:\/\/secure.gravatar.com\/avatar\/ccc17943b9d660506c869530f897617f7cb1c21a4bf30023f252596d83e1f007?s=96&d=mm&r=g","contentUrl":"https:\/\/secure.gravatar.com\/avatar\/ccc17943b9d660506c869530f897617f7cb1c21a4bf30023f252596d83e1f007?s=96&d=mm&r=g","caption":"admin"},"sameAs":["https:\/\/kibrisdakik.com"],"url":"https:\/\/kibrisdakik.com\/?author=1"}]}},"_links":{"self":[{"href":"https:\/\/kibrisdakik.com\/index.php?rest_route=\/wp\/v2\/posts\/111045","targetHints":{"allow":["GET"]}}],"collection":[{"href":"https:\/\/kibrisdakik.com\/index.php?rest_route=\/wp\/v2\/posts"}],"about":[{"href":"https:\/\/kibrisdakik.com\/index.php?rest_route=\/wp\/v2\/types\/post"}],"author":[{"embeddable":true,"href":"https:\/\/kibrisdakik.com\/index.php?rest_route=\/wp\/v2\/users\/1"}],"replies":[{"embeddable":true,"href":"https:\/\/kibrisdakik.com\/index.php?rest_route=%2Fwp%2Fv2%2Fcomments&post=111045"}],"version-history":[{"count":0,"href":"https:\/\/kibrisdakik.com\/index.php?rest_route=\/wp\/v2\/posts\/111045\/revisions"}],"wp:featuredmedia":[{"embeddable":true,"href":"https:\/\/kibrisdakik.com\/index.php?rest_route=\/wp\/v2\/media\/111046"}],"wp:attachment":[{"href":"https:\/\/kibrisdakik.com\/index.php?rest_route=%2Fwp%2Fv2%2Fmedia&parent=111045"}],"wp:term":[{"taxonomy":"category","embeddable":true,"href":"https:\/\/kibrisdakik.com\/index.php?rest_route=%2Fwp%2Fv2%2Fcategories&post=111045"},{"taxonomy":"post_tag","embeddable":true,"href":"https:\/\/kibrisdakik.com\/index.php?rest_route=%2Fwp%2Fv2%2Ftags&post=111045"}],"curies":[{"name":"wp","href":"https:\/\/api.w.org\/{rel}","templated":true}]}}