{"id":111060,"date":"2026-04-23T11:14:18","date_gmt":"2026-04-23T08:14:18","guid":{"rendered":"https:\/\/kibrisdakik.com\/?p=111060"},"modified":"2026-04-23T11:14:18","modified_gmt":"2026-04-23T08:14:18","slug":"macaristanin-yeni-lideri-netanyahu-gelirse-gozaltina-aliriz","status":"publish","type":"post","link":"https:\/\/kibrisdakik.com\/?p=111060","title":{"rendered":"Macaristan\u2019\u0131n yeni lideri: Netanyahu gelirse g\u00f6zalt\u0131na al\u0131r\u0131z"},"content":{"rendered":"<p><\/p>\n<p>Macaristan&#8217;\u0131n yeni ba\u015fbakan\u0131 Peter Magyar, \u0130srail Ba\u015fbakan\u0131 Binyamin Netanyahu&#8217;nun \u00fclkeyi ziyaret etmesi halinde g\u00f6zalt\u0131na al\u0131nmas\u0131 gerekti\u011fini s\u00f6yledi. Magyar, gazetecilerin Netanyahu&#8217;nun Macaristan&#8217;a gelmesi durumunda tutuklan\u0131p tutuklanmayaca\u011f\u0131na ili\u015fkin sorusuna, &#8220;E\u011fer bir \u00fclke UCM&#8217;ye \u00fcyeyse ve hakk\u0131nda yakalama karar\u0131 bulunan bir ki\u015fi o \u00fclkenin topraklar\u0131na girerse, o ki\u015finin g\u00f6zalt\u0131na al\u0131nmas\u0131 gerekir&#8221; yan\u0131t\u0131n\u0131 verdi.<\/p>\n<p>UCM, Gazze&#8217;de i\u015flenen sava\u015f su\u00e7lar\u0131 ve insanl\u0131\u011fa kar\u015f\u0131 su\u00e7lar gerek\u00e7esiyle Kas\u0131m 2024&#8217;te Netanyahu ve eski \u0130srail Savunma Bakan\u0131 Yoav Gallant hakk\u0131nda tutuklama emri \u00e7\u0131karm\u0131\u015ft\u0131.<\/p>\n<p>Magyar, Macaristan&#8217;\u0131n UCM&#8217;den \u00e7ekilme s\u00fcrecini 2 Haziran&#8217;a kadar durdurabileceklerini belirterek \u00fclkenin mahkemeye \u00fcyeli\u011fini s\u00fcrd\u00fcrmesi y\u00f6n\u00fcndeki kararl\u0131l\u0131klar\u0131n\u0131 da teyit etti.<\/p>\n<p>\u00d6te yandan Magyar&#8217;\u0131n daha \u00f6nce Netanyahu&#8217;yu Macar Ayaklanmas\u0131&#8217;n\u0131n 70. y\u0131ld\u00f6n\u00fcm\u00fc t\u00f6renlerine davet etti\u011fi \u00f6\u011frenildi. Magyar, t\u00fcm devlet liderleriyle ayr\u0131m g\u00f6zetmeksizin g\u00f6r\u00fc\u015ft\u00fc\u011f\u00fcn\u00fc ve herkesi davet etti\u011fini ifade etti.<\/p>\n<p><strong>Orban, UCM&#8217;den ayr\u0131lma karar\u0131 alm\u0131\u015ft\u0131<\/strong><br \/>\n12 Nisan&#8217;daki genel se\u00e7imi b\u00fcy\u00fck farkla kazanan Magyar liderli\u011findeki Tisza, 199 sandalyeli parlamentoda 141 milletvekili \u00e7\u0131kard\u0131. 16 y\u0131ld\u0131r iktidarda kalan eski Ba\u015fbakan Viktor Orban&#8217;\u0131n Fidesz partisi ise 52 sandalyeyle muhalefete d\u00fc\u015ft\u00fc.<\/p>\n<p>Orban, ge\u00e7en y\u0131l Netanyahu&#8217;yu Budape\u015fte&#8217;ye davet etmi\u015f; ziyaret \u00f6ncesinde Macaristan&#8217;\u0131n UCM&#8217;den ayr\u0131laca\u011f\u0131n\u0131 a\u00e7\u0131klam\u0131\u015f ve Netanyahu&#8217;ya dokunulmazl\u0131k g\u00fcvencesi vermi\u015fti.<\/p>\n<p>&nbsp;<\/p>\n","protected":false},"excerpt":{"rendered":"<p>Macaristan&#8217;\u0131n yeni ba\u015fbakan\u0131 Peter Magyar, \u0130srail Ba\u015fbakan\u0131 Binyamin Netanyahu&#8217;nun \u00fclkeyi ziyaret etmesi halinde g\u00f6zalt\u0131na al\u0131nmas\u0131 gerekti\u011fini s\u00f6yledi. Magyar, gazetecilerin Netanyahu&#8217;nun Macaristan&#8217;a gelmesi durumunda tutuklan\u0131p tutuklanmayaca\u011f\u0131na ili\u015fkin sorusuna, &#8220;E\u011fer bir \u00fclke UCM&#8217;ye \u00fcyeyse ve hakk\u0131nda yakalama karar\u0131 bulunan bir ki\u015fi o \u00fclkenin topraklar\u0131na girerse, o ki\u015finin g\u00f6zalt\u0131na al\u0131nmas\u0131 gerekir&#8221; yan\u0131t\u0131n\u0131 verdi. UCM, Gazze&#8217;de i\u015flenen sava\u015f su\u00e7lar\u0131<\/p>\n","protected":false},"author":1,"featured_media":111061,"comment_status":"open","ping_status":"open","sticky":false,"template":"","format":"standard","meta":{"footnotes":""},"categories":[85],"tags":[],"class_list":["post-111060","post","type-post","status-publish","format-standard","has-post-thumbnail","hentry","category-spor"],"yoast_head":"<!-- This site is optimized with the Yoast SEO plugin v27.5 - https:\/\/yoast.com\/product\/yoast-seo-wordpress\/ -->\n<title>Macaristan\u2019\u0131n yeni lideri: Netanyahu gelirse g\u00f6zalt\u0131na al\u0131r\u0131z -<\/title>\n<meta name=\"robots\" content=\"index, follow, max-snippet:-1, max-image-preview:large, max-video-preview:-1\" \/>\n<link rel=\"canonical\" href=\"https:\/\/kibrisdakik.com\/?p=111060\" \/>\n<meta property=\"og:locale\" content=\"tr_TR\" \/>\n<meta property=\"og:type\" content=\"article\" \/>\n<meta property=\"og:title\" content=\"Macaristan\u2019\u0131n yeni lideri: Netanyahu gelirse g\u00f6zalt\u0131na al\u0131r\u0131z -\" \/>\n<meta property=\"og:description\" content=\"Macaristan&#8217;\u0131n yeni ba\u015fbakan\u0131 Peter Magyar, \u0130srail Ba\u015fbakan\u0131 Binyamin Netanyahu&#8217;nun \u00fclkeyi ziyaret etmesi halinde g\u00f6zalt\u0131na al\u0131nmas\u0131 gerekti\u011fini s\u00f6yledi. Magyar, gazetecilerin Netanyahu&#8217;nun Macaristan&#8217;a gelmesi durumunda tutuklan\u0131p tutuklanmayaca\u011f\u0131na ili\u015fkin sorusuna, &#8220;E\u011fer bir \u00fclke UCM&#8217;ye \u00fcyeyse ve hakk\u0131nda yakalama karar\u0131 bulunan bir ki\u015fi o \u00fclkenin topraklar\u0131na girerse, o ki\u015finin g\u00f6zalt\u0131na al\u0131nmas\u0131 gerekir&#8221; yan\u0131t\u0131n\u0131 verdi. UCM, Gazze&#8217;de i\u015flenen sava\u015f su\u00e7lar\u0131\" \/>\n<meta property=\"og:url\" content=\"https:\/\/kibrisdakik.com\/?p=111060\" \/>\n<meta property=\"article:published_time\" content=\"2026-04-23T08:14:18+00:00\" \/>\n<meta property=\"og:image\" content=\"https:\/\/www.bimanset.com\/wp-content\/uploads\/2026\/04\/Magyar.png\" \/>\n<meta name=\"author\" content=\"admin\" \/>\n<meta name=\"twitter:card\" content=\"summary_large_image\" \/>\n<meta name=\"twitter:label1\" content=\"Yazan:\" \/>\n\t<meta name=\"twitter:data1\" content=\"admin\" \/>\n\t<meta name=\"twitter:label2\" content=\"Tahmini okuma s\u00fcresi\" \/>\n\t<meta name=\"twitter:data2\" content=\"1 dakika\" \/>\n<script type=\"application\/ld+json\" class=\"yoast-schema-graph\">{\"@context\":\"https:\\\/\\\/schema.org\",\"@graph\":[{\"@type\":\"Article\",\"@id\":\"https:\\\/\\\/kibrisdakik.com\\\/?p=111060#article\",\"isPartOf\":{\"@id\":\"https:\\\/\\\/kibrisdakik.com\\\/?p=111060\"},\"author\":{\"name\":\"admin\",\"@id\":\"https:\\\/\\\/kibrisdakik.com\\\/#\\\/schema\\\/person\\\/9cd9d437bbb44f72b73ba127e06d8e79\"},\"headline\":\"Macaristan\u2019\u0131n yeni lideri: Netanyahu gelirse g\u00f6zalt\u0131na al\u0131r\u0131z\",\"datePublished\":\"2026-04-23T08:14:18+00:00\",\"mainEntityOfPage\":{\"@id\":\"https:\\\/\\\/kibrisdakik.com\\\/?p=111060\"},\"wordCount\":269,\"commentCount\":0,\"image\":{\"@id\":\"https:\\\/\\\/kibrisdakik.com\\\/?p=111060#primaryimage\"},\"thumbnailUrl\":\"https:\\\/\\\/kibrisdakik.com\\\/wp-content\\\/uploads\\\/2026\\\/04\\\/Magyar.png\",\"articleSection\":[\"Spor\"],\"inLanguage\":\"tr\",\"potentialAction\":[{\"@type\":\"CommentAction\",\"name\":\"Comment\",\"target\":[\"https:\\\/\\\/kibrisdakik.com\\\/?p=111060#respond\"]}]},{\"@type\":\"WebPage\",\"@id\":\"https:\\\/\\\/kibrisdakik.com\\\/?p=111060\",\"url\":\"https:\\\/\\\/kibrisdakik.com\\\/?p=111060\",\"name\":\"Macaristan\u2019\u0131n yeni lideri: Netanyahu gelirse g\u00f6zalt\u0131na al\u0131r\u0131z -\",\"isPartOf\":{\"@id\":\"https:\\\/\\\/kibrisdakik.com\\\/#website\"},\"primaryImageOfPage\":{\"@id\":\"https:\\\/\\\/kibrisdakik.com\\\/?p=111060#primaryimage\"},\"image\":{\"@id\":\"https:\\\/\\\/kibrisdakik.com\\\/?p=111060#primaryimage\"},\"thumbnailUrl\":\"https:\\\/\\\/kibrisdakik.com\\\/wp-content\\\/uploads\\\/2026\\\/04\\\/Magyar.png\",\"datePublished\":\"2026-04-23T08:14:18+00:00\",\"author\":{\"@id\":\"https:\\\/\\\/kibrisdakik.com\\\/#\\\/schema\\\/person\\\/9cd9d437bbb44f72b73ba127e06d8e79\"},\"breadcrumb\":{\"@id\":\"https:\\\/\\\/kibrisdakik.com\\\/?p=111060#breadcrumb\"},\"inLanguage\":\"tr\",\"potentialAction\":[{\"@type\":\"ReadAction\",\"target\":[\"https:\\\/\\\/kibrisdakik.com\\\/?p=111060\"]}]},{\"@type\":\"ImageObject\",\"inLanguage\":\"tr\",\"@id\":\"https:\\\/\\\/kibrisdakik.com\\\/?p=111060#primaryimage\",\"url\":\"https:\\\/\\\/kibrisdakik.com\\\/wp-content\\\/uploads\\\/2026\\\/04\\\/Magyar.png\",\"contentUrl\":\"https:\\\/\\\/kibrisdakik.com\\\/wp-content\\\/uploads\\\/2026\\\/04\\\/Magyar.png\",\"width\":1280,\"height\":720},{\"@type\":\"BreadcrumbList\",\"@id\":\"https:\\\/\\\/kibrisdakik.com\\\/?p=111060#breadcrumb\",\"itemListElement\":[{\"@type\":\"ListItem\",\"position\":1,\"name\":\"Home\",\"item\":\"https:\\\/\\\/kibrisdakik.com\\\/\"},{\"@type\":\"ListItem\",\"position\":2,\"name\":\"Macaristan\u2019\u0131n yeni lideri: Netanyahu gelirse g\u00f6zalt\u0131na al\u0131r\u0131z\"}]},{\"@type\":\"WebSite\",\"@id\":\"https:\\\/\\\/kibrisdakik.com\\\/#website\",\"url\":\"https:\\\/\\\/kibrisdakik.com\\\/\",\"name\":\"\",\"description\":\"Tam vaktinde haber\",\"potentialAction\":[{\"@type\":\"SearchAction\",\"target\":{\"@type\":\"EntryPoint\",\"urlTemplate\":\"https:\\\/\\\/kibrisdakik.com\\\/?s={search_term_string}\"},\"query-input\":{\"@type\":\"PropertyValueSpecification\",\"valueRequired\":true,\"valueName\":\"search_term_string\"}}],\"inLanguage\":\"tr\"},{\"@type\":\"Person\",\"@id\":\"https:\\\/\\\/kibrisdakik.com\\\/#\\\/schema\\\/person\\\/9cd9d437bbb44f72b73ba127e06d8e79\",\"name\":\"admin\",\"image\":{\"@type\":\"ImageObject\",\"inLanguage\":\"tr\",\"@id\":\"https:\\\/\\\/secure.gravatar.com\\\/avatar\\\/ccc17943b9d660506c869530f897617f7cb1c21a4bf30023f252596d83e1f007?s=96&d=mm&r=g\",\"url\":\"https:\\\/\\\/secure.gravatar.com\\\/avatar\\\/ccc17943b9d660506c869530f897617f7cb1c21a4bf30023f252596d83e1f007?s=96&d=mm&r=g\",\"contentUrl\":\"https:\\\/\\\/secure.gravatar.com\\\/avatar\\\/ccc17943b9d660506c869530f897617f7cb1c21a4bf30023f252596d83e1f007?s=96&d=mm&r=g\",\"caption\":\"admin\"},\"sameAs\":[\"https:\\\/\\\/kibrisdakik.com\"],\"url\":\"https:\\\/\\\/kibrisdakik.com\\\/?author=1\"}]}<\/script>\n<!-- \/ Yoast SEO plugin. -->","yoast_head_json":{"title":"Macaristan\u2019\u0131n yeni lideri: Netanyahu gelirse g\u00f6zalt\u0131na al\u0131r\u0131z -","robots":{"index":"index","follow":"follow","max-snippet":"max-snippet:-1","max-image-preview":"max-image-preview:large","max-video-preview":"max-video-preview:-1"},"canonical":"https:\/\/kibrisdakik.com\/?p=111060","og_locale":"tr_TR","og_type":"article","og_title":"Macaristan\u2019\u0131n yeni lideri: Netanyahu gelirse g\u00f6zalt\u0131na al\u0131r\u0131z -","og_description":"Macaristan&#8217;\u0131n yeni ba\u015fbakan\u0131 Peter Magyar, \u0130srail Ba\u015fbakan\u0131 Binyamin Netanyahu&#8217;nun \u00fclkeyi ziyaret etmesi halinde g\u00f6zalt\u0131na al\u0131nmas\u0131 gerekti\u011fini s\u00f6yledi. Magyar, gazetecilerin Netanyahu&#8217;nun Macaristan&#8217;a gelmesi durumunda tutuklan\u0131p tutuklanmayaca\u011f\u0131na ili\u015fkin sorusuna, &#8220;E\u011fer bir \u00fclke UCM&#8217;ye \u00fcyeyse ve hakk\u0131nda yakalama karar\u0131 bulunan bir ki\u015fi o \u00fclkenin topraklar\u0131na girerse, o ki\u015finin g\u00f6zalt\u0131na al\u0131nmas\u0131 gerekir&#8221; yan\u0131t\u0131n\u0131 verdi. UCM, Gazze&#8217;de i\u015flenen sava\u015f su\u00e7lar\u0131","og_url":"https:\/\/kibrisdakik.com\/?p=111060","article_published_time":"2026-04-23T08:14:18+00:00","og_image":[{"url":"https:\/\/www.bimanset.com\/wp-content\/uploads\/2026\/04\/Magyar.png","type":"","width":"","height":""}],"author":"admin","twitter_card":"summary_large_image","twitter_misc":{"Yazan:":"admin","Tahmini okuma s\u00fcresi":"1 dakika"},"schema":{"@context":"https:\/\/schema.org","@graph":[{"@type":"Article","@id":"https:\/\/kibrisdakik.com\/?p=111060#article","isPartOf":{"@id":"https:\/\/kibrisdakik.com\/?p=111060"},"author":{"name":"admin","@id":"https:\/\/kibrisdakik.com\/#\/schema\/person\/9cd9d437bbb44f72b73ba127e06d8e79"},"headline":"Macaristan\u2019\u0131n yeni lideri: Netanyahu gelirse g\u00f6zalt\u0131na al\u0131r\u0131z","datePublished":"2026-04-23T08:14:18+00:00","mainEntityOfPage":{"@id":"https:\/\/kibrisdakik.com\/?p=111060"},"wordCount":269,"commentCount":0,"image":{"@id":"https:\/\/kibrisdakik.com\/?p=111060#primaryimage"},"thumbnailUrl":"https:\/\/kibrisdakik.com\/wp-content\/uploads\/2026\/04\/Magyar.png","articleSection":["Spor"],"inLanguage":"tr","potentialAction":[{"@type":"CommentAction","name":"Comment","target":["https:\/\/kibrisdakik.com\/?p=111060#respond"]}]},{"@type":"WebPage","@id":"https:\/\/kibrisdakik.com\/?p=111060","url":"https:\/\/kibrisdakik.com\/?p=111060","name":"Macaristan\u2019\u0131n yeni lideri: Netanyahu gelirse g\u00f6zalt\u0131na al\u0131r\u0131z -","isPartOf":{"@id":"https:\/\/kibrisdakik.com\/#website"},"primaryImageOfPage":{"@id":"https:\/\/kibrisdakik.com\/?p=111060#primaryimage"},"image":{"@id":"https:\/\/kibrisdakik.com\/?p=111060#primaryimage"},"thumbnailUrl":"https:\/\/kibrisdakik.com\/wp-content\/uploads\/2026\/04\/Magyar.png","datePublished":"2026-04-23T08:14:18+00:00","author":{"@id":"https:\/\/kibrisdakik.com\/#\/schema\/person\/9cd9d437bbb44f72b73ba127e06d8e79"},"breadcrumb":{"@id":"https:\/\/kibrisdakik.com\/?p=111060#breadcrumb"},"inLanguage":"tr","potentialAction":[{"@type":"ReadAction","target":["https:\/\/kibrisdakik.com\/?p=111060"]}]},{"@type":"ImageObject","inLanguage":"tr","@id":"https:\/\/kibrisdakik.com\/?p=111060#primaryimage","url":"https:\/\/kibrisdakik.com\/wp-content\/uploads\/2026\/04\/Magyar.png","contentUrl":"https:\/\/kibrisdakik.com\/wp-content\/uploads\/2026\/04\/Magyar.png","width":1280,"height":720},{"@type":"BreadcrumbList","@id":"https:\/\/kibrisdakik.com\/?p=111060#breadcrumb","itemListElement":[{"@type":"ListItem","position":1,"name":"Home","item":"https:\/\/kibrisdakik.com\/"},{"@type":"ListItem","position":2,"name":"Macaristan\u2019\u0131n yeni lideri: Netanyahu gelirse g\u00f6zalt\u0131na al\u0131r\u0131z"}]},{"@type":"WebSite","@id":"https:\/\/kibrisdakik.com\/#website","url":"https:\/\/kibrisdakik.com\/","name":"","description":"Tam vaktinde haber","potentialAction":[{"@type":"SearchAction","target":{"@type":"EntryPoint","urlTemplate":"https:\/\/kibrisdakik.com\/?s={search_term_string}"},"query-input":{"@type":"PropertyValueSpecification","valueRequired":true,"valueName":"search_term_string"}}],"inLanguage":"tr"},{"@type":"Person","@id":"https:\/\/kibrisdakik.com\/#\/schema\/person\/9cd9d437bbb44f72b73ba127e06d8e79","name":"admin","image":{"@type":"ImageObject","inLanguage":"tr","@id":"https:\/\/secure.gravatar.com\/avatar\/ccc17943b9d660506c869530f897617f7cb1c21a4bf30023f252596d83e1f007?s=96&d=mm&r=g","url":"https:\/\/secure.gravatar.com\/avatar\/ccc17943b9d660506c869530f897617f7cb1c21a4bf30023f252596d83e1f007?s=96&d=mm&r=g","contentUrl":"https:\/\/secure.gravatar.com\/avatar\/ccc17943b9d660506c869530f897617f7cb1c21a4bf30023f252596d83e1f007?s=96&d=mm&r=g","caption":"admin"},"sameAs":["https:\/\/kibrisdakik.com"],"url":"https:\/\/kibrisdakik.com\/?author=1"}]}},"_links":{"self":[{"href":"https:\/\/kibrisdakik.com\/index.php?rest_route=\/wp\/v2\/posts\/111060","targetHints":{"allow":["GET"]}}],"collection":[{"href":"https:\/\/kibrisdakik.com\/index.php?rest_route=\/wp\/v2\/posts"}],"about":[{"href":"https:\/\/kibrisdakik.com\/index.php?rest_route=\/wp\/v2\/types\/post"}],"author":[{"embeddable":true,"href":"https:\/\/kibrisdakik.com\/index.php?rest_route=\/wp\/v2\/users\/1"}],"replies":[{"embeddable":true,"href":"https:\/\/kibrisdakik.com\/index.php?rest_route=%2Fwp%2Fv2%2Fcomments&post=111060"}],"version-history":[{"count":0,"href":"https:\/\/kibrisdakik.com\/index.php?rest_route=\/wp\/v2\/posts\/111060\/revisions"}],"wp:featuredmedia":[{"embeddable":true,"href":"https:\/\/kibrisdakik.com\/index.php?rest_route=\/wp\/v2\/media\/111061"}],"wp:attachment":[{"href":"https:\/\/kibrisdakik.com\/index.php?rest_route=%2Fwp%2Fv2%2Fmedia&parent=111060"}],"wp:term":[{"taxonomy":"category","embeddable":true,"href":"https:\/\/kibrisdakik.com\/index.php?rest_route=%2Fwp%2Fv2%2Fcategories&post=111060"},{"taxonomy":"post_tag","embeddable":true,"href":"https:\/\/kibrisdakik.com\/index.php?rest_route=%2Fwp%2Fv2%2Ftags&post=111060"}],"curies":[{"name":"wp","href":"https:\/\/api.w.org\/{rel}","templated":true}]}}