{"id":111062,"date":"2026-04-23T11:51:15","date_gmt":"2026-04-23T08:51:15","guid":{"rendered":"https:\/\/kibrisdakik.com\/?p=111062"},"modified":"2026-04-23T11:51:15","modified_gmt":"2026-04-23T08:51:15","slug":"imo-fest-2026-25-26-nisanda-lefkosada-duzenlecek","status":"publish","type":"post","link":"https:\/\/kibrisdakik.com\/?p=111062","title":{"rendered":"\u201c\u0130MO FEST 2026\u201d 25-26 N\u0130SAN\u2019DA LEFKO\u015eA&#039;DA D\u00dcZENLECEK"},"content":{"rendered":"<p><\/p>\n<div data-text-id=\"200566\" property=\"articleBody\">\n<p>K\u0131br\u0131s T\u00fcrk M\u00fchendis ve Mimar Odalar\u0131 Birli\u011fi (KTMMOB) \u0130n\u015faat M\u00fchendisleri Odas\u0131 (\u0130MO) himayelerinde, Lefko\u015fa T\u00fcrk Belediyesi ile Orta Do\u011fu Teknik \u00dcniversitesi Kuzey K\u0131br\u0131s Kamp\u00fcs\u00fc katk\u0131lar\u0131yla \u00e7ocuk festivali d\u00fczenleniyor.<\/p>\n<p>\u0130MO\u2019dan verilen bilgiye g\u00f6re, \u201c\u0130MO FEST 2026\u201d 25-26 Nisan\u2019da Lefko\u015fa \u0130MO An\u0131 Park\u0131\u2019nda yer alacak.<\/p>\n<p>Bilim, sanat ve k\u00fclt\u00fcr\u00fc bir araya getirecek festivalde \u00e7ocuklar; e\u011flenme, ke\u015ffetme ve deneyimleme f\u0131rsat\u0131 bulacak.<\/p>\n<p>Etkinliklerde, kil at\u00f6lyesi, bilim \u00e7ad\u0131r\u0131, balon oyun alanlar\u0131, d\u00f6nme dolap, deneyler, masal anlat\u0131m\u0131, y\u00fcz boyama, kukla g\u00f6sterisi, modern dans, konser ve \u00e7e\u015fitli sahne performanslar\u0131 yer alacak. Festival alan\u0131nda ayr\u0131ca yiyecek ve i\u00e7ecek stantlar\u0131 da kurulacak.<\/p>\n<p>Festivalin ilk g\u00fcn\u00fc olan 25 Nisan Cumartesi, 14.00-19.00 saatlerinde, kil at\u00f6lyesi, bilim \u00e7ad\u0131r\u0131, balon oyun alanlar\u0131, d\u00f6nme dolap, deneyler, masal anlat\u0131m\u0131 ve oyunlar, halk danslar\u0131 g\u00f6sterisi, bateri konseri, \u00e7ocuklar ile zumba dans\u0131, LBO \u00c7ocuk Korosu, yiyecek ve i\u00e7ecek stantlar\u0131, y\u00fcz boyama ve kukla g\u00f6sterileri yer alacak.<\/p>\n<p>Etkinlikler, 26 Nisan Pazar g\u00fcn\u00fc ise 10.00 ile 19.00 saatleri aras\u0131nda devam edecek. Pazar program\u0131nda; kil at\u00f6lyesi, bilim \u00e7ad\u0131r\u0131, balon oyun alanlar\u0131, d\u00f6nme dolap, m\u00fczik dinletisi, modern dans, konser, m\u00fczikli masal, LTB Engelsiz Halk Danslar\u0131 g\u00f6sterisi, yiyecek ve i\u00e7ecek stantlar\u0131 ile y\u00fcz boyama etkinlikleri d\u00fczenlenecek.<\/p>\n<\/p><\/div>\n","protected":false},"excerpt":{"rendered":"<p>K\u0131br\u0131s T\u00fcrk M\u00fchendis ve Mimar Odalar\u0131 Birli\u011fi (KTMMOB) \u0130n\u015faat M\u00fchendisleri Odas\u0131 (\u0130MO) himayelerinde, Lefko\u015fa T\u00fcrk Belediyesi ile Orta Do\u011fu Teknik \u00dcniversitesi Kuzey K\u0131br\u0131s Kamp\u00fcs\u00fc katk\u0131lar\u0131yla \u00e7ocuk festivali d\u00fczenleniyor. \u0130MO\u2019dan verilen bilgiye g\u00f6re, \u201c\u0130MO FEST 2026\u201d 25-26 Nisan\u2019da Lefko\u015fa \u0130MO An\u0131 Park\u0131\u2019nda yer alacak. Bilim, sanat ve k\u00fclt\u00fcr\u00fc bir araya getirecek festivalde \u00e7ocuklar; e\u011flenme, ke\u015ffetme ve<\/p>\n","protected":false},"author":1,"featured_media":111063,"comment_status":"open","ping_status":"open","sticky":false,"template":"","format":"standard","meta":{"footnotes":""},"categories":[81],"tags":[],"class_list":["post-111062","post","type-post","status-publish","format-standard","has-post-thumbnail","hentry","category-kibris"],"yoast_head":"<!-- This site is optimized with the Yoast SEO plugin v27.4 - https:\/\/yoast.com\/product\/yoast-seo-wordpress\/ -->\n<title>\u201c\u0130MO FEST 2026\u201d 25-26 N\u0130SAN\u2019DA LEFKO\u015eA&#039;DA D\u00dcZENLECEK -<\/title>\n<meta name=\"robots\" content=\"index, follow, max-snippet:-1, max-image-preview:large, max-video-preview:-1\" \/>\n<link rel=\"canonical\" href=\"https:\/\/kibrisdakik.com\/?p=111062\" \/>\n<meta property=\"og:locale\" content=\"tr_TR\" \/>\n<meta property=\"og:type\" content=\"article\" \/>\n<meta property=\"og:title\" content=\"\u201c\u0130MO FEST 2026\u201d 25-26 N\u0130SAN\u2019DA LEFKO\u015eA&#039;DA D\u00dcZENLECEK -\" \/>\n<meta property=\"og:description\" content=\"K\u0131br\u0131s T\u00fcrk M\u00fchendis ve Mimar Odalar\u0131 Birli\u011fi (KTMMOB) \u0130n\u015faat M\u00fchendisleri Odas\u0131 (\u0130MO) himayelerinde, Lefko\u015fa T\u00fcrk Belediyesi ile Orta Do\u011fu Teknik \u00dcniversitesi Kuzey K\u0131br\u0131s Kamp\u00fcs\u00fc katk\u0131lar\u0131yla \u00e7ocuk festivali d\u00fczenleniyor. \u0130MO\u2019dan verilen bilgiye g\u00f6re, \u201c\u0130MO FEST 2026\u201d 25-26 Nisan\u2019da Lefko\u015fa \u0130MO An\u0131 Park\u0131\u2019nda yer alacak. Bilim, sanat ve k\u00fclt\u00fcr\u00fc bir araya getirecek festivalde \u00e7ocuklar; e\u011flenme, ke\u015ffetme ve\" \/>\n<meta property=\"og:url\" content=\"https:\/\/kibrisdakik.com\/?p=111062\" \/>\n<meta property=\"article:published_time\" content=\"2026-04-23T08:51:15+00:00\" \/>\n<meta property=\"og:image\" content=\"https:\/\/mhahabercom.teimg.com\/crop\/1280x720\/mhahaber-com\/uploads\/2026\/04\/mha-sari-beyaz-kurtarildi-kurtarildi-5.png\" \/>\n<meta name=\"author\" content=\"admin\" \/>\n<meta name=\"twitter:card\" content=\"summary_large_image\" \/>\n<meta name=\"twitter:label1\" content=\"Yazan:\" \/>\n\t<meta name=\"twitter:data1\" content=\"admin\" \/>\n\t<meta name=\"twitter:label2\" content=\"Tahmini okuma s\u00fcresi\" \/>\n\t<meta name=\"twitter:data2\" content=\"1 dakika\" \/>\n<script type=\"application\/ld+json\" class=\"yoast-schema-graph\">{\"@context\":\"https:\\\/\\\/schema.org\",\"@graph\":[{\"@type\":\"Article\",\"@id\":\"https:\\\/\\\/kibrisdakik.com\\\/?p=111062#article\",\"isPartOf\":{\"@id\":\"https:\\\/\\\/kibrisdakik.com\\\/?p=111062\"},\"author\":{\"name\":\"admin\",\"@id\":\"https:\\\/\\\/kibrisdakik.com\\\/#\\\/schema\\\/person\\\/9cd9d437bbb44f72b73ba127e06d8e79\"},\"headline\":\"\u201c\u0130MO FEST 2026\u201d 25-26 N\u0130SAN\u2019DA LEFKO\u015eA&#039;DA D\u00dcZENLECEK\",\"datePublished\":\"2026-04-23T08:51:15+00:00\",\"mainEntityOfPage\":{\"@id\":\"https:\\\/\\\/kibrisdakik.com\\\/?p=111062\"},\"wordCount\":247,\"commentCount\":0,\"image\":{\"@id\":\"https:\\\/\\\/kibrisdakik.com\\\/?p=111062#primaryimage\"},\"thumbnailUrl\":\"https:\\\/\\\/kibrisdakik.com\\\/wp-content\\\/uploads\\\/2026\\\/04\\\/mha-sari-beyaz-kurtarildi-kurtarildi-5.png\",\"articleSection\":[\"K\u0131br\u0131s\"],\"inLanguage\":\"tr\",\"potentialAction\":[{\"@type\":\"CommentAction\",\"name\":\"Comment\",\"target\":[\"https:\\\/\\\/kibrisdakik.com\\\/?p=111062#respond\"]}]},{\"@type\":\"WebPage\",\"@id\":\"https:\\\/\\\/kibrisdakik.com\\\/?p=111062\",\"url\":\"https:\\\/\\\/kibrisdakik.com\\\/?p=111062\",\"name\":\"\u201c\u0130MO FEST 2026\u201d 25-26 N\u0130SAN\u2019DA LEFKO\u015eA&#039;DA D\u00dcZENLECEK -\",\"isPartOf\":{\"@id\":\"https:\\\/\\\/kibrisdakik.com\\\/#website\"},\"primaryImageOfPage\":{\"@id\":\"https:\\\/\\\/kibrisdakik.com\\\/?p=111062#primaryimage\"},\"image\":{\"@id\":\"https:\\\/\\\/kibrisdakik.com\\\/?p=111062#primaryimage\"},\"thumbnailUrl\":\"https:\\\/\\\/kibrisdakik.com\\\/wp-content\\\/uploads\\\/2026\\\/04\\\/mha-sari-beyaz-kurtarildi-kurtarildi-5.png\",\"datePublished\":\"2026-04-23T08:51:15+00:00\",\"author\":{\"@id\":\"https:\\\/\\\/kibrisdakik.com\\\/#\\\/schema\\\/person\\\/9cd9d437bbb44f72b73ba127e06d8e79\"},\"breadcrumb\":{\"@id\":\"https:\\\/\\\/kibrisdakik.com\\\/?p=111062#breadcrumb\"},\"inLanguage\":\"tr\",\"potentialAction\":[{\"@type\":\"ReadAction\",\"target\":[\"https:\\\/\\\/kibrisdakik.com\\\/?p=111062\"]}]},{\"@type\":\"ImageObject\",\"inLanguage\":\"tr\",\"@id\":\"https:\\\/\\\/kibrisdakik.com\\\/?p=111062#primaryimage\",\"url\":\"https:\\\/\\\/kibrisdakik.com\\\/wp-content\\\/uploads\\\/2026\\\/04\\\/mha-sari-beyaz-kurtarildi-kurtarildi-5.png\",\"contentUrl\":\"https:\\\/\\\/kibrisdakik.com\\\/wp-content\\\/uploads\\\/2026\\\/04\\\/mha-sari-beyaz-kurtarildi-kurtarildi-5.png\",\"width\":1280,\"height\":720},{\"@type\":\"BreadcrumbList\",\"@id\":\"https:\\\/\\\/kibrisdakik.com\\\/?p=111062#breadcrumb\",\"itemListElement\":[{\"@type\":\"ListItem\",\"position\":1,\"name\":\"Home\",\"item\":\"https:\\\/\\\/kibrisdakik.com\\\/\"},{\"@type\":\"ListItem\",\"position\":2,\"name\":\"\u201c\u0130MO FEST 2026\u201d 25-26 N\u0130SAN\u2019DA LEFKO\u015eA&#039;DA D\u00dcZENLECEK\"}]},{\"@type\":\"WebSite\",\"@id\":\"https:\\\/\\\/kibrisdakik.com\\\/#website\",\"url\":\"https:\\\/\\\/kibrisdakik.com\\\/\",\"name\":\"\",\"description\":\"Tam vaktinde haber\",\"potentialAction\":[{\"@type\":\"SearchAction\",\"target\":{\"@type\":\"EntryPoint\",\"urlTemplate\":\"https:\\\/\\\/kibrisdakik.com\\\/?s={search_term_string}\"},\"query-input\":{\"@type\":\"PropertyValueSpecification\",\"valueRequired\":true,\"valueName\":\"search_term_string\"}}],\"inLanguage\":\"tr\"},{\"@type\":\"Person\",\"@id\":\"https:\\\/\\\/kibrisdakik.com\\\/#\\\/schema\\\/person\\\/9cd9d437bbb44f72b73ba127e06d8e79\",\"name\":\"admin\",\"image\":{\"@type\":\"ImageObject\",\"inLanguage\":\"tr\",\"@id\":\"https:\\\/\\\/secure.gravatar.com\\\/avatar\\\/ccc17943b9d660506c869530f897617f7cb1c21a4bf30023f252596d83e1f007?s=96&d=mm&r=g\",\"url\":\"https:\\\/\\\/secure.gravatar.com\\\/avatar\\\/ccc17943b9d660506c869530f897617f7cb1c21a4bf30023f252596d83e1f007?s=96&d=mm&r=g\",\"contentUrl\":\"https:\\\/\\\/secure.gravatar.com\\\/avatar\\\/ccc17943b9d660506c869530f897617f7cb1c21a4bf30023f252596d83e1f007?s=96&d=mm&r=g\",\"caption\":\"admin\"},\"sameAs\":[\"https:\\\/\\\/kibrisdakik.com\"],\"url\":\"https:\\\/\\\/kibrisdakik.com\\\/?author=1\"}]}<\/script>\n<!-- \/ Yoast SEO plugin. -->","yoast_head_json":{"title":"\u201c\u0130MO FEST 2026\u201d 25-26 N\u0130SAN\u2019DA LEFKO\u015eA&#039;DA D\u00dcZENLECEK -","robots":{"index":"index","follow":"follow","max-snippet":"max-snippet:-1","max-image-preview":"max-image-preview:large","max-video-preview":"max-video-preview:-1"},"canonical":"https:\/\/kibrisdakik.com\/?p=111062","og_locale":"tr_TR","og_type":"article","og_title":"\u201c\u0130MO FEST 2026\u201d 25-26 N\u0130SAN\u2019DA LEFKO\u015eA&#039;DA D\u00dcZENLECEK -","og_description":"K\u0131br\u0131s T\u00fcrk M\u00fchendis ve Mimar Odalar\u0131 Birli\u011fi (KTMMOB) \u0130n\u015faat M\u00fchendisleri Odas\u0131 (\u0130MO) himayelerinde, Lefko\u015fa T\u00fcrk Belediyesi ile Orta Do\u011fu Teknik \u00dcniversitesi Kuzey K\u0131br\u0131s Kamp\u00fcs\u00fc katk\u0131lar\u0131yla \u00e7ocuk festivali d\u00fczenleniyor. \u0130MO\u2019dan verilen bilgiye g\u00f6re, \u201c\u0130MO FEST 2026\u201d 25-26 Nisan\u2019da Lefko\u015fa \u0130MO An\u0131 Park\u0131\u2019nda yer alacak. Bilim, sanat ve k\u00fclt\u00fcr\u00fc bir araya getirecek festivalde \u00e7ocuklar; e\u011flenme, ke\u015ffetme ve","og_url":"https:\/\/kibrisdakik.com\/?p=111062","article_published_time":"2026-04-23T08:51:15+00:00","og_image":[{"url":"https:\/\/mhahabercom.teimg.com\/crop\/1280x720\/mhahaber-com\/uploads\/2026\/04\/mha-sari-beyaz-kurtarildi-kurtarildi-5.png","type":"","width":"","height":""}],"author":"admin","twitter_card":"summary_large_image","twitter_misc":{"Yazan:":"admin","Tahmini okuma s\u00fcresi":"1 dakika"},"schema":{"@context":"https:\/\/schema.org","@graph":[{"@type":"Article","@id":"https:\/\/kibrisdakik.com\/?p=111062#article","isPartOf":{"@id":"https:\/\/kibrisdakik.com\/?p=111062"},"author":{"name":"admin","@id":"https:\/\/kibrisdakik.com\/#\/schema\/person\/9cd9d437bbb44f72b73ba127e06d8e79"},"headline":"\u201c\u0130MO FEST 2026\u201d 25-26 N\u0130SAN\u2019DA LEFKO\u015eA&#039;DA D\u00dcZENLECEK","datePublished":"2026-04-23T08:51:15+00:00","mainEntityOfPage":{"@id":"https:\/\/kibrisdakik.com\/?p=111062"},"wordCount":247,"commentCount":0,"image":{"@id":"https:\/\/kibrisdakik.com\/?p=111062#primaryimage"},"thumbnailUrl":"https:\/\/kibrisdakik.com\/wp-content\/uploads\/2026\/04\/mha-sari-beyaz-kurtarildi-kurtarildi-5.png","articleSection":["K\u0131br\u0131s"],"inLanguage":"tr","potentialAction":[{"@type":"CommentAction","name":"Comment","target":["https:\/\/kibrisdakik.com\/?p=111062#respond"]}]},{"@type":"WebPage","@id":"https:\/\/kibrisdakik.com\/?p=111062","url":"https:\/\/kibrisdakik.com\/?p=111062","name":"\u201c\u0130MO FEST 2026\u201d 25-26 N\u0130SAN\u2019DA LEFKO\u015eA&#039;DA D\u00dcZENLECEK -","isPartOf":{"@id":"https:\/\/kibrisdakik.com\/#website"},"primaryImageOfPage":{"@id":"https:\/\/kibrisdakik.com\/?p=111062#primaryimage"},"image":{"@id":"https:\/\/kibrisdakik.com\/?p=111062#primaryimage"},"thumbnailUrl":"https:\/\/kibrisdakik.com\/wp-content\/uploads\/2026\/04\/mha-sari-beyaz-kurtarildi-kurtarildi-5.png","datePublished":"2026-04-23T08:51:15+00:00","author":{"@id":"https:\/\/kibrisdakik.com\/#\/schema\/person\/9cd9d437bbb44f72b73ba127e06d8e79"},"breadcrumb":{"@id":"https:\/\/kibrisdakik.com\/?p=111062#breadcrumb"},"inLanguage":"tr","potentialAction":[{"@type":"ReadAction","target":["https:\/\/kibrisdakik.com\/?p=111062"]}]},{"@type":"ImageObject","inLanguage":"tr","@id":"https:\/\/kibrisdakik.com\/?p=111062#primaryimage","url":"https:\/\/kibrisdakik.com\/wp-content\/uploads\/2026\/04\/mha-sari-beyaz-kurtarildi-kurtarildi-5.png","contentUrl":"https:\/\/kibrisdakik.com\/wp-content\/uploads\/2026\/04\/mha-sari-beyaz-kurtarildi-kurtarildi-5.png","width":1280,"height":720},{"@type":"BreadcrumbList","@id":"https:\/\/kibrisdakik.com\/?p=111062#breadcrumb","itemListElement":[{"@type":"ListItem","position":1,"name":"Home","item":"https:\/\/kibrisdakik.com\/"},{"@type":"ListItem","position":2,"name":"\u201c\u0130MO FEST 2026\u201d 25-26 N\u0130SAN\u2019DA LEFKO\u015eA&#039;DA D\u00dcZENLECEK"}]},{"@type":"WebSite","@id":"https:\/\/kibrisdakik.com\/#website","url":"https:\/\/kibrisdakik.com\/","name":"","description":"Tam vaktinde haber","potentialAction":[{"@type":"SearchAction","target":{"@type":"EntryPoint","urlTemplate":"https:\/\/kibrisdakik.com\/?s={search_term_string}"},"query-input":{"@type":"PropertyValueSpecification","valueRequired":true,"valueName":"search_term_string"}}],"inLanguage":"tr"},{"@type":"Person","@id":"https:\/\/kibrisdakik.com\/#\/schema\/person\/9cd9d437bbb44f72b73ba127e06d8e79","name":"admin","image":{"@type":"ImageObject","inLanguage":"tr","@id":"https:\/\/secure.gravatar.com\/avatar\/ccc17943b9d660506c869530f897617f7cb1c21a4bf30023f252596d83e1f007?s=96&d=mm&r=g","url":"https:\/\/secure.gravatar.com\/avatar\/ccc17943b9d660506c869530f897617f7cb1c21a4bf30023f252596d83e1f007?s=96&d=mm&r=g","contentUrl":"https:\/\/secure.gravatar.com\/avatar\/ccc17943b9d660506c869530f897617f7cb1c21a4bf30023f252596d83e1f007?s=96&d=mm&r=g","caption":"admin"},"sameAs":["https:\/\/kibrisdakik.com"],"url":"https:\/\/kibrisdakik.com\/?author=1"}]}},"_links":{"self":[{"href":"https:\/\/kibrisdakik.com\/index.php?rest_route=\/wp\/v2\/posts\/111062","targetHints":{"allow":["GET"]}}],"collection":[{"href":"https:\/\/kibrisdakik.com\/index.php?rest_route=\/wp\/v2\/posts"}],"about":[{"href":"https:\/\/kibrisdakik.com\/index.php?rest_route=\/wp\/v2\/types\/post"}],"author":[{"embeddable":true,"href":"https:\/\/kibrisdakik.com\/index.php?rest_route=\/wp\/v2\/users\/1"}],"replies":[{"embeddable":true,"href":"https:\/\/kibrisdakik.com\/index.php?rest_route=%2Fwp%2Fv2%2Fcomments&post=111062"}],"version-history":[{"count":0,"href":"https:\/\/kibrisdakik.com\/index.php?rest_route=\/wp\/v2\/posts\/111062\/revisions"}],"wp:featuredmedia":[{"embeddable":true,"href":"https:\/\/kibrisdakik.com\/index.php?rest_route=\/wp\/v2\/media\/111063"}],"wp:attachment":[{"href":"https:\/\/kibrisdakik.com\/index.php?rest_route=%2Fwp%2Fv2%2Fmedia&parent=111062"}],"wp:term":[{"taxonomy":"category","embeddable":true,"href":"https:\/\/kibrisdakik.com\/index.php?rest_route=%2Fwp%2Fv2%2Fcategories&post=111062"},{"taxonomy":"post_tag","embeddable":true,"href":"https:\/\/kibrisdakik.com\/index.php?rest_route=%2Fwp%2Fv2%2Ftags&post=111062"}],"curies":[{"name":"wp","href":"https:\/\/api.w.org\/{rel}","templated":true}]}}