{"id":111084,"date":"2026-04-23T14:34:31","date_gmt":"2026-04-23T11:34:31","guid":{"rendered":"https:\/\/kibrisdakik.com\/?p=111084"},"modified":"2026-04-23T14:34:31","modified_gmt":"2026-04-23T11:34:31","slug":"kktc-fenerbahceliler-dernegi-20nci-yilini-lefkosada-coskulu-kokteylle-kutladi","status":"publish","type":"post","link":"https:\/\/kibrisdakik.com\/?p=111084","title":{"rendered":"KKTC FENERBAH\u00c7EL\u0130LER DERNE\u011e\u0130 20\u2019NC\u0130 YILINI LEFKO\u015eA\u2019DA CO\u015eKULU KOKTEYLLE KUTLADI"},"content":{"rendered":"<p><\/p>\n<div data-text-id=\"200589\" property=\"articleBody\">\n<p>KKTC Fenerbah\u00e7eliler Derne\u011fi, 20\u2019nci kurulu\u015f y\u0131l\u0131n\u0131 Lefko\u015fa\u2019da d\u00fczenlenen kokteyl organizasyonu ile kutlad\u0131. Etkinli\u011fe Fenerbah\u00e7e y\u00f6neticileri, Milletvekili Sami \u00d6zuslu ve \u00e7ok say\u0131da davetli kat\u0131ld\u0131.<\/p>\n<p>KKTC Fenerbah\u00e7eliler Derne\u011fi\u2019nin kurulu\u015funun 20. y\u0131l\u0131, d\u00fczenlenen \u00f6zel bir kokteyl organizasyonu ile b\u00fcy\u00fck bir co\u015fku ve yo\u011fun kat\u0131l\u0131mla kutland\u0131.<\/p>\n<p>Organizasyona; Fenerbah\u00e7e Spor Kul\u00fcb\u00fc Futbol A.\u015e. Y\u00f6netim Kurulu \u00dcyesi Say\u0131n Adil Yaz\u0131c\u0131o\u011flu, Fenerbah\u00e7e Spor Kul\u00fcb\u00fc Derneklerden Sorumlu M\u00fcd\u00fcr\u00fc Say\u0131n Cem Yeti\u015f, Fenerbah\u00e7e Spor Kul\u00fcb\u00fc Dernekler \u0130leti\u015fim Uzman\u0131 Say\u0131n Neslihan Orhan, Milletvekili Say\u0131n Sami \u00d6zuslu ve \u00e7ok say\u0131da davetli ile dernek \u00fcyesi kat\u0131l\u0131m sa\u011flad\u0131.<\/p>\n<p>Gece kapsam\u0131nda ger\u00e7ekle\u015ftirilen plaket takdim t\u00f6reninde, geceye katk\u0131 sa\u011flayan isimlerin yan\u0131 s\u0131ra Fenerbah\u00e7e Spor Kul\u00fcb\u00fc\u2019nden te\u015frif eden de\u011ferli konuklara da plaket takdim edildi. M\u00fczik ve e\u011flence dolu anlar kat\u0131l\u0131mc\u0131lara keyifli bir ak\u015fam ya\u015fat\u0131rken, DJ Emre Berkay&#8217;\u0131n performans\u0131 ile gecenin temposu y\u00fckseldi ve atmosfer zirveye ta\u015f\u0131nd\u0131. Ayr\u0131ca sanat\u00e7\u0131 Esra G\u00f6ktu\u011f Saylam gecede sahne alarak seslendirdi\u011fi \u015fark\u0131larla kat\u0131l\u0131mc\u0131lara unutulmaz anlar ya\u015fatt\u0131.<\/p>\n<p>Organizasyon kapsam\u0131nda d\u00fczenlenen \u00e7ekili\u015f ile kat\u0131l\u0131mc\u0131lara \u00e7e\u015fitli zengin hediyeler takdim edilerek geceye ayr\u0131 bir heyecan kat\u0131ld\u0131.<\/p>\n<p>20. y\u0131la \u00f6zel olarak ger\u00e7ekle\u015ftirilen pasta kesimi, gecenin en anlaml\u0131 ve sembolik anlar\u0131ndan biri olarak \u00f6ne \u00e7\u0131kt\u0131. Ard\u0131ndan d\u00fczenlenen havai fi\u015fek g\u00f6sterisi ise geceye g\u00f6rsel bir \u015f\u00f6len kazand\u0131rarak b\u00fcy\u00fck be\u011feni toplad\u0131.<\/p>\n<p>Kuruldu\u011fu g\u00fcnden bu yana KKTC Fenerbah\u00e7eliler Derne\u011fi\u2019nin, Fenerbah\u00e7e Spor Kul\u00fcb\u00fc ile Kuzey K\u0131br\u0131s T\u00fcrk Cumhuriyeti\u2019nde Fenerbah\u00e7e\u2019ye g\u00f6n\u00fcl veren taraftarlar aras\u0131nda g\u00fc\u00e7l\u00fc bir g\u00f6n\u00fcl ba\u011f\u0131 olu\u015fturdu\u011fu vurguland\u0131. Bu ba\u011f\u0131n y\u0131llar i\u00e7erisinde daha da g\u00fc\u00e7lenerek peki\u015fti\u011fi ifade edildi.<\/p>\n<p>Derne\u011fin, bu s\u00fcre\u00e7te Fenerbah\u00e7e Spor Kul\u00fcb\u00fc\u2019ne hem maddi hem manevi katk\u0131lar sa\u011flayarak kul\u00fcb\u00fcn de\u011ferlerinin ya\u015fat\u0131lmas\u0131na destek verdi\u011fi belirtildi. Ayn\u0131 zamanda sosyal sorumluluk projelerinde, Fenerbah\u00e7e Spor Kul\u00fcb\u00fc\u2019nden al\u0131nan de\u011ferlerin \u00f6nc\u00fc rol oynad\u0131\u011f\u0131 ve bu \u00e7al\u0131\u015fmalar\u0131n \u00fcyelerin deste\u011fiyle hayata ge\u00e7irilmeye devam etti\u011fi kaydedildi.<\/p>\n<p>Gecede, birlik ve beraberlik mesajlar\u0131 \u00f6n plana \u00e7\u0131karken, gelece\u011fe dair g\u00fc\u00e7l\u00fc bir dayan\u0131\u015fma vurgusu yap\u0131ld\u0131.<\/p>\n<\/p><\/div>\n","protected":false},"excerpt":{"rendered":"<p>KKTC Fenerbah\u00e7eliler Derne\u011fi, 20\u2019nci kurulu\u015f y\u0131l\u0131n\u0131 Lefko\u015fa\u2019da d\u00fczenlenen kokteyl organizasyonu ile kutlad\u0131. Etkinli\u011fe Fenerbah\u00e7e y\u00f6neticileri, Milletvekili Sami \u00d6zuslu ve \u00e7ok say\u0131da davetli kat\u0131ld\u0131. KKTC Fenerbah\u00e7eliler Derne\u011fi\u2019nin kurulu\u015funun 20. y\u0131l\u0131, d\u00fczenlenen \u00f6zel bir kokteyl organizasyonu ile b\u00fcy\u00fck bir co\u015fku ve yo\u011fun kat\u0131l\u0131mla kutland\u0131. Organizasyona; Fenerbah\u00e7e Spor Kul\u00fcb\u00fc Futbol A.\u015e. Y\u00f6netim Kurulu \u00dcyesi Say\u0131n Adil Yaz\u0131c\u0131o\u011flu, Fenerbah\u00e7e<\/p>\n","protected":false},"author":1,"featured_media":111085,"comment_status":"open","ping_status":"open","sticky":false,"template":"","format":"standard","meta":{"footnotes":""},"categories":[81],"tags":[],"class_list":["post-111084","post","type-post","status-publish","format-standard","has-post-thumbnail","hentry","category-kibris"],"yoast_head":"<!-- This site is optimized with the Yoast SEO plugin v27.5 - https:\/\/yoast.com\/product\/yoast-seo-wordpress\/ -->\n<title>KKTC FENERBAH\u00c7EL\u0130LER DERNE\u011e\u0130 20\u2019NC\u0130 YILINI LEFKO\u015eA\u2019DA CO\u015eKULU KOKTEYLLE KUTLADI -<\/title>\n<meta name=\"robots\" content=\"index, follow, max-snippet:-1, max-image-preview:large, max-video-preview:-1\" \/>\n<link rel=\"canonical\" href=\"https:\/\/kibrisdakik.com\/?p=111084\" \/>\n<meta property=\"og:locale\" content=\"tr_TR\" \/>\n<meta property=\"og:type\" content=\"article\" \/>\n<meta property=\"og:title\" content=\"KKTC FENERBAH\u00c7EL\u0130LER DERNE\u011e\u0130 20\u2019NC\u0130 YILINI LEFKO\u015eA\u2019DA CO\u015eKULU KOKTEYLLE KUTLADI -\" \/>\n<meta property=\"og:description\" content=\"KKTC Fenerbah\u00e7eliler Derne\u011fi, 20\u2019nci kurulu\u015f y\u0131l\u0131n\u0131 Lefko\u015fa\u2019da d\u00fczenlenen kokteyl organizasyonu ile kutlad\u0131. Etkinli\u011fe Fenerbah\u00e7e y\u00f6neticileri, Milletvekili Sami \u00d6zuslu ve \u00e7ok say\u0131da davetli kat\u0131ld\u0131. KKTC Fenerbah\u00e7eliler Derne\u011fi\u2019nin kurulu\u015funun 20. y\u0131l\u0131, d\u00fczenlenen \u00f6zel bir kokteyl organizasyonu ile b\u00fcy\u00fck bir co\u015fku ve yo\u011fun kat\u0131l\u0131mla kutland\u0131. Organizasyona; Fenerbah\u00e7e Spor Kul\u00fcb\u00fc Futbol A.\u015e. Y\u00f6netim Kurulu \u00dcyesi Say\u0131n Adil Yaz\u0131c\u0131o\u011flu, Fenerbah\u00e7e\" \/>\n<meta property=\"og:url\" content=\"https:\/\/kibrisdakik.com\/?p=111084\" \/>\n<meta property=\"article:published_time\" content=\"2026-04-23T11:34:31+00:00\" \/>\n<meta property=\"og:image\" content=\"https:\/\/mhahabercom.teimg.com\/crop\/1280x720\/mhahaber-com\/uploads\/2026\/04\/mha-sari-beyaz-kurtarildi-kurtarildi-8.png\" \/>\n<meta name=\"author\" content=\"admin\" \/>\n<meta name=\"twitter:card\" content=\"summary_large_image\" \/>\n<meta name=\"twitter:label1\" content=\"Yazan:\" \/>\n\t<meta name=\"twitter:data1\" content=\"admin\" \/>\n\t<meta name=\"twitter:label2\" content=\"Tahmini okuma s\u00fcresi\" \/>\n\t<meta name=\"twitter:data2\" content=\"2 dakika\" \/>\n<script type=\"application\/ld+json\" class=\"yoast-schema-graph\">{\"@context\":\"https:\\\/\\\/schema.org\",\"@graph\":[{\"@type\":\"Article\",\"@id\":\"https:\\\/\\\/kibrisdakik.com\\\/?p=111084#article\",\"isPartOf\":{\"@id\":\"https:\\\/\\\/kibrisdakik.com\\\/?p=111084\"},\"author\":{\"name\":\"admin\",\"@id\":\"https:\\\/\\\/kibrisdakik.com\\\/#\\\/schema\\\/person\\\/9cd9d437bbb44f72b73ba127e06d8e79\"},\"headline\":\"KKTC FENERBAH\u00c7EL\u0130LER DERNE\u011e\u0130 20\u2019NC\u0130 YILINI LEFKO\u015eA\u2019DA CO\u015eKULU KOKTEYLLE KUTLADI\",\"datePublished\":\"2026-04-23T11:34:31+00:00\",\"mainEntityOfPage\":{\"@id\":\"https:\\\/\\\/kibrisdakik.com\\\/?p=111084\"},\"wordCount\":446,\"commentCount\":0,\"image\":{\"@id\":\"https:\\\/\\\/kibrisdakik.com\\\/?p=111084#primaryimage\"},\"thumbnailUrl\":\"https:\\\/\\\/kibrisdakik.com\\\/wp-content\\\/uploads\\\/2026\\\/04\\\/mha-sari-beyaz-kurtarildi-kurtarildi-8.png\",\"articleSection\":[\"K\u0131br\u0131s\"],\"inLanguage\":\"tr\",\"potentialAction\":[{\"@type\":\"CommentAction\",\"name\":\"Comment\",\"target\":[\"https:\\\/\\\/kibrisdakik.com\\\/?p=111084#respond\"]}]},{\"@type\":\"WebPage\",\"@id\":\"https:\\\/\\\/kibrisdakik.com\\\/?p=111084\",\"url\":\"https:\\\/\\\/kibrisdakik.com\\\/?p=111084\",\"name\":\"KKTC FENERBAH\u00c7EL\u0130LER DERNE\u011e\u0130 20\u2019NC\u0130 YILINI LEFKO\u015eA\u2019DA CO\u015eKULU KOKTEYLLE KUTLADI -\",\"isPartOf\":{\"@id\":\"https:\\\/\\\/kibrisdakik.com\\\/#website\"},\"primaryImageOfPage\":{\"@id\":\"https:\\\/\\\/kibrisdakik.com\\\/?p=111084#primaryimage\"},\"image\":{\"@id\":\"https:\\\/\\\/kibrisdakik.com\\\/?p=111084#primaryimage\"},\"thumbnailUrl\":\"https:\\\/\\\/kibrisdakik.com\\\/wp-content\\\/uploads\\\/2026\\\/04\\\/mha-sari-beyaz-kurtarildi-kurtarildi-8.png\",\"datePublished\":\"2026-04-23T11:34:31+00:00\",\"author\":{\"@id\":\"https:\\\/\\\/kibrisdakik.com\\\/#\\\/schema\\\/person\\\/9cd9d437bbb44f72b73ba127e06d8e79\"},\"breadcrumb\":{\"@id\":\"https:\\\/\\\/kibrisdakik.com\\\/?p=111084#breadcrumb\"},\"inLanguage\":\"tr\",\"potentialAction\":[{\"@type\":\"ReadAction\",\"target\":[\"https:\\\/\\\/kibrisdakik.com\\\/?p=111084\"]}]},{\"@type\":\"ImageObject\",\"inLanguage\":\"tr\",\"@id\":\"https:\\\/\\\/kibrisdakik.com\\\/?p=111084#primaryimage\",\"url\":\"https:\\\/\\\/kibrisdakik.com\\\/wp-content\\\/uploads\\\/2026\\\/04\\\/mha-sari-beyaz-kurtarildi-kurtarildi-8.png\",\"contentUrl\":\"https:\\\/\\\/kibrisdakik.com\\\/wp-content\\\/uploads\\\/2026\\\/04\\\/mha-sari-beyaz-kurtarildi-kurtarildi-8.png\",\"width\":1280,\"height\":720},{\"@type\":\"BreadcrumbList\",\"@id\":\"https:\\\/\\\/kibrisdakik.com\\\/?p=111084#breadcrumb\",\"itemListElement\":[{\"@type\":\"ListItem\",\"position\":1,\"name\":\"Home\",\"item\":\"https:\\\/\\\/kibrisdakik.com\\\/\"},{\"@type\":\"ListItem\",\"position\":2,\"name\":\"KKTC FENERBAH\u00c7EL\u0130LER DERNE\u011e\u0130 20\u2019NC\u0130 YILINI LEFKO\u015eA\u2019DA CO\u015eKULU KOKTEYLLE KUTLADI\"}]},{\"@type\":\"WebSite\",\"@id\":\"https:\\\/\\\/kibrisdakik.com\\\/#website\",\"url\":\"https:\\\/\\\/kibrisdakik.com\\\/\",\"name\":\"\",\"description\":\"Tam vaktinde haber\",\"potentialAction\":[{\"@type\":\"SearchAction\",\"target\":{\"@type\":\"EntryPoint\",\"urlTemplate\":\"https:\\\/\\\/kibrisdakik.com\\\/?s={search_term_string}\"},\"query-input\":{\"@type\":\"PropertyValueSpecification\",\"valueRequired\":true,\"valueName\":\"search_term_string\"}}],\"inLanguage\":\"tr\"},{\"@type\":\"Person\",\"@id\":\"https:\\\/\\\/kibrisdakik.com\\\/#\\\/schema\\\/person\\\/9cd9d437bbb44f72b73ba127e06d8e79\",\"name\":\"admin\",\"image\":{\"@type\":\"ImageObject\",\"inLanguage\":\"tr\",\"@id\":\"https:\\\/\\\/secure.gravatar.com\\\/avatar\\\/ccc17943b9d660506c869530f897617f7cb1c21a4bf30023f252596d83e1f007?s=96&d=mm&r=g\",\"url\":\"https:\\\/\\\/secure.gravatar.com\\\/avatar\\\/ccc17943b9d660506c869530f897617f7cb1c21a4bf30023f252596d83e1f007?s=96&d=mm&r=g\",\"contentUrl\":\"https:\\\/\\\/secure.gravatar.com\\\/avatar\\\/ccc17943b9d660506c869530f897617f7cb1c21a4bf30023f252596d83e1f007?s=96&d=mm&r=g\",\"caption\":\"admin\"},\"sameAs\":[\"https:\\\/\\\/kibrisdakik.com\"],\"url\":\"https:\\\/\\\/kibrisdakik.com\\\/?author=1\"}]}<\/script>\n<!-- \/ Yoast SEO plugin. -->","yoast_head_json":{"title":"KKTC FENERBAH\u00c7EL\u0130LER DERNE\u011e\u0130 20\u2019NC\u0130 YILINI LEFKO\u015eA\u2019DA CO\u015eKULU KOKTEYLLE KUTLADI -","robots":{"index":"index","follow":"follow","max-snippet":"max-snippet:-1","max-image-preview":"max-image-preview:large","max-video-preview":"max-video-preview:-1"},"canonical":"https:\/\/kibrisdakik.com\/?p=111084","og_locale":"tr_TR","og_type":"article","og_title":"KKTC FENERBAH\u00c7EL\u0130LER DERNE\u011e\u0130 20\u2019NC\u0130 YILINI LEFKO\u015eA\u2019DA CO\u015eKULU KOKTEYLLE KUTLADI -","og_description":"KKTC Fenerbah\u00e7eliler Derne\u011fi, 20\u2019nci kurulu\u015f y\u0131l\u0131n\u0131 Lefko\u015fa\u2019da d\u00fczenlenen kokteyl organizasyonu ile kutlad\u0131. Etkinli\u011fe Fenerbah\u00e7e y\u00f6neticileri, Milletvekili Sami \u00d6zuslu ve \u00e7ok say\u0131da davetli kat\u0131ld\u0131. KKTC Fenerbah\u00e7eliler Derne\u011fi\u2019nin kurulu\u015funun 20. y\u0131l\u0131, d\u00fczenlenen \u00f6zel bir kokteyl organizasyonu ile b\u00fcy\u00fck bir co\u015fku ve yo\u011fun kat\u0131l\u0131mla kutland\u0131. Organizasyona; Fenerbah\u00e7e Spor Kul\u00fcb\u00fc Futbol A.\u015e. Y\u00f6netim Kurulu \u00dcyesi Say\u0131n Adil Yaz\u0131c\u0131o\u011flu, Fenerbah\u00e7e","og_url":"https:\/\/kibrisdakik.com\/?p=111084","article_published_time":"2026-04-23T11:34:31+00:00","og_image":[{"url":"https:\/\/mhahabercom.teimg.com\/crop\/1280x720\/mhahaber-com\/uploads\/2026\/04\/mha-sari-beyaz-kurtarildi-kurtarildi-8.png","type":"","width":"","height":""}],"author":"admin","twitter_card":"summary_large_image","twitter_misc":{"Yazan:":"admin","Tahmini okuma s\u00fcresi":"2 dakika"},"schema":{"@context":"https:\/\/schema.org","@graph":[{"@type":"Article","@id":"https:\/\/kibrisdakik.com\/?p=111084#article","isPartOf":{"@id":"https:\/\/kibrisdakik.com\/?p=111084"},"author":{"name":"admin","@id":"https:\/\/kibrisdakik.com\/#\/schema\/person\/9cd9d437bbb44f72b73ba127e06d8e79"},"headline":"KKTC FENERBAH\u00c7EL\u0130LER DERNE\u011e\u0130 20\u2019NC\u0130 YILINI LEFKO\u015eA\u2019DA CO\u015eKULU KOKTEYLLE KUTLADI","datePublished":"2026-04-23T11:34:31+00:00","mainEntityOfPage":{"@id":"https:\/\/kibrisdakik.com\/?p=111084"},"wordCount":446,"commentCount":0,"image":{"@id":"https:\/\/kibrisdakik.com\/?p=111084#primaryimage"},"thumbnailUrl":"https:\/\/kibrisdakik.com\/wp-content\/uploads\/2026\/04\/mha-sari-beyaz-kurtarildi-kurtarildi-8.png","articleSection":["K\u0131br\u0131s"],"inLanguage":"tr","potentialAction":[{"@type":"CommentAction","name":"Comment","target":["https:\/\/kibrisdakik.com\/?p=111084#respond"]}]},{"@type":"WebPage","@id":"https:\/\/kibrisdakik.com\/?p=111084","url":"https:\/\/kibrisdakik.com\/?p=111084","name":"KKTC FENERBAH\u00c7EL\u0130LER DERNE\u011e\u0130 20\u2019NC\u0130 YILINI LEFKO\u015eA\u2019DA CO\u015eKULU KOKTEYLLE KUTLADI -","isPartOf":{"@id":"https:\/\/kibrisdakik.com\/#website"},"primaryImageOfPage":{"@id":"https:\/\/kibrisdakik.com\/?p=111084#primaryimage"},"image":{"@id":"https:\/\/kibrisdakik.com\/?p=111084#primaryimage"},"thumbnailUrl":"https:\/\/kibrisdakik.com\/wp-content\/uploads\/2026\/04\/mha-sari-beyaz-kurtarildi-kurtarildi-8.png","datePublished":"2026-04-23T11:34:31+00:00","author":{"@id":"https:\/\/kibrisdakik.com\/#\/schema\/person\/9cd9d437bbb44f72b73ba127e06d8e79"},"breadcrumb":{"@id":"https:\/\/kibrisdakik.com\/?p=111084#breadcrumb"},"inLanguage":"tr","potentialAction":[{"@type":"ReadAction","target":["https:\/\/kibrisdakik.com\/?p=111084"]}]},{"@type":"ImageObject","inLanguage":"tr","@id":"https:\/\/kibrisdakik.com\/?p=111084#primaryimage","url":"https:\/\/kibrisdakik.com\/wp-content\/uploads\/2026\/04\/mha-sari-beyaz-kurtarildi-kurtarildi-8.png","contentUrl":"https:\/\/kibrisdakik.com\/wp-content\/uploads\/2026\/04\/mha-sari-beyaz-kurtarildi-kurtarildi-8.png","width":1280,"height":720},{"@type":"BreadcrumbList","@id":"https:\/\/kibrisdakik.com\/?p=111084#breadcrumb","itemListElement":[{"@type":"ListItem","position":1,"name":"Home","item":"https:\/\/kibrisdakik.com\/"},{"@type":"ListItem","position":2,"name":"KKTC FENERBAH\u00c7EL\u0130LER DERNE\u011e\u0130 20\u2019NC\u0130 YILINI LEFKO\u015eA\u2019DA CO\u015eKULU KOKTEYLLE KUTLADI"}]},{"@type":"WebSite","@id":"https:\/\/kibrisdakik.com\/#website","url":"https:\/\/kibrisdakik.com\/","name":"","description":"Tam vaktinde haber","potentialAction":[{"@type":"SearchAction","target":{"@type":"EntryPoint","urlTemplate":"https:\/\/kibrisdakik.com\/?s={search_term_string}"},"query-input":{"@type":"PropertyValueSpecification","valueRequired":true,"valueName":"search_term_string"}}],"inLanguage":"tr"},{"@type":"Person","@id":"https:\/\/kibrisdakik.com\/#\/schema\/person\/9cd9d437bbb44f72b73ba127e06d8e79","name":"admin","image":{"@type":"ImageObject","inLanguage":"tr","@id":"https:\/\/secure.gravatar.com\/avatar\/ccc17943b9d660506c869530f897617f7cb1c21a4bf30023f252596d83e1f007?s=96&d=mm&r=g","url":"https:\/\/secure.gravatar.com\/avatar\/ccc17943b9d660506c869530f897617f7cb1c21a4bf30023f252596d83e1f007?s=96&d=mm&r=g","contentUrl":"https:\/\/secure.gravatar.com\/avatar\/ccc17943b9d660506c869530f897617f7cb1c21a4bf30023f252596d83e1f007?s=96&d=mm&r=g","caption":"admin"},"sameAs":["https:\/\/kibrisdakik.com"],"url":"https:\/\/kibrisdakik.com\/?author=1"}]}},"_links":{"self":[{"href":"https:\/\/kibrisdakik.com\/index.php?rest_route=\/wp\/v2\/posts\/111084","targetHints":{"allow":["GET"]}}],"collection":[{"href":"https:\/\/kibrisdakik.com\/index.php?rest_route=\/wp\/v2\/posts"}],"about":[{"href":"https:\/\/kibrisdakik.com\/index.php?rest_route=\/wp\/v2\/types\/post"}],"author":[{"embeddable":true,"href":"https:\/\/kibrisdakik.com\/index.php?rest_route=\/wp\/v2\/users\/1"}],"replies":[{"embeddable":true,"href":"https:\/\/kibrisdakik.com\/index.php?rest_route=%2Fwp%2Fv2%2Fcomments&post=111084"}],"version-history":[{"count":0,"href":"https:\/\/kibrisdakik.com\/index.php?rest_route=\/wp\/v2\/posts\/111084\/revisions"}],"wp:featuredmedia":[{"embeddable":true,"href":"https:\/\/kibrisdakik.com\/index.php?rest_route=\/wp\/v2\/media\/111085"}],"wp:attachment":[{"href":"https:\/\/kibrisdakik.com\/index.php?rest_route=%2Fwp%2Fv2%2Fmedia&parent=111084"}],"wp:term":[{"taxonomy":"category","embeddable":true,"href":"https:\/\/kibrisdakik.com\/index.php?rest_route=%2Fwp%2Fv2%2Fcategories&post=111084"},{"taxonomy":"post_tag","embeddable":true,"href":"https:\/\/kibrisdakik.com\/index.php?rest_route=%2Fwp%2Fv2%2Ftags&post=111084"}],"curies":[{"name":"wp","href":"https:\/\/api.w.org\/{rel}","templated":true}]}}